{"id":1095,"date":"2012-12-11T08:04:46","date_gmt":"2012-12-11T08:04:46","guid":{"rendered":"http:\/\/www.benitoperezgaldos.es\/?p=1095"},"modified":"2012-12-11T08:04:46","modified_gmt":"2012-12-11T08:04:46","slug":"articulo-la-conjuracion-de-las-palabras-de-benito-perez-galdos-1868","status":"publish","type":"post","link":"https:\/\/batallitas.es\/benito-perez-galdos\/articulo-la-conjuracion-de-las-palabras-de-benito-perez-galdos-1868\/","title":{"rendered":"[Art\u00edculo] La conjuraci\u00f3n de las palabras, de Benito P\u00e9rez Gald\u00f3s (1868)"},"content":{"rendered":"<p>\u00c9rase un gran edificio llamado <em>Diccionario de la Lengua Castellana<\/em>,  de tama\u00f1o tan colosal y fuera de medida, que, al decir de los  cronistas, ocupaba casi la cuarta parte de una mesa, de estas que,  destinadas a varios usos, vemos en las casas de los hombres. Si hemos de  creer a un viejo documento hallado en viej\u00edsimo pupitre, cuando pon\u00edan  al tal edificio en el estante de su dueto, la tabla que lo sosten\u00eda  amenazaba desplomarse, con detrimento de todo lo que hab\u00eda en ella.  Form\u00e1banlo dos anchos murallones de cart\u00f3n, forrados en piel de becerro  jaspeado, y en la fachada, que era tambi\u00e9n de cuero, se ve\u00eda, un ancho  cartel con doradas letras, que dec\u00edan al mundo y a la posteridad el  nombre, y significaci\u00f3n de aquel gran monumento.<\/p>\n<p>Por dentro era mi  laberinto tan maravilloso, que ni el mismo de Creta se le igualara.  Divid\u00edanlo hasta seiscientas paredes de papel con sus n\u00fameros llamados  p\u00e1ginas. Cada espacio estaba subdividido en tres corredores o cruj\u00edas  muy grandes, y en estas cruj\u00edas se hallaban innumerables celdas,  ocupadas por los ochocientos o novecientos mil seres que en aquel  vast\u00edsimo recinto ten\u00edan su habitaci\u00f3n. Estos seres se llamaban  palabras.<\/p>\n<p>***<\/p>\n<p>Una ma\u00f1ana sintiose  gran ruido de voces, patadas, choque de armas, roce de vestidos,  llamamientos y relinchos, como si un numeroso ej\u00e9rcito se levantara y  vistiese a toda prisa, apercibi\u00e9ndose para una tremenda batalla. Y a la  verdad, cosa de guerra deb\u00eda de ser, porque a poco rato salieron todas o  casi todas las palabras del <em>Diccionario<\/em>, con fuertes y  relucientes armas, formando un escuadr\u00f3n tan grande que no cupiera en la  misma Biblioteca Nacional. Magn\u00edfico y sorprendente era el espect\u00e1culo  que este ej\u00e9rcito presentaba, seg\u00fan me dijo el testigo ocular que lo  presenci\u00f3 todo desde un escondrijo inmediato, el cual testigo ocular era  un viej\u00edsimo <em>Flos sanctorum<\/em>, forrado en pergamino, que en el propio estante se hallaba a la saz\u00f3n.<\/p>\n<p>Avanz\u00f3 la comitiva  hasta que estuvieron todas las palabras fuera del edificio. Tratar\u00e9 de  describir el orden y aparato de aquel ej\u00e9rcito, siguiendo fielmente la  veraz, escrupulosa y aut\u00e9ntica narraci\u00f3n de mi amigo el <em>Flos sanctorum<\/em>.<\/p>\n<p>Delante marchaban unos  heraldos llamados Art\u00edculos, vestidos con magn\u00edficas dalm\u00e1ticas y cotas  de fin\u00edsimo acero: no llevaban armas, y si los escudos de sus se\u00f1ores  los Sustantivos, que ven\u00edan un poco m\u00e1s atr\u00e1s. \u00c9stos, en n\u00famero casi  infinito, eran tan vistosos y gallardos que daba gozo verlos. Unos  llevaban resplandecientes armas del m\u00e1s puro metal, y cascos en cuya  cimera ondeaban plumas y festones; otros vest\u00edan lorigas de cuero  fin\u00edsimo, recamadas de oro y plata; otros cubr\u00edan sus cuerpos con  luengos trajes talares, a modo de senadores venecianos. Aqu\u00e9llos  montaban poderosos potros ricamente enjaezados, y otros iban a pie.  Algunos parec\u00edan menos ricos y lujosos que los dem\u00e1s; y aun puede  asegurarse que hab\u00eda bastantes pobremente vestidos, si bien \u00e9stos eran  poco vistos, porque el brillo y elegancia de los otros, como que les  ocultaba y obscurec\u00eda. Junto a los Sustantivos marchaban los Pronombres,  que iban a pie y delante, llevando la brida de los caballos, o detr\u00e1s,  sosteniendo la cola del vestido de sus amos, ya gui\u00e1ndoles a guisa de  lazarillos, ya d\u00e1ndoles el brazo para sost\u00e9n de sus flacos cuerpos,  porque, sea dicho de paso, tambi\u00e9n hab\u00eda Sustantivos muy valetudinarios y  decr\u00e9pitos, y algunos parec\u00edan pr\u00f3ximos a morir. Tambi\u00e9n se ve\u00edan no  pocos Pronombres representando a sus amos, que se quedaron en cama por  enfermos o perezosos, y estos Pronombres formaban en la l\u00ednea de los  Sustantivos como si de tales hubieran categor\u00eda. No es necesario decir  que los hab\u00eda de ambos sexos; y las damas cabalgaban con igual donaire  que los hombres, y aun esgrim\u00edan las armas con tanto desenfado como  ellos.<\/p>\n<p>Detr\u00e1s ven\u00edan los  Adjetivos, todos a pie; y eran como servidores o sat\u00e9lites de los  Sustantivos, porque formaban al lado de ellos, atendiendo a sus \u00f3rdenes  para obedecerlas. Era cosa sabida que ning\u00fan caballero Sustantivo pod\u00eda  hacer cosa derecha sin el auxilio, de un buen escudero de la honrada  familia de los Adjetivos; pero \u00e9stos, a pesar de la fuerza y  significaci\u00f3n que prestaban a sus amos, no val\u00edan solos ni un ardite, y  se aniquilaban completamente en cuanto quedaban solos. Eran brillantes y  caprichosos sus adornos y trajes, de colores vivos y formas muy  determinadas; y era de notar que cuando se acercaban al amo, \u00e9ste tomaba  el color y la forma de aqu\u00e9llos, quedando transformado al exterior,  aunque en esencia el mismo.<\/p>\n<p>Como a diez varas de  distancia ven\u00edan los Verbos, que eran unos se\u00f1ores de lo m\u00e1s extra\u00f1o y  maravilloso que puede concebir la fantas\u00eda.<\/p>\n<p>No es posible decir su  sexo, ni medir su estatura, ni pintar sus facciones, ni contar su edad,  ni describirlos con precisi\u00f3n y exactitud. Basta saber que se mov\u00edan  mucho y a todos lados, y tan pronto iban hacia atr\u00e1s como hacia delante,  y se juntaban dos para andar emparejados. Lo cierto del caso, seg\u00fan me  asegur\u00e9 el <em>Flos sanctorum<\/em>, es que sin los tales personajes no se  hac\u00eda cosa a derechas en aquella Rep\u00fablica, y, si bien los Sustantivos  eran muy \u00fatiles, no pod\u00edan hacer nada por s\u00ed, y eran como instrumentos  ciegos cuando alg\u00fan se\u00f1or Verbo no los dirig\u00eda. Tras \u00e9stos ven\u00edan los  Adverbios, que ten\u00edan cataduras de pinches de cocina; como que su oficio  era prepararles la comida a los Verbos y servirles en todo. Es fama que  eran parientes de los Adjetivos, como lo acreditaban viejis\u00edmos  pergaminos geneal\u00f3gicos, y aun hab\u00eda Adjetivos que desempe\u00f1aban en  comisi\u00f3n la plaza de Adverbios, para lo cual bastaba ponerles una cola o  falda que, dec\u00eda: <em>mente<\/em>.<\/p>\n<p>Las Preposiciones, eran  enanas; y m\u00e1s, que personas parec\u00edan cosas, movi\u00e9ndose iban junto a los  Sustantivos para llevar recado a alg\u00fan Verbo, o viceversa. Las  Conjunciones andaban por todos lados metiendo bulla; y una de ellas  especialmente, llamada <em>que<\/em>, era el mismo enemigo y a todos los  ten\u00eda revueltos y alborotados, porque indispon\u00eda a un se\u00f1or Sustantivo  con un se\u00f1or Verbo, y a veces trastornaba lo que \u00e9ste dec\u00eda, variando  completamente el sentido. Detr\u00e1s de todos marchaban las interjecciones,  que no ten\u00edan cuerpo, sino tan s\u00f3lo cabeza con gran boca siempre  abierta. No se met\u00edan con nadie, y se manejaban solas; que, aunque pocas  en n\u00famero, es fama que sab\u00edan hacerse valer.<\/p>\n<p>De estas palabras,  algunas eran nobil\u00edsimas, y llevaban en sus escudos delicadas empresas,  por donde se ven\u00eda en conocimiento de su abolengo latino o \u00e1rabe; otras,  sin alcurnia antigua de que vanagloriarse, eran nuevecillas, plebeyas o  de poco m\u00e1s o menos. Las nobles las trataban con desprecio. Algunas  hab\u00eda tambi\u00e9n en calidad de emigradas de Francia, esperando el tiempo de  adquirir nacionalidad. Otras, en cambio, ind\u00edgenas hasta la pared de  enfrente, se ca\u00edan de puro viejas, y yac\u00edan arrinconadas, aunque las  dem\u00e1s guardaran consideraci\u00f3n a sus arrugas; y las hab\u00eda tan petulantes y  presumidas, que despreciaban a las dem\u00e1s mir\u00e1ndolas enf\u00e1ticamente.<\/p>\n<p>Llegaron a la plaza del  Estante y la ocuparon de punta a punta. El verbo Ser hizo una especie  de cadalso o tribuna con dos admiraciones y algunas comas que por all\u00ed  rodaban, y subi\u00f3 a \u00e9l con intenci\u00f3n de despotricarse; pero le quit\u00f3 la  palabra un Sustantivo muy travieso y hablador, llamado <em>Hombre<\/em>, el cual, subiendo a los hombros de sus edecanes, los simp\u00e1ticos Adjetivos <em>Racional<\/em> y <em>Libre<\/em>, salud\u00f3 a la multitud, quit\u00e1ndose la H, que a guisa de sombrero le cubr\u00eda, y empez\u00f3 a hablar en estos o parecidos t\u00e9rminos:<\/p>\n<p>\u00abSe\u00f1ores: La osad\u00eda de  los escritores espa\u00f1oles ha irritado nuestros \u00e1nimos, y es preciso  darles justo y pronto castigo. Ya no les basta introducir en sus libros  contrabando franc\u00e9s, con gran detrimento de la riqueza nacional, sino  que cuando por casualidad se nos emplea, trastornan nuestro sentido y  nos hacen decir lo contrario de nuestra intenci\u00f3n. <em>(Bien, bien.)<\/em> De nada sirve nuestro noble origen latino, para que esos tales respeten  nuestro significado. Se nos desfigura de un modo que da grima y dolor.  As\u00ed, permitidme que me conmueva, porque las l\u00e1grimas brotan de mis ojos y  no puedo reprimir la emoci\u00f3n\u00bb. <em>(Nutridos aplausos.)<\/em><\/p>\n<p>El orador se enjug\u00f3 las l\u00e1grimas con la punta de la <em>e<\/em>,  que de fald\u00f3n le serv\u00eda, y ya se preparaba a continuar, cuando le  distrajo el rumor de una disputa que no lejos se hab\u00eda entablado.<\/p>\n<p>Era que el Sustantivo <em>Sentido<\/em> estaba dando de mojicones al Adjetivo <em>Com\u00fan<\/em>, y le dec\u00eda:<\/p>\n<p>\u00abPerro, foll\u00f3n y sucio  vocablo; por ti me traen asendereado, y me ponen como salvaguardia de  toda clase de destinos. Desde que cualquier escritor no entiende  palotada de una ciencia, se escuda con el <em>Sentido Com\u00fan<\/em>, y ya  le parece que es el m\u00e1s sabio de la tierra. Vete, negro y pest\u00edfero  Adjetivo, lejos de m\u00ed, o te juro que no saldr\u00e1s, con vida de mis manos.<\/p>\n<p>Y al decir esto, el <em>Sentido<\/em> enarbol\u00f3 la <em>t<\/em>, y d\u00e1ndole un garrotazo con ella a su escudero, le dej\u00f3 tan malparado, que tuvieron que ponerle un vendaje en la <em>o<\/em>, y bizmarle las costillas de la <em>m<\/em>, porque se iba desangrando por all\u00ed a toda prisa.<\/p>\n<p>\u00abHaya paz, se\u00f1ores -dijo un Sustantivo Femenino llamado <em>Filosof\u00eda<\/em>,  que con due\u00f1escas tocas blancas apareci\u00f3 entre el tumulto. Mas en  cuanto le vio otra palabra llamada M\u00fasica, se ech\u00f3 sobre ella y empez\u00f3 a  mesarla los cabellos y a darla coces, cantando as\u00ed:<\/p>\n<p>-Miren la bellaca, la  sand\u00eda, la loca; \u00bfpues no quiere llevarme encadenada -con una  Preposici\u00f3n, diciendo que yo tengo Filosof\u00eda? Yo no tengo sino M\u00fasica,  hermana. D\u00e9jeme en paz y p\u00fadrase de vieja en compa\u00f1\u00eda de la Alemana, que  es obra vieja loca.<\/p>\n<p>-Quita all\u00e1, bullanguera -dijo la <em>Filosof\u00eda<\/em> arranc\u00e1ndole a la <em>M\u00fasica<\/em> el penacho o acento que muy erguido sobre la <em>u<\/em> llevaba: -quita all\u00e1, que para nada vales, ni sirves m\u00e1s que de pasatiempo pueril.<\/p>\n<p>-Poco a poco, se\u00f1oras m\u00edas -grit\u00f3 un Sustantivo, alto, delgado, flaco y medio t\u00edsico, llamado el Sentimiento. A ver, se\u00f1ora <em>Filosof\u00eda<\/em>,  si no me dice usted esas cosas a mi hermana o tendremos que vernos las  caras. Estese usted quieta y deje a Perico en su casa, porque todos  tenemos trapitos que la lavar, y si yo saco los suyos, ni con colada  habr\u00e1n de quedar limpios.<\/p>\n<p>-Miren el mocoso -dijo  la Raz\u00f3n que andaba por all\u00ed en pa\u00f1os menores y un poquillo desmelenada,  -\u00bfqu\u00e9 ser\u00eda de estos badulaques sin m\u00ed? No re\u00f1ir, y cada uno a su  puesto, que si me incomodo&#8230;<\/p>\n<p>-No ha de ser -dijo el Sustantivo <em>Mal<\/em>, que en todo hab\u00eda de meterse.<\/p>\n<p>-\u00bfQui\u00e9n le ha dado a usted vela en este entierro, t\u00edo <em>Mal<\/em>? V\u00e1yase al Infierno, que ya est\u00e1 de m\u00e1s en el mundo.<\/p>\n<p>-No, se\u00f1oras, perdonen  us\u00edas, que no estoy sino muy retebi\u00e9n. Un poco decaidillo andaba; pero  despu\u00e9s que tom\u00f3 este lacayo, que ahora me sirve, me voy remediando.- Y  mostr\u00f3 un lacayo que era el Adjetivo <em>Necesario<\/em>.<\/p>\n<p>-Qu\u00edtenmela, que la mato -chillaba la <em>Religi\u00f3n<\/em>, que hab\u00eda venido a las manos con la <em>Pol\u00edtica<\/em>;- qu\u00edtenmela que me ha usurpado el nombre para disimular en el mundo sus socali\u00f1as y gatuperios.<\/p>\n<p>-Basta de indirectas. \u00a1Orden! -dijo el Sustantivo <em>Gobierno<\/em>, que se present\u00f3 para poner paz en el asunto.<\/p>\n<p>D\u00e9jalas que se ara\u00f1en, hermano -observ\u00f3 la <em>Justicia<\/em>-;  d\u00e9jelas que se ara\u00f1en que ya sabe vuecencia que rabian de verse juntas.  Procuremos nosotros no andar tambi\u00e9n a la gre\u00f1a, y adelante con los  faroles.<\/p>\n<p>\u00a1Mientras esto ocurr\u00eda,  se present\u00f3 un gallardo Sustantivo, vestido con relucientes armas, y  trayendo un escudo con peregrinas figuras y lema de plata y oro.  Llam\u00e1base el <em>Honor<\/em> y ven\u00eda a quejarse de los innumerables  desatinos que hac\u00edan los humanos en su nombre, d\u00e1ndole las m\u00e1s raras  aplicaciones, y haci\u00e9ndole significar lo que m\u00e1s les ven\u00eda a cuento.  Pero el Sustantivo <em>Moral<\/em>, que estaba en un rinc\u00f3n at\u00e1ndose un hilo en <em>l<\/em> que se le hab\u00eda roto en la anterior refriega, se present\u00f3, atrayendo la  atenci\u00f3n general. Quejose de que se le sub\u00edan a las barbas ciertos  Adjetivos advenedizos, y concluy\u00f3 diciendo que no le gustaban ciertas  compa\u00f1\u00edas y que m\u00e1s le valiera andar solo, de lo cual se rieron otros  muchos Sustantivos fachendosos que no llevaban nunca menos de seis  Adjetivos de servidumbre.<\/p>\n<p>Entretanto, la <em>Inquisici\u00f3n<\/em>, una viejecilla que no se pod\u00eda tener, estaba pesando fuego a una hoguera que hab\u00eda hecho con interrogantes gastados, palos de <em>T<\/em> y par\u00e9ntesis rotos, en la cual hoguera dicen que quer\u00eda quemar a la <em>Libertad<\/em>, que andaba dando zancajos por all\u00ed con much\u00edsima gracia y desenvoltura. Por otro lado estaba el Verbo <em>Matar<\/em> dando grandes voces, y cerrando el pu\u00f1o con rabia, dec\u00eda de vez en cuando:<\/p>\n<p>\u00ab\u00a1Si me conjugo&#8230;!<\/p>\n<p>Oyendo lo cual el  Sustantivo Paz, acudi\u00f3 corriendo tan a prisa, que tropez\u00f3 en la \u00bfcon que  ven\u00eda calzada, y cay\u00f3 cuan larga era, dando un gran batacazo.<\/p>\n<p>All\u00e1 voy -grit\u00f3 el Sustantivo <em>Arte<\/em>, que ya se hab\u00eda metido a zapatero.- All\u00e1 voy a componer este zapato, que es cosa de mi incumbencia.<\/p>\n<p>Y con unas comas le clav\u00f3 la <em>z<\/em> a la Paz, que tom\u00f3 vuelo, y se fue a hacer cabriolas ante el Sustantivo <em>Ca\u00f1\u00f3n<\/em>, de quien dicen estaba perdidamente enamorada.<\/p>\n<p>No pudiendo ni el Verbo <em>Ser<\/em>,  ni el Sustantivo Hombre, ni el Adjetivo Racional, poner en orden a  aquella gente, y comprendiendo que de aquella manera iban a ser vencidos  en la desigual batalla que con los escritores espa\u00f1oles tendr\u00edan que  emprender, resolvieron volverse a su casa. Dieron orden de que cada cual  entrara en su celda, y as\u00ed se cumpli\u00f3; costando gran trabajo encerrar a  algunas camorristas que se empe\u00f1aban en alborotar y hacer el coco.<\/p>\n<p>Resultaron de este tumulto bastantes heridos, que a\u00fan est\u00e1n en el hospital de sangre o sea <em>Fe de erratas<\/em> del <em>Diccionario<\/em>.  Han determinado congregarse de nuevo para examinar los medios de  imponerse a la gente de letras. Se est\u00e1n redactando las pragm\u00e1ticas que  establecer\u00e1n el orden en las discusiones. No tuvo resultado el  pronunciamiento, por gastar el tiempo los conjurados en est\u00e9riles  debates y luchas de amor propio, en vez de congregarse para combatir al  enemigo com\u00fan: as\u00ed es que concluy\u00f3 aquello como el Rosario de la Aurora.<\/p>\n<p>El <em>Flos sanctorum<\/em> me asegura que la Gram\u00e1tica hab\u00eda mandado al <em>Diccionario<\/em> una embajada de g\u00e9neros, n\u00fameros y casos, para ver si por las buenas y  sin derramamiento de sangre se arreglaba los trastornados asuntos de la <em>Lengua Castellana<\/em>.<\/p>\n<p>Madrid, Abril de 1868.<\/p>\n","protected":false},"excerpt":{"rendered":"<p>\u00c9rase un gran edificio llamado Diccionario de la Lengua Castellana, de tama\u00f1o tan colosal y fuera de medida, que, al&#46;&#46;&#46;<\/p>\n","protected":false},"author":1,"featured_media":5367,"comment_status":"open","ping_status":"open","sticky":false,"template":"","format":"standard","meta":{"footnotes":""},"categories":[42,3],"tags":[],"class_list":["post-1095","post","type-post","status-publish","format-standard","has-post-thumbnail","hentry","category-articulo","category-benito-perez-galdos"],"yoast_head":"<!-- This site is optimized with the Yoast SEO plugin v24.3 - https:\/\/yoast.com\/wordpress\/plugins\/seo\/ -->\n<title>[Art\u00edculo] La conjuraci\u00f3n de las palabras, de Benito P\u00e9rez Gald\u00f3s (1868) - Cronolog\u00eda de la vida y la obra de Benito P\u00e9rez Gald\u00f3s<\/title>\n<meta name=\"robots\" content=\"index, follow, max-snippet:-1, max-image-preview:large, max-video-preview:-1\" \/>\n<link rel=\"canonical\" href=\"https:\/\/batallitas.es\/benito-perez-galdos\/articulo-la-conjuracion-de-las-palabras-de-benito-perez-galdos-1868\/\" \/>\n<meta property=\"og:locale\" content=\"es_ES\" \/>\n<meta property=\"og:type\" content=\"article\" \/>\n<meta property=\"og:title\" content=\"[Art\u00edculo] La conjuraci\u00f3n de las palabras, de Benito P\u00e9rez Gald\u00f3s (1868) - Cronolog\u00eda de la vida y la obra de Benito P\u00e9rez Gald\u00f3s\" \/>\n<meta property=\"og:description\" content=\"\u00c9rase un gran edificio llamado Diccionario de la Lengua Castellana, de tama\u00f1o tan colosal y fuera de medida, que, al&#046;&#046;&#046;\" \/>\n<meta property=\"og:url\" content=\"https:\/\/batallitas.es\/benito-perez-galdos\/articulo-la-conjuracion-de-las-palabras-de-benito-perez-galdos-1868\/\" \/>\n<meta property=\"og:site_name\" content=\"Cronolog\u00eda de la vida y la obra de Benito P\u00e9rez Gald\u00f3s\" \/>\n<meta property=\"article:published_time\" content=\"2012-12-11T08:04:46+00:00\" \/>\n<meta property=\"og:image\" content=\"https:\/\/batallitas.es\/benito-perez-galdos\/wp-content\/uploads\/2025\/01\/facebook_thumbnail.jpg\" \/>\n\t<meta property=\"og:image:width\" content=\"1200\" \/>\n\t<meta property=\"og:image:height\" content=\"630\" \/>\n\t<meta property=\"og:image:type\" content=\"image\/jpeg\" \/>\n<meta name=\"author\" content=\"Benito\" \/>\n<meta name=\"twitter:card\" content=\"summary_large_image\" \/>\n<meta name=\"twitter:label1\" content=\"Escrito por\" \/>\n\t<meta name=\"twitter:data1\" content=\"Benito\" \/>\n\t<meta name=\"twitter:label2\" content=\"Tiempo de lectura\" \/>\n\t<meta name=\"twitter:data2\" content=\"13 minutos\" \/>\n<script type=\"application\/ld+json\" class=\"yoast-schema-graph\">{\"@context\":\"https:\/\/schema.org\",\"@graph\":[{\"@type\":\"WebPage\",\"@id\":\"https:\/\/batallitas.es\/benito-perez-galdos\/articulo-la-conjuracion-de-las-palabras-de-benito-perez-galdos-1868\/\",\"url\":\"https:\/\/batallitas.es\/benito-perez-galdos\/articulo-la-conjuracion-de-las-palabras-de-benito-perez-galdos-1868\/\",\"name\":\"[Art\u00edculo] La conjuraci\u00f3n de las palabras, de Benito P\u00e9rez Gald\u00f3s (1868) - Cronolog\u00eda de la vida y la obra de Benito P\u00e9rez Gald\u00f3s\",\"isPartOf\":{\"@id\":\"https:\/\/batallitas.es\/benito-perez-galdos\/#website\"},\"primaryImageOfPage\":{\"@id\":\"https:\/\/batallitas.es\/benito-perez-galdos\/articulo-la-conjuracion-de-las-palabras-de-benito-perez-galdos-1868\/#primaryimage\"},\"image\":{\"@id\":\"https:\/\/batallitas.es\/benito-perez-galdos\/articulo-la-conjuracion-de-las-palabras-de-benito-perez-galdos-1868\/#primaryimage\"},\"thumbnailUrl\":\"\",\"datePublished\":\"2012-12-11T08:04:46+00:00\",\"dateModified\":\"2012-12-11T08:04:46+00:00\",\"author\":{\"@id\":\"https:\/\/batallitas.es\/benito-perez-galdos\/#\/schema\/person\/2dda07be9325676808524c55b6218a25\"},\"breadcrumb\":{\"@id\":\"https:\/\/batallitas.es\/benito-perez-galdos\/articulo-la-conjuracion-de-las-palabras-de-benito-perez-galdos-1868\/#breadcrumb\"},\"inLanguage\":\"es\",\"potentialAction\":[{\"@type\":\"ReadAction\",\"target\":[\"https:\/\/batallitas.es\/benito-perez-galdos\/articulo-la-conjuracion-de-las-palabras-de-benito-perez-galdos-1868\/\"]}]},{\"@type\":\"ImageObject\",\"inLanguage\":\"es\",\"@id\":\"https:\/\/batallitas.es\/benito-perez-galdos\/articulo-la-conjuracion-de-las-palabras-de-benito-perez-galdos-1868\/#primaryimage\",\"url\":\"\",\"contentUrl\":\"\"},{\"@type\":\"BreadcrumbList\",\"@id\":\"https:\/\/batallitas.es\/benito-perez-galdos\/articulo-la-conjuracion-de-las-palabras-de-benito-perez-galdos-1868\/#breadcrumb\",\"itemListElement\":[{\"@type\":\"ListItem\",\"position\":1,\"name\":\"Portada\",\"item\":\"https:\/\/batallitas.es\/benito-perez-galdos\/\"},{\"@type\":\"ListItem\",\"position\":2,\"name\":\"[Art\u00edculo] La conjuraci\u00f3n de las palabras, de Benito P\u00e9rez Gald\u00f3s (1868)\"}]},{\"@type\":\"WebSite\",\"@id\":\"https:\/\/batallitas.es\/benito-perez-galdos\/#website\",\"url\":\"https:\/\/batallitas.es\/benito-perez-galdos\/\",\"name\":\"Cronolog\u00eda de la vida y la obra de Benito P\u00e9rez Gald\u00f3s\",\"description\":\"\",\"potentialAction\":[{\"@type\":\"SearchAction\",\"target\":{\"@type\":\"EntryPoint\",\"urlTemplate\":\"https:\/\/batallitas.es\/benito-perez-galdos\/?s={search_term_string}\"},\"query-input\":{\"@type\":\"PropertyValueSpecification\",\"valueRequired\":true,\"valueName\":\"search_term_string\"}}],\"inLanguage\":\"es\"},{\"@type\":\"Person\",\"@id\":\"https:\/\/batallitas.es\/benito-perez-galdos\/#\/schema\/person\/2dda07be9325676808524c55b6218a25\",\"name\":\"Benito\",\"image\":{\"@type\":\"ImageObject\",\"inLanguage\":\"es\",\"@id\":\"https:\/\/batallitas.es\/benito-perez-galdos\/#\/schema\/person\/image\/\",\"url\":\"https:\/\/secure.gravatar.com\/avatar\/8695d643bbae3009794e7fc5797055bb?s=96&d=mm&r=g\",\"contentUrl\":\"https:\/\/secure.gravatar.com\/avatar\/8695d643bbae3009794e7fc5797055bb?s=96&d=mm&r=g\",\"caption\":\"Benito\"},\"sameAs\":[\"https:\/\/batallitas.es\/galdos\"],\"url\":\"https:\/\/batallitas.es\/benito-perez-galdos\/author\/benito\/\"}]}<\/script>\n<!-- \/ Yoast SEO plugin. -->","yoast_head_json":{"title":"[Art\u00edculo] La conjuraci\u00f3n de las palabras, de Benito P\u00e9rez Gald\u00f3s (1868) - Cronolog\u00eda de la vida y la obra de Benito P\u00e9rez Gald\u00f3s","robots":{"index":"index","follow":"follow","max-snippet":"max-snippet:-1","max-image-preview":"max-image-preview:large","max-video-preview":"max-video-preview:-1"},"canonical":"https:\/\/batallitas.es\/benito-perez-galdos\/articulo-la-conjuracion-de-las-palabras-de-benito-perez-galdos-1868\/","og_locale":"es_ES","og_type":"article","og_title":"[Art\u00edculo] La conjuraci\u00f3n de las palabras, de Benito P\u00e9rez Gald\u00f3s (1868) - Cronolog\u00eda de la vida y la obra de Benito P\u00e9rez Gald\u00f3s","og_description":"\u00c9rase un gran edificio llamado Diccionario de la Lengua Castellana, de tama\u00f1o tan colosal y fuera de medida, que, al&#46;&#46;&#46;","og_url":"https:\/\/batallitas.es\/benito-perez-galdos\/articulo-la-conjuracion-de-las-palabras-de-benito-perez-galdos-1868\/","og_site_name":"Cronolog\u00eda de la vida y la obra de Benito P\u00e9rez Gald\u00f3s","article_published_time":"2012-12-11T08:04:46+00:00","og_image":[{"width":1200,"height":630,"url":"https:\/\/batallitas.es\/benito-perez-galdos\/wp-content\/uploads\/2025\/01\/facebook_thumbnail.jpg","type":"image\/jpeg"}],"author":"Benito","twitter_card":"summary_large_image","twitter_misc":{"Escrito por":"Benito","Tiempo de lectura":"13 minutos"},"schema":{"@context":"https:\/\/schema.org","@graph":[{"@type":"WebPage","@id":"https:\/\/batallitas.es\/benito-perez-galdos\/articulo-la-conjuracion-de-las-palabras-de-benito-perez-galdos-1868\/","url":"https:\/\/batallitas.es\/benito-perez-galdos\/articulo-la-conjuracion-de-las-palabras-de-benito-perez-galdos-1868\/","name":"[Art\u00edculo] La conjuraci\u00f3n de las palabras, de Benito P\u00e9rez Gald\u00f3s (1868) - Cronolog\u00eda de la vida y la obra de Benito P\u00e9rez Gald\u00f3s","isPartOf":{"@id":"https:\/\/batallitas.es\/benito-perez-galdos\/#website"},"primaryImageOfPage":{"@id":"https:\/\/batallitas.es\/benito-perez-galdos\/articulo-la-conjuracion-de-las-palabras-de-benito-perez-galdos-1868\/#primaryimage"},"image":{"@id":"https:\/\/batallitas.es\/benito-perez-galdos\/articulo-la-conjuracion-de-las-palabras-de-benito-perez-galdos-1868\/#primaryimage"},"thumbnailUrl":"","datePublished":"2012-12-11T08:04:46+00:00","dateModified":"2012-12-11T08:04:46+00:00","author":{"@id":"https:\/\/batallitas.es\/benito-perez-galdos\/#\/schema\/person\/2dda07be9325676808524c55b6218a25"},"breadcrumb":{"@id":"https:\/\/batallitas.es\/benito-perez-galdos\/articulo-la-conjuracion-de-las-palabras-de-benito-perez-galdos-1868\/#breadcrumb"},"inLanguage":"es","potentialAction":[{"@type":"ReadAction","target":["https:\/\/batallitas.es\/benito-perez-galdos\/articulo-la-conjuracion-de-las-palabras-de-benito-perez-galdos-1868\/"]}]},{"@type":"ImageObject","inLanguage":"es","@id":"https:\/\/batallitas.es\/benito-perez-galdos\/articulo-la-conjuracion-de-las-palabras-de-benito-perez-galdos-1868\/#primaryimage","url":"","contentUrl":""},{"@type":"BreadcrumbList","@id":"https:\/\/batallitas.es\/benito-perez-galdos\/articulo-la-conjuracion-de-las-palabras-de-benito-perez-galdos-1868\/#breadcrumb","itemListElement":[{"@type":"ListItem","position":1,"name":"Portada","item":"https:\/\/batallitas.es\/benito-perez-galdos\/"},{"@type":"ListItem","position":2,"name":"[Art\u00edculo] La conjuraci\u00f3n de las palabras, de Benito P\u00e9rez Gald\u00f3s (1868)"}]},{"@type":"WebSite","@id":"https:\/\/batallitas.es\/benito-perez-galdos\/#website","url":"https:\/\/batallitas.es\/benito-perez-galdos\/","name":"Cronolog\u00eda de la vida y la obra de Benito P\u00e9rez Gald\u00f3s","description":"","potentialAction":[{"@type":"SearchAction","target":{"@type":"EntryPoint","urlTemplate":"https:\/\/batallitas.es\/benito-perez-galdos\/?s={search_term_string}"},"query-input":{"@type":"PropertyValueSpecification","valueRequired":true,"valueName":"search_term_string"}}],"inLanguage":"es"},{"@type":"Person","@id":"https:\/\/batallitas.es\/benito-perez-galdos\/#\/schema\/person\/2dda07be9325676808524c55b6218a25","name":"Benito","image":{"@type":"ImageObject","inLanguage":"es","@id":"https:\/\/batallitas.es\/benito-perez-galdos\/#\/schema\/person\/image\/","url":"https:\/\/secure.gravatar.com\/avatar\/8695d643bbae3009794e7fc5797055bb?s=96&d=mm&r=g","contentUrl":"https:\/\/secure.gravatar.com\/avatar\/8695d643bbae3009794e7fc5797055bb?s=96&d=mm&r=g","caption":"Benito"},"sameAs":["https:\/\/batallitas.es\/galdos"],"url":"https:\/\/batallitas.es\/benito-perez-galdos\/author\/benito\/"}]}},"_links":{"self":[{"href":"https:\/\/batallitas.es\/benito-perez-galdos\/wp-json\/wp\/v2\/posts\/1095","targetHints":{"allow":["GET"]}}],"collection":[{"href":"https:\/\/batallitas.es\/benito-perez-galdos\/wp-json\/wp\/v2\/posts"}],"about":[{"href":"https:\/\/batallitas.es\/benito-perez-galdos\/wp-json\/wp\/v2\/types\/post"}],"author":[{"embeddable":true,"href":"https:\/\/batallitas.es\/benito-perez-galdos\/wp-json\/wp\/v2\/users\/1"}],"replies":[{"embeddable":true,"href":"https:\/\/batallitas.es\/benito-perez-galdos\/wp-json\/wp\/v2\/comments?post=1095"}],"version-history":[{"count":0,"href":"https:\/\/batallitas.es\/benito-perez-galdos\/wp-json\/wp\/v2\/posts\/1095\/revisions"}],"wp:featuredmedia":[{"embeddable":true,"href":"https:\/\/batallitas.es\/benito-perez-galdos\/wp-json\/"}],"wp:attachment":[{"href":"https:\/\/batallitas.es\/benito-perez-galdos\/wp-json\/wp\/v2\/media?parent=1095"}],"wp:term":[{"taxonomy":"category","embeddable":true,"href":"https:\/\/batallitas.es\/benito-perez-galdos\/wp-json\/wp\/v2\/categories?post=1095"},{"taxonomy":"post_tag","embeddable":true,"href":"https:\/\/batallitas.es\/benito-perez-galdos\/wp-json\/wp\/v2\/tags?post=1095"}],"curies":[{"name":"wp","href":"https:\/\/api.w.org\/{rel}","templated":true}]}}