{"id":11391,"date":"2008-07-01T08:32:00","date_gmt":"2008-07-01T06:32:00","guid":{"rendered":"http:\/\/ferna.eu\/?p=11391"},"modified":"2008-07-01T08:32:00","modified_gmt":"2008-07-01T06:32:00","slug":"el-1-de-mayo1907","status":"publish","type":"post","link":"https:\/\/batallitas.es\/benito-perez-galdos\/el-1-de-mayo1907\/","title":{"rendered":"El 1 de mayo [1907]"},"content":{"rendered":"\n<p>Las cuestiones sociales nos cercan, nos invaden y a medida que avanzan van arrojando de nuestro conocimiento y de nuestra concien\u00adcia las cuestiones pol\u00edticas. Estas invirtieron, en el siglo pasado, los t\u00e9rminos de la reivindicaci\u00f3n humana, anticipando los derechos y li\u00adbertades del individuo a la totalidad de los medios f\u00e1ciles de vida y al bienestar f\u00edsico de los hombres.<\/p>\n\n\n\n<p>Hemos llegado a unos d\u00edas en que las cuestiones sociales casi no necesitan la ense\u00f1anza, te\u00f3rica, hablada o escrita. Ellas son su propio maestro. Los que han entrado en el presente siglo sin un estudio dete\u00adnido de tales problemas, las aprenden por la lecci\u00f3n constante y clar\u00ed\u00adsima que dan los hechos sociales, por la protesta persistente de las mu\u00adchedumbres d\u00e9biles contra las minor\u00edas poderosas, por el progreso ad\u00admirable del proletariado, en la inteligencia, la cultura y la organiza\u00adci\u00f3n, por las peticiones tumultuosas de igualdad circunstancial, pre\u00adcursoras del asalto a la igualdad posible.<\/p>\n\n\n\n<p>Forzoso es que los obreros perfeccionen su instrucci\u00f3n, tomando la delantera a las clases patronales, que se duermen en la ventaja pre\u00adsente, descuidando el estudio de las leyes econ\u00f3micas y de las propor\u00adcionales ganancias del dinero y la obra. Bien har\u00e1n los representantes del estado llano capitalista en apartar gradualmente de su seno el ele\u00admento est\u00e9ril y holgaz\u00e1n, consumidor de los m\u00e1s saneados provechos de la tierra y de la industria. La ociosidad rica, gozante y \u00absportiva\u00bb, indiferente al dolor general est\u00e1 para muy pronto amenazada de serios disgustos.<\/p>\n\n\n\n<p>Ser\u00e1 triste, s\u00ed, que sufra deterioro la exterioridad suntuaria que ennoblece la vida de los ricos. Sin duda los golpes contra la vanidad infecunda herir\u00e1n tambi\u00e9n al arte, a la elegancia, faceta interesante de la humana belleza. Pero esto ser\u00e1 pasajero, y en \u00faltimo caso, pueden sacrificarse por alg\u00fan tiempo los refinamientos suntuarios, siempre que se extienda el campo de la comodidad, hoy harto reducido.<\/p>\n\n\n\n<p>Hay que contar siempre con que la justa remuneraci\u00f3n del trabajo ha de producir maravillas que hoy desconocemos. Un porvenir cuya lejan\u00eda no podemos precisar nos muestra confundidas o arm\u00f3nicamen\u00adte conectadas las tres ruedas de la actividad humana: Arte, Capital, Trabajo.<\/p>\n\n\n\n<figure class=\"wp-block-image size-large\"><img decoding=\"async\" src=\"http:\/\/ferna.eu\/venture\/wp-content\/uploads\/2020\/05\/firma_galdos.png\" alt=\"\" class=\"wp-image-7968\"\/><\/figure>\n\n\n\n<p><em>Espa\u00f1a Nueva<\/em>, 1 de mayo de 1907<\/p>\n","protected":false},"excerpt":{"rendered":"<p>Las cuestiones sociales nos cercan, nos invaden y a medida que avanzan van arrojando de nuestro conocimiento y de nuestra concien\u00adcia las cuestiones pol\u00edticas. Estas invirtieron, en el siglo pasado, los t\u00e9rminos de la reivindicaci\u00f3n humana, anticipando los derechos y li\u00adbertades del individuo a la totalidad de los medios f\u00e1ciles de vida y al bienestar f\u00edsico de los hombres.<\/p>\n","protected":false},"author":1,"featured_media":11298,"comment_status":"open","ping_status":"open","sticky":false,"template":"","format":"standard","meta":{"footnotes":""},"categories":[3,18],"tags":[],"class_list":["post-11391","post","type-post","status-publish","format-standard","has-post-thumbnail","hentry","category-benito-perez-galdos","category-textos-politicos"],"yoast_head":"<!-- This site is optimized with the Yoast SEO plugin v24.3 - https:\/\/yoast.com\/wordpress\/plugins\/seo\/ -->\n<title>El 1 de mayo [1907] - Cronolog\u00eda de la vida y la obra de Benito P\u00e9rez Gald\u00f3s<\/title>\n<meta name=\"robots\" content=\"index, follow, max-snippet:-1, max-image-preview:large, max-video-preview:-1\" \/>\n<link rel=\"canonical\" href=\"https:\/\/batallitas.es\/benito-perez-galdos\/el-1-de-mayo1907\/\" \/>\n<meta property=\"og:locale\" content=\"es_ES\" \/>\n<meta property=\"og:type\" content=\"article\" \/>\n<meta property=\"og:title\" content=\"El 1 de mayo [1907] - Cronolog\u00eda de la vida y la obra de Benito P\u00e9rez Gald\u00f3s\" \/>\n<meta property=\"og:description\" content=\"Las cuestiones sociales nos cercan, nos invaden y a medida que avanzan van arrojando de nuestro conocimiento y de nuestra concien\u00adcia las cuestiones pol\u00edticas. Estas invirtieron, en el siglo pasado, los t\u00e9rminos de la reivindicaci\u00f3n humana, anticipando los derechos y li\u00adbertades del individuo a la totalidad de los medios f\u00e1ciles de vida y al bienestar f\u00edsico de los hombres.\" \/>\n<meta property=\"og:url\" content=\"https:\/\/batallitas.es\/benito-perez-galdos\/el-1-de-mayo1907\/\" \/>\n<meta property=\"og:site_name\" content=\"Cronolog\u00eda de la vida y la obra de Benito P\u00e9rez Gald\u00f3s\" \/>\n<meta property=\"article:published_time\" content=\"2008-07-01T06:32:00+00:00\" \/>\n<meta property=\"og:image\" content=\"https:\/\/batallitas.es\/benito-perez-galdos\/wp-content\/uploads\/2025\/01\/facebook_thumbnail.jpg\" \/>\n\t<meta property=\"og:image:width\" content=\"1200\" \/>\n\t<meta property=\"og:image:height\" content=\"630\" \/>\n\t<meta property=\"og:image:type\" content=\"image\/jpeg\" \/>\n<meta name=\"author\" content=\"Benito\" \/>\n<meta name=\"twitter:card\" content=\"summary_large_image\" \/>\n<meta name=\"twitter:label1\" content=\"Escrito por\" \/>\n\t<meta name=\"twitter:data1\" content=\"Benito\" \/>\n\t<meta name=\"twitter:label2\" content=\"Tiempo de lectura\" \/>\n\t<meta name=\"twitter:data2\" content=\"2 minutos\" \/>\n<script type=\"application\/ld+json\" class=\"yoast-schema-graph\">{\"@context\":\"https:\/\/schema.org\",\"@graph\":[{\"@type\":\"WebPage\",\"@id\":\"https:\/\/batallitas.es\/benito-perez-galdos\/el-1-de-mayo1907\/\",\"url\":\"https:\/\/batallitas.es\/benito-perez-galdos\/el-1-de-mayo1907\/\",\"name\":\"El 1 de mayo [1907] - Cronolog\u00eda de la vida y la obra de Benito P\u00e9rez Gald\u00f3s\",\"isPartOf\":{\"@id\":\"https:\/\/batallitas.es\/benito-perez-galdos\/#website\"},\"primaryImageOfPage\":{\"@id\":\"https:\/\/batallitas.es\/benito-perez-galdos\/el-1-de-mayo1907\/#primaryimage\"},\"image\":{\"@id\":\"https:\/\/batallitas.es\/benito-perez-galdos\/el-1-de-mayo1907\/#primaryimage\"},\"thumbnailUrl\":\"\",\"datePublished\":\"2008-07-01T06:32:00+00:00\",\"dateModified\":\"2008-07-01T06:32:00+00:00\",\"author\":{\"@id\":\"https:\/\/batallitas.es\/benito-perez-galdos\/#\/schema\/person\/2dda07be9325676808524c55b6218a25\"},\"breadcrumb\":{\"@id\":\"https:\/\/batallitas.es\/benito-perez-galdos\/el-1-de-mayo1907\/#breadcrumb\"},\"inLanguage\":\"es\",\"potentialAction\":[{\"@type\":\"ReadAction\",\"target\":[\"https:\/\/batallitas.es\/benito-perez-galdos\/el-1-de-mayo1907\/\"]}]},{\"@type\":\"ImageObject\",\"inLanguage\":\"es\",\"@id\":\"https:\/\/batallitas.es\/benito-perez-galdos\/el-1-de-mayo1907\/#primaryimage\",\"url\":\"\",\"contentUrl\":\"\"},{\"@type\":\"BreadcrumbList\",\"@id\":\"https:\/\/batallitas.es\/benito-perez-galdos\/el-1-de-mayo1907\/#breadcrumb\",\"itemListElement\":[{\"@type\":\"ListItem\",\"position\":1,\"name\":\"Portada\",\"item\":\"https:\/\/batallitas.es\/benito-perez-galdos\/\"},{\"@type\":\"ListItem\",\"position\":2,\"name\":\"El 1 de mayo [1907]\"}]},{\"@type\":\"WebSite\",\"@id\":\"https:\/\/batallitas.es\/benito-perez-galdos\/#website\",\"url\":\"https:\/\/batallitas.es\/benito-perez-galdos\/\",\"name\":\"Cronolog\u00eda de la vida y la obra de Benito P\u00e9rez Gald\u00f3s\",\"description\":\"\",\"potentialAction\":[{\"@type\":\"SearchAction\",\"target\":{\"@type\":\"EntryPoint\",\"urlTemplate\":\"https:\/\/batallitas.es\/benito-perez-galdos\/?s={search_term_string}\"},\"query-input\":{\"@type\":\"PropertyValueSpecification\",\"valueRequired\":true,\"valueName\":\"search_term_string\"}}],\"inLanguage\":\"es\"},{\"@type\":\"Person\",\"@id\":\"https:\/\/batallitas.es\/benito-perez-galdos\/#\/schema\/person\/2dda07be9325676808524c55b6218a25\",\"name\":\"Benito\",\"image\":{\"@type\":\"ImageObject\",\"inLanguage\":\"es\",\"@id\":\"https:\/\/batallitas.es\/benito-perez-galdos\/#\/schema\/person\/image\/\",\"url\":\"https:\/\/secure.gravatar.com\/avatar\/8695d643bbae3009794e7fc5797055bb?s=96&d=mm&r=g\",\"contentUrl\":\"https:\/\/secure.gravatar.com\/avatar\/8695d643bbae3009794e7fc5797055bb?s=96&d=mm&r=g\",\"caption\":\"Benito\"},\"sameAs\":[\"https:\/\/batallitas.es\/galdos\"],\"url\":\"https:\/\/batallitas.es\/benito-perez-galdos\/author\/benito\/\"}]}<\/script>\n<!-- \/ Yoast SEO plugin. -->","yoast_head_json":{"title":"El 1 de mayo [1907] - Cronolog\u00eda de la vida y la obra de Benito P\u00e9rez Gald\u00f3s","robots":{"index":"index","follow":"follow","max-snippet":"max-snippet:-1","max-image-preview":"max-image-preview:large","max-video-preview":"max-video-preview:-1"},"canonical":"https:\/\/batallitas.es\/benito-perez-galdos\/el-1-de-mayo1907\/","og_locale":"es_ES","og_type":"article","og_title":"El 1 de mayo [1907] - Cronolog\u00eda de la vida y la obra de Benito P\u00e9rez Gald\u00f3s","og_description":"Las cuestiones sociales nos cercan, nos invaden y a medida que avanzan van arrojando de nuestro conocimiento y de nuestra concien\u00adcia las cuestiones pol\u00edticas. Estas invirtieron, en el siglo pasado, los t\u00e9rminos de la reivindicaci\u00f3n humana, anticipando los derechos y li\u00adbertades del individuo a la totalidad de los medios f\u00e1ciles de vida y al bienestar f\u00edsico de los hombres.","og_url":"https:\/\/batallitas.es\/benito-perez-galdos\/el-1-de-mayo1907\/","og_site_name":"Cronolog\u00eda de la vida y la obra de Benito P\u00e9rez Gald\u00f3s","article_published_time":"2008-07-01T06:32:00+00:00","og_image":[{"width":1200,"height":630,"url":"https:\/\/batallitas.es\/benito-perez-galdos\/wp-content\/uploads\/2025\/01\/facebook_thumbnail.jpg","type":"image\/jpeg"}],"author":"Benito","twitter_card":"summary_large_image","twitter_misc":{"Escrito por":"Benito","Tiempo de lectura":"2 minutos"},"schema":{"@context":"https:\/\/schema.org","@graph":[{"@type":"WebPage","@id":"https:\/\/batallitas.es\/benito-perez-galdos\/el-1-de-mayo1907\/","url":"https:\/\/batallitas.es\/benito-perez-galdos\/el-1-de-mayo1907\/","name":"El 1 de mayo [1907] - Cronolog\u00eda de la vida y la obra de Benito P\u00e9rez Gald\u00f3s","isPartOf":{"@id":"https:\/\/batallitas.es\/benito-perez-galdos\/#website"},"primaryImageOfPage":{"@id":"https:\/\/batallitas.es\/benito-perez-galdos\/el-1-de-mayo1907\/#primaryimage"},"image":{"@id":"https:\/\/batallitas.es\/benito-perez-galdos\/el-1-de-mayo1907\/#primaryimage"},"thumbnailUrl":"","datePublished":"2008-07-01T06:32:00+00:00","dateModified":"2008-07-01T06:32:00+00:00","author":{"@id":"https:\/\/batallitas.es\/benito-perez-galdos\/#\/schema\/person\/2dda07be9325676808524c55b6218a25"},"breadcrumb":{"@id":"https:\/\/batallitas.es\/benito-perez-galdos\/el-1-de-mayo1907\/#breadcrumb"},"inLanguage":"es","potentialAction":[{"@type":"ReadAction","target":["https:\/\/batallitas.es\/benito-perez-galdos\/el-1-de-mayo1907\/"]}]},{"@type":"ImageObject","inLanguage":"es","@id":"https:\/\/batallitas.es\/benito-perez-galdos\/el-1-de-mayo1907\/#primaryimage","url":"","contentUrl":""},{"@type":"BreadcrumbList","@id":"https:\/\/batallitas.es\/benito-perez-galdos\/el-1-de-mayo1907\/#breadcrumb","itemListElement":[{"@type":"ListItem","position":1,"name":"Portada","item":"https:\/\/batallitas.es\/benito-perez-galdos\/"},{"@type":"ListItem","position":2,"name":"El 1 de mayo [1907]"}]},{"@type":"WebSite","@id":"https:\/\/batallitas.es\/benito-perez-galdos\/#website","url":"https:\/\/batallitas.es\/benito-perez-galdos\/","name":"Cronolog\u00eda de la vida y la obra de Benito P\u00e9rez Gald\u00f3s","description":"","potentialAction":[{"@type":"SearchAction","target":{"@type":"EntryPoint","urlTemplate":"https:\/\/batallitas.es\/benito-perez-galdos\/?s={search_term_string}"},"query-input":{"@type":"PropertyValueSpecification","valueRequired":true,"valueName":"search_term_string"}}],"inLanguage":"es"},{"@type":"Person","@id":"https:\/\/batallitas.es\/benito-perez-galdos\/#\/schema\/person\/2dda07be9325676808524c55b6218a25","name":"Benito","image":{"@type":"ImageObject","inLanguage":"es","@id":"https:\/\/batallitas.es\/benito-perez-galdos\/#\/schema\/person\/image\/","url":"https:\/\/secure.gravatar.com\/avatar\/8695d643bbae3009794e7fc5797055bb?s=96&d=mm&r=g","contentUrl":"https:\/\/secure.gravatar.com\/avatar\/8695d643bbae3009794e7fc5797055bb?s=96&d=mm&r=g","caption":"Benito"},"sameAs":["https:\/\/batallitas.es\/galdos"],"url":"https:\/\/batallitas.es\/benito-perez-galdos\/author\/benito\/"}]}},"_links":{"self":[{"href":"https:\/\/batallitas.es\/benito-perez-galdos\/wp-json\/wp\/v2\/posts\/11391","targetHints":{"allow":["GET"]}}],"collection":[{"href":"https:\/\/batallitas.es\/benito-perez-galdos\/wp-json\/wp\/v2\/posts"}],"about":[{"href":"https:\/\/batallitas.es\/benito-perez-galdos\/wp-json\/wp\/v2\/types\/post"}],"author":[{"embeddable":true,"href":"https:\/\/batallitas.es\/benito-perez-galdos\/wp-json\/wp\/v2\/users\/1"}],"replies":[{"embeddable":true,"href":"https:\/\/batallitas.es\/benito-perez-galdos\/wp-json\/wp\/v2\/comments?post=11391"}],"version-history":[{"count":0,"href":"https:\/\/batallitas.es\/benito-perez-galdos\/wp-json\/wp\/v2\/posts\/11391\/revisions"}],"wp:featuredmedia":[{"embeddable":true,"href":"https:\/\/batallitas.es\/benito-perez-galdos\/wp-json\/"}],"wp:attachment":[{"href":"https:\/\/batallitas.es\/benito-perez-galdos\/wp-json\/wp\/v2\/media?parent=11391"}],"wp:term":[{"taxonomy":"category","embeddable":true,"href":"https:\/\/batallitas.es\/benito-perez-galdos\/wp-json\/wp\/v2\/categories?post=11391"},{"taxonomy":"post_tag","embeddable":true,"href":"https:\/\/batallitas.es\/benito-perez-galdos\/wp-json\/wp\/v2\/tags?post=11391"}],"curies":[{"name":"wp","href":"https:\/\/api.w.org\/{rel}","templated":true}]}}