{"id":1222,"date":"2013-01-31T08:00:59","date_gmt":"2013-01-31T08:00:59","guid":{"rendered":"http:\/\/www.benitoperezgaldos.es\/?p=1222"},"modified":"2013-01-31T08:00:59","modified_gmt":"2013-01-31T08:00:59","slug":"citas-sobre-galdos-i","status":"publish","type":"post","link":"https:\/\/batallitas.es\/benito-perez-galdos\/citas-sobre-galdos-i\/","title":{"rendered":"Citas sobre Gald\u00f3s I"},"content":{"rendered":"<blockquote><p>\u201cGald\u00f3s, generalmente, no profundiza en la vaga idealidad, sino en la vida social y en la moral, pareci\u00e9ndose en esto \u00faltimo a muchos grandes escritores ingleses, que por cierto \u00e9l estima grandemente. Los Episodios Nacionales fueron populares en seguida, porque, si no en los primores del arte que hay en muchos de ellos, en lo principal de su idea y en las brillantes, interesant\u00edsimas cualidades de su forma pudieron ser comprendidos y sentidos por el pueblo espa\u00f1ol en masa. Gald\u00f3s no debe su popularidad a las vergonzosas transacciones con el mal gusto, sino al vigor de su talento, a la claridad, franqueza y sentido pr\u00e1ctico y de justicia que revelan sus obras. En muchas de \u00e9stas hay mucho m\u00e1s de lo que puede ver un lector distra\u00eddo, de pocos alcances en reflexi\u00f3n y en gusto; pero en todas hay, adem\u00e1s, ese gran realismo del pueblo, esa feliz concordancia con lo sano y lo noble del esp\u00edritu p\u00fablico, que, lejos de ser una abdicaci\u00f3n del artista verdadero, es se\u00f1al de que pertenece su genio a las m\u00e1s altas regiones del arte, que es de aquellos que la historia consagra, porque, sin dejar de ser grandes solitarios cuando suben \u00e1 las cumbres misteriosas del Sina\u00ed de la poes\u00eda, bajan tambi\u00e9n como el Mois\u00e9s de la Biblia, a comunicar con el pueblo y a revelarle la presencia de los Eloim, que han sentido en las alturas.\u201d<\/p><\/blockquote>\n<p>(Leopoldo Alas, \u00abClar\u00edn\u00bb: en Gald\u00f3s, Madrid, 1912, p\u00e1gina 26.)<\/p>\n<p>&nbsp;<\/p>\n<blockquote><p>\u201cEn mi sentir aparece el se\u00f1or P\u00e9rez Gald\u00f3s como novelista de primer orden, digno de ser comparado con Balzac en Francia y con Dickens en Inglaterra, as\u00ed por el esfuerzo creador con que presta movimiento, vida y car\u00e1cter a sus personajes, como por la observaci\u00f3n fiel y por la exactitud con que nos pinta el ser y el vivir de nuestra clase media.\u201d<\/p><\/blockquote>\n<p>(Juan Valera: en Ecos Argentinos, Madrid, 1901, p\u00e1g. 114.)<\/p>\n<p>&nbsp;<\/p>\n<blockquote><p>\u201cP\u00e9rez Gald\u00f3s, art\u00edfice valiente de un monumento que despu\u00e9s, quiz\u00e1, de la Comedia Humana, de Balzac, no tenga rival en lo copioso y vario, entre cuantos ha levantado el genio de la novela de nuestro siglo&#8230; \u00a1Cu\u00e1nta luz, cu\u00e1nta alegr\u00eda, cu\u00e1nto color ha puesto P\u00e9rez Gald\u00f3s en sus Episodios Nacionales, robando el l\u00e1piz a Goya y a don Ram\u00f3n de la Cruz!&#8230; Fortunata y Jacinta es un libro que da ilusi\u00f3n de vida: tan completamente est\u00e1n estudiados sus personajes y el medio ambiente. Todo es vulgar en la novela, menos el sentimiento; y, sin embargo, hay algo \u00e9pico en el conjunto, por gracia, en parte, de la manera franca y valiente del narrador, pero todav\u00eda m\u00e1s en su peregrina aptitud para sorprender el \u00edntimo sentimiento e interpretar las ocultas relaciones de las cosas, levant\u00e1ndolas de este modo a una regi\u00f3n po\u00e9tica y luminosa. Por la realizaci\u00f3n natural, viviente, sincera; por el calor de humanidad que hay en ella; por la riqueza del material art\u00edstico all\u00ed acumulado. Fortunata y Jacinta es uno de los m\u00e1s grandes esfuerzos del ingenio espa\u00f1ol&#8230; Si alguna de las posteriores f\u00e1bulas de nuestro autor pudiera rivalizar con \u00e9sta, ser\u00eda, sin duda. \u00c1ngel Guerra, en la que late el sentido de la poes\u00eda arqueol\u00f3gica de las viejas ciudades castellanas y entra, adem\u00e1s, no dir\u00e9 que con paso enteramente firme, pero s\u00ed con notable elevaci\u00f3n de pensamiento, en un mundo de ideas espirituales y aun m\u00edsticas&#8230; Dir\u00edase que estas cavernas del alma atraen a Gald\u00f3s, cuyo singular talento parece formado por una mezcla de observaci\u00f3n menuda y reflexiva y de una imaginaci\u00f3n ardiente, con vislumbres de iluminismo&#8230;\u201d<\/p><\/blockquote>\n<p>Marcelino Men\u00e9ndez y Pelayo: en Cr\u00edtica literaria, 5\u00aa serie, 1908<\/p>\n<blockquote><p>\u201cEn las p\u00e1ginas de Gald\u00f3s quedan animados de vida imperecedera las clases populares, en toda la gradaci\u00f3n de sus penalidades, desvalimientos y miserias, y las clases medias en la azotad\u00edsima serie de sus angustias, de sus anhelos, de sus desniveles resbaladizos, de sus vergonzosas estrecheces, y tambi\u00e9n de sus br\u00edos emprendedores; alumbrado queda y acopiado, a prop\u00f3sito de las gentes de toda condici\u00f3n, el raudal de sufrimientos, de virtudes, de hero\u00edsmos y tambi\u00e9n de bellaquer\u00edas, claudicaciones y abominaciones, que pasa, como corriente sub\u00e1lvea, entre los revueltos yacimientos sociales.\u00bb<\/p><\/blockquote>\n<p>Antonio Maura: en Gald\u00f3s, \u00abBolet\u00edn de la Real Academia\u00bb, abril, 1920.<\/p>\n<p>&nbsp;<\/p>\n<blockquote><p>\u00abLas similudes y correspondencias entre Cervantes y Gald\u00f3s son tantas y tan manifiestas, que casi huelga se\u00f1alarlas. Cervantes cre\u00f3 el g\u00e9nero novelesco, este modo caracter\u00edstico de la Edad Media; Gald\u00f3s lo ha llevado a su t\u00e9rmino m\u00e1s cumplido de perfecci\u00f3n y madurez&#8230; Cervantes y Gald\u00f3s, como dos monta\u00f1as, fronteras y mellizos, est\u00e1n separados por un hueco de tres siglos. Hay tambi\u00e9n montes muy empinados y majestuosos; pero ninguno, a lo que presumo, alcanza la altura de aquellas dos monta\u00f1as, mellizos y se\u00f1eras. Cervantes no lleg\u00f3 a ser el primer autor dram\u00e1tico de su \u00e9poca; Gald\u00f3s lo es, sin disputa, y uno de los primeros entre los de cualquier \u00e9poca y comarca.\u201d<\/p><\/blockquote>\n<p>(Ram\u00f3n P\u00e9rez de Ayala: en Las M\u00e1scaras, tom\u00f3 I.)<\/p>\n<p>&nbsp;<\/p>\n<blockquote><p>\u201cLa Espa\u00f1a oficial, fr\u00eda, seca, protocolaria, ha estado ausente en la un\u00e1nime demostraci\u00f3n de pena provocada por la muerte de Gald\u00f3s. La visita del ministro de Instrucci\u00f3n P\u00fablica, no basta. El pueblo, con su fina y certera perspicacia, ha advertido esa ausencia en la casa del glorioso maestro, en las listas de p\u00e9same, donde han firmado ya los hijos espirituales de don Benito, los leg\u00edtimos descendientes de la duquesa Amaranta, de Gabrielillo Araceli, de Solita, de Misericordia, del doctor Centeno. Estos hombres y estas mujeres de Espa\u00f1a no pod\u00edan faltar en el homenaje al patriarca. Son los otros los que han faltado. Y, ya a \u00faltima hora, se ha querido remediar el olvido con un Decreto lamentable, espuma de la frivolidad oficial, ejemplo doloroso de c\u00f3mo pueden cegarse, en las esferas del Poder, los manantiales de la sensibilidad. En este Decreto, en el que no hay ni una sola palabra emocionada, destacar\u00e1 hoy su sequedad en las columnas de los peri\u00f3dicos, donde palpita el dolor de todo un pueblo, donde tiemblan las frases tiernas y acongojadas de la noble Espa\u00f1a galdosiana. Acaso hubo que dictarlo ateni\u00e9ndose a preceptos de protocolo. El protocolo entiende poco de distancias y equipara a Gald\u00f3s con Campoamor. No hay desd\u00e9n para el tierno poeta en se\u00f1alar el deplorable contraste. El buen don Ram\u00f3n, camarada de don Benito, hubiera sido el primero en protestar. Gald\u00f3s era el genio. Campoamor, el ingenio. La Espa\u00f1a une a ambos en la hora de los falsos homenajes.\u00bb<\/p><\/blockquote>\n<p>(Jos\u00e9 Ortega y Gasset: en el tomo III de sus Obras Completas.)<\/p>\n<p>&nbsp;<\/p>\n<blockquote><p>\u00abDon Benito P\u00e9rez Gald\u00f3s, en suma, ha contribuido a crear la conciencia nacional; ha hecho vivir Espa\u00f1a con sus ciudades, sus pueblos, sus paisajes, sus monumentos. Cuando pasen los a\u00f1os, cuando transcurra el tiempo, se ver\u00e1 lo que Espa\u00f1a debe a tres escritores de esta \u00e9poca: a Men\u00e9ndez y Pelayo, a Joaqu\u00edn Costa y, a P\u00e9rez Gald\u00f3s. El trabajo de aglutinaci\u00f3n espiritual, de formaci\u00f3n de una unidad ideal espa\u00f1ola, es id\u00e9ntico, convergente, en estos tres grandes cerebros. La nueva generaci\u00f3n de escritores debe a Gald\u00f3s todo lo m\u00e1s \u00edntimo y profundo de su ser: ha nacido y se ha desenvuelto en un medio intelectual creado por el novelista. Ha habido desde Gald\u00f3s hasta ahora, y con relaci\u00f3n a todo lo anterior a 1870, un intenso esfuerzo de acercamiento a la realidad; comparad, por ejemplo, una novela de Alarc\u00f3n con otra de P\u00edo Baraja. Se han acercado m\u00e1s a la realidad los nuevos escritores y han impregnado, a la vez, su realismo de un anhelo de espiritualidad&#8230; Gald\u00f3s, como hemos dicho, ha hecho la obra de revelar Espa\u00f1a a los espa\u00f1oles. Abrid sus libros; ah\u00ed est\u00e1 en primer t\u00e9rmino Madrid, con su peque\u00f1a burgues\u00eda vergonzante; con su comercio de la calle de Postas y de la plaza de Santa Cruz, comercio cl\u00e1sico, restos de una \u00e9poca ya casi desaparecida; los intereses de esas casas de hu\u00e9spedes; las tertulias de los Caf\u00e9s; los ministerios y oficinas; Villamil, el infeliz, el bueno, el desgraciado; el amigo Manso; Manolo Infante; la de Fringas; Orozco, el grande, el magn\u00e1nimo; los estrafalarios Babeles; Pepe Rey, v\u00edctima de un atroz fanatismo&#8230; Ah\u00ed est\u00e1 en el segundo volumen de \u00c1ngel Guerra, retratado Toledo, con sus callejuelas enrevesadas y pinas; sus comentos de monjas, con sus huertos, en que crecen cipreses y rosales; sus sosegadas iglesias de cuyos muros enjalbegados con n\u00edtida cal, penden cuadros del Greco\u2014que all\u00ed y no en los fr\u00edos museos\u2014 tienen toda su vida; las posadas, como la de Santa Clara, la Sangre, la Siller\u00eda, con sus trajinantes y cosarios, que vienen y van a Ill\u00e1n, Illescas, Cebolla, Torrijas, Escalona; el Tajo, hondo y torvo; los cigarrales lejanos, en que la vegetaci\u00f3n es melanc\u00f3lica, sin frondosidad; el terru\u00f1o, apretado y seco&#8230; Gald\u00f3s, en m\u00e1s de cien vol\u00famenes, ha trabajado para que despierte Espa\u00f1a y adquiera conciencia de s\u00ed misma.\u00bb<\/p><\/blockquote>\n<p>(\u00abAzor\u00edn\u00bb: Lecturas espa\u00f1olas.)<\/p>\n","protected":false},"excerpt":{"rendered":"<p>\u201cGald\u00f3s, generalmente, no profundiza en la vaga idealidad, sino en la vida social y en la moral, pareci\u00e9ndose en esto&#46;&#46;&#46;<\/p>\n","protected":false},"author":1,"featured_media":1829,"comment_status":"open","ping_status":"open","sticky":false,"template":"","format":"standard","meta":{"footnotes":""},"categories":[136,135,3,137,85,138,139,140],"tags":[],"class_list":["post-1222","post","type-post","status-publish","format-standard","has-post-thumbnail","hentry","category-antonio-maura","category-azorin","category-benito-perez-galdos","category-citas","category-clarin","category-jose-ortega-y-gasset","category-juan-valera","category-ramon-perez-de-ayala"],"yoast_head":"<!-- This site is optimized with the Yoast SEO plugin v24.3 - https:\/\/yoast.com\/wordpress\/plugins\/seo\/ -->\n<title>Citas sobre Gald\u00f3s I - Cronolog\u00eda de la vida y la obra de Benito P\u00e9rez Gald\u00f3s<\/title>\n<meta name=\"robots\" content=\"index, follow, max-snippet:-1, max-image-preview:large, max-video-preview:-1\" \/>\n<link rel=\"canonical\" href=\"https:\/\/batallitas.es\/benito-perez-galdos\/citas-sobre-galdos-i\/\" \/>\n<meta property=\"og:locale\" content=\"es_ES\" \/>\n<meta property=\"og:type\" content=\"article\" \/>\n<meta property=\"og:title\" content=\"Citas sobre Gald\u00f3s I - Cronolog\u00eda de la vida y la obra de Benito P\u00e9rez Gald\u00f3s\" \/>\n<meta property=\"og:description\" content=\"\u201cGald\u00f3s, generalmente, no profundiza en la vaga idealidad, sino en la vida social y en la moral, pareci\u00e9ndose en esto&#046;&#046;&#046;\" \/>\n<meta property=\"og:url\" content=\"https:\/\/batallitas.es\/benito-perez-galdos\/citas-sobre-galdos-i\/\" \/>\n<meta property=\"og:site_name\" content=\"Cronolog\u00eda de la vida y la obra de Benito P\u00e9rez Gald\u00f3s\" \/>\n<meta property=\"article:published_time\" content=\"2013-01-31T08:00:59+00:00\" \/>\n<meta property=\"og:image\" content=\"https:\/\/batallitas.es\/benito-perez-galdos\/wp-content\/uploads\/2025\/01\/facebook_thumbnail.jpg\" \/>\n\t<meta property=\"og:image:width\" content=\"1200\" \/>\n\t<meta property=\"og:image:height\" content=\"630\" \/>\n\t<meta property=\"og:image:type\" content=\"image\/jpeg\" \/>\n<meta name=\"author\" content=\"Benito\" \/>\n<meta name=\"twitter:card\" content=\"summary_large_image\" \/>\n<meta name=\"twitter:label1\" content=\"Escrito por\" \/>\n\t<meta name=\"twitter:data1\" content=\"Benito\" \/>\n\t<meta name=\"twitter:label2\" content=\"Tiempo de lectura\" \/>\n\t<meta name=\"twitter:data2\" content=\"8 minutos\" \/>\n<script type=\"application\/ld+json\" class=\"yoast-schema-graph\">{\"@context\":\"https:\/\/schema.org\",\"@graph\":[{\"@type\":\"WebPage\",\"@id\":\"https:\/\/batallitas.es\/benito-perez-galdos\/citas-sobre-galdos-i\/\",\"url\":\"https:\/\/batallitas.es\/benito-perez-galdos\/citas-sobre-galdos-i\/\",\"name\":\"Citas sobre Gald\u00f3s I - Cronolog\u00eda de la vida y la obra de Benito P\u00e9rez Gald\u00f3s\",\"isPartOf\":{\"@id\":\"https:\/\/batallitas.es\/benito-perez-galdos\/#website\"},\"primaryImageOfPage\":{\"@id\":\"https:\/\/batallitas.es\/benito-perez-galdos\/citas-sobre-galdos-i\/#primaryimage\"},\"image\":{\"@id\":\"https:\/\/batallitas.es\/benito-perez-galdos\/citas-sobre-galdos-i\/#primaryimage\"},\"thumbnailUrl\":\"\",\"datePublished\":\"2013-01-31T08:00:59+00:00\",\"dateModified\":\"2013-01-31T08:00:59+00:00\",\"author\":{\"@id\":\"https:\/\/batallitas.es\/benito-perez-galdos\/#\/schema\/person\/2dda07be9325676808524c55b6218a25\"},\"breadcrumb\":{\"@id\":\"https:\/\/batallitas.es\/benito-perez-galdos\/citas-sobre-galdos-i\/#breadcrumb\"},\"inLanguage\":\"es\",\"potentialAction\":[{\"@type\":\"ReadAction\",\"target\":[\"https:\/\/batallitas.es\/benito-perez-galdos\/citas-sobre-galdos-i\/\"]}]},{\"@type\":\"ImageObject\",\"inLanguage\":\"es\",\"@id\":\"https:\/\/batallitas.es\/benito-perez-galdos\/citas-sobre-galdos-i\/#primaryimage\",\"url\":\"\",\"contentUrl\":\"\"},{\"@type\":\"BreadcrumbList\",\"@id\":\"https:\/\/batallitas.es\/benito-perez-galdos\/citas-sobre-galdos-i\/#breadcrumb\",\"itemListElement\":[{\"@type\":\"ListItem\",\"position\":1,\"name\":\"Portada\",\"item\":\"https:\/\/batallitas.es\/benito-perez-galdos\/\"},{\"@type\":\"ListItem\",\"position\":2,\"name\":\"Citas sobre Gald\u00f3s I\"}]},{\"@type\":\"WebSite\",\"@id\":\"https:\/\/batallitas.es\/benito-perez-galdos\/#website\",\"url\":\"https:\/\/batallitas.es\/benito-perez-galdos\/\",\"name\":\"Cronolog\u00eda de la vida y la obra de Benito P\u00e9rez Gald\u00f3s\",\"description\":\"\",\"potentialAction\":[{\"@type\":\"SearchAction\",\"target\":{\"@type\":\"EntryPoint\",\"urlTemplate\":\"https:\/\/batallitas.es\/benito-perez-galdos\/?s={search_term_string}\"},\"query-input\":{\"@type\":\"PropertyValueSpecification\",\"valueRequired\":true,\"valueName\":\"search_term_string\"}}],\"inLanguage\":\"es\"},{\"@type\":\"Person\",\"@id\":\"https:\/\/batallitas.es\/benito-perez-galdos\/#\/schema\/person\/2dda07be9325676808524c55b6218a25\",\"name\":\"Benito\",\"image\":{\"@type\":\"ImageObject\",\"inLanguage\":\"es\",\"@id\":\"https:\/\/batallitas.es\/benito-perez-galdos\/#\/schema\/person\/image\/\",\"url\":\"https:\/\/secure.gravatar.com\/avatar\/8695d643bbae3009794e7fc5797055bb?s=96&d=mm&r=g\",\"contentUrl\":\"https:\/\/secure.gravatar.com\/avatar\/8695d643bbae3009794e7fc5797055bb?s=96&d=mm&r=g\",\"caption\":\"Benito\"},\"sameAs\":[\"https:\/\/batallitas.es\/galdos\"],\"url\":\"https:\/\/batallitas.es\/benito-perez-galdos\/author\/benito\/\"}]}<\/script>\n<!-- \/ Yoast SEO plugin. -->","yoast_head_json":{"title":"Citas sobre Gald\u00f3s I - Cronolog\u00eda de la vida y la obra de Benito P\u00e9rez Gald\u00f3s","robots":{"index":"index","follow":"follow","max-snippet":"max-snippet:-1","max-image-preview":"max-image-preview:large","max-video-preview":"max-video-preview:-1"},"canonical":"https:\/\/batallitas.es\/benito-perez-galdos\/citas-sobre-galdos-i\/","og_locale":"es_ES","og_type":"article","og_title":"Citas sobre Gald\u00f3s I - Cronolog\u00eda de la vida y la obra de Benito P\u00e9rez Gald\u00f3s","og_description":"\u201cGald\u00f3s, generalmente, no profundiza en la vaga idealidad, sino en la vida social y en la moral, pareci\u00e9ndose en esto&#46;&#46;&#46;","og_url":"https:\/\/batallitas.es\/benito-perez-galdos\/citas-sobre-galdos-i\/","og_site_name":"Cronolog\u00eda de la vida y la obra de Benito P\u00e9rez Gald\u00f3s","article_published_time":"2013-01-31T08:00:59+00:00","og_image":[{"width":1200,"height":630,"url":"https:\/\/batallitas.es\/benito-perez-galdos\/wp-content\/uploads\/2025\/01\/facebook_thumbnail.jpg","type":"image\/jpeg"}],"author":"Benito","twitter_card":"summary_large_image","twitter_misc":{"Escrito por":"Benito","Tiempo de lectura":"8 minutos"},"schema":{"@context":"https:\/\/schema.org","@graph":[{"@type":"WebPage","@id":"https:\/\/batallitas.es\/benito-perez-galdos\/citas-sobre-galdos-i\/","url":"https:\/\/batallitas.es\/benito-perez-galdos\/citas-sobre-galdos-i\/","name":"Citas sobre Gald\u00f3s I - Cronolog\u00eda de la vida y la obra de Benito P\u00e9rez Gald\u00f3s","isPartOf":{"@id":"https:\/\/batallitas.es\/benito-perez-galdos\/#website"},"primaryImageOfPage":{"@id":"https:\/\/batallitas.es\/benito-perez-galdos\/citas-sobre-galdos-i\/#primaryimage"},"image":{"@id":"https:\/\/batallitas.es\/benito-perez-galdos\/citas-sobre-galdos-i\/#primaryimage"},"thumbnailUrl":"","datePublished":"2013-01-31T08:00:59+00:00","dateModified":"2013-01-31T08:00:59+00:00","author":{"@id":"https:\/\/batallitas.es\/benito-perez-galdos\/#\/schema\/person\/2dda07be9325676808524c55b6218a25"},"breadcrumb":{"@id":"https:\/\/batallitas.es\/benito-perez-galdos\/citas-sobre-galdos-i\/#breadcrumb"},"inLanguage":"es","potentialAction":[{"@type":"ReadAction","target":["https:\/\/batallitas.es\/benito-perez-galdos\/citas-sobre-galdos-i\/"]}]},{"@type":"ImageObject","inLanguage":"es","@id":"https:\/\/batallitas.es\/benito-perez-galdos\/citas-sobre-galdos-i\/#primaryimage","url":"","contentUrl":""},{"@type":"BreadcrumbList","@id":"https:\/\/batallitas.es\/benito-perez-galdos\/citas-sobre-galdos-i\/#breadcrumb","itemListElement":[{"@type":"ListItem","position":1,"name":"Portada","item":"https:\/\/batallitas.es\/benito-perez-galdos\/"},{"@type":"ListItem","position":2,"name":"Citas sobre Gald\u00f3s I"}]},{"@type":"WebSite","@id":"https:\/\/batallitas.es\/benito-perez-galdos\/#website","url":"https:\/\/batallitas.es\/benito-perez-galdos\/","name":"Cronolog\u00eda de la vida y la obra de Benito P\u00e9rez Gald\u00f3s","description":"","potentialAction":[{"@type":"SearchAction","target":{"@type":"EntryPoint","urlTemplate":"https:\/\/batallitas.es\/benito-perez-galdos\/?s={search_term_string}"},"query-input":{"@type":"PropertyValueSpecification","valueRequired":true,"valueName":"search_term_string"}}],"inLanguage":"es"},{"@type":"Person","@id":"https:\/\/batallitas.es\/benito-perez-galdos\/#\/schema\/person\/2dda07be9325676808524c55b6218a25","name":"Benito","image":{"@type":"ImageObject","inLanguage":"es","@id":"https:\/\/batallitas.es\/benito-perez-galdos\/#\/schema\/person\/image\/","url":"https:\/\/secure.gravatar.com\/avatar\/8695d643bbae3009794e7fc5797055bb?s=96&d=mm&r=g","contentUrl":"https:\/\/secure.gravatar.com\/avatar\/8695d643bbae3009794e7fc5797055bb?s=96&d=mm&r=g","caption":"Benito"},"sameAs":["https:\/\/batallitas.es\/galdos"],"url":"https:\/\/batallitas.es\/benito-perez-galdos\/author\/benito\/"}]}},"_links":{"self":[{"href":"https:\/\/batallitas.es\/benito-perez-galdos\/wp-json\/wp\/v2\/posts\/1222","targetHints":{"allow":["GET"]}}],"collection":[{"href":"https:\/\/batallitas.es\/benito-perez-galdos\/wp-json\/wp\/v2\/posts"}],"about":[{"href":"https:\/\/batallitas.es\/benito-perez-galdos\/wp-json\/wp\/v2\/types\/post"}],"author":[{"embeddable":true,"href":"https:\/\/batallitas.es\/benito-perez-galdos\/wp-json\/wp\/v2\/users\/1"}],"replies":[{"embeddable":true,"href":"https:\/\/batallitas.es\/benito-perez-galdos\/wp-json\/wp\/v2\/comments?post=1222"}],"version-history":[{"count":0,"href":"https:\/\/batallitas.es\/benito-perez-galdos\/wp-json\/wp\/v2\/posts\/1222\/revisions"}],"wp:featuredmedia":[{"embeddable":true,"href":"https:\/\/batallitas.es\/benito-perez-galdos\/wp-json\/"}],"wp:attachment":[{"href":"https:\/\/batallitas.es\/benito-perez-galdos\/wp-json\/wp\/v2\/media?parent=1222"}],"wp:term":[{"taxonomy":"category","embeddable":true,"href":"https:\/\/batallitas.es\/benito-perez-galdos\/wp-json\/wp\/v2\/categories?post=1222"},{"taxonomy":"post_tag","embeddable":true,"href":"https:\/\/batallitas.es\/benito-perez-galdos\/wp-json\/wp\/v2\/tags?post=1222"}],"curies":[{"name":"wp","href":"https:\/\/api.w.org\/{rel}","templated":true}]}}