{"id":1251,"date":"2012-04-14T11:34:34","date_gmt":"2012-04-14T11:34:34","guid":{"rendered":"http:\/\/www.translatioimperii.com\/galdos\/?p=497"},"modified":"2012-04-14T11:34:34","modified_gmt":"2012-04-14T11:34:34","slug":"articulo-viaje-a-la-espana-profunda-de-don-benito-perez-galdos-de-luis-nos-muro","status":"publish","type":"post","link":"https:\/\/batallitas.es\/benito-perez-galdos\/articulo-viaje-a-la-espana-profunda-de-don-benito-perez-galdos-de-luis-nos-muro\/","title":{"rendered":"[Art\u00edculo] Viaje a la Espa\u00f1a profunda de don Benito P\u00e9rez Gald\u00f3s, de Luis Nos Muro."},"content":{"rendered":"<p>Don Benito P\u00e9rez Gald\u00f3s se pregunta por el ser de Espa\u00f1a, y en su Obra ha dejado la respuesta. El pu\u00f1ado de folios que la direcci\u00f3n de la Revista Religi\u00f3n y Cultura me ha encargado para conmemorar el bicentenario de la invasi\u00f3n napole\u00f3nica de Espa\u00f1a est\u00e1 escrito por el mismo Gald\u00f3s, esto es, supervisado por m\u00ed al hilo de su Obra. Me pertenece, pues, el hilvanado. El contenido, a Gald\u00f3s. Detr\u00e1s de cada palabra va una nota en el original, pero, en orden a facilitar la lectura, he barrido el empedrado. La pregunta que planteo al que leyere, adem\u00e1s de las que el propio lector se formule, es \u00e9sta: \u00bfEn qu\u00e9 ha cambiado la Historia de Espa\u00f1a en los dos siglos que van del a\u00f1o 1808 al 2008? La zambullida en la Espa\u00f1a profunda que late en la Obra de Gald\u00f3s es apasionante, pero el lector tiene la palabra.<\/p>\n<p>[gview file=\u00bbhttp:\/\/www.religionycultura.org\/2008\/245-246\/RyC_245-46_3.pdf\u00bb]<\/p>\n<p>Fuente original del art\u00edculo: http:\/\/www.religionycultura.org\/2008\/245-246\/RyC_245-46_3.pdf<\/p>\n<p>&nbsp;<\/p>\n","protected":false},"excerpt":{"rendered":"<p>Don Benito P\u00e9rez Gald\u00f3s se pregunta por el ser de Espa\u00f1a, y en su Obra ha dejado la respuesta. El&#46;&#46;&#46;<\/p>\n","protected":false},"author":1,"featured_media":6991,"comment_status":"open","ping_status":"open","sticky":false,"template":"","format":"standard","meta":{"footnotes":""},"categories":[42,3,4,84],"tags":[],"class_list":["post-1251","post","type-post","status-publish","format-standard","has-post-thumbnail","hentry","category-articulo","category-benito-perez-galdos","category-bibliografia","category-espana"],"yoast_head":"<!-- This site is optimized with the Yoast SEO plugin v24.3 - https:\/\/yoast.com\/wordpress\/plugins\/seo\/ -->\n<title>[Art\u00edculo] Viaje a la Espa\u00f1a profunda de don Benito P\u00e9rez Gald\u00f3s, de Luis Nos Muro. - Cronolog\u00eda de la vida y la obra de Benito P\u00e9rez Gald\u00f3s<\/title>\n<meta name=\"robots\" content=\"index, follow, max-snippet:-1, max-image-preview:large, max-video-preview:-1\" \/>\n<link rel=\"canonical\" href=\"https:\/\/batallitas.es\/benito-perez-galdos\/articulo-viaje-a-la-espana-profunda-de-don-benito-perez-galdos-de-luis-nos-muro\/\" \/>\n<meta property=\"og:locale\" content=\"es_ES\" \/>\n<meta property=\"og:type\" content=\"article\" \/>\n<meta property=\"og:title\" content=\"[Art\u00edculo] Viaje a la Espa\u00f1a profunda de don Benito P\u00e9rez Gald\u00f3s, de Luis Nos Muro. - Cronolog\u00eda de la vida y la obra de Benito P\u00e9rez Gald\u00f3s\" \/>\n<meta property=\"og:description\" content=\"Don Benito P\u00e9rez Gald\u00f3s se pregunta por el ser de Espa\u00f1a, y en su Obra ha dejado la respuesta. El&#046;&#046;&#046;\" \/>\n<meta property=\"og:url\" content=\"https:\/\/batallitas.es\/benito-perez-galdos\/articulo-viaje-a-la-espana-profunda-de-don-benito-perez-galdos-de-luis-nos-muro\/\" \/>\n<meta property=\"og:site_name\" content=\"Cronolog\u00eda de la vida y la obra de Benito P\u00e9rez Gald\u00f3s\" \/>\n<meta property=\"article:published_time\" content=\"2012-04-14T11:34:34+00:00\" \/>\n<meta property=\"og:image\" content=\"https:\/\/batallitas.es\/benito-perez-galdos\/wp-content\/uploads\/2025\/01\/facebook_thumbnail.jpg\" \/>\n\t<meta property=\"og:image:width\" content=\"1200\" \/>\n\t<meta property=\"og:image:height\" content=\"630\" \/>\n\t<meta property=\"og:image:type\" content=\"image\/jpeg\" \/>\n<meta name=\"author\" content=\"Benito\" \/>\n<meta name=\"twitter:card\" content=\"summary_large_image\" \/>\n<meta name=\"twitter:label1\" content=\"Escrito por\" \/>\n\t<meta name=\"twitter:data1\" content=\"Benito\" \/>\n\t<meta name=\"twitter:label2\" content=\"Tiempo de lectura\" \/>\n\t<meta name=\"twitter:data2\" content=\"1 minuto\" \/>\n<script type=\"application\/ld+json\" class=\"yoast-schema-graph\">{\"@context\":\"https:\/\/schema.org\",\"@graph\":[{\"@type\":\"WebPage\",\"@id\":\"https:\/\/batallitas.es\/benito-perez-galdos\/articulo-viaje-a-la-espana-profunda-de-don-benito-perez-galdos-de-luis-nos-muro\/\",\"url\":\"https:\/\/batallitas.es\/benito-perez-galdos\/articulo-viaje-a-la-espana-profunda-de-don-benito-perez-galdos-de-luis-nos-muro\/\",\"name\":\"[Art\u00edculo] Viaje a la Espa\u00f1a profunda de don Benito P\u00e9rez Gald\u00f3s, de Luis Nos Muro. - Cronolog\u00eda de la vida y la obra de Benito P\u00e9rez Gald\u00f3s\",\"isPartOf\":{\"@id\":\"https:\/\/batallitas.es\/benito-perez-galdos\/#website\"},\"primaryImageOfPage\":{\"@id\":\"https:\/\/batallitas.es\/benito-perez-galdos\/articulo-viaje-a-la-espana-profunda-de-don-benito-perez-galdos-de-luis-nos-muro\/#primaryimage\"},\"image\":{\"@id\":\"https:\/\/batallitas.es\/benito-perez-galdos\/articulo-viaje-a-la-espana-profunda-de-don-benito-perez-galdos-de-luis-nos-muro\/#primaryimage\"},\"thumbnailUrl\":\"\",\"datePublished\":\"2012-04-14T11:34:34+00:00\",\"dateModified\":\"2012-04-14T11:34:34+00:00\",\"author\":{\"@id\":\"https:\/\/batallitas.es\/benito-perez-galdos\/#\/schema\/person\/2dda07be9325676808524c55b6218a25\"},\"breadcrumb\":{\"@id\":\"https:\/\/batallitas.es\/benito-perez-galdos\/articulo-viaje-a-la-espana-profunda-de-don-benito-perez-galdos-de-luis-nos-muro\/#breadcrumb\"},\"inLanguage\":\"es\",\"potentialAction\":[{\"@type\":\"ReadAction\",\"target\":[\"https:\/\/batallitas.es\/benito-perez-galdos\/articulo-viaje-a-la-espana-profunda-de-don-benito-perez-galdos-de-luis-nos-muro\/\"]}]},{\"@type\":\"ImageObject\",\"inLanguage\":\"es\",\"@id\":\"https:\/\/batallitas.es\/benito-perez-galdos\/articulo-viaje-a-la-espana-profunda-de-don-benito-perez-galdos-de-luis-nos-muro\/#primaryimage\",\"url\":\"\",\"contentUrl\":\"\"},{\"@type\":\"BreadcrumbList\",\"@id\":\"https:\/\/batallitas.es\/benito-perez-galdos\/articulo-viaje-a-la-espana-profunda-de-don-benito-perez-galdos-de-luis-nos-muro\/#breadcrumb\",\"itemListElement\":[{\"@type\":\"ListItem\",\"position\":1,\"name\":\"Portada\",\"item\":\"https:\/\/batallitas.es\/benito-perez-galdos\/\"},{\"@type\":\"ListItem\",\"position\":2,\"name\":\"[Art\u00edculo] Viaje a la Espa\u00f1a profunda de don Benito P\u00e9rez Gald\u00f3s, de Luis Nos Muro.\"}]},{\"@type\":\"WebSite\",\"@id\":\"https:\/\/batallitas.es\/benito-perez-galdos\/#website\",\"url\":\"https:\/\/batallitas.es\/benito-perez-galdos\/\",\"name\":\"Cronolog\u00eda de la vida y la obra de Benito P\u00e9rez Gald\u00f3s\",\"description\":\"\",\"potentialAction\":[{\"@type\":\"SearchAction\",\"target\":{\"@type\":\"EntryPoint\",\"urlTemplate\":\"https:\/\/batallitas.es\/benito-perez-galdos\/?s={search_term_string}\"},\"query-input\":{\"@type\":\"PropertyValueSpecification\",\"valueRequired\":true,\"valueName\":\"search_term_string\"}}],\"inLanguage\":\"es\"},{\"@type\":\"Person\",\"@id\":\"https:\/\/batallitas.es\/benito-perez-galdos\/#\/schema\/person\/2dda07be9325676808524c55b6218a25\",\"name\":\"Benito\",\"image\":{\"@type\":\"ImageObject\",\"inLanguage\":\"es\",\"@id\":\"https:\/\/batallitas.es\/benito-perez-galdos\/#\/schema\/person\/image\/\",\"url\":\"https:\/\/secure.gravatar.com\/avatar\/8695d643bbae3009794e7fc5797055bb?s=96&d=mm&r=g\",\"contentUrl\":\"https:\/\/secure.gravatar.com\/avatar\/8695d643bbae3009794e7fc5797055bb?s=96&d=mm&r=g\",\"caption\":\"Benito\"},\"sameAs\":[\"https:\/\/batallitas.es\/galdos\"],\"url\":\"https:\/\/batallitas.es\/benito-perez-galdos\/author\/benito\/\"}]}<\/script>\n<!-- \/ Yoast SEO plugin. -->","yoast_head_json":{"title":"[Art\u00edculo] Viaje a la Espa\u00f1a profunda de don Benito P\u00e9rez Gald\u00f3s, de Luis Nos Muro. - Cronolog\u00eda de la vida y la obra de Benito P\u00e9rez Gald\u00f3s","robots":{"index":"index","follow":"follow","max-snippet":"max-snippet:-1","max-image-preview":"max-image-preview:large","max-video-preview":"max-video-preview:-1"},"canonical":"https:\/\/batallitas.es\/benito-perez-galdos\/articulo-viaje-a-la-espana-profunda-de-don-benito-perez-galdos-de-luis-nos-muro\/","og_locale":"es_ES","og_type":"article","og_title":"[Art\u00edculo] Viaje a la Espa\u00f1a profunda de don Benito P\u00e9rez Gald\u00f3s, de Luis Nos Muro. - Cronolog\u00eda de la vida y la obra de Benito P\u00e9rez Gald\u00f3s","og_description":"Don Benito P\u00e9rez Gald\u00f3s se pregunta por el ser de Espa\u00f1a, y en su Obra ha dejado la respuesta. El&#46;&#46;&#46;","og_url":"https:\/\/batallitas.es\/benito-perez-galdos\/articulo-viaje-a-la-espana-profunda-de-don-benito-perez-galdos-de-luis-nos-muro\/","og_site_name":"Cronolog\u00eda de la vida y la obra de Benito P\u00e9rez Gald\u00f3s","article_published_time":"2012-04-14T11:34:34+00:00","og_image":[{"width":1200,"height":630,"url":"https:\/\/batallitas.es\/benito-perez-galdos\/wp-content\/uploads\/2025\/01\/facebook_thumbnail.jpg","type":"image\/jpeg"}],"author":"Benito","twitter_card":"summary_large_image","twitter_misc":{"Escrito por":"Benito","Tiempo de lectura":"1 minuto"},"schema":{"@context":"https:\/\/schema.org","@graph":[{"@type":"WebPage","@id":"https:\/\/batallitas.es\/benito-perez-galdos\/articulo-viaje-a-la-espana-profunda-de-don-benito-perez-galdos-de-luis-nos-muro\/","url":"https:\/\/batallitas.es\/benito-perez-galdos\/articulo-viaje-a-la-espana-profunda-de-don-benito-perez-galdos-de-luis-nos-muro\/","name":"[Art\u00edculo] Viaje a la Espa\u00f1a profunda de don Benito P\u00e9rez Gald\u00f3s, de Luis Nos Muro. - Cronolog\u00eda de la vida y la obra de Benito P\u00e9rez Gald\u00f3s","isPartOf":{"@id":"https:\/\/batallitas.es\/benito-perez-galdos\/#website"},"primaryImageOfPage":{"@id":"https:\/\/batallitas.es\/benito-perez-galdos\/articulo-viaje-a-la-espana-profunda-de-don-benito-perez-galdos-de-luis-nos-muro\/#primaryimage"},"image":{"@id":"https:\/\/batallitas.es\/benito-perez-galdos\/articulo-viaje-a-la-espana-profunda-de-don-benito-perez-galdos-de-luis-nos-muro\/#primaryimage"},"thumbnailUrl":"","datePublished":"2012-04-14T11:34:34+00:00","dateModified":"2012-04-14T11:34:34+00:00","author":{"@id":"https:\/\/batallitas.es\/benito-perez-galdos\/#\/schema\/person\/2dda07be9325676808524c55b6218a25"},"breadcrumb":{"@id":"https:\/\/batallitas.es\/benito-perez-galdos\/articulo-viaje-a-la-espana-profunda-de-don-benito-perez-galdos-de-luis-nos-muro\/#breadcrumb"},"inLanguage":"es","potentialAction":[{"@type":"ReadAction","target":["https:\/\/batallitas.es\/benito-perez-galdos\/articulo-viaje-a-la-espana-profunda-de-don-benito-perez-galdos-de-luis-nos-muro\/"]}]},{"@type":"ImageObject","inLanguage":"es","@id":"https:\/\/batallitas.es\/benito-perez-galdos\/articulo-viaje-a-la-espana-profunda-de-don-benito-perez-galdos-de-luis-nos-muro\/#primaryimage","url":"","contentUrl":""},{"@type":"BreadcrumbList","@id":"https:\/\/batallitas.es\/benito-perez-galdos\/articulo-viaje-a-la-espana-profunda-de-don-benito-perez-galdos-de-luis-nos-muro\/#breadcrumb","itemListElement":[{"@type":"ListItem","position":1,"name":"Portada","item":"https:\/\/batallitas.es\/benito-perez-galdos\/"},{"@type":"ListItem","position":2,"name":"[Art\u00edculo] Viaje a la Espa\u00f1a profunda de don Benito P\u00e9rez Gald\u00f3s, de Luis Nos Muro."}]},{"@type":"WebSite","@id":"https:\/\/batallitas.es\/benito-perez-galdos\/#website","url":"https:\/\/batallitas.es\/benito-perez-galdos\/","name":"Cronolog\u00eda de la vida y la obra de Benito P\u00e9rez Gald\u00f3s","description":"","potentialAction":[{"@type":"SearchAction","target":{"@type":"EntryPoint","urlTemplate":"https:\/\/batallitas.es\/benito-perez-galdos\/?s={search_term_string}"},"query-input":{"@type":"PropertyValueSpecification","valueRequired":true,"valueName":"search_term_string"}}],"inLanguage":"es"},{"@type":"Person","@id":"https:\/\/batallitas.es\/benito-perez-galdos\/#\/schema\/person\/2dda07be9325676808524c55b6218a25","name":"Benito","image":{"@type":"ImageObject","inLanguage":"es","@id":"https:\/\/batallitas.es\/benito-perez-galdos\/#\/schema\/person\/image\/","url":"https:\/\/secure.gravatar.com\/avatar\/8695d643bbae3009794e7fc5797055bb?s=96&d=mm&r=g","contentUrl":"https:\/\/secure.gravatar.com\/avatar\/8695d643bbae3009794e7fc5797055bb?s=96&d=mm&r=g","caption":"Benito"},"sameAs":["https:\/\/batallitas.es\/galdos"],"url":"https:\/\/batallitas.es\/benito-perez-galdos\/author\/benito\/"}]}},"_links":{"self":[{"href":"https:\/\/batallitas.es\/benito-perez-galdos\/wp-json\/wp\/v2\/posts\/1251","targetHints":{"allow":["GET"]}}],"collection":[{"href":"https:\/\/batallitas.es\/benito-perez-galdos\/wp-json\/wp\/v2\/posts"}],"about":[{"href":"https:\/\/batallitas.es\/benito-perez-galdos\/wp-json\/wp\/v2\/types\/post"}],"author":[{"embeddable":true,"href":"https:\/\/batallitas.es\/benito-perez-galdos\/wp-json\/wp\/v2\/users\/1"}],"replies":[{"embeddable":true,"href":"https:\/\/batallitas.es\/benito-perez-galdos\/wp-json\/wp\/v2\/comments?post=1251"}],"version-history":[{"count":0,"href":"https:\/\/batallitas.es\/benito-perez-galdos\/wp-json\/wp\/v2\/posts\/1251\/revisions"}],"wp:featuredmedia":[{"embeddable":true,"href":"https:\/\/batallitas.es\/benito-perez-galdos\/wp-json\/"}],"wp:attachment":[{"href":"https:\/\/batallitas.es\/benito-perez-galdos\/wp-json\/wp\/v2\/media?parent=1251"}],"wp:term":[{"taxonomy":"category","embeddable":true,"href":"https:\/\/batallitas.es\/benito-perez-galdos\/wp-json\/wp\/v2\/categories?post=1251"},{"taxonomy":"post_tag","embeddable":true,"href":"https:\/\/batallitas.es\/benito-perez-galdos\/wp-json\/wp\/v2\/tags?post=1251"}],"curies":[{"name":"wp","href":"https:\/\/api.w.org\/{rel}","templated":true}]}}