{"id":12518,"date":"1921-01-01T09:11:00","date_gmt":"1921-01-01T09:11:00","guid":{"rendered":"https:\/\/batallitas.es\/benito-perez-galdos\/?p=12518"},"modified":"2025-01-12T09:14:47","modified_gmt":"2025-01-12T09:14:47","slug":"epilogo-1921-2020","status":"publish","type":"post","link":"https:\/\/batallitas.es\/benito-perez-galdos\/epilogo-1921-2020\/","title":{"rendered":"Ep\u00edlogo: 1921-2020"},"content":{"rendered":"\n<p><strong>16\/12\/1921<\/strong>. Estreno p\u00f3stumo, en el Teatro del Centro, de la comedia en tres actos&nbsp;<em>Ant\u00f3n Caballero<\/em>, arreglada por los hermanos Quintero.<\/p>\n\n\n\n<hr class=\"wp-block-separator has-alpha-channel-opacity\"\/>\n\n\n\n<p><strong>11\/11\/1924.<\/strong>&nbsp;Inauguraci\u00f3n de la placa en memoria de Gald\u00f3s en la fachada del hotelito de la calle Hilari\u00f3n Eslava de Madrid en la que falleci\u00f3.<\/p>\n\n\n\n<hr class=\"wp-block-separator has-alpha-channel-opacity\"\/>\n\n\n\n<p><strong>1925<\/strong>. Se estrena la versi\u00f3n cinematogr\u00e1fica de&nbsp;<em>El Abuelo<\/em>, dirigida por Jos\u00e9 Buchs.<\/p>\n\n\n\n<hr class=\"wp-block-separator has-alpha-channel-opacity\"\/>\n\n\n\n<p><strong>1926<\/strong>. Se estrena la versi\u00f3n cinematogr\u00e1fica de&nbsp;<em>La loca de la casa<\/em>, dirigida por Luis Rodr\u00edguez Alonso.<\/p>\n\n\n\n<hr class=\"wp-block-separator has-alpha-channel-opacity\"\/>\n\n\n\n<p><strong>1930<\/strong>. Inauguraci\u00f3n del monumento a P\u00e9rez Gald\u00f3s, encargado por el Ayuntamiento de Las Palmas de Gran Canaria al escultor Victorio Macho.<\/p>\n\n\n\n<hr class=\"wp-block-separator has-alpha-channel-opacity\"\/>\n\n\n\n<p><strong>1931<\/strong>. Acto de homenaje a Gald\u00f3s organizado por el C\u00edrculo Mercantil de Las Palmas.&nbsp;<em>La Voz Obrera<\/em>&nbsp;publica un monogr\u00e1fico en honor del escritor.<\/p>\n\n\n\n<hr class=\"wp-block-separator has-alpha-channel-opacity\"\/>\n\n\n\n<p><strong>1940.<\/strong>&nbsp;Se estrena&nbsp;<em>Marianela<\/em>&nbsp;(1940), una pel\u00edcula espa\u00f1ola dirigida por Benito Perojo y basada en la novela hom\u00f3nima de Gald\u00f3s.<\/p>\n\n\n\n<hr class=\"wp-block-separator has-alpha-channel-opacity\"\/>\n\n\n\n<p><strong>1943.<\/strong>&nbsp;Se estrena&nbsp;<em>Adulterio<\/em>, una pel\u00edcula mexicana dirigida por Jos\u00e9 D\u00edaz Morales que adapta la novela&nbsp;<em>El abuelo<\/em>.<\/p>\n\n\n\n<hr class=\"wp-block-separator has-alpha-channel-opacity\"\/>\n\n\n\n<p><strong>D\u00e9cada de 1940.<\/strong>&nbsp;Comienza la rotulaci\u00f3n con nombres de obras y personajes galdosianos del barrio de Schamann en Las Palmas de Gran Canaria.<\/p>\n\n\n\n<hr class=\"wp-block-separator has-alpha-channel-opacity\"\/>\n\n\n\n<p><strong>1948.<\/strong>\u00a0<a href=\"https:\/\/batallitas.es\/benito-perez-galdos\/libro-perez-galdos-spanish-liberal-crusader-de-h-chonon-berkowitz\/\" target=\"_blank\" rel=\"noreferrer noopener\">Se publica p\u00f3stumamente la primera biograf\u00eda acad\u00e9mica sobre Gald\u00f3s, escrita por el hispanista norteamericano Hyman Chonon Berkowitz, profesor de la Universidad de Wisconsin.<\/a><\/p>\n\n\n\n<hr class=\"wp-block-separator has-alpha-channel-opacity\"\/>\n\n\n\n<p><strong>1950.<\/strong>&nbsp;Se estrena la pel\u00edcula mexicana&nbsp;<em>Do\u00f1a Perfecta<\/em>&nbsp;(1950), dirigida por Alejandro Galindo y protagonizada por Dolores del R\u00edo. Es una adaptaci\u00f3n de la novela hom\u00f3nima de Gald\u00f3s.<\/p>\n\n\n\n<hr class=\"wp-block-separator has-alpha-channel-opacity\"\/>\n\n\n\n<p><strong>1950.<\/strong>&nbsp;Se estrena&nbsp;<em>La loca de la casa<\/em>&nbsp;(1950), una pel\u00edcula mexicana dirigida por Juan Bustillo Oro, adaptando la novela hom\u00f3nima de Gald\u00f3s.<\/p>\n\n\n\n<hr class=\"wp-block-separator has-alpha-channel-opacity\"\/>\n\n\n\n<p><strong>1953<\/strong>. Estreno de&nbsp;<em>Misericordia<\/em>, pel\u00edcula mexicana dirigida por Zacar\u00edas G\u00f3mez Urquiza que adapta la novela hom\u00f3nima de Gald\u00f3s.<\/p>\n\n\n\n<hr class=\"wp-block-separator has-alpha-channel-opacity\"\/>\n\n\n\n<p><strong>1954.<\/strong>&nbsp;Se estrena&nbsp;<em>La mujer ajena<\/em>, pel\u00edcula mexicana de Juan Bustillo Oro a partir de un guion propio que adapta la novela&nbsp;<em>Realidad<\/em>.<\/p>\n\n\n\n<hr class=\"wp-block-separator has-alpha-channel-opacity\"\/>\n\n\n\n<p><strong>1954.<\/strong>&nbsp;Se estrena&nbsp;<em>El abuelo<\/em>, tambi\u00e9n conocida como&nbsp;<em>Tormenta de odios<\/em>, una pel\u00edcula argentina dirigida por Rom\u00e1n Vi\u00f1oly Barreto que adapta la novela hom\u00f3nima.<\/p>\n\n\n\n<hr class=\"wp-block-separator has-alpha-channel-opacity\"\/>\n\n\n\n<p><strong>1955<\/strong>. Estreno de&nbsp;<em>Marianela<\/em>, pel\u00edcula argentina dirigida por Julio Porter, basada en la novela hom\u00f3nima con el guion del director.<\/p>\n\n\n\n<hr class=\"wp-block-separator has-alpha-channel-opacity\"\/>\n\n\n\n<p><strong>1955.<\/strong>\u00a0Estreno de\u00a0<em>Nazar\u00edn<\/em>, pel\u00edcula mexicana dirigida por Luis Bu\u00f1uel y protagonizada por Francisco Rabal que obtiene el Premio Internacional del Festival Internacional de Cine de Cannes.<\/p>\n\n\n\n<hr class=\"wp-block-separator has-alpha-channel-opacity\"\/>\n\n\n\n<p><strong>1961.<\/strong>&nbsp;Se estrena&nbsp;<em>Marianela<\/em>, telenovela mexicana producida por Ernesto Alonso y protagonizada por Magda Guzm\u00e1n. Adapta la novela hom\u00f3nima de Gald\u00f3s.<\/p>\n\n\n\n<hr class=\"wp-block-separator has-alpha-channel-opacity\"\/>\n\n\n\n<p><strong>1964.<\/strong>&nbsp;Apertura Casa-Museo P\u00e9rez Gald\u00f3s, creada en la casa natal por iniciativa del Cabildo de Gran Canaria con el fin de mantener su legado.<\/p>\n\n\n\n<hr class=\"wp-block-separator has-alpha-channel-opacity\"\/>\n\n\n\n<p><strong>1966.<\/strong>&nbsp;Se publica el primer n\u00famero de&nbsp;<em>Anales Galdosianos<\/em>.<\/p>\n\n\n\n<hr class=\"wp-block-separator has-alpha-channel-opacity\"\/>\n\n\n\n<p><strong>1969.<\/strong>&nbsp;Estreno de&nbsp;<em>Fortunata y Jacinta<\/em>, pel\u00edcula espa\u00f1ola sobre la novela hom\u00f3nima de Gald\u00f3s.<\/p>\n\n\n\n<hr class=\"wp-block-separator has-alpha-channel-opacity\"\/>\n\n\n\n<p><strong>1969.<\/strong>&nbsp;Se estrena&nbsp;<em>El abuelo<\/em>, pel\u00edcula espa\u00f1ola para televisi\u00f3n que dirige Alberto Gonz\u00e1lez Vergel para Televisi\u00f3n Espa\u00f1ola. Es una adaptaci\u00f3n de la novela dialogada hom\u00f3nima.<\/p>\n\n\n\n<hr class=\"wp-block-separator has-alpha-channel-opacity\"\/>\n\n\n\n<p><strong>1969.<\/strong>&nbsp;Estreno de&nbsp;<em>Tristana<\/em>, pel\u00edcula espa\u00f1ola dirigida por Luis Bu\u00f1uel basada en la novela hom\u00f3nima de Gald\u00f3s, llegando a ser candidata a los Premios \u00d3scar a Mejor Pel\u00edcula de habla no inglesa.<\/p>\n\n\n\n<hr class=\"wp-block-separator has-alpha-channel-opacity\"\/>\n\n\n\n<p><strong>1970.<\/strong>&nbsp;Cincuentenario de la muerte de Gald\u00f3s. Inauguraci\u00f3n del Monumento del escultor Pablo Serrano en la Plaza de la Feria de Las Palmas de Gran Canaria.<\/p>\n\n\n\n<hr class=\"wp-block-separator has-alpha-channel-opacity\"\/>\n\n\n\n<p><strong>1972.<\/strong>&nbsp;El 24 de septiembre fallece la hija de Gald\u00f3s, Mar\u00eda P\u00e9rez-Gald\u00f3s Cobi\u00e1n.<\/p>\n\n\n\n<hr class=\"wp-block-separator has-alpha-channel-opacity\"\/>\n\n\n\n<p><strong>1972.<\/strong>&nbsp;Se estrena&nbsp;<em>La duda<\/em>, pel\u00edcula espa\u00f1ola dirigida por Rafael Gil y protagonizada por Fernando Rey basada en la novel&nbsp;<em>El abuelo<\/em>.<\/p>\n\n\n\n<hr class=\"wp-block-separator has-alpha-channel-opacity\"\/>\n\n\n\n<p><strong>1972.<\/strong>&nbsp;Estreno de&nbsp;<em>Marianela<\/em>, pel\u00edcula espa\u00f1ola dirigida por Angelino Fons y protagonizada por Roc\u00edo D\u00farcal.<\/p>\n\n\n\n<hr class=\"wp-block-separator has-alpha-channel-opacity\"\/>\n\n\n\n<p><strong>1973<\/strong>. Se estrena\u00a0<em>La fontana de oro<\/em>, pel\u00edcula para televisi\u00f3n dirigida por Jes\u00fas Fern\u00e1ndez Santos para Televisi\u00f3n Espa\u00f1ola. Es la adaptaci\u00f3n de la novela hom\u00f3nima.\u200b<\/p>\n\n\n\n<hr class=\"wp-block-separator has-alpha-channel-opacity\"\/>\n\n\n\n<p><strong>1973.<\/strong>&nbsp;I Congreso Internacional Galdosiano, organizado por la Casa-Museo P\u00e9rez Gald\u00f3s, bajo la direcci\u00f3n de Alfonso Armas Ayala.<\/p>\n\n\n\n<hr class=\"wp-block-separator has-alpha-channel-opacity\"\/>\n\n\n\n<p><strong>1974.<\/strong>&nbsp;Estreno de&nbsp;<em>Tormento<\/em>, pel\u00edcula espa\u00f1ola dirigida por Pedro Olea adaptando la novela hom\u00f3nima.<\/p>\n\n\n\n<hr class=\"wp-block-separator has-alpha-channel-opacity\"\/>\n\n\n\n<p><strong>1976.<\/strong>&nbsp;Inauguraci\u00f3n del busto de P\u00e9rez Gald\u00f3s, esculpido por Juan Ja\u00e9n.<\/p>\n\n\n\n<hr class=\"wp-block-separator has-alpha-channel-opacity\"\/>\n\n\n\n<p><strong>1977.<\/strong>&nbsp;Estreno de&nbsp;<em>Do\u00f1a Perfecta<\/em>, pel\u00edcula espa\u00f1ola de C\u00e9sar Fern\u00e1ndez Ardav\u00edn adaptando la novela hom\u00f3nima de Gald\u00f3s.<\/p>\n\n\n\n<hr class=\"wp-block-separator has-alpha-channel-opacity\"\/>\n\n\n\n<p><strong>1977.<\/strong>&nbsp;Se estrena&nbsp;<em>Misericordia<\/em>, pel\u00edcula espa\u00f1ola dirigida por Jos\u00e9 Luis Alonso y Juan Mediavilla que adapta la novela hom\u00f3nima.<\/p>\n\n\n\n<hr class=\"wp-block-separator has-alpha-channel-opacity\"\/>\n\n\n\n<p><strong>1977.<\/strong>&nbsp;Estreno de&nbsp;<em>Tormento<\/em>, telenovela venezolana producida y transmitida por la cadena RCTV, una versi\u00f3n de la novela hom\u00f3nima de Gald\u00f3s.<\/p>\n\n\n\n<hr class=\"wp-block-separator has-alpha-channel-opacity\"\/>\n\n\n\n<p><strong>23\/10\/1979.<\/strong>&nbsp;Emisi\u00f3n del billete de 1000 pesetas con el retrato de Gald\u00f3s pintado por Sorolla.<\/p>\n\n\n\n<hr class=\"wp-block-separator has-alpha-channel-opacity\"\/>\n\n\n\n<p><strong>1979<\/strong>. Estreno de&nbsp;<em>Fortunata y Jacinta<\/em>, miniserie de 10 episodios producida y emitida por Televisi\u00f3n Espa\u00f1ola.<\/p>\n\n\n\n<hr class=\"wp-block-separator has-alpha-channel-opacity\"\/>\n\n\n\n<p><strong>1987.<\/strong>&nbsp;Estreno de&nbsp;<em>Solicito marido para enga\u00f1ar<\/em>, pel\u00edcula mexicana dirigida por Ismael Rodr\u00edguez basada en&nbsp;<em>Lo prohibido<\/em>.<\/p>\n\n\n\n<hr class=\"wp-block-separator has-alpha-channel-opacity\"\/>\n\n\n\n<p><strong>1988.<\/strong>&nbsp;Estreno de&nbsp;<em>Flor y canela<\/em>, telenovela mexicana que adapta la novela&nbsp;<em>Marianela<\/em>.<\/p>\n\n\n\n<hr class=\"wp-block-separator has-alpha-channel-opacity\"\/>\n\n\n\n<p><strong>1998.<\/strong>&nbsp;Se estrena&nbsp;<em>El abuelo<\/em>, dirigida Jos\u00e9 Luis Garci y protagonizada por Fernando Fern\u00e1n G\u00f3mez.<\/p>\n\n\n\n<hr class=\"wp-block-separator has-alpha-channel-opacity\"\/>\n\n\n\n<p><strong>26\/11\/2019.<\/strong>&nbsp;<a href=\"https:\/\/historia-urbana-madrid.blogspot.com\/2019\/09\/galdos-solicitud-titulo-hijo-adoptivo-madrid.html\" target=\"_blank\" rel=\"noreferrer noopener\">A instancias de Eduardo Valero Garc\u00eda, el Pleno del Ayuntamiento de Madrid aprueba el nombramiento de Benito P\u00e9rez Gald\u00f3s como hijo adoptivo de la ciudad.<\/a><\/p>\n\n\n\n<hr class=\"wp-block-separator has-alpha-channel-opacity\"\/>\n\n\n\n<p><strong>2020.<\/strong>&nbsp;Las celebraciones con motivo del centenario de la muerte de Gald\u00f3s son v\u00edctimas de la pandemia<\/p>\n\n\n\n<hr class=\"wp-block-separator has-alpha-channel-opacity is-style-dots\"\/>\n","protected":false},"excerpt":{"rendered":"<p>16\/12\/1921. Estreno p\u00f3stumo, en el Teatro del Centro, de la comedia en tres actos&nbsp;Ant\u00f3n Caballero, arreglada por los hermanos Quintero.&#46;&#46;&#46;<\/p>\n","protected":false},"author":1,"featured_media":12360,"comment_status":"closed","ping_status":"closed","sticky":false,"template":"","format":"standard","meta":{"footnotes":""},"categories":[1],"tags":[],"class_list":["post-12518","post","type-post","status-publish","format-standard","has-post-thumbnail","hentry","category-blog"],"yoast_head":"<!-- This site is optimized with the Yoast SEO plugin v24.3 - https:\/\/yoast.com\/wordpress\/plugins\/seo\/ -->\n<title>Ep\u00edlogo: 1921-2020 - Cronolog\u00eda de la vida y la obra de Benito P\u00e9rez Gald\u00f3s<\/title>\n<meta name=\"robots\" content=\"index, follow, max-snippet:-1, max-image-preview:large, max-video-preview:-1\" \/>\n<link rel=\"canonical\" href=\"https:\/\/batallitas.es\/benito-perez-galdos\/epilogo-1921-2020\/\" \/>\n<meta property=\"og:locale\" content=\"es_ES\" \/>\n<meta property=\"og:type\" content=\"article\" \/>\n<meta property=\"og:title\" content=\"Ep\u00edlogo: 1921-2020 - Cronolog\u00eda de la vida y la obra de Benito P\u00e9rez Gald\u00f3s\" \/>\n<meta property=\"og:description\" content=\"16\/12\/1921. Estreno p\u00f3stumo, en el Teatro del Centro, de la comedia en tres actos&nbsp;Ant\u00f3n Caballero, arreglada por los hermanos Quintero.&#046;&#046;&#046;\" \/>\n<meta property=\"og:url\" content=\"https:\/\/batallitas.es\/benito-perez-galdos\/epilogo-1921-2020\/\" \/>\n<meta property=\"og:site_name\" content=\"Cronolog\u00eda de la vida y la obra de Benito P\u00e9rez Gald\u00f3s\" \/>\n<meta property=\"article:published_time\" content=\"1921-01-01T09:11:00+00:00\" \/>\n<meta property=\"article:modified_time\" content=\"2025-01-12T09:14:47+00:00\" \/>\n<meta property=\"og:image\" content=\"https:\/\/batallitas.es\/benito-perez-galdos\/wp-content\/uploads\/2025\/01\/monograma-benito-perez-galdos.jpg\" \/>\n\t<meta property=\"og:image:width\" content=\"350\" \/>\n\t<meta property=\"og:image:height\" content=\"350\" \/>\n\t<meta property=\"og:image:type\" content=\"image\/jpeg\" \/>\n<meta name=\"author\" content=\"Benito\" \/>\n<meta name=\"twitter:card\" content=\"summary_large_image\" \/>\n<meta name=\"twitter:label1\" content=\"Escrito por\" \/>\n\t<meta name=\"twitter:data1\" content=\"Benito\" \/>\n\t<meta name=\"twitter:label2\" content=\"Tiempo de lectura\" \/>\n\t<meta name=\"twitter:data2\" content=\"4 minutos\" \/>\n<script type=\"application\/ld+json\" class=\"yoast-schema-graph\">{\"@context\":\"https:\/\/schema.org\",\"@graph\":[{\"@type\":\"WebPage\",\"@id\":\"https:\/\/batallitas.es\/benito-perez-galdos\/epilogo-1921-2020\/\",\"url\":\"https:\/\/batallitas.es\/benito-perez-galdos\/epilogo-1921-2020\/\",\"name\":\"Ep\u00edlogo: 1921-2020 - Cronolog\u00eda de la vida y la obra de Benito P\u00e9rez Gald\u00f3s\",\"isPartOf\":{\"@id\":\"https:\/\/batallitas.es\/benito-perez-galdos\/#website\"},\"primaryImageOfPage\":{\"@id\":\"https:\/\/batallitas.es\/benito-perez-galdos\/epilogo-1921-2020\/#primaryimage\"},\"image\":{\"@id\":\"https:\/\/batallitas.es\/benito-perez-galdos\/epilogo-1921-2020\/#primaryimage\"},\"thumbnailUrl\":\"https:\/\/batallitas.es\/benito-perez-galdos\/wp-content\/uploads\/2025\/01\/monograma-benito-perez-galdos.jpg\",\"datePublished\":\"1921-01-01T09:11:00+00:00\",\"dateModified\":\"2025-01-12T09:14:47+00:00\",\"author\":{\"@id\":\"https:\/\/batallitas.es\/benito-perez-galdos\/#\/schema\/person\/2dda07be9325676808524c55b6218a25\"},\"breadcrumb\":{\"@id\":\"https:\/\/batallitas.es\/benito-perez-galdos\/epilogo-1921-2020\/#breadcrumb\"},\"inLanguage\":\"es\",\"potentialAction\":[{\"@type\":\"ReadAction\",\"target\":[\"https:\/\/batallitas.es\/benito-perez-galdos\/epilogo-1921-2020\/\"]}]},{\"@type\":\"ImageObject\",\"inLanguage\":\"es\",\"@id\":\"https:\/\/batallitas.es\/benito-perez-galdos\/epilogo-1921-2020\/#primaryimage\",\"url\":\"https:\/\/batallitas.es\/benito-perez-galdos\/wp-content\/uploads\/2025\/01\/monograma-benito-perez-galdos.jpg\",\"contentUrl\":\"https:\/\/batallitas.es\/benito-perez-galdos\/wp-content\/uploads\/2025\/01\/monograma-benito-perez-galdos.jpg\",\"width\":350,\"height\":350},{\"@type\":\"BreadcrumbList\",\"@id\":\"https:\/\/batallitas.es\/benito-perez-galdos\/epilogo-1921-2020\/#breadcrumb\",\"itemListElement\":[{\"@type\":\"ListItem\",\"position\":1,\"name\":\"Portada\",\"item\":\"https:\/\/batallitas.es\/benito-perez-galdos\/\"},{\"@type\":\"ListItem\",\"position\":2,\"name\":\"Ep\u00edlogo: 1921-2020\"}]},{\"@type\":\"WebSite\",\"@id\":\"https:\/\/batallitas.es\/benito-perez-galdos\/#website\",\"url\":\"https:\/\/batallitas.es\/benito-perez-galdos\/\",\"name\":\"Cronolog\u00eda de la vida y la obra de Benito P\u00e9rez Gald\u00f3s\",\"description\":\"\",\"potentialAction\":[{\"@type\":\"SearchAction\",\"target\":{\"@type\":\"EntryPoint\",\"urlTemplate\":\"https:\/\/batallitas.es\/benito-perez-galdos\/?s={search_term_string}\"},\"query-input\":{\"@type\":\"PropertyValueSpecification\",\"valueRequired\":true,\"valueName\":\"search_term_string\"}}],\"inLanguage\":\"es\"},{\"@type\":\"Person\",\"@id\":\"https:\/\/batallitas.es\/benito-perez-galdos\/#\/schema\/person\/2dda07be9325676808524c55b6218a25\",\"name\":\"Benito\",\"image\":{\"@type\":\"ImageObject\",\"inLanguage\":\"es\",\"@id\":\"https:\/\/batallitas.es\/benito-perez-galdos\/#\/schema\/person\/image\/\",\"url\":\"https:\/\/secure.gravatar.com\/avatar\/8695d643bbae3009794e7fc5797055bb?s=96&d=mm&r=g\",\"contentUrl\":\"https:\/\/secure.gravatar.com\/avatar\/8695d643bbae3009794e7fc5797055bb?s=96&d=mm&r=g\",\"caption\":\"Benito\"},\"sameAs\":[\"https:\/\/batallitas.es\/galdos\"],\"url\":\"https:\/\/batallitas.es\/benito-perez-galdos\/author\/benito\/\"}]}<\/script>\n<!-- \/ Yoast SEO plugin. -->","yoast_head_json":{"title":"Ep\u00edlogo: 1921-2020 - Cronolog\u00eda de la vida y la obra de Benito P\u00e9rez Gald\u00f3s","robots":{"index":"index","follow":"follow","max-snippet":"max-snippet:-1","max-image-preview":"max-image-preview:large","max-video-preview":"max-video-preview:-1"},"canonical":"https:\/\/batallitas.es\/benito-perez-galdos\/epilogo-1921-2020\/","og_locale":"es_ES","og_type":"article","og_title":"Ep\u00edlogo: 1921-2020 - Cronolog\u00eda de la vida y la obra de Benito P\u00e9rez Gald\u00f3s","og_description":"16\/12\/1921. Estreno p\u00f3stumo, en el Teatro del Centro, de la comedia en tres actos&nbsp;Ant\u00f3n Caballero, arreglada por los hermanos Quintero.&#46;&#46;&#46;","og_url":"https:\/\/batallitas.es\/benito-perez-galdos\/epilogo-1921-2020\/","og_site_name":"Cronolog\u00eda de la vida y la obra de Benito P\u00e9rez Gald\u00f3s","article_published_time":"1921-01-01T09:11:00+00:00","article_modified_time":"2025-01-12T09:14:47+00:00","og_image":[{"width":350,"height":350,"url":"https:\/\/batallitas.es\/benito-perez-galdos\/wp-content\/uploads\/2025\/01\/monograma-benito-perez-galdos.jpg","type":"image\/jpeg"}],"author":"Benito","twitter_card":"summary_large_image","twitter_misc":{"Escrito por":"Benito","Tiempo de lectura":"4 minutos"},"schema":{"@context":"https:\/\/schema.org","@graph":[{"@type":"WebPage","@id":"https:\/\/batallitas.es\/benito-perez-galdos\/epilogo-1921-2020\/","url":"https:\/\/batallitas.es\/benito-perez-galdos\/epilogo-1921-2020\/","name":"Ep\u00edlogo: 1921-2020 - Cronolog\u00eda de la vida y la obra de Benito P\u00e9rez Gald\u00f3s","isPartOf":{"@id":"https:\/\/batallitas.es\/benito-perez-galdos\/#website"},"primaryImageOfPage":{"@id":"https:\/\/batallitas.es\/benito-perez-galdos\/epilogo-1921-2020\/#primaryimage"},"image":{"@id":"https:\/\/batallitas.es\/benito-perez-galdos\/epilogo-1921-2020\/#primaryimage"},"thumbnailUrl":"https:\/\/batallitas.es\/benito-perez-galdos\/wp-content\/uploads\/2025\/01\/monograma-benito-perez-galdos.jpg","datePublished":"1921-01-01T09:11:00+00:00","dateModified":"2025-01-12T09:14:47+00:00","author":{"@id":"https:\/\/batallitas.es\/benito-perez-galdos\/#\/schema\/person\/2dda07be9325676808524c55b6218a25"},"breadcrumb":{"@id":"https:\/\/batallitas.es\/benito-perez-galdos\/epilogo-1921-2020\/#breadcrumb"},"inLanguage":"es","potentialAction":[{"@type":"ReadAction","target":["https:\/\/batallitas.es\/benito-perez-galdos\/epilogo-1921-2020\/"]}]},{"@type":"ImageObject","inLanguage":"es","@id":"https:\/\/batallitas.es\/benito-perez-galdos\/epilogo-1921-2020\/#primaryimage","url":"https:\/\/batallitas.es\/benito-perez-galdos\/wp-content\/uploads\/2025\/01\/monograma-benito-perez-galdos.jpg","contentUrl":"https:\/\/batallitas.es\/benito-perez-galdos\/wp-content\/uploads\/2025\/01\/monograma-benito-perez-galdos.jpg","width":350,"height":350},{"@type":"BreadcrumbList","@id":"https:\/\/batallitas.es\/benito-perez-galdos\/epilogo-1921-2020\/#breadcrumb","itemListElement":[{"@type":"ListItem","position":1,"name":"Portada","item":"https:\/\/batallitas.es\/benito-perez-galdos\/"},{"@type":"ListItem","position":2,"name":"Ep\u00edlogo: 1921-2020"}]},{"@type":"WebSite","@id":"https:\/\/batallitas.es\/benito-perez-galdos\/#website","url":"https:\/\/batallitas.es\/benito-perez-galdos\/","name":"Cronolog\u00eda de la vida y la obra de Benito P\u00e9rez Gald\u00f3s","description":"","potentialAction":[{"@type":"SearchAction","target":{"@type":"EntryPoint","urlTemplate":"https:\/\/batallitas.es\/benito-perez-galdos\/?s={search_term_string}"},"query-input":{"@type":"PropertyValueSpecification","valueRequired":true,"valueName":"search_term_string"}}],"inLanguage":"es"},{"@type":"Person","@id":"https:\/\/batallitas.es\/benito-perez-galdos\/#\/schema\/person\/2dda07be9325676808524c55b6218a25","name":"Benito","image":{"@type":"ImageObject","inLanguage":"es","@id":"https:\/\/batallitas.es\/benito-perez-galdos\/#\/schema\/person\/image\/","url":"https:\/\/secure.gravatar.com\/avatar\/8695d643bbae3009794e7fc5797055bb?s=96&d=mm&r=g","contentUrl":"https:\/\/secure.gravatar.com\/avatar\/8695d643bbae3009794e7fc5797055bb?s=96&d=mm&r=g","caption":"Benito"},"sameAs":["https:\/\/batallitas.es\/galdos"],"url":"https:\/\/batallitas.es\/benito-perez-galdos\/author\/benito\/"}]}},"_links":{"self":[{"href":"https:\/\/batallitas.es\/benito-perez-galdos\/wp-json\/wp\/v2\/posts\/12518","targetHints":{"allow":["GET"]}}],"collection":[{"href":"https:\/\/batallitas.es\/benito-perez-galdos\/wp-json\/wp\/v2\/posts"}],"about":[{"href":"https:\/\/batallitas.es\/benito-perez-galdos\/wp-json\/wp\/v2\/types\/post"}],"author":[{"embeddable":true,"href":"https:\/\/batallitas.es\/benito-perez-galdos\/wp-json\/wp\/v2\/users\/1"}],"replies":[{"embeddable":true,"href":"https:\/\/batallitas.es\/benito-perez-galdos\/wp-json\/wp\/v2\/comments?post=12518"}],"version-history":[{"count":1,"href":"https:\/\/batallitas.es\/benito-perez-galdos\/wp-json\/wp\/v2\/posts\/12518\/revisions"}],"predecessor-version":[{"id":12519,"href":"https:\/\/batallitas.es\/benito-perez-galdos\/wp-json\/wp\/v2\/posts\/12518\/revisions\/12519"}],"wp:featuredmedia":[{"embeddable":true,"href":"https:\/\/batallitas.es\/benito-perez-galdos\/wp-json\/wp\/v2\/media\/12360"}],"wp:attachment":[{"href":"https:\/\/batallitas.es\/benito-perez-galdos\/wp-json\/wp\/v2\/media?parent=12518"}],"wp:term":[{"taxonomy":"category","embeddable":true,"href":"https:\/\/batallitas.es\/benito-perez-galdos\/wp-json\/wp\/v2\/categories?post=12518"},{"taxonomy":"post_tag","embeddable":true,"href":"https:\/\/batallitas.es\/benito-perez-galdos\/wp-json\/wp\/v2\/tags?post=12518"}],"curies":[{"name":"wp","href":"https:\/\/api.w.org\/{rel}","templated":true}]}}