{"id":1256,"date":"2012-04-20T08:00:56","date_gmt":"2012-04-20T08:00:56","guid":{"rendered":"http:\/\/www.translatioimperii.com\/galdos\/?p=514"},"modified":"2012-04-20T08:00:56","modified_gmt":"2012-04-20T08:00:56","slug":"articulo-galdos-los-escritores-y-el-98","status":"publish","type":"post","link":"https:\/\/batallitas.es\/benito-perez-galdos\/articulo-galdos-los-escritores-y-el-98\/","title":{"rendered":"[Art\u00edculo] \u00abGald\u00f3s, los escritores y el 98\u00bb, de Pedro Pascual Mart\u00edn"},"content":{"rendered":"<p>Es un juicio demoledor el que hizo D. Benito P\u00e9rez Gald\u00f3s sobre la mitificaci\u00f3n del 98.<\/p>\n<p>El pesimismo que la Espa\u00f1a caduca nos predica para prepararnos a un deshonroso morir, ha generalizado en una idea falsa. La cat\u00e1strofe del 98 sugiere a muchos la idea de un inmenso baj\u00f3n de la raza y de su energ\u00eda. No hay tal baj\u00f3n ni cosa que lo valga. Mirando un poco hacia lo pasado, veremos que, con cat\u00e1strofe o sin ella, los \u00faltimos cincuenta a\u00f1os del siglo anterior marcan un progreso de incalculable significaci\u00f3n; (&#8230;) Va siendo ya general la idea de que se puede vivir sin abonarse por medio de una credencial a los comederos del Estado; de \u00e9ste se espera muy poco en el sentido de abrir caminos anchos y nuevos a los negocios, a la industria y a las artes. El pa\u00eds se ha mirado en el espejo de su conciencia, horroriz\u00e1ndose de verse compuesto de un reba\u00f1o de analfabetos conducidos a la miseria por otro reba\u00f1o de abogados. Del Estado se espera cada d\u00eda menos; cada d\u00eda m\u00e1s del esfuerzo de las colectividades, de la perseverancia y agudeza del individuo.<\/p>\n<p>[gview file=\u00bbhttp:\/\/cvc.cervantes.es\/literatura\/aih\/pdf\/13\/aih_13_2_043.pdf\u00bb]<br \/>\nFuente original del art\u00edculo: http:\/\/cvc.cervantes.es\/literatura\/aih\/pdf\/13\/aih_13_2_043.pdf<\/p>\n","protected":false},"excerpt":{"rendered":"<p>Es un juicio demoledor el que hizo D. Benito P\u00e9rez Gald\u00f3s sobre la mitificaci\u00f3n del 98. El pesimismo que la&#46;&#46;&#46;<\/p>\n","protected":false},"author":1,"featured_media":7000,"comment_status":"open","ping_status":"open","sticky":false,"template":"","format":"standard","meta":{"footnotes":""},"categories":[42,3,67],"tags":[],"class_list":["post-1256","post","type-post","status-publish","format-standard","has-post-thumbnail","hentry","category-articulo","category-benito-perez-galdos","category-generacion-del-98"],"yoast_head":"<!-- This site is optimized with the Yoast SEO plugin v24.3 - https:\/\/yoast.com\/wordpress\/plugins\/seo\/ -->\n<title>[Art\u00edculo] &quot;Gald\u00f3s, los escritores y el 98&quot;, de Pedro Pascual Mart\u00edn - Cronolog\u00eda de la vida y la obra de Benito P\u00e9rez Gald\u00f3s<\/title>\n<meta name=\"robots\" content=\"index, follow, max-snippet:-1, max-image-preview:large, max-video-preview:-1\" \/>\n<link rel=\"canonical\" href=\"https:\/\/batallitas.es\/benito-perez-galdos\/articulo-galdos-los-escritores-y-el-98\/\" \/>\n<meta property=\"og:locale\" content=\"es_ES\" \/>\n<meta property=\"og:type\" content=\"article\" \/>\n<meta property=\"og:title\" content=\"[Art\u00edculo] &quot;Gald\u00f3s, los escritores y el 98&quot;, de Pedro Pascual Mart\u00edn - Cronolog\u00eda de la vida y la obra de Benito P\u00e9rez Gald\u00f3s\" \/>\n<meta property=\"og:description\" content=\"Es un juicio demoledor el que hizo D. Benito P\u00e9rez Gald\u00f3s sobre la mitificaci\u00f3n del 98. El pesimismo que la&#046;&#046;&#046;\" \/>\n<meta property=\"og:url\" content=\"https:\/\/batallitas.es\/benito-perez-galdos\/articulo-galdos-los-escritores-y-el-98\/\" \/>\n<meta property=\"og:site_name\" content=\"Cronolog\u00eda de la vida y la obra de Benito P\u00e9rez Gald\u00f3s\" \/>\n<meta property=\"article:published_time\" content=\"2012-04-20T08:00:56+00:00\" \/>\n<meta property=\"og:image\" content=\"https:\/\/batallitas.es\/benito-perez-galdos\/wp-content\/uploads\/2025\/01\/facebook_thumbnail.jpg\" \/>\n\t<meta property=\"og:image:width\" content=\"1200\" \/>\n\t<meta property=\"og:image:height\" content=\"630\" \/>\n\t<meta property=\"og:image:type\" content=\"image\/jpeg\" \/>\n<meta name=\"author\" content=\"Benito\" \/>\n<meta name=\"twitter:card\" content=\"summary_large_image\" \/>\n<meta name=\"twitter:label1\" content=\"Escrito por\" \/>\n\t<meta name=\"twitter:data1\" content=\"Benito\" \/>\n\t<meta name=\"twitter:label2\" content=\"Tiempo de lectura\" \/>\n\t<meta name=\"twitter:data2\" content=\"1 minuto\" \/>\n<script type=\"application\/ld+json\" class=\"yoast-schema-graph\">{\"@context\":\"https:\/\/schema.org\",\"@graph\":[{\"@type\":\"WebPage\",\"@id\":\"https:\/\/batallitas.es\/benito-perez-galdos\/articulo-galdos-los-escritores-y-el-98\/\",\"url\":\"https:\/\/batallitas.es\/benito-perez-galdos\/articulo-galdos-los-escritores-y-el-98\/\",\"name\":\"[Art\u00edculo] \\\"Gald\u00f3s, los escritores y el 98\\\", de Pedro Pascual Mart\u00edn - Cronolog\u00eda de la vida y la obra de Benito P\u00e9rez Gald\u00f3s\",\"isPartOf\":{\"@id\":\"https:\/\/batallitas.es\/benito-perez-galdos\/#website\"},\"primaryImageOfPage\":{\"@id\":\"https:\/\/batallitas.es\/benito-perez-galdos\/articulo-galdos-los-escritores-y-el-98\/#primaryimage\"},\"image\":{\"@id\":\"https:\/\/batallitas.es\/benito-perez-galdos\/articulo-galdos-los-escritores-y-el-98\/#primaryimage\"},\"thumbnailUrl\":\"\",\"datePublished\":\"2012-04-20T08:00:56+00:00\",\"dateModified\":\"2012-04-20T08:00:56+00:00\",\"author\":{\"@id\":\"https:\/\/batallitas.es\/benito-perez-galdos\/#\/schema\/person\/2dda07be9325676808524c55b6218a25\"},\"breadcrumb\":{\"@id\":\"https:\/\/batallitas.es\/benito-perez-galdos\/articulo-galdos-los-escritores-y-el-98\/#breadcrumb\"},\"inLanguage\":\"es\",\"potentialAction\":[{\"@type\":\"ReadAction\",\"target\":[\"https:\/\/batallitas.es\/benito-perez-galdos\/articulo-galdos-los-escritores-y-el-98\/\"]}]},{\"@type\":\"ImageObject\",\"inLanguage\":\"es\",\"@id\":\"https:\/\/batallitas.es\/benito-perez-galdos\/articulo-galdos-los-escritores-y-el-98\/#primaryimage\",\"url\":\"\",\"contentUrl\":\"\"},{\"@type\":\"BreadcrumbList\",\"@id\":\"https:\/\/batallitas.es\/benito-perez-galdos\/articulo-galdos-los-escritores-y-el-98\/#breadcrumb\",\"itemListElement\":[{\"@type\":\"ListItem\",\"position\":1,\"name\":\"Portada\",\"item\":\"https:\/\/batallitas.es\/benito-perez-galdos\/\"},{\"@type\":\"ListItem\",\"position\":2,\"name\":\"[Art\u00edculo] \u00abGald\u00f3s, los escritores y el 98\u00bb, de Pedro Pascual Mart\u00edn\"}]},{\"@type\":\"WebSite\",\"@id\":\"https:\/\/batallitas.es\/benito-perez-galdos\/#website\",\"url\":\"https:\/\/batallitas.es\/benito-perez-galdos\/\",\"name\":\"Cronolog\u00eda de la vida y la obra de Benito P\u00e9rez Gald\u00f3s\",\"description\":\"\",\"potentialAction\":[{\"@type\":\"SearchAction\",\"target\":{\"@type\":\"EntryPoint\",\"urlTemplate\":\"https:\/\/batallitas.es\/benito-perez-galdos\/?s={search_term_string}\"},\"query-input\":{\"@type\":\"PropertyValueSpecification\",\"valueRequired\":true,\"valueName\":\"search_term_string\"}}],\"inLanguage\":\"es\"},{\"@type\":\"Person\",\"@id\":\"https:\/\/batallitas.es\/benito-perez-galdos\/#\/schema\/person\/2dda07be9325676808524c55b6218a25\",\"name\":\"Benito\",\"image\":{\"@type\":\"ImageObject\",\"inLanguage\":\"es\",\"@id\":\"https:\/\/batallitas.es\/benito-perez-galdos\/#\/schema\/person\/image\/\",\"url\":\"https:\/\/secure.gravatar.com\/avatar\/8695d643bbae3009794e7fc5797055bb?s=96&d=mm&r=g\",\"contentUrl\":\"https:\/\/secure.gravatar.com\/avatar\/8695d643bbae3009794e7fc5797055bb?s=96&d=mm&r=g\",\"caption\":\"Benito\"},\"sameAs\":[\"https:\/\/batallitas.es\/galdos\"],\"url\":\"https:\/\/batallitas.es\/benito-perez-galdos\/author\/benito\/\"}]}<\/script>\n<!-- \/ Yoast SEO plugin. -->","yoast_head_json":{"title":"[Art\u00edculo] \"Gald\u00f3s, los escritores y el 98\", de Pedro Pascual Mart\u00edn - Cronolog\u00eda de la vida y la obra de Benito P\u00e9rez Gald\u00f3s","robots":{"index":"index","follow":"follow","max-snippet":"max-snippet:-1","max-image-preview":"max-image-preview:large","max-video-preview":"max-video-preview:-1"},"canonical":"https:\/\/batallitas.es\/benito-perez-galdos\/articulo-galdos-los-escritores-y-el-98\/","og_locale":"es_ES","og_type":"article","og_title":"[Art\u00edculo] \"Gald\u00f3s, los escritores y el 98\", de Pedro Pascual Mart\u00edn - Cronolog\u00eda de la vida y la obra de Benito P\u00e9rez Gald\u00f3s","og_description":"Es un juicio demoledor el que hizo D. Benito P\u00e9rez Gald\u00f3s sobre la mitificaci\u00f3n del 98. El pesimismo que la&#46;&#46;&#46;","og_url":"https:\/\/batallitas.es\/benito-perez-galdos\/articulo-galdos-los-escritores-y-el-98\/","og_site_name":"Cronolog\u00eda de la vida y la obra de Benito P\u00e9rez Gald\u00f3s","article_published_time":"2012-04-20T08:00:56+00:00","og_image":[{"width":1200,"height":630,"url":"https:\/\/batallitas.es\/benito-perez-galdos\/wp-content\/uploads\/2025\/01\/facebook_thumbnail.jpg","type":"image\/jpeg"}],"author":"Benito","twitter_card":"summary_large_image","twitter_misc":{"Escrito por":"Benito","Tiempo de lectura":"1 minuto"},"schema":{"@context":"https:\/\/schema.org","@graph":[{"@type":"WebPage","@id":"https:\/\/batallitas.es\/benito-perez-galdos\/articulo-galdos-los-escritores-y-el-98\/","url":"https:\/\/batallitas.es\/benito-perez-galdos\/articulo-galdos-los-escritores-y-el-98\/","name":"[Art\u00edculo] \"Gald\u00f3s, los escritores y el 98\", de Pedro Pascual Mart\u00edn - Cronolog\u00eda de la vida y la obra de Benito P\u00e9rez Gald\u00f3s","isPartOf":{"@id":"https:\/\/batallitas.es\/benito-perez-galdos\/#website"},"primaryImageOfPage":{"@id":"https:\/\/batallitas.es\/benito-perez-galdos\/articulo-galdos-los-escritores-y-el-98\/#primaryimage"},"image":{"@id":"https:\/\/batallitas.es\/benito-perez-galdos\/articulo-galdos-los-escritores-y-el-98\/#primaryimage"},"thumbnailUrl":"","datePublished":"2012-04-20T08:00:56+00:00","dateModified":"2012-04-20T08:00:56+00:00","author":{"@id":"https:\/\/batallitas.es\/benito-perez-galdos\/#\/schema\/person\/2dda07be9325676808524c55b6218a25"},"breadcrumb":{"@id":"https:\/\/batallitas.es\/benito-perez-galdos\/articulo-galdos-los-escritores-y-el-98\/#breadcrumb"},"inLanguage":"es","potentialAction":[{"@type":"ReadAction","target":["https:\/\/batallitas.es\/benito-perez-galdos\/articulo-galdos-los-escritores-y-el-98\/"]}]},{"@type":"ImageObject","inLanguage":"es","@id":"https:\/\/batallitas.es\/benito-perez-galdos\/articulo-galdos-los-escritores-y-el-98\/#primaryimage","url":"","contentUrl":""},{"@type":"BreadcrumbList","@id":"https:\/\/batallitas.es\/benito-perez-galdos\/articulo-galdos-los-escritores-y-el-98\/#breadcrumb","itemListElement":[{"@type":"ListItem","position":1,"name":"Portada","item":"https:\/\/batallitas.es\/benito-perez-galdos\/"},{"@type":"ListItem","position":2,"name":"[Art\u00edculo] \u00abGald\u00f3s, los escritores y el 98\u00bb, de Pedro Pascual Mart\u00edn"}]},{"@type":"WebSite","@id":"https:\/\/batallitas.es\/benito-perez-galdos\/#website","url":"https:\/\/batallitas.es\/benito-perez-galdos\/","name":"Cronolog\u00eda de la vida y la obra de Benito P\u00e9rez Gald\u00f3s","description":"","potentialAction":[{"@type":"SearchAction","target":{"@type":"EntryPoint","urlTemplate":"https:\/\/batallitas.es\/benito-perez-galdos\/?s={search_term_string}"},"query-input":{"@type":"PropertyValueSpecification","valueRequired":true,"valueName":"search_term_string"}}],"inLanguage":"es"},{"@type":"Person","@id":"https:\/\/batallitas.es\/benito-perez-galdos\/#\/schema\/person\/2dda07be9325676808524c55b6218a25","name":"Benito","image":{"@type":"ImageObject","inLanguage":"es","@id":"https:\/\/batallitas.es\/benito-perez-galdos\/#\/schema\/person\/image\/","url":"https:\/\/secure.gravatar.com\/avatar\/8695d643bbae3009794e7fc5797055bb?s=96&d=mm&r=g","contentUrl":"https:\/\/secure.gravatar.com\/avatar\/8695d643bbae3009794e7fc5797055bb?s=96&d=mm&r=g","caption":"Benito"},"sameAs":["https:\/\/batallitas.es\/galdos"],"url":"https:\/\/batallitas.es\/benito-perez-galdos\/author\/benito\/"}]}},"_links":{"self":[{"href":"https:\/\/batallitas.es\/benito-perez-galdos\/wp-json\/wp\/v2\/posts\/1256","targetHints":{"allow":["GET"]}}],"collection":[{"href":"https:\/\/batallitas.es\/benito-perez-galdos\/wp-json\/wp\/v2\/posts"}],"about":[{"href":"https:\/\/batallitas.es\/benito-perez-galdos\/wp-json\/wp\/v2\/types\/post"}],"author":[{"embeddable":true,"href":"https:\/\/batallitas.es\/benito-perez-galdos\/wp-json\/wp\/v2\/users\/1"}],"replies":[{"embeddable":true,"href":"https:\/\/batallitas.es\/benito-perez-galdos\/wp-json\/wp\/v2\/comments?post=1256"}],"version-history":[{"count":0,"href":"https:\/\/batallitas.es\/benito-perez-galdos\/wp-json\/wp\/v2\/posts\/1256\/revisions"}],"wp:featuredmedia":[{"embeddable":true,"href":"https:\/\/batallitas.es\/benito-perez-galdos\/wp-json\/"}],"wp:attachment":[{"href":"https:\/\/batallitas.es\/benito-perez-galdos\/wp-json\/wp\/v2\/media?parent=1256"}],"wp:term":[{"taxonomy":"category","embeddable":true,"href":"https:\/\/batallitas.es\/benito-perez-galdos\/wp-json\/wp\/v2\/categories?post=1256"},{"taxonomy":"post_tag","embeddable":true,"href":"https:\/\/batallitas.es\/benito-perez-galdos\/wp-json\/wp\/v2\/tags?post=1256"}],"curies":[{"name":"wp","href":"https:\/\/api.w.org\/{rel}","templated":true}]}}