{"id":1258,"date":"2012-05-16T17:06:45","date_gmt":"2012-05-16T17:06:45","guid":{"rendered":"http:\/\/www.translatioimperii.com\/galdos\/?p=535"},"modified":"2012-05-16T17:06:45","modified_gmt":"2012-05-16T17:06:45","slug":"documento-necrologia-de-d-benito-perez-galdos-discurso-pronunciado-en-la-rae-por-antonio-maura","status":"publish","type":"post","link":"https:\/\/batallitas.es\/benito-perez-galdos\/documento-necrologia-de-d-benito-perez-galdos-discurso-pronunciado-en-la-rae-por-antonio-maura\/","title":{"rendered":"[Documento] Necrolog\u00eda de D. Benito P\u00e9rez Gald\u00f3s, discurso pronunciado en la RAE por Antonio Maura"},"content":{"rendered":"<p>En la sesi\u00f3n necrol\u00f3gica que para honrar la memoria del insigne escritor don Benito P\u00e9rez Gald\u00f3s celebr\u00f3 el 8 de enero \u00faltimo en la Real Academia Espa\u00f1ola, su director, Antonio Maura, pronunci\u00f3 el discurso que va a continuaci\u00f3n de esta advertencia.<\/p>\n<p>[gview file=\u00bbhttp:\/\/www.translatioimperii.com\/galdos\/wp-content\/uploads\/necrologia.pdf\u00bb]<\/p>\n<p>Fuente original del documento: http:\/\/mdc.ulpgc.es\/cdm4\/item_viewer.php?CISOROOT=\/MDC&amp;CISOPTR=70672&amp;CISOBOX=1&amp;REC=6#metajump<\/p>\n","protected":false},"excerpt":{"rendered":"<p>En la sesi\u00f3n necrol\u00f3gica que para honrar la memoria del insigne escritor don Benito P\u00e9rez Gald\u00f3s celebr\u00f3 el 8 de&#46;&#46;&#46;<\/p>\n","protected":false},"author":1,"featured_media":6991,"comment_status":"open","ping_status":"open","sticky":false,"template":"","format":"standard","meta":{"footnotes":""},"categories":[3],"tags":[87,88,89],"class_list":["post-1258","post","type-post","status-publish","format-standard","has-post-thumbnail","hentry","category-benito-perez-galdos","tag-antonio-maura","tag-necrologia","tag-real-academia"],"yoast_head":"<!-- This site is optimized with the Yoast SEO plugin v24.3 - https:\/\/yoast.com\/wordpress\/plugins\/seo\/ -->\n<title>[Documento] Necrolog\u00eda de D. Benito P\u00e9rez Gald\u00f3s, discurso pronunciado en la RAE por Antonio Maura - Cronolog\u00eda de la vida y la obra de Benito P\u00e9rez Gald\u00f3s<\/title>\n<meta name=\"robots\" content=\"index, follow, max-snippet:-1, max-image-preview:large, max-video-preview:-1\" \/>\n<link rel=\"canonical\" href=\"https:\/\/batallitas.es\/benito-perez-galdos\/documento-necrologia-de-d-benito-perez-galdos-discurso-pronunciado-en-la-rae-por-antonio-maura\/\" \/>\n<meta property=\"og:locale\" content=\"es_ES\" \/>\n<meta property=\"og:type\" content=\"article\" \/>\n<meta property=\"og:title\" content=\"[Documento] Necrolog\u00eda de D. Benito P\u00e9rez Gald\u00f3s, discurso pronunciado en la RAE por Antonio Maura - Cronolog\u00eda de la vida y la obra de Benito P\u00e9rez Gald\u00f3s\" \/>\n<meta property=\"og:description\" content=\"En la sesi\u00f3n necrol\u00f3gica que para honrar la memoria del insigne escritor don Benito P\u00e9rez Gald\u00f3s celebr\u00f3 el 8 de&#046;&#046;&#046;\" \/>\n<meta property=\"og:url\" content=\"https:\/\/batallitas.es\/benito-perez-galdos\/documento-necrologia-de-d-benito-perez-galdos-discurso-pronunciado-en-la-rae-por-antonio-maura\/\" \/>\n<meta property=\"og:site_name\" content=\"Cronolog\u00eda de la vida y la obra de Benito P\u00e9rez Gald\u00f3s\" \/>\n<meta property=\"article:published_time\" content=\"2012-05-16T17:06:45+00:00\" \/>\n<meta property=\"og:image\" content=\"https:\/\/batallitas.es\/benito-perez-galdos\/wp-content\/uploads\/2025\/01\/facebook_thumbnail.jpg\" \/>\n\t<meta property=\"og:image:width\" content=\"1200\" \/>\n\t<meta property=\"og:image:height\" content=\"630\" \/>\n\t<meta property=\"og:image:type\" content=\"image\/jpeg\" \/>\n<meta name=\"author\" content=\"Benito\" \/>\n<meta name=\"twitter:card\" content=\"summary_large_image\" \/>\n<meta name=\"twitter:label1\" content=\"Escrito por\" \/>\n\t<meta name=\"twitter:data1\" content=\"Benito\" \/>\n<script type=\"application\/ld+json\" class=\"yoast-schema-graph\">{\"@context\":\"https:\/\/schema.org\",\"@graph\":[{\"@type\":\"WebPage\",\"@id\":\"https:\/\/batallitas.es\/benito-perez-galdos\/documento-necrologia-de-d-benito-perez-galdos-discurso-pronunciado-en-la-rae-por-antonio-maura\/\",\"url\":\"https:\/\/batallitas.es\/benito-perez-galdos\/documento-necrologia-de-d-benito-perez-galdos-discurso-pronunciado-en-la-rae-por-antonio-maura\/\",\"name\":\"[Documento] Necrolog\u00eda de D. Benito P\u00e9rez Gald\u00f3s, discurso pronunciado en la RAE por Antonio Maura - Cronolog\u00eda de la vida y la obra de Benito P\u00e9rez Gald\u00f3s\",\"isPartOf\":{\"@id\":\"https:\/\/batallitas.es\/benito-perez-galdos\/#website\"},\"primaryImageOfPage\":{\"@id\":\"https:\/\/batallitas.es\/benito-perez-galdos\/documento-necrologia-de-d-benito-perez-galdos-discurso-pronunciado-en-la-rae-por-antonio-maura\/#primaryimage\"},\"image\":{\"@id\":\"https:\/\/batallitas.es\/benito-perez-galdos\/documento-necrologia-de-d-benito-perez-galdos-discurso-pronunciado-en-la-rae-por-antonio-maura\/#primaryimage\"},\"thumbnailUrl\":\"\",\"datePublished\":\"2012-05-16T17:06:45+00:00\",\"dateModified\":\"2012-05-16T17:06:45+00:00\",\"author\":{\"@id\":\"https:\/\/batallitas.es\/benito-perez-galdos\/#\/schema\/person\/2dda07be9325676808524c55b6218a25\"},\"breadcrumb\":{\"@id\":\"https:\/\/batallitas.es\/benito-perez-galdos\/documento-necrologia-de-d-benito-perez-galdos-discurso-pronunciado-en-la-rae-por-antonio-maura\/#breadcrumb\"},\"inLanguage\":\"es\",\"potentialAction\":[{\"@type\":\"ReadAction\",\"target\":[\"https:\/\/batallitas.es\/benito-perez-galdos\/documento-necrologia-de-d-benito-perez-galdos-discurso-pronunciado-en-la-rae-por-antonio-maura\/\"]}]},{\"@type\":\"ImageObject\",\"inLanguage\":\"es\",\"@id\":\"https:\/\/batallitas.es\/benito-perez-galdos\/documento-necrologia-de-d-benito-perez-galdos-discurso-pronunciado-en-la-rae-por-antonio-maura\/#primaryimage\",\"url\":\"\",\"contentUrl\":\"\"},{\"@type\":\"BreadcrumbList\",\"@id\":\"https:\/\/batallitas.es\/benito-perez-galdos\/documento-necrologia-de-d-benito-perez-galdos-discurso-pronunciado-en-la-rae-por-antonio-maura\/#breadcrumb\",\"itemListElement\":[{\"@type\":\"ListItem\",\"position\":1,\"name\":\"Portada\",\"item\":\"https:\/\/batallitas.es\/benito-perez-galdos\/\"},{\"@type\":\"ListItem\",\"position\":2,\"name\":\"[Documento] Necrolog\u00eda de D. Benito P\u00e9rez Gald\u00f3s, discurso pronunciado en la RAE por Antonio Maura\"}]},{\"@type\":\"WebSite\",\"@id\":\"https:\/\/batallitas.es\/benito-perez-galdos\/#website\",\"url\":\"https:\/\/batallitas.es\/benito-perez-galdos\/\",\"name\":\"Cronolog\u00eda de la vida y la obra de Benito P\u00e9rez Gald\u00f3s\",\"description\":\"\",\"potentialAction\":[{\"@type\":\"SearchAction\",\"target\":{\"@type\":\"EntryPoint\",\"urlTemplate\":\"https:\/\/batallitas.es\/benito-perez-galdos\/?s={search_term_string}\"},\"query-input\":{\"@type\":\"PropertyValueSpecification\",\"valueRequired\":true,\"valueName\":\"search_term_string\"}}],\"inLanguage\":\"es\"},{\"@type\":\"Person\",\"@id\":\"https:\/\/batallitas.es\/benito-perez-galdos\/#\/schema\/person\/2dda07be9325676808524c55b6218a25\",\"name\":\"Benito\",\"image\":{\"@type\":\"ImageObject\",\"inLanguage\":\"es\",\"@id\":\"https:\/\/batallitas.es\/benito-perez-galdos\/#\/schema\/person\/image\/\",\"url\":\"https:\/\/secure.gravatar.com\/avatar\/8695d643bbae3009794e7fc5797055bb?s=96&d=mm&r=g\",\"contentUrl\":\"https:\/\/secure.gravatar.com\/avatar\/8695d643bbae3009794e7fc5797055bb?s=96&d=mm&r=g\",\"caption\":\"Benito\"},\"sameAs\":[\"https:\/\/batallitas.es\/galdos\"],\"url\":\"https:\/\/batallitas.es\/benito-perez-galdos\/author\/benito\/\"}]}<\/script>\n<!-- \/ Yoast SEO plugin. -->","yoast_head_json":{"title":"[Documento] Necrolog\u00eda de D. Benito P\u00e9rez Gald\u00f3s, discurso pronunciado en la RAE por Antonio Maura - Cronolog\u00eda de la vida y la obra de Benito P\u00e9rez Gald\u00f3s","robots":{"index":"index","follow":"follow","max-snippet":"max-snippet:-1","max-image-preview":"max-image-preview:large","max-video-preview":"max-video-preview:-1"},"canonical":"https:\/\/batallitas.es\/benito-perez-galdos\/documento-necrologia-de-d-benito-perez-galdos-discurso-pronunciado-en-la-rae-por-antonio-maura\/","og_locale":"es_ES","og_type":"article","og_title":"[Documento] Necrolog\u00eda de D. Benito P\u00e9rez Gald\u00f3s, discurso pronunciado en la RAE por Antonio Maura - Cronolog\u00eda de la vida y la obra de Benito P\u00e9rez Gald\u00f3s","og_description":"En la sesi\u00f3n necrol\u00f3gica que para honrar la memoria del insigne escritor don Benito P\u00e9rez Gald\u00f3s celebr\u00f3 el 8 de&#46;&#46;&#46;","og_url":"https:\/\/batallitas.es\/benito-perez-galdos\/documento-necrologia-de-d-benito-perez-galdos-discurso-pronunciado-en-la-rae-por-antonio-maura\/","og_site_name":"Cronolog\u00eda de la vida y la obra de Benito P\u00e9rez Gald\u00f3s","article_published_time":"2012-05-16T17:06:45+00:00","og_image":[{"width":1200,"height":630,"url":"https:\/\/batallitas.es\/benito-perez-galdos\/wp-content\/uploads\/2025\/01\/facebook_thumbnail.jpg","type":"image\/jpeg"}],"author":"Benito","twitter_card":"summary_large_image","twitter_misc":{"Escrito por":"Benito"},"schema":{"@context":"https:\/\/schema.org","@graph":[{"@type":"WebPage","@id":"https:\/\/batallitas.es\/benito-perez-galdos\/documento-necrologia-de-d-benito-perez-galdos-discurso-pronunciado-en-la-rae-por-antonio-maura\/","url":"https:\/\/batallitas.es\/benito-perez-galdos\/documento-necrologia-de-d-benito-perez-galdos-discurso-pronunciado-en-la-rae-por-antonio-maura\/","name":"[Documento] Necrolog\u00eda de D. Benito P\u00e9rez Gald\u00f3s, discurso pronunciado en la RAE por Antonio Maura - Cronolog\u00eda de la vida y la obra de Benito P\u00e9rez Gald\u00f3s","isPartOf":{"@id":"https:\/\/batallitas.es\/benito-perez-galdos\/#website"},"primaryImageOfPage":{"@id":"https:\/\/batallitas.es\/benito-perez-galdos\/documento-necrologia-de-d-benito-perez-galdos-discurso-pronunciado-en-la-rae-por-antonio-maura\/#primaryimage"},"image":{"@id":"https:\/\/batallitas.es\/benito-perez-galdos\/documento-necrologia-de-d-benito-perez-galdos-discurso-pronunciado-en-la-rae-por-antonio-maura\/#primaryimage"},"thumbnailUrl":"","datePublished":"2012-05-16T17:06:45+00:00","dateModified":"2012-05-16T17:06:45+00:00","author":{"@id":"https:\/\/batallitas.es\/benito-perez-galdos\/#\/schema\/person\/2dda07be9325676808524c55b6218a25"},"breadcrumb":{"@id":"https:\/\/batallitas.es\/benito-perez-galdos\/documento-necrologia-de-d-benito-perez-galdos-discurso-pronunciado-en-la-rae-por-antonio-maura\/#breadcrumb"},"inLanguage":"es","potentialAction":[{"@type":"ReadAction","target":["https:\/\/batallitas.es\/benito-perez-galdos\/documento-necrologia-de-d-benito-perez-galdos-discurso-pronunciado-en-la-rae-por-antonio-maura\/"]}]},{"@type":"ImageObject","inLanguage":"es","@id":"https:\/\/batallitas.es\/benito-perez-galdos\/documento-necrologia-de-d-benito-perez-galdos-discurso-pronunciado-en-la-rae-por-antonio-maura\/#primaryimage","url":"","contentUrl":""},{"@type":"BreadcrumbList","@id":"https:\/\/batallitas.es\/benito-perez-galdos\/documento-necrologia-de-d-benito-perez-galdos-discurso-pronunciado-en-la-rae-por-antonio-maura\/#breadcrumb","itemListElement":[{"@type":"ListItem","position":1,"name":"Portada","item":"https:\/\/batallitas.es\/benito-perez-galdos\/"},{"@type":"ListItem","position":2,"name":"[Documento] Necrolog\u00eda de D. Benito P\u00e9rez Gald\u00f3s, discurso pronunciado en la RAE por Antonio Maura"}]},{"@type":"WebSite","@id":"https:\/\/batallitas.es\/benito-perez-galdos\/#website","url":"https:\/\/batallitas.es\/benito-perez-galdos\/","name":"Cronolog\u00eda de la vida y la obra de Benito P\u00e9rez Gald\u00f3s","description":"","potentialAction":[{"@type":"SearchAction","target":{"@type":"EntryPoint","urlTemplate":"https:\/\/batallitas.es\/benito-perez-galdos\/?s={search_term_string}"},"query-input":{"@type":"PropertyValueSpecification","valueRequired":true,"valueName":"search_term_string"}}],"inLanguage":"es"},{"@type":"Person","@id":"https:\/\/batallitas.es\/benito-perez-galdos\/#\/schema\/person\/2dda07be9325676808524c55b6218a25","name":"Benito","image":{"@type":"ImageObject","inLanguage":"es","@id":"https:\/\/batallitas.es\/benito-perez-galdos\/#\/schema\/person\/image\/","url":"https:\/\/secure.gravatar.com\/avatar\/8695d643bbae3009794e7fc5797055bb?s=96&d=mm&r=g","contentUrl":"https:\/\/secure.gravatar.com\/avatar\/8695d643bbae3009794e7fc5797055bb?s=96&d=mm&r=g","caption":"Benito"},"sameAs":["https:\/\/batallitas.es\/galdos"],"url":"https:\/\/batallitas.es\/benito-perez-galdos\/author\/benito\/"}]}},"_links":{"self":[{"href":"https:\/\/batallitas.es\/benito-perez-galdos\/wp-json\/wp\/v2\/posts\/1258","targetHints":{"allow":["GET"]}}],"collection":[{"href":"https:\/\/batallitas.es\/benito-perez-galdos\/wp-json\/wp\/v2\/posts"}],"about":[{"href":"https:\/\/batallitas.es\/benito-perez-galdos\/wp-json\/wp\/v2\/types\/post"}],"author":[{"embeddable":true,"href":"https:\/\/batallitas.es\/benito-perez-galdos\/wp-json\/wp\/v2\/users\/1"}],"replies":[{"embeddable":true,"href":"https:\/\/batallitas.es\/benito-perez-galdos\/wp-json\/wp\/v2\/comments?post=1258"}],"version-history":[{"count":0,"href":"https:\/\/batallitas.es\/benito-perez-galdos\/wp-json\/wp\/v2\/posts\/1258\/revisions"}],"wp:featuredmedia":[{"embeddable":true,"href":"https:\/\/batallitas.es\/benito-perez-galdos\/wp-json\/"}],"wp:attachment":[{"href":"https:\/\/batallitas.es\/benito-perez-galdos\/wp-json\/wp\/v2\/media?parent=1258"}],"wp:term":[{"taxonomy":"category","embeddable":true,"href":"https:\/\/batallitas.es\/benito-perez-galdos\/wp-json\/wp\/v2\/categories?post=1258"},{"taxonomy":"post_tag","embeddable":true,"href":"https:\/\/batallitas.es\/benito-perez-galdos\/wp-json\/wp\/v2\/tags?post=1258"}],"curies":[{"name":"wp","href":"https:\/\/api.w.org\/{rel}","templated":true}]}}