{"id":1269,"date":"2012-07-31T16:05:57","date_gmt":"2012-07-31T16:05:57","guid":{"rendered":"http:\/\/www.benitoperezgaldos.es\/?p=584"},"modified":"2012-07-31T16:05:57","modified_gmt":"2012-07-31T16:05:57","slug":"articulos-sobre-los-episodios-nacionales-i","status":"publish","type":"post","link":"https:\/\/batallitas.es\/benito-perez-galdos\/articulos-sobre-los-episodios-nacionales-i\/","title":{"rendered":"Art\u00edculos sobre los Episodios Nacionales I"},"content":{"rendered":"<p style=\"text-align: left;\">He aqu\u00ed una lista de art\u00edculos cient\u00edficos sobre los Episodios Nacionales disponibles en Internet para su descarga gratuita, que han sido encontrados gracias al buscador de contenidos cient\u00edficos de la Universidad de la Rioja, <a href=\"http:\/\/dialnet.unirioja.es\" target=\"_blank\" rel=\"noopener noreferrer\">Dialnet.<\/a><\/p>\n<p style=\"text-align: left;\"><a href=\"http:\/\/dialnet.unirioja.es\/servlet\/articulo?codigo=91688\">La batalla de los Arapiles y su significado en los \u00abEpisodios Nacionales\u00bb<\/a><\/p>\n<p style=\"text-align: left;\"><a href=\"http:\/\/dialnet.unirioja.es\/servlet\/articulo?codigo=2674342\">Gald\u00f3s y los Episodios nacionales: una historia del liberalismo espa\u00f1ol<\/a><\/p>\n<p><a href=\"http:\/\/dialnet.unirioja.es\/servlet\/articulo?codigo=2670485\">Gald\u00f3s&#8217; Episodios Nacionales, series I and I<\/a>: on the intrinsic-extrinsic nature of the historical genre<\/p>\n<p><a href=\"http:\/\/dialnet.unirioja.es\/servlet\/articulo?codigo=2672266\">The first Cordero: Elia and the Episodios nacionales<\/a><\/p>\n<p><a href=\"http:\/\/dialnet.unirioja.es\/servlet\/articulo?codigo=2667331\">A note of the genesis of the Episodios Nacionales<\/a><\/p>\n<p><a href=\"http:\/\/dialnet.unirioja.es\/servlet\/articulo?codigo=2666802\">The Craftsmanship and Literary Value of the Third Series of Episodios nacionales<\/a><\/p>\n<p><a href=\"http:\/\/dialnet.unirioja.es\/servlet\/articulo?codigo=2672272\">La \u00abominosa d\u00e9cada\u00bb en los Episodios Nacionales<\/a><\/p>\n<p><a href=\"http:\/\/dialnet.unirioja.es\/servlet\/articulo?codigo=143903\">Tragedia sin &#8216;pathos&#8217;<\/a>: muertes de Don Juan en los \u00abEpisodios nacionales\u00bb<\/p>\n<p><a href=\"http:\/\/dialnet.unirioja.es\/servlet\/articulo?codigo=2674375\">Apostillas a Los \u00abEpisodios nacionales\u00bb de B. P. G., de Hans Hinterh\u00e4user<\/a><\/p>\n<p><a href=\"http:\/\/dialnet.unirioja.es\/servlet\/articulo?codigo=2671687\">More on the pre-(and post-) history of the Episodios Nacionales: Gald\u00f3s&#8217; article &#8216;El dos de mayo&#8217; (1874)<\/a><\/p>\n<p><a href=\"http:\/\/dialnet.unirioja.es\/servlet\/articulo?codigo=2674414\">H. Hinterh\u00e4user&#8217;s re-examination of the Episodios Nacionales<\/a><\/p>\n","protected":false},"excerpt":{"rendered":"<p>He aqu\u00ed una lista de art\u00edculos cient\u00edficos sobre los Episodios Nacionales disponibles en Internet para su descarga gratuita, que han&#46;&#46;&#46;<\/p>\n","protected":false},"author":1,"featured_media":6991,"comment_status":"open","ping_status":"open","sticky":false,"template":"","format":"standard","meta":{"footnotes":""},"categories":[3,4,37],"tags":[],"class_list":["post-1269","post","type-post","status-publish","format-standard","has-post-thumbnail","hentry","category-benito-perez-galdos","category-bibliografia","category-episodios-nacionales"],"yoast_head":"<!-- This site is optimized with the Yoast SEO plugin v24.3 - https:\/\/yoast.com\/wordpress\/plugins\/seo\/ -->\n<title>Art\u00edculos sobre los Episodios Nacionales I - Cronolog\u00eda de la vida y la obra de Benito P\u00e9rez Gald\u00f3s<\/title>\n<meta name=\"robots\" content=\"index, follow, max-snippet:-1, max-image-preview:large, max-video-preview:-1\" \/>\n<link rel=\"canonical\" href=\"https:\/\/batallitas.es\/benito-perez-galdos\/articulos-sobre-los-episodios-nacionales-i\/\" \/>\n<meta property=\"og:locale\" content=\"es_ES\" \/>\n<meta property=\"og:type\" content=\"article\" \/>\n<meta property=\"og:title\" content=\"Art\u00edculos sobre los Episodios Nacionales I - Cronolog\u00eda de la vida y la obra de Benito P\u00e9rez Gald\u00f3s\" \/>\n<meta property=\"og:description\" content=\"He aqu\u00ed una lista de art\u00edculos cient\u00edficos sobre los Episodios Nacionales disponibles en Internet para su descarga gratuita, que han&#046;&#046;&#046;\" \/>\n<meta property=\"og:url\" content=\"https:\/\/batallitas.es\/benito-perez-galdos\/articulos-sobre-los-episodios-nacionales-i\/\" \/>\n<meta property=\"og:site_name\" content=\"Cronolog\u00eda de la vida y la obra de Benito P\u00e9rez Gald\u00f3s\" \/>\n<meta property=\"article:published_time\" content=\"2012-07-31T16:05:57+00:00\" \/>\n<meta property=\"og:image\" content=\"https:\/\/batallitas.es\/benito-perez-galdos\/wp-content\/uploads\/2025\/01\/facebook_thumbnail.jpg\" \/>\n\t<meta property=\"og:image:width\" content=\"1200\" \/>\n\t<meta property=\"og:image:height\" content=\"630\" \/>\n\t<meta property=\"og:image:type\" content=\"image\/jpeg\" \/>\n<meta name=\"author\" content=\"Benito\" \/>\n<meta name=\"twitter:card\" content=\"summary_large_image\" \/>\n<meta name=\"twitter:label1\" content=\"Escrito por\" \/>\n\t<meta name=\"twitter:data1\" content=\"Benito\" \/>\n\t<meta name=\"twitter:label2\" content=\"Tiempo de lectura\" \/>\n\t<meta name=\"twitter:data2\" content=\"1 minuto\" \/>\n<script type=\"application\/ld+json\" class=\"yoast-schema-graph\">{\"@context\":\"https:\/\/schema.org\",\"@graph\":[{\"@type\":\"WebPage\",\"@id\":\"https:\/\/batallitas.es\/benito-perez-galdos\/articulos-sobre-los-episodios-nacionales-i\/\",\"url\":\"https:\/\/batallitas.es\/benito-perez-galdos\/articulos-sobre-los-episodios-nacionales-i\/\",\"name\":\"Art\u00edculos sobre los Episodios Nacionales I - Cronolog\u00eda de la vida y la obra de Benito P\u00e9rez Gald\u00f3s\",\"isPartOf\":{\"@id\":\"https:\/\/batallitas.es\/benito-perez-galdos\/#website\"},\"primaryImageOfPage\":{\"@id\":\"https:\/\/batallitas.es\/benito-perez-galdos\/articulos-sobre-los-episodios-nacionales-i\/#primaryimage\"},\"image\":{\"@id\":\"https:\/\/batallitas.es\/benito-perez-galdos\/articulos-sobre-los-episodios-nacionales-i\/#primaryimage\"},\"thumbnailUrl\":\"\",\"datePublished\":\"2012-07-31T16:05:57+00:00\",\"dateModified\":\"2012-07-31T16:05:57+00:00\",\"author\":{\"@id\":\"https:\/\/batallitas.es\/benito-perez-galdos\/#\/schema\/person\/2dda07be9325676808524c55b6218a25\"},\"breadcrumb\":{\"@id\":\"https:\/\/batallitas.es\/benito-perez-galdos\/articulos-sobre-los-episodios-nacionales-i\/#breadcrumb\"},\"inLanguage\":\"es\",\"potentialAction\":[{\"@type\":\"ReadAction\",\"target\":[\"https:\/\/batallitas.es\/benito-perez-galdos\/articulos-sobre-los-episodios-nacionales-i\/\"]}]},{\"@type\":\"ImageObject\",\"inLanguage\":\"es\",\"@id\":\"https:\/\/batallitas.es\/benito-perez-galdos\/articulos-sobre-los-episodios-nacionales-i\/#primaryimage\",\"url\":\"\",\"contentUrl\":\"\"},{\"@type\":\"BreadcrumbList\",\"@id\":\"https:\/\/batallitas.es\/benito-perez-galdos\/articulos-sobre-los-episodios-nacionales-i\/#breadcrumb\",\"itemListElement\":[{\"@type\":\"ListItem\",\"position\":1,\"name\":\"Portada\",\"item\":\"https:\/\/batallitas.es\/benito-perez-galdos\/\"},{\"@type\":\"ListItem\",\"position\":2,\"name\":\"Art\u00edculos sobre los Episodios Nacionales I\"}]},{\"@type\":\"WebSite\",\"@id\":\"https:\/\/batallitas.es\/benito-perez-galdos\/#website\",\"url\":\"https:\/\/batallitas.es\/benito-perez-galdos\/\",\"name\":\"Cronolog\u00eda de la vida y la obra de Benito P\u00e9rez Gald\u00f3s\",\"description\":\"\",\"potentialAction\":[{\"@type\":\"SearchAction\",\"target\":{\"@type\":\"EntryPoint\",\"urlTemplate\":\"https:\/\/batallitas.es\/benito-perez-galdos\/?s={search_term_string}\"},\"query-input\":{\"@type\":\"PropertyValueSpecification\",\"valueRequired\":true,\"valueName\":\"search_term_string\"}}],\"inLanguage\":\"es\"},{\"@type\":\"Person\",\"@id\":\"https:\/\/batallitas.es\/benito-perez-galdos\/#\/schema\/person\/2dda07be9325676808524c55b6218a25\",\"name\":\"Benito\",\"image\":{\"@type\":\"ImageObject\",\"inLanguage\":\"es\",\"@id\":\"https:\/\/batallitas.es\/benito-perez-galdos\/#\/schema\/person\/image\/\",\"url\":\"https:\/\/secure.gravatar.com\/avatar\/8695d643bbae3009794e7fc5797055bb?s=96&d=mm&r=g\",\"contentUrl\":\"https:\/\/secure.gravatar.com\/avatar\/8695d643bbae3009794e7fc5797055bb?s=96&d=mm&r=g\",\"caption\":\"Benito\"},\"sameAs\":[\"https:\/\/batallitas.es\/galdos\"],\"url\":\"https:\/\/batallitas.es\/benito-perez-galdos\/author\/benito\/\"}]}<\/script>\n<!-- \/ Yoast SEO plugin. -->","yoast_head_json":{"title":"Art\u00edculos sobre los Episodios Nacionales I - Cronolog\u00eda de la vida y la obra de Benito P\u00e9rez Gald\u00f3s","robots":{"index":"index","follow":"follow","max-snippet":"max-snippet:-1","max-image-preview":"max-image-preview:large","max-video-preview":"max-video-preview:-1"},"canonical":"https:\/\/batallitas.es\/benito-perez-galdos\/articulos-sobre-los-episodios-nacionales-i\/","og_locale":"es_ES","og_type":"article","og_title":"Art\u00edculos sobre los Episodios Nacionales I - Cronolog\u00eda de la vida y la obra de Benito P\u00e9rez Gald\u00f3s","og_description":"He aqu\u00ed una lista de art\u00edculos cient\u00edficos sobre los Episodios Nacionales disponibles en Internet para su descarga gratuita, que han&#46;&#46;&#46;","og_url":"https:\/\/batallitas.es\/benito-perez-galdos\/articulos-sobre-los-episodios-nacionales-i\/","og_site_name":"Cronolog\u00eda de la vida y la obra de Benito P\u00e9rez Gald\u00f3s","article_published_time":"2012-07-31T16:05:57+00:00","og_image":[{"width":1200,"height":630,"url":"https:\/\/batallitas.es\/benito-perez-galdos\/wp-content\/uploads\/2025\/01\/facebook_thumbnail.jpg","type":"image\/jpeg"}],"author":"Benito","twitter_card":"summary_large_image","twitter_misc":{"Escrito por":"Benito","Tiempo de lectura":"1 minuto"},"schema":{"@context":"https:\/\/schema.org","@graph":[{"@type":"WebPage","@id":"https:\/\/batallitas.es\/benito-perez-galdos\/articulos-sobre-los-episodios-nacionales-i\/","url":"https:\/\/batallitas.es\/benito-perez-galdos\/articulos-sobre-los-episodios-nacionales-i\/","name":"Art\u00edculos sobre los Episodios Nacionales I - Cronolog\u00eda de la vida y la obra de Benito P\u00e9rez Gald\u00f3s","isPartOf":{"@id":"https:\/\/batallitas.es\/benito-perez-galdos\/#website"},"primaryImageOfPage":{"@id":"https:\/\/batallitas.es\/benito-perez-galdos\/articulos-sobre-los-episodios-nacionales-i\/#primaryimage"},"image":{"@id":"https:\/\/batallitas.es\/benito-perez-galdos\/articulos-sobre-los-episodios-nacionales-i\/#primaryimage"},"thumbnailUrl":"","datePublished":"2012-07-31T16:05:57+00:00","dateModified":"2012-07-31T16:05:57+00:00","author":{"@id":"https:\/\/batallitas.es\/benito-perez-galdos\/#\/schema\/person\/2dda07be9325676808524c55b6218a25"},"breadcrumb":{"@id":"https:\/\/batallitas.es\/benito-perez-galdos\/articulos-sobre-los-episodios-nacionales-i\/#breadcrumb"},"inLanguage":"es","potentialAction":[{"@type":"ReadAction","target":["https:\/\/batallitas.es\/benito-perez-galdos\/articulos-sobre-los-episodios-nacionales-i\/"]}]},{"@type":"ImageObject","inLanguage":"es","@id":"https:\/\/batallitas.es\/benito-perez-galdos\/articulos-sobre-los-episodios-nacionales-i\/#primaryimage","url":"","contentUrl":""},{"@type":"BreadcrumbList","@id":"https:\/\/batallitas.es\/benito-perez-galdos\/articulos-sobre-los-episodios-nacionales-i\/#breadcrumb","itemListElement":[{"@type":"ListItem","position":1,"name":"Portada","item":"https:\/\/batallitas.es\/benito-perez-galdos\/"},{"@type":"ListItem","position":2,"name":"Art\u00edculos sobre los Episodios Nacionales I"}]},{"@type":"WebSite","@id":"https:\/\/batallitas.es\/benito-perez-galdos\/#website","url":"https:\/\/batallitas.es\/benito-perez-galdos\/","name":"Cronolog\u00eda de la vida y la obra de Benito P\u00e9rez Gald\u00f3s","description":"","potentialAction":[{"@type":"SearchAction","target":{"@type":"EntryPoint","urlTemplate":"https:\/\/batallitas.es\/benito-perez-galdos\/?s={search_term_string}"},"query-input":{"@type":"PropertyValueSpecification","valueRequired":true,"valueName":"search_term_string"}}],"inLanguage":"es"},{"@type":"Person","@id":"https:\/\/batallitas.es\/benito-perez-galdos\/#\/schema\/person\/2dda07be9325676808524c55b6218a25","name":"Benito","image":{"@type":"ImageObject","inLanguage":"es","@id":"https:\/\/batallitas.es\/benito-perez-galdos\/#\/schema\/person\/image\/","url":"https:\/\/secure.gravatar.com\/avatar\/8695d643bbae3009794e7fc5797055bb?s=96&d=mm&r=g","contentUrl":"https:\/\/secure.gravatar.com\/avatar\/8695d643bbae3009794e7fc5797055bb?s=96&d=mm&r=g","caption":"Benito"},"sameAs":["https:\/\/batallitas.es\/galdos"],"url":"https:\/\/batallitas.es\/benito-perez-galdos\/author\/benito\/"}]}},"_links":{"self":[{"href":"https:\/\/batallitas.es\/benito-perez-galdos\/wp-json\/wp\/v2\/posts\/1269","targetHints":{"allow":["GET"]}}],"collection":[{"href":"https:\/\/batallitas.es\/benito-perez-galdos\/wp-json\/wp\/v2\/posts"}],"about":[{"href":"https:\/\/batallitas.es\/benito-perez-galdos\/wp-json\/wp\/v2\/types\/post"}],"author":[{"embeddable":true,"href":"https:\/\/batallitas.es\/benito-perez-galdos\/wp-json\/wp\/v2\/users\/1"}],"replies":[{"embeddable":true,"href":"https:\/\/batallitas.es\/benito-perez-galdos\/wp-json\/wp\/v2\/comments?post=1269"}],"version-history":[{"count":0,"href":"https:\/\/batallitas.es\/benito-perez-galdos\/wp-json\/wp\/v2\/posts\/1269\/revisions"}],"wp:featuredmedia":[{"embeddable":true,"href":"https:\/\/batallitas.es\/benito-perez-galdos\/wp-json\/"}],"wp:attachment":[{"href":"https:\/\/batallitas.es\/benito-perez-galdos\/wp-json\/wp\/v2\/media?parent=1269"}],"wp:term":[{"taxonomy":"category","embeddable":true,"href":"https:\/\/batallitas.es\/benito-perez-galdos\/wp-json\/wp\/v2\/categories?post=1269"},{"taxonomy":"post_tag","embeddable":true,"href":"https:\/\/batallitas.es\/benito-perez-galdos\/wp-json\/wp\/v2\/tags?post=1269"}],"curies":[{"name":"wp","href":"https:\/\/api.w.org\/{rel}","templated":true}]}}