{"id":1271,"date":"2012-08-02T09:33:08","date_gmt":"2012-08-02T09:33:08","guid":{"rendered":"http:\/\/www.benitoperezgaldos.es\/?p=615"},"modified":"2012-08-02T09:33:08","modified_gmt":"2012-08-02T09:33:08","slug":"x-congreso-internacional-galdosiano","status":"publish","type":"post","link":"https:\/\/batallitas.es\/benito-perez-galdos\/x-congreso-internacional-galdosiano\/","title":{"rendered":"X Congreso Internacional Galdosiano"},"content":{"rendered":"<p><strong>X CONGRESO INTERNACIONAL GALDOSIANO<\/strong><\/p>\n<p><strong>150 a\u00f1os de la llegada de Gald\u00f3s a Madrid<\/strong><\/p>\n<p><strong> <\/strong><\/p>\n<p><strong> <\/strong><\/p>\n<p><strong>___________________________________________<\/strong><\/p>\n<p><strong> <\/strong><\/p>\n<div>\n<p><strong>Segunda circular informativa<\/strong><\/p>\n<\/div>\n<p><strong> <\/strong><\/p>\n<p><strong> <\/strong><\/p>\n<p><strong> <\/strong><\/p>\n<ol>\n<li><strong>1. <\/strong><strong>Sobre el contenido del Congreso<\/strong><\/li>\n<\/ol>\n<p><strong> <\/strong><\/p>\n<p>Ante las consultas recibidas sobre el contenido de las secciones tem\u00e1ticas, el Comit\u00e9 Cient\u00edfico ha considerado oportuno modificar la denominaci\u00f3n de las mismas:<\/p>\n<p>&nbsp;<\/p>\n<p>T\u00edtulo general del Congreso:<\/p>\n<p><strong>Gald\u00f3s. Los fundamentos de una \u00e9poca.<\/strong><\/p>\n<p>&nbsp;<\/p>\n<p>Secciones tem\u00e1ticas:<\/p>\n<p><strong>Los fundamentos de la escritura galdosiana<\/strong><\/p>\n<p><strong>Gald\u00f3s y las bases cient\u00edficas del siglo XIX<\/strong><\/p>\n<p><strong>Gald\u00f3s y el debate pol\u00edtico de una \u00e9poca<\/strong><\/p>\n<p><strong> <\/strong><\/p>\n<p><strong> <\/strong><\/p>\n<ol>\n<li><strong>2. <\/strong><strong>Sobre la organizaci\u00f3n del Congreso<\/strong><\/li>\n<\/ol>\n<p><strong> <\/strong><\/p>\n<p>Debido a las circunstancias econ\u00f3micas es posible que el Congreso no pueda hacer frente a los gastos de hospedaje como en otras ocasiones. Se est\u00e1 trabajando en la b\u00fasqueda de alternativas que abaraten los costes de forma que, tanto para la organizaci\u00f3n como para los propios congresistas, los gastos de viaje y estancia se conformen en una oferta conveniente y asequible. De todo ello se dar\u00e1 informaci\u00f3n en la pr\u00f3xima circular informativa.<\/p>\n<p>&nbsp;<\/p>\n<p>Definitivamente, las fechas del congreso ser\u00e1n del 18 al 21 de junio de 2013.<\/p>\n<p>&nbsp;<\/p>\n<p>Se recuerdan los datos expuestos ya en la primera circular en cuanto a plazos e inscripci\u00f3n:<\/p>\n<p>&nbsp;<\/p>\n<p><strong> <\/strong><\/p>\n<p><strong> <\/strong><\/p>\n<p><strong> <\/strong><\/p>\n<p><strong>PLAZOS DE PRESENTACI\u00d3N DE COMUNICACIONES<\/strong><\/p>\n<p><strong><em> <\/em><\/strong><\/p>\n<ul>\n<li><strong>Hasta el 30 de noviembre de 2012: <\/strong>presentaci\u00f3n de un gui\u00f3n razonado de la comunicaci\u00f3n (entre 15 y 30 l\u00edneas), junto a la ficha de preinscripci\u00f3n y el curr\u00edculo abreviado y actualizado del autor.<\/li>\n<li><strong>Diciembre de 2012: <\/strong>reuni\u00f3n del Comit\u00e9 Cient\u00edfico para la selecci\u00f3n de las comunicaciones, y para la distribuci\u00f3n de una nueva circular informativa, en la que se incluir\u00e1 la relaci\u00f3n de las aceptadas. El criterio de aceptaci\u00f3n se fundamentar\u00e1 en la adecuaci\u00f3n a la tem\u00e1tica propuesta, en el inter\u00e9s cient\u00edfico y en la novedad de la investigaci\u00f3n as\u00ed como en el cumplimiento de los plazos y normas de presentaci\u00f3n. Se admitir\u00e1 un m\u00e1ximo de <strong>81 <\/strong>comunicaciones.<\/li>\n<li><strong>30 de junio de 2013: <\/strong>recepci\u00f3n de los textos definitivos y de los res\u00famenes de los mismos. Los textos de las comunicaciones se presentar\u00e1n en papel y en archivo de ordenador (Word para Windows; fuente 12, tipo Times New Roman), la extensi\u00f3n no exceder\u00e1 de 15 folios de 30 l\u00edneas \/ p\u00e1gina por una sola cara, incluyendo las notas, que ir\u00e1n al final de la comunicaci\u00f3n. Los res\u00famenes no exceder\u00e1n de una p\u00e1gina a doble espacio, y se publicar\u00e1n en el programa general del Congreso.<\/li>\n<\/ul>\n<p>&nbsp;<\/p>\n<p>&nbsp;<\/p>\n<p><strong>INSCRIPCI\u00d3N<\/strong><\/p>\n<ul>\n<li><strong>Con comunicaci\u00f3n<\/strong><\/li>\n<\/ul>\n<p>Cuota de inscripci\u00f3n: 60,00 \u20ac Es necesario presentar una copia del justificante de pago.<\/p>\n<p>Plazo de inscripci\u00f3n: <strong>hasta 30 de abril 2013<\/strong><\/p>\n<p><strong> <\/strong><\/p>\n<ul>\n<li><strong>Oyentes<\/strong><\/li>\n<\/ul>\n<p>Cuota de inscripci\u00f3n: 18,00 \u20ac Es necesario presentar una copia del justificante de pago. Los alumnos universitarios tendr\u00e1n un descuento del 50% previa acreditaci\u00f3n.<\/p>\n<p>Plazo de inscripci\u00f3n: <strong>hasta el 15 de mayo de 2013.<\/strong><\/p>\n<p>&nbsp;<\/p>\n<p>El ingreso de la cuota se realizar\u00e1 en:<\/p>\n<p>Cabildo de Gran Canaria (Congreso Galdosiano)<\/p>\n<p>Caja de Ahorros de Canarias<\/p>\n<p>C\/c.: 2052 8130 23 3510001709. Clave: A\/09 \u2500 X Congreso Galdosiano<\/p>\n<p>(El ingreso se puede hacer a trav\u00e9s de la ventanilla de \u201cLa Caja de Ahorros de Canarias\u201d o a trav\u00e9s de Internet.)<\/p>\n<p><strong> <\/strong><\/p>\n<p><strong> <\/strong><\/p>\n<p>Cr\u00e9ditos:<\/p>\n<p>La Universidad de Las Palmas de Gran Canaria otorgar\u00e1 cr\u00e9ditos de libre configuraci\u00f3n por la asistencia al Congreso.<\/p>\n<p>&nbsp;<\/p>\n<p>&nbsp;<\/p>\n<p>Las Palmas de Gran Canaria, a 25 de julio de 2012.<\/p>\n<p>&nbsp;<\/p>\n<p>&nbsp;<\/p>\n<p>&nbsp;<\/p>\n<p>&nbsp;<\/p>\n<p>Rosa Mar\u00eda Quintana Dom\u00ednguez<\/p>\n<p>Directora de la Casa-Museo P\u00e9rez Gald\u00f3s<\/p>\n<p>&nbsp;<\/p>\n<p>&nbsp;<\/p>\n<p>&nbsp;<\/p>\n<p>&nbsp;<\/p>\n<p>&nbsp;<\/p>\n<p>&nbsp;<\/p>\n<p>&nbsp;<\/p>\n<p>&nbsp;<\/p>\n<p>IX Congreso Internacional Galdosiano<\/p>\n<p>Casa-Museo P\u00e9rez Gald\u00f3s<\/p>\n<p>C\/ Cano, 2 y 6<\/p>\n<p>35002 Las Palmas de Gran Canaria<\/p>\n<p>Tfs.: (9)28 366 976 \/ 373 745<\/p>\n<p>Fax: (9) 28 373 734<\/p>\n<p><a href=\"mailto:congresogaldosiano@grancanaria.com\">congresogaldosiano@grancanaria.com<\/a><\/p>\n<p>Informaci\u00f3n:<\/p>\n<p><a href=\"http:\/\/www.casamuseoperezgaldos.com\/\">www.casamuseoperezgaldos.com<\/a><\/p>\n<p>&nbsp;<\/p>\n","protected":false},"excerpt":{"rendered":"<p>X CONGRESO INTERNACIONAL GALDOSIANO 150 a\u00f1os de la llegada de Gald\u00f3s a Madrid ___________________________________________ Segunda circular informativa 1. Sobre el&#46;&#46;&#46;<\/p>\n","protected":false},"author":1,"featured_media":6991,"comment_status":"open","ping_status":"open","sticky":false,"template":"","format":"standard","meta":{"footnotes":""},"categories":[3,41,40,81],"tags":[],"class_list":["post-1271","post","type-post","status-publish","format-standard","has-post-thumbnail","hentry","category-benito-perez-galdos","category-casa-museo-perez-galdos","category-congreso-galdosiano","category-las-palmas-de-gran-canaria"],"yoast_head":"<!-- This site is optimized with the Yoast SEO plugin v24.3 - https:\/\/yoast.com\/wordpress\/plugins\/seo\/ -->\n<title>X Congreso Internacional Galdosiano - Cronolog\u00eda de la vida y la obra de Benito P\u00e9rez Gald\u00f3s<\/title>\n<meta name=\"robots\" content=\"index, follow, max-snippet:-1, max-image-preview:large, max-video-preview:-1\" \/>\n<link rel=\"canonical\" href=\"https:\/\/batallitas.es\/benito-perez-galdos\/x-congreso-internacional-galdosiano\/\" \/>\n<meta property=\"og:locale\" content=\"es_ES\" \/>\n<meta property=\"og:type\" content=\"article\" \/>\n<meta property=\"og:title\" content=\"X Congreso Internacional Galdosiano - Cronolog\u00eda de la vida y la obra de Benito P\u00e9rez Gald\u00f3s\" \/>\n<meta property=\"og:description\" content=\"X CONGRESO INTERNACIONAL GALDOSIANO 150 a\u00f1os de la llegada de Gald\u00f3s a Madrid ___________________________________________ Segunda circular informativa 1. Sobre el&#046;&#046;&#046;\" \/>\n<meta property=\"og:url\" content=\"https:\/\/batallitas.es\/benito-perez-galdos\/x-congreso-internacional-galdosiano\/\" \/>\n<meta property=\"og:site_name\" content=\"Cronolog\u00eda de la vida y la obra de Benito P\u00e9rez Gald\u00f3s\" \/>\n<meta property=\"article:published_time\" content=\"2012-08-02T09:33:08+00:00\" \/>\n<meta property=\"og:image\" content=\"https:\/\/batallitas.es\/benito-perez-galdos\/wp-content\/uploads\/2025\/01\/facebook_thumbnail.jpg\" \/>\n\t<meta property=\"og:image:width\" content=\"1200\" \/>\n\t<meta property=\"og:image:height\" content=\"630\" \/>\n\t<meta property=\"og:image:type\" content=\"image\/jpeg\" \/>\n<meta name=\"author\" content=\"Benito\" \/>\n<meta name=\"twitter:card\" content=\"summary_large_image\" \/>\n<meta name=\"twitter:label1\" content=\"Escrito por\" \/>\n\t<meta name=\"twitter:data1\" content=\"Benito\" \/>\n\t<meta name=\"twitter:label2\" content=\"Tiempo de lectura\" \/>\n\t<meta name=\"twitter:data2\" content=\"3 minutos\" \/>\n<script type=\"application\/ld+json\" class=\"yoast-schema-graph\">{\"@context\":\"https:\/\/schema.org\",\"@graph\":[{\"@type\":\"WebPage\",\"@id\":\"https:\/\/batallitas.es\/benito-perez-galdos\/x-congreso-internacional-galdosiano\/\",\"url\":\"https:\/\/batallitas.es\/benito-perez-galdos\/x-congreso-internacional-galdosiano\/\",\"name\":\"X Congreso Internacional Galdosiano - Cronolog\u00eda de la vida y la obra de Benito P\u00e9rez Gald\u00f3s\",\"isPartOf\":{\"@id\":\"https:\/\/batallitas.es\/benito-perez-galdos\/#website\"},\"primaryImageOfPage\":{\"@id\":\"https:\/\/batallitas.es\/benito-perez-galdos\/x-congreso-internacional-galdosiano\/#primaryimage\"},\"image\":{\"@id\":\"https:\/\/batallitas.es\/benito-perez-galdos\/x-congreso-internacional-galdosiano\/#primaryimage\"},\"thumbnailUrl\":\"\",\"datePublished\":\"2012-08-02T09:33:08+00:00\",\"dateModified\":\"2012-08-02T09:33:08+00:00\",\"author\":{\"@id\":\"https:\/\/batallitas.es\/benito-perez-galdos\/#\/schema\/person\/2dda07be9325676808524c55b6218a25\"},\"breadcrumb\":{\"@id\":\"https:\/\/batallitas.es\/benito-perez-galdos\/x-congreso-internacional-galdosiano\/#breadcrumb\"},\"inLanguage\":\"es\",\"potentialAction\":[{\"@type\":\"ReadAction\",\"target\":[\"https:\/\/batallitas.es\/benito-perez-galdos\/x-congreso-internacional-galdosiano\/\"]}]},{\"@type\":\"ImageObject\",\"inLanguage\":\"es\",\"@id\":\"https:\/\/batallitas.es\/benito-perez-galdos\/x-congreso-internacional-galdosiano\/#primaryimage\",\"url\":\"\",\"contentUrl\":\"\"},{\"@type\":\"BreadcrumbList\",\"@id\":\"https:\/\/batallitas.es\/benito-perez-galdos\/x-congreso-internacional-galdosiano\/#breadcrumb\",\"itemListElement\":[{\"@type\":\"ListItem\",\"position\":1,\"name\":\"Portada\",\"item\":\"https:\/\/batallitas.es\/benito-perez-galdos\/\"},{\"@type\":\"ListItem\",\"position\":2,\"name\":\"X Congreso Internacional Galdosiano\"}]},{\"@type\":\"WebSite\",\"@id\":\"https:\/\/batallitas.es\/benito-perez-galdos\/#website\",\"url\":\"https:\/\/batallitas.es\/benito-perez-galdos\/\",\"name\":\"Cronolog\u00eda de la vida y la obra de Benito P\u00e9rez Gald\u00f3s\",\"description\":\"\",\"potentialAction\":[{\"@type\":\"SearchAction\",\"target\":{\"@type\":\"EntryPoint\",\"urlTemplate\":\"https:\/\/batallitas.es\/benito-perez-galdos\/?s={search_term_string}\"},\"query-input\":{\"@type\":\"PropertyValueSpecification\",\"valueRequired\":true,\"valueName\":\"search_term_string\"}}],\"inLanguage\":\"es\"},{\"@type\":\"Person\",\"@id\":\"https:\/\/batallitas.es\/benito-perez-galdos\/#\/schema\/person\/2dda07be9325676808524c55b6218a25\",\"name\":\"Benito\",\"image\":{\"@type\":\"ImageObject\",\"inLanguage\":\"es\",\"@id\":\"https:\/\/batallitas.es\/benito-perez-galdos\/#\/schema\/person\/image\/\",\"url\":\"https:\/\/secure.gravatar.com\/avatar\/8695d643bbae3009794e7fc5797055bb?s=96&d=mm&r=g\",\"contentUrl\":\"https:\/\/secure.gravatar.com\/avatar\/8695d643bbae3009794e7fc5797055bb?s=96&d=mm&r=g\",\"caption\":\"Benito\"},\"sameAs\":[\"https:\/\/batallitas.es\/galdos\"],\"url\":\"https:\/\/batallitas.es\/benito-perez-galdos\/author\/benito\/\"}]}<\/script>\n<!-- \/ Yoast SEO plugin. -->","yoast_head_json":{"title":"X Congreso Internacional Galdosiano - Cronolog\u00eda de la vida y la obra de Benito P\u00e9rez Gald\u00f3s","robots":{"index":"index","follow":"follow","max-snippet":"max-snippet:-1","max-image-preview":"max-image-preview:large","max-video-preview":"max-video-preview:-1"},"canonical":"https:\/\/batallitas.es\/benito-perez-galdos\/x-congreso-internacional-galdosiano\/","og_locale":"es_ES","og_type":"article","og_title":"X Congreso Internacional Galdosiano - Cronolog\u00eda de la vida y la obra de Benito P\u00e9rez Gald\u00f3s","og_description":"X CONGRESO INTERNACIONAL GALDOSIANO 150 a\u00f1os de la llegada de Gald\u00f3s a Madrid ___________________________________________ Segunda circular informativa 1. Sobre el&#46;&#46;&#46;","og_url":"https:\/\/batallitas.es\/benito-perez-galdos\/x-congreso-internacional-galdosiano\/","og_site_name":"Cronolog\u00eda de la vida y la obra de Benito P\u00e9rez Gald\u00f3s","article_published_time":"2012-08-02T09:33:08+00:00","og_image":[{"width":1200,"height":630,"url":"https:\/\/batallitas.es\/benito-perez-galdos\/wp-content\/uploads\/2025\/01\/facebook_thumbnail.jpg","type":"image\/jpeg"}],"author":"Benito","twitter_card":"summary_large_image","twitter_misc":{"Escrito por":"Benito","Tiempo de lectura":"3 minutos"},"schema":{"@context":"https:\/\/schema.org","@graph":[{"@type":"WebPage","@id":"https:\/\/batallitas.es\/benito-perez-galdos\/x-congreso-internacional-galdosiano\/","url":"https:\/\/batallitas.es\/benito-perez-galdos\/x-congreso-internacional-galdosiano\/","name":"X Congreso Internacional Galdosiano - Cronolog\u00eda de la vida y la obra de Benito P\u00e9rez Gald\u00f3s","isPartOf":{"@id":"https:\/\/batallitas.es\/benito-perez-galdos\/#website"},"primaryImageOfPage":{"@id":"https:\/\/batallitas.es\/benito-perez-galdos\/x-congreso-internacional-galdosiano\/#primaryimage"},"image":{"@id":"https:\/\/batallitas.es\/benito-perez-galdos\/x-congreso-internacional-galdosiano\/#primaryimage"},"thumbnailUrl":"","datePublished":"2012-08-02T09:33:08+00:00","dateModified":"2012-08-02T09:33:08+00:00","author":{"@id":"https:\/\/batallitas.es\/benito-perez-galdos\/#\/schema\/person\/2dda07be9325676808524c55b6218a25"},"breadcrumb":{"@id":"https:\/\/batallitas.es\/benito-perez-galdos\/x-congreso-internacional-galdosiano\/#breadcrumb"},"inLanguage":"es","potentialAction":[{"@type":"ReadAction","target":["https:\/\/batallitas.es\/benito-perez-galdos\/x-congreso-internacional-galdosiano\/"]}]},{"@type":"ImageObject","inLanguage":"es","@id":"https:\/\/batallitas.es\/benito-perez-galdos\/x-congreso-internacional-galdosiano\/#primaryimage","url":"","contentUrl":""},{"@type":"BreadcrumbList","@id":"https:\/\/batallitas.es\/benito-perez-galdos\/x-congreso-internacional-galdosiano\/#breadcrumb","itemListElement":[{"@type":"ListItem","position":1,"name":"Portada","item":"https:\/\/batallitas.es\/benito-perez-galdos\/"},{"@type":"ListItem","position":2,"name":"X Congreso Internacional Galdosiano"}]},{"@type":"WebSite","@id":"https:\/\/batallitas.es\/benito-perez-galdos\/#website","url":"https:\/\/batallitas.es\/benito-perez-galdos\/","name":"Cronolog\u00eda de la vida y la obra de Benito P\u00e9rez Gald\u00f3s","description":"","potentialAction":[{"@type":"SearchAction","target":{"@type":"EntryPoint","urlTemplate":"https:\/\/batallitas.es\/benito-perez-galdos\/?s={search_term_string}"},"query-input":{"@type":"PropertyValueSpecification","valueRequired":true,"valueName":"search_term_string"}}],"inLanguage":"es"},{"@type":"Person","@id":"https:\/\/batallitas.es\/benito-perez-galdos\/#\/schema\/person\/2dda07be9325676808524c55b6218a25","name":"Benito","image":{"@type":"ImageObject","inLanguage":"es","@id":"https:\/\/batallitas.es\/benito-perez-galdos\/#\/schema\/person\/image\/","url":"https:\/\/secure.gravatar.com\/avatar\/8695d643bbae3009794e7fc5797055bb?s=96&d=mm&r=g","contentUrl":"https:\/\/secure.gravatar.com\/avatar\/8695d643bbae3009794e7fc5797055bb?s=96&d=mm&r=g","caption":"Benito"},"sameAs":["https:\/\/batallitas.es\/galdos"],"url":"https:\/\/batallitas.es\/benito-perez-galdos\/author\/benito\/"}]}},"_links":{"self":[{"href":"https:\/\/batallitas.es\/benito-perez-galdos\/wp-json\/wp\/v2\/posts\/1271","targetHints":{"allow":["GET"]}}],"collection":[{"href":"https:\/\/batallitas.es\/benito-perez-galdos\/wp-json\/wp\/v2\/posts"}],"about":[{"href":"https:\/\/batallitas.es\/benito-perez-galdos\/wp-json\/wp\/v2\/types\/post"}],"author":[{"embeddable":true,"href":"https:\/\/batallitas.es\/benito-perez-galdos\/wp-json\/wp\/v2\/users\/1"}],"replies":[{"embeddable":true,"href":"https:\/\/batallitas.es\/benito-perez-galdos\/wp-json\/wp\/v2\/comments?post=1271"}],"version-history":[{"count":0,"href":"https:\/\/batallitas.es\/benito-perez-galdos\/wp-json\/wp\/v2\/posts\/1271\/revisions"}],"wp:featuredmedia":[{"embeddable":true,"href":"https:\/\/batallitas.es\/benito-perez-galdos\/wp-json\/"}],"wp:attachment":[{"href":"https:\/\/batallitas.es\/benito-perez-galdos\/wp-json\/wp\/v2\/media?parent=1271"}],"wp:term":[{"taxonomy":"category","embeddable":true,"href":"https:\/\/batallitas.es\/benito-perez-galdos\/wp-json\/wp\/v2\/categories?post=1271"},{"taxonomy":"post_tag","embeddable":true,"href":"https:\/\/batallitas.es\/benito-perez-galdos\/wp-json\/wp\/v2\/tags?post=1271"}],"curies":[{"name":"wp","href":"https:\/\/api.w.org\/{rel}","templated":true}]}}