{"id":1275,"date":"2012-08-20T11:20:23","date_gmt":"2012-08-20T11:20:23","guid":{"rendered":"http:\/\/www.benitoperezgaldos.es\/?p=665"},"modified":"2012-08-20T11:20:23","modified_gmt":"2012-08-20T11:20:23","slug":"documento-prologo-de-maximiano-garcia-venero-a-la-antologia","status":"publish","type":"post","link":"https:\/\/batallitas.es\/benito-perez-galdos\/documento-prologo-de-maximiano-garcia-venero-a-la-antologia\/","title":{"rendered":"[Documento] Pr\u00f3logo de Maximiano Garc\u00eda Venero a la Antolog\u00eda Nacional"},"content":{"rendered":"<p>Referencia bibliogr\u00e1fica: GARC\u00cdA VENERO, Maximiano. (1944): Pr\u00f3logo a la \u00abAntolog\u00eda nacional\u00bb de los Episodios Nacionales de Benito P\u00e9rez Gald\u00f3s. Breviarios del pensamiento espa\u00f1ol. Ediciones Fe, Madrid.<\/p>\n<p><a href=\"http:\/\/www.benitoperezgaldos.es\/wp-content\/uploads\/prologo.venero.pdf\">Descargar<\/a><\/p>\n","protected":false},"excerpt":{"rendered":"<p>Referencia bibliogr\u00e1fica: GARC\u00cdA VENERO, Maximiano. (1944): Pr\u00f3logo a la \u00abAntolog\u00eda nacional\u00bb de los Episodios Nacionales de Benito P\u00e9rez Gald\u00f3s. Breviarios&#46;&#46;&#46;<\/p>\n","protected":false},"author":1,"featured_media":6991,"comment_status":"open","ping_status":"open","sticky":false,"template":"","format":"standard","meta":{"footnotes":""},"categories":[3,37,34],"tags":[],"class_list":["post-1275","post","type-post","status-publish","format-standard","has-post-thumbnail","hentry","category-benito-perez-galdos","category-episodios-nacionales","category-prologo"],"yoast_head":"<!-- This site is optimized with the Yoast SEO plugin v24.3 - https:\/\/yoast.com\/wordpress\/plugins\/seo\/ -->\n<title>[Documento] Pr\u00f3logo de Maximiano Garc\u00eda Venero a la Antolog\u00eda Nacional - Cronolog\u00eda de la vida y la obra de Benito P\u00e9rez Gald\u00f3s<\/title>\n<meta name=\"robots\" content=\"index, follow, max-snippet:-1, max-image-preview:large, max-video-preview:-1\" \/>\n<link rel=\"canonical\" href=\"https:\/\/batallitas.es\/benito-perez-galdos\/documento-prologo-de-maximiano-garcia-venero-a-la-antologia\/\" \/>\n<meta property=\"og:locale\" content=\"es_ES\" \/>\n<meta property=\"og:type\" content=\"article\" \/>\n<meta property=\"og:title\" content=\"[Documento] Pr\u00f3logo de Maximiano Garc\u00eda Venero a la Antolog\u00eda Nacional - Cronolog\u00eda de la vida y la obra de Benito P\u00e9rez Gald\u00f3s\" \/>\n<meta property=\"og:description\" content=\"Referencia bibliogr\u00e1fica: GARC\u00cdA VENERO, Maximiano. (1944): Pr\u00f3logo a la \u00abAntolog\u00eda nacional\u00bb de los Episodios Nacionales de Benito P\u00e9rez Gald\u00f3s. Breviarios&#046;&#046;&#046;\" \/>\n<meta property=\"og:url\" content=\"https:\/\/batallitas.es\/benito-perez-galdos\/documento-prologo-de-maximiano-garcia-venero-a-la-antologia\/\" \/>\n<meta property=\"og:site_name\" content=\"Cronolog\u00eda de la vida y la obra de Benito P\u00e9rez Gald\u00f3s\" \/>\n<meta property=\"article:published_time\" content=\"2012-08-20T11:20:23+00:00\" \/>\n<meta property=\"og:image\" content=\"https:\/\/batallitas.es\/benito-perez-galdos\/wp-content\/uploads\/2025\/01\/facebook_thumbnail.jpg\" \/>\n\t<meta property=\"og:image:width\" content=\"1200\" \/>\n\t<meta property=\"og:image:height\" content=\"630\" \/>\n\t<meta property=\"og:image:type\" content=\"image\/jpeg\" \/>\n<meta name=\"author\" content=\"Benito\" \/>\n<meta name=\"twitter:card\" content=\"summary_large_image\" \/>\n<meta name=\"twitter:label1\" content=\"Escrito por\" \/>\n\t<meta name=\"twitter:data1\" content=\"Benito\" \/>\n<script type=\"application\/ld+json\" class=\"yoast-schema-graph\">{\"@context\":\"https:\/\/schema.org\",\"@graph\":[{\"@type\":\"WebPage\",\"@id\":\"https:\/\/batallitas.es\/benito-perez-galdos\/documento-prologo-de-maximiano-garcia-venero-a-la-antologia\/\",\"url\":\"https:\/\/batallitas.es\/benito-perez-galdos\/documento-prologo-de-maximiano-garcia-venero-a-la-antologia\/\",\"name\":\"[Documento] Pr\u00f3logo de Maximiano Garc\u00eda Venero a la Antolog\u00eda Nacional - Cronolog\u00eda de la vida y la obra de Benito P\u00e9rez Gald\u00f3s\",\"isPartOf\":{\"@id\":\"https:\/\/batallitas.es\/benito-perez-galdos\/#website\"},\"primaryImageOfPage\":{\"@id\":\"https:\/\/batallitas.es\/benito-perez-galdos\/documento-prologo-de-maximiano-garcia-venero-a-la-antologia\/#primaryimage\"},\"image\":{\"@id\":\"https:\/\/batallitas.es\/benito-perez-galdos\/documento-prologo-de-maximiano-garcia-venero-a-la-antologia\/#primaryimage\"},\"thumbnailUrl\":\"\",\"datePublished\":\"2012-08-20T11:20:23+00:00\",\"dateModified\":\"2012-08-20T11:20:23+00:00\",\"author\":{\"@id\":\"https:\/\/batallitas.es\/benito-perez-galdos\/#\/schema\/person\/2dda07be9325676808524c55b6218a25\"},\"breadcrumb\":{\"@id\":\"https:\/\/batallitas.es\/benito-perez-galdos\/documento-prologo-de-maximiano-garcia-venero-a-la-antologia\/#breadcrumb\"},\"inLanguage\":\"es\",\"potentialAction\":[{\"@type\":\"ReadAction\",\"target\":[\"https:\/\/batallitas.es\/benito-perez-galdos\/documento-prologo-de-maximiano-garcia-venero-a-la-antologia\/\"]}]},{\"@type\":\"ImageObject\",\"inLanguage\":\"es\",\"@id\":\"https:\/\/batallitas.es\/benito-perez-galdos\/documento-prologo-de-maximiano-garcia-venero-a-la-antologia\/#primaryimage\",\"url\":\"\",\"contentUrl\":\"\"},{\"@type\":\"BreadcrumbList\",\"@id\":\"https:\/\/batallitas.es\/benito-perez-galdos\/documento-prologo-de-maximiano-garcia-venero-a-la-antologia\/#breadcrumb\",\"itemListElement\":[{\"@type\":\"ListItem\",\"position\":1,\"name\":\"Portada\",\"item\":\"https:\/\/batallitas.es\/benito-perez-galdos\/\"},{\"@type\":\"ListItem\",\"position\":2,\"name\":\"[Documento] Pr\u00f3logo de Maximiano Garc\u00eda Venero a la Antolog\u00eda Nacional\"}]},{\"@type\":\"WebSite\",\"@id\":\"https:\/\/batallitas.es\/benito-perez-galdos\/#website\",\"url\":\"https:\/\/batallitas.es\/benito-perez-galdos\/\",\"name\":\"Cronolog\u00eda de la vida y la obra de Benito P\u00e9rez Gald\u00f3s\",\"description\":\"\",\"potentialAction\":[{\"@type\":\"SearchAction\",\"target\":{\"@type\":\"EntryPoint\",\"urlTemplate\":\"https:\/\/batallitas.es\/benito-perez-galdos\/?s={search_term_string}\"},\"query-input\":{\"@type\":\"PropertyValueSpecification\",\"valueRequired\":true,\"valueName\":\"search_term_string\"}}],\"inLanguage\":\"es\"},{\"@type\":\"Person\",\"@id\":\"https:\/\/batallitas.es\/benito-perez-galdos\/#\/schema\/person\/2dda07be9325676808524c55b6218a25\",\"name\":\"Benito\",\"image\":{\"@type\":\"ImageObject\",\"inLanguage\":\"es\",\"@id\":\"https:\/\/batallitas.es\/benito-perez-galdos\/#\/schema\/person\/image\/\",\"url\":\"https:\/\/secure.gravatar.com\/avatar\/8695d643bbae3009794e7fc5797055bb?s=96&d=mm&r=g\",\"contentUrl\":\"https:\/\/secure.gravatar.com\/avatar\/8695d643bbae3009794e7fc5797055bb?s=96&d=mm&r=g\",\"caption\":\"Benito\"},\"sameAs\":[\"https:\/\/batallitas.es\/galdos\"],\"url\":\"https:\/\/batallitas.es\/benito-perez-galdos\/author\/benito\/\"}]}<\/script>\n<!-- \/ Yoast SEO plugin. -->","yoast_head_json":{"title":"[Documento] Pr\u00f3logo de Maximiano Garc\u00eda Venero a la Antolog\u00eda Nacional - Cronolog\u00eda de la vida y la obra de Benito P\u00e9rez Gald\u00f3s","robots":{"index":"index","follow":"follow","max-snippet":"max-snippet:-1","max-image-preview":"max-image-preview:large","max-video-preview":"max-video-preview:-1"},"canonical":"https:\/\/batallitas.es\/benito-perez-galdos\/documento-prologo-de-maximiano-garcia-venero-a-la-antologia\/","og_locale":"es_ES","og_type":"article","og_title":"[Documento] Pr\u00f3logo de Maximiano Garc\u00eda Venero a la Antolog\u00eda Nacional - Cronolog\u00eda de la vida y la obra de Benito P\u00e9rez Gald\u00f3s","og_description":"Referencia bibliogr\u00e1fica: GARC\u00cdA VENERO, Maximiano. (1944): Pr\u00f3logo a la \u00abAntolog\u00eda nacional\u00bb de los Episodios Nacionales de Benito P\u00e9rez Gald\u00f3s. Breviarios&#46;&#46;&#46;","og_url":"https:\/\/batallitas.es\/benito-perez-galdos\/documento-prologo-de-maximiano-garcia-venero-a-la-antologia\/","og_site_name":"Cronolog\u00eda de la vida y la obra de Benito P\u00e9rez Gald\u00f3s","article_published_time":"2012-08-20T11:20:23+00:00","og_image":[{"width":1200,"height":630,"url":"https:\/\/batallitas.es\/benito-perez-galdos\/wp-content\/uploads\/2025\/01\/facebook_thumbnail.jpg","type":"image\/jpeg"}],"author":"Benito","twitter_card":"summary_large_image","twitter_misc":{"Escrito por":"Benito"},"schema":{"@context":"https:\/\/schema.org","@graph":[{"@type":"WebPage","@id":"https:\/\/batallitas.es\/benito-perez-galdos\/documento-prologo-de-maximiano-garcia-venero-a-la-antologia\/","url":"https:\/\/batallitas.es\/benito-perez-galdos\/documento-prologo-de-maximiano-garcia-venero-a-la-antologia\/","name":"[Documento] Pr\u00f3logo de Maximiano Garc\u00eda Venero a la Antolog\u00eda Nacional - Cronolog\u00eda de la vida y la obra de Benito P\u00e9rez Gald\u00f3s","isPartOf":{"@id":"https:\/\/batallitas.es\/benito-perez-galdos\/#website"},"primaryImageOfPage":{"@id":"https:\/\/batallitas.es\/benito-perez-galdos\/documento-prologo-de-maximiano-garcia-venero-a-la-antologia\/#primaryimage"},"image":{"@id":"https:\/\/batallitas.es\/benito-perez-galdos\/documento-prologo-de-maximiano-garcia-venero-a-la-antologia\/#primaryimage"},"thumbnailUrl":"","datePublished":"2012-08-20T11:20:23+00:00","dateModified":"2012-08-20T11:20:23+00:00","author":{"@id":"https:\/\/batallitas.es\/benito-perez-galdos\/#\/schema\/person\/2dda07be9325676808524c55b6218a25"},"breadcrumb":{"@id":"https:\/\/batallitas.es\/benito-perez-galdos\/documento-prologo-de-maximiano-garcia-venero-a-la-antologia\/#breadcrumb"},"inLanguage":"es","potentialAction":[{"@type":"ReadAction","target":["https:\/\/batallitas.es\/benito-perez-galdos\/documento-prologo-de-maximiano-garcia-venero-a-la-antologia\/"]}]},{"@type":"ImageObject","inLanguage":"es","@id":"https:\/\/batallitas.es\/benito-perez-galdos\/documento-prologo-de-maximiano-garcia-venero-a-la-antologia\/#primaryimage","url":"","contentUrl":""},{"@type":"BreadcrumbList","@id":"https:\/\/batallitas.es\/benito-perez-galdos\/documento-prologo-de-maximiano-garcia-venero-a-la-antologia\/#breadcrumb","itemListElement":[{"@type":"ListItem","position":1,"name":"Portada","item":"https:\/\/batallitas.es\/benito-perez-galdos\/"},{"@type":"ListItem","position":2,"name":"[Documento] Pr\u00f3logo de Maximiano Garc\u00eda Venero a la Antolog\u00eda Nacional"}]},{"@type":"WebSite","@id":"https:\/\/batallitas.es\/benito-perez-galdos\/#website","url":"https:\/\/batallitas.es\/benito-perez-galdos\/","name":"Cronolog\u00eda de la vida y la obra de Benito P\u00e9rez Gald\u00f3s","description":"","potentialAction":[{"@type":"SearchAction","target":{"@type":"EntryPoint","urlTemplate":"https:\/\/batallitas.es\/benito-perez-galdos\/?s={search_term_string}"},"query-input":{"@type":"PropertyValueSpecification","valueRequired":true,"valueName":"search_term_string"}}],"inLanguage":"es"},{"@type":"Person","@id":"https:\/\/batallitas.es\/benito-perez-galdos\/#\/schema\/person\/2dda07be9325676808524c55b6218a25","name":"Benito","image":{"@type":"ImageObject","inLanguage":"es","@id":"https:\/\/batallitas.es\/benito-perez-galdos\/#\/schema\/person\/image\/","url":"https:\/\/secure.gravatar.com\/avatar\/8695d643bbae3009794e7fc5797055bb?s=96&d=mm&r=g","contentUrl":"https:\/\/secure.gravatar.com\/avatar\/8695d643bbae3009794e7fc5797055bb?s=96&d=mm&r=g","caption":"Benito"},"sameAs":["https:\/\/batallitas.es\/galdos"],"url":"https:\/\/batallitas.es\/benito-perez-galdos\/author\/benito\/"}]}},"_links":{"self":[{"href":"https:\/\/batallitas.es\/benito-perez-galdos\/wp-json\/wp\/v2\/posts\/1275","targetHints":{"allow":["GET"]}}],"collection":[{"href":"https:\/\/batallitas.es\/benito-perez-galdos\/wp-json\/wp\/v2\/posts"}],"about":[{"href":"https:\/\/batallitas.es\/benito-perez-galdos\/wp-json\/wp\/v2\/types\/post"}],"author":[{"embeddable":true,"href":"https:\/\/batallitas.es\/benito-perez-galdos\/wp-json\/wp\/v2\/users\/1"}],"replies":[{"embeddable":true,"href":"https:\/\/batallitas.es\/benito-perez-galdos\/wp-json\/wp\/v2\/comments?post=1275"}],"version-history":[{"count":0,"href":"https:\/\/batallitas.es\/benito-perez-galdos\/wp-json\/wp\/v2\/posts\/1275\/revisions"}],"wp:featuredmedia":[{"embeddable":true,"href":"https:\/\/batallitas.es\/benito-perez-galdos\/wp-json\/"}],"wp:attachment":[{"href":"https:\/\/batallitas.es\/benito-perez-galdos\/wp-json\/wp\/v2\/media?parent=1275"}],"wp:term":[{"taxonomy":"category","embeddable":true,"href":"https:\/\/batallitas.es\/benito-perez-galdos\/wp-json\/wp\/v2\/categories?post=1275"},{"taxonomy":"post_tag","embeddable":true,"href":"https:\/\/batallitas.es\/benito-perez-galdos\/wp-json\/wp\/v2\/tags?post=1275"}],"curies":[{"name":"wp","href":"https:\/\/api.w.org\/{rel}","templated":true}]}}