{"id":1281,"date":"2012-09-16T09:01:51","date_gmt":"2012-09-16T09:01:51","guid":{"rendered":"http:\/\/www.benitoperezgaldos.es\/?p=772"},"modified":"2012-09-16T09:01:51","modified_gmt":"2012-09-16T09:01:51","slug":"tesis-doctoral-aspectos-espaciales-y-visuales-en-las-primeras-novelas-contemporaneas-de-don-benito-perez-galdos-y-su-repercusion-en-la-novela-espanola-actual-de-maria-cristina-arroyo-diez","status":"publish","type":"post","link":"https:\/\/batallitas.es\/benito-perez-galdos\/tesis-doctoral-aspectos-espaciales-y-visuales-en-las-primeras-novelas-contemporaneas-de-don-benito-perez-galdos-y-su-repercusion-en-la-novela-espanola-actual-de-maria-cristina-arroyo-diez\/","title":{"rendered":"[Tesis doctoral] Aspectos espaciales y visuales en las primeras novelas contempor\u00e1neas de don Benito P\u00e9rez Gald\u00f3s y su repercusi\u00f3n en la novela espa\u00f1ola actual, de Mar\u00eda Cristina Arroyo D\u00edez"},"content":{"rendered":"<p>T\u00edtulo:&nbsp;Aspectos espaciales y visuales en las primeras novelas contempor\u00e1neas de don Benito P\u00e9rez Gald\u00f3s y su repercusi\u00f3n en la novela espa\u00f1ola actual<\/p>\n<p>Autor:&nbsp;<a href=\"http:\/\/uvadoc.uva.es\/browse?type=author&amp;value=Arroyo+D%C3%ADez%2C+Mar%C3%ADa+Cristina\">Arroyo D\u00edez, Mar\u00eda Cristina<\/a><\/p>\n<p><a href=\"http:\/\/uvadoc.uva.es\/browse?type=author&amp;value=Arroyo+D%C3%ADez%2C+Mar%C3%ADa+Cristina\"><\/a>Editor:&nbsp;<a href=\"http:\/\/uvadoc.uva.es\/browse?type=author&amp;value=Universidad+de+Valladolid.+Facultad+de+Filosof%C3%ADa+y+Letras\">Universidad de Valladolid. Facultad de Filosof\u00eda y Letras<\/a><\/p>\n<p><a href=\"http:\/\/uvadoc.uva.es\/browse?type=author&amp;value=Universidad+de+Valladolid.+Facultad+de+Filosof%C3%ADa+y+Letras\"><\/a>Director o Tutor:&nbsp;<a href=\"http:\/\/uvadoc.uva.es\/browse?type=author&amp;value=Rodr%C3%ADguez+Peque%C3%B1o%2C+Mercedes%2C+dir.\">Rodr\u00edguez Peque\u00f1o, Mercedes, dir.<\/a>Fecha del Documento:&nbsp;2011<\/p>\n<p>Resumen:&nbsp;La visualidad tiene una gran importancia en la sociedad actual. Por eso es de gran inter\u00e9s estudiar lo visual en un medio en el que no estamos acostumbrados: como la narrativa. Los elementos visuales se integran en el espacio, que en las novelas de Gald\u00f3s se pueden dividir en positivos y negativos. Dentro de los primeros destacan los \u00e1mbitos exteriores, como las calles de Madrid. Dentro de los negativos se encuentran espacios como la casa, la escuela o la c\u00e1rcel. El tratamiento visual de los personajes va desde los aspectos m\u00e1s concretos, como es la descripci\u00f3n de los mismos, a los m\u00e1s abstractos, como es la representaci\u00f3n de las im\u00e1genes que pasan por su mente a modo de recuerdos, sue\u00f1os y alucinaciones. Tambi\u00e9n destaca la menci\u00f3n de obras de arte, que encubre una cr\u00edtica social, y la representaci\u00f3n del movimiento.<\/p>\n<p>Materia:&nbsp;Novela espa\u00f1ola-Siglo XIX-XX&nbsp;P\u00e9rez Gald\u00f3s, Benito (1843-1920)-Cr\u00edtica e interpretaci\u00f3n<\/p>\n<p>Departamento:&nbsp;Departamento de Literatura Espa\u00f1ola y Teor\u00eda de la Literatura y Literatura Comparada<\/p>\n<p>Acceso al cat\u00e1logo:&nbsp;<a href=\"http:\/\/almena.uva.es\/record=b1626457\">b1626457<\/a><\/p>\n<p><a href=\"http:\/\/almena.uva.es\/record=b1626457\"><\/a>Idioma:&nbsp;spa<\/p>\n<p>URI:&nbsp;<a href=\"http:\/\/uvadoc.uva.es\/handle\/10324\/882\">http:\/\/uvadoc.uva.es\/handle\/10324\/882<\/a><\/p>\n<p><a href=\"http:\/\/uvadoc.uva.es\/handle\/10324\/882\"><\/a>Derechos:&nbsp;info:eu-repo\/semantics\/openAccess<\/p>\n<p>Aparece en las colecciones:<a href=\"http:\/\/uvadoc.uva.es\/handle\/10324\/41\">Tesis doctorales UVa<\/a><\/p>\n<p><a title=\"descarga\" href=\"http:\/\/uvadoc.uva.es\/bitstream\/10324\/882\/1\/TESIS129-111222.pdf\" target=\"_blank\" rel=\"noopener noreferrer\">Descarga<\/a><br \/>\nFuente original de la informaci\u00f3n:&nbsp;<a href=\"http:\/\/uvadoc.uva.es\/handle\/10324\/882\">http:\/\/uvadoc.uva.es\/handle\/10324\/882<\/a><\/p>\n","protected":false},"excerpt":{"rendered":"<p>T\u00edtulo:&nbsp;Aspectos espaciales y visuales en las primeras novelas contempor\u00e1neas de don Benito P\u00e9rez Gald\u00f3s y su repercusi\u00f3n en la novela&#46;&#46;&#46;<\/p>\n","protected":false},"author":1,"featured_media":7000,"comment_status":"open","ping_status":"open","sticky":false,"template":"","format":"standard","meta":{"footnotes":""},"categories":[3,103,38],"tags":[],"class_list":["post-1281","post","type-post","status-publish","format-standard","has-post-thumbnail","hentry","category-benito-perez-galdos","category-novelas-contemporaneas","category-tesis-doctorales"],"yoast_head":"<!-- This site is optimized with the Yoast SEO plugin v24.3 - https:\/\/yoast.com\/wordpress\/plugins\/seo\/ -->\n<title>[Tesis doctoral] Aspectos espaciales y visuales en las primeras novelas contempor\u00e1neas de don Benito P\u00e9rez Gald\u00f3s y su repercusi\u00f3n en la novela espa\u00f1ola actual, de Mar\u00eda Cristina Arroyo D\u00edez - Cronolog\u00eda de la vida y la obra de Benito P\u00e9rez Gald\u00f3s<\/title>\n<meta name=\"robots\" content=\"index, follow, max-snippet:-1, max-image-preview:large, max-video-preview:-1\" \/>\n<link rel=\"canonical\" href=\"https:\/\/batallitas.es\/benito-perez-galdos\/tesis-doctoral-aspectos-espaciales-y-visuales-en-las-primeras-novelas-contemporaneas-de-don-benito-perez-galdos-y-su-repercusion-en-la-novela-espanola-actual-de-maria-cristina-arroyo-diez\/\" \/>\n<meta property=\"og:locale\" content=\"es_ES\" \/>\n<meta property=\"og:type\" content=\"article\" \/>\n<meta property=\"og:title\" content=\"[Tesis doctoral] Aspectos espaciales y visuales en las primeras novelas contempor\u00e1neas de don Benito P\u00e9rez Gald\u00f3s y su repercusi\u00f3n en la novela espa\u00f1ola actual, de Mar\u00eda Cristina Arroyo D\u00edez - Cronolog\u00eda de la vida y la obra de Benito P\u00e9rez Gald\u00f3s\" \/>\n<meta property=\"og:description\" content=\"T\u00edtulo:&nbsp;Aspectos espaciales y visuales en las primeras novelas contempor\u00e1neas de don Benito P\u00e9rez Gald\u00f3s y su repercusi\u00f3n en la novela&#046;&#046;&#046;\" \/>\n<meta property=\"og:url\" content=\"https:\/\/batallitas.es\/benito-perez-galdos\/tesis-doctoral-aspectos-espaciales-y-visuales-en-las-primeras-novelas-contemporaneas-de-don-benito-perez-galdos-y-su-repercusion-en-la-novela-espanola-actual-de-maria-cristina-arroyo-diez\/\" \/>\n<meta property=\"og:site_name\" content=\"Cronolog\u00eda de la vida y la obra de Benito P\u00e9rez Gald\u00f3s\" \/>\n<meta property=\"article:published_time\" content=\"2012-09-16T09:01:51+00:00\" \/>\n<meta property=\"og:image\" content=\"https:\/\/batallitas.es\/benito-perez-galdos\/wp-content\/uploads\/2025\/01\/facebook_thumbnail.jpg\" \/>\n\t<meta property=\"og:image:width\" content=\"1200\" \/>\n\t<meta property=\"og:image:height\" content=\"630\" \/>\n\t<meta property=\"og:image:type\" content=\"image\/jpeg\" \/>\n<meta name=\"author\" content=\"Benito\" \/>\n<meta name=\"twitter:card\" content=\"summary_large_image\" \/>\n<meta name=\"twitter:label1\" content=\"Escrito por\" \/>\n\t<meta name=\"twitter:data1\" content=\"Benito\" \/>\n\t<meta name=\"twitter:label2\" content=\"Tiempo de lectura\" \/>\n\t<meta name=\"twitter:data2\" content=\"1 minuto\" \/>\n<script type=\"application\/ld+json\" class=\"yoast-schema-graph\">{\"@context\":\"https:\/\/schema.org\",\"@graph\":[{\"@type\":\"WebPage\",\"@id\":\"https:\/\/batallitas.es\/benito-perez-galdos\/tesis-doctoral-aspectos-espaciales-y-visuales-en-las-primeras-novelas-contemporaneas-de-don-benito-perez-galdos-y-su-repercusion-en-la-novela-espanola-actual-de-maria-cristina-arroyo-diez\/\",\"url\":\"https:\/\/batallitas.es\/benito-perez-galdos\/tesis-doctoral-aspectos-espaciales-y-visuales-en-las-primeras-novelas-contemporaneas-de-don-benito-perez-galdos-y-su-repercusion-en-la-novela-espanola-actual-de-maria-cristina-arroyo-diez\/\",\"name\":\"[Tesis doctoral] Aspectos espaciales y visuales en las primeras novelas contempor\u00e1neas de don Benito P\u00e9rez Gald\u00f3s y su repercusi\u00f3n en la novela espa\u00f1ola actual, de Mar\u00eda Cristina Arroyo D\u00edez - Cronolog\u00eda de la vida y la obra de Benito P\u00e9rez Gald\u00f3s\",\"isPartOf\":{\"@id\":\"https:\/\/batallitas.es\/benito-perez-galdos\/#website\"},\"primaryImageOfPage\":{\"@id\":\"https:\/\/batallitas.es\/benito-perez-galdos\/tesis-doctoral-aspectos-espaciales-y-visuales-en-las-primeras-novelas-contemporaneas-de-don-benito-perez-galdos-y-su-repercusion-en-la-novela-espanola-actual-de-maria-cristina-arroyo-diez\/#primaryimage\"},\"image\":{\"@id\":\"https:\/\/batallitas.es\/benito-perez-galdos\/tesis-doctoral-aspectos-espaciales-y-visuales-en-las-primeras-novelas-contemporaneas-de-don-benito-perez-galdos-y-su-repercusion-en-la-novela-espanola-actual-de-maria-cristina-arroyo-diez\/#primaryimage\"},\"thumbnailUrl\":\"\",\"datePublished\":\"2012-09-16T09:01:51+00:00\",\"dateModified\":\"2012-09-16T09:01:51+00:00\",\"author\":{\"@id\":\"https:\/\/batallitas.es\/benito-perez-galdos\/#\/schema\/person\/2dda07be9325676808524c55b6218a25\"},\"breadcrumb\":{\"@id\":\"https:\/\/batallitas.es\/benito-perez-galdos\/tesis-doctoral-aspectos-espaciales-y-visuales-en-las-primeras-novelas-contemporaneas-de-don-benito-perez-galdos-y-su-repercusion-en-la-novela-espanola-actual-de-maria-cristina-arroyo-diez\/#breadcrumb\"},\"inLanguage\":\"es\",\"potentialAction\":[{\"@type\":\"ReadAction\",\"target\":[\"https:\/\/batallitas.es\/benito-perez-galdos\/tesis-doctoral-aspectos-espaciales-y-visuales-en-las-primeras-novelas-contemporaneas-de-don-benito-perez-galdos-y-su-repercusion-en-la-novela-espanola-actual-de-maria-cristina-arroyo-diez\/\"]}]},{\"@type\":\"ImageObject\",\"inLanguage\":\"es\",\"@id\":\"https:\/\/batallitas.es\/benito-perez-galdos\/tesis-doctoral-aspectos-espaciales-y-visuales-en-las-primeras-novelas-contemporaneas-de-don-benito-perez-galdos-y-su-repercusion-en-la-novela-espanola-actual-de-maria-cristina-arroyo-diez\/#primaryimage\",\"url\":\"\",\"contentUrl\":\"\"},{\"@type\":\"BreadcrumbList\",\"@id\":\"https:\/\/batallitas.es\/benito-perez-galdos\/tesis-doctoral-aspectos-espaciales-y-visuales-en-las-primeras-novelas-contemporaneas-de-don-benito-perez-galdos-y-su-repercusion-en-la-novela-espanola-actual-de-maria-cristina-arroyo-diez\/#breadcrumb\",\"itemListElement\":[{\"@type\":\"ListItem\",\"position\":1,\"name\":\"Portada\",\"item\":\"https:\/\/batallitas.es\/benito-perez-galdos\/\"},{\"@type\":\"ListItem\",\"position\":2,\"name\":\"[Tesis doctoral] Aspectos espaciales y visuales en las primeras novelas contempor\u00e1neas de don Benito P\u00e9rez Gald\u00f3s y su repercusi\u00f3n en la novela espa\u00f1ola actual, de Mar\u00eda Cristina Arroyo D\u00edez\"}]},{\"@type\":\"WebSite\",\"@id\":\"https:\/\/batallitas.es\/benito-perez-galdos\/#website\",\"url\":\"https:\/\/batallitas.es\/benito-perez-galdos\/\",\"name\":\"Cronolog\u00eda de la vida y la obra de Benito P\u00e9rez Gald\u00f3s\",\"description\":\"\",\"potentialAction\":[{\"@type\":\"SearchAction\",\"target\":{\"@type\":\"EntryPoint\",\"urlTemplate\":\"https:\/\/batallitas.es\/benito-perez-galdos\/?s={search_term_string}\"},\"query-input\":{\"@type\":\"PropertyValueSpecification\",\"valueRequired\":true,\"valueName\":\"search_term_string\"}}],\"inLanguage\":\"es\"},{\"@type\":\"Person\",\"@id\":\"https:\/\/batallitas.es\/benito-perez-galdos\/#\/schema\/person\/2dda07be9325676808524c55b6218a25\",\"name\":\"Benito\",\"image\":{\"@type\":\"ImageObject\",\"inLanguage\":\"es\",\"@id\":\"https:\/\/batallitas.es\/benito-perez-galdos\/#\/schema\/person\/image\/\",\"url\":\"https:\/\/secure.gravatar.com\/avatar\/8695d643bbae3009794e7fc5797055bb?s=96&d=mm&r=g\",\"contentUrl\":\"https:\/\/secure.gravatar.com\/avatar\/8695d643bbae3009794e7fc5797055bb?s=96&d=mm&r=g\",\"caption\":\"Benito\"},\"sameAs\":[\"https:\/\/batallitas.es\/galdos\"],\"url\":\"https:\/\/batallitas.es\/benito-perez-galdos\/author\/benito\/\"}]}<\/script>\n<!-- \/ Yoast SEO plugin. -->","yoast_head_json":{"title":"[Tesis doctoral] Aspectos espaciales y visuales en las primeras novelas contempor\u00e1neas de don Benito P\u00e9rez Gald\u00f3s y su repercusi\u00f3n en la novela espa\u00f1ola actual, de Mar\u00eda Cristina Arroyo D\u00edez - Cronolog\u00eda de la vida y la obra de Benito P\u00e9rez Gald\u00f3s","robots":{"index":"index","follow":"follow","max-snippet":"max-snippet:-1","max-image-preview":"max-image-preview:large","max-video-preview":"max-video-preview:-1"},"canonical":"https:\/\/batallitas.es\/benito-perez-galdos\/tesis-doctoral-aspectos-espaciales-y-visuales-en-las-primeras-novelas-contemporaneas-de-don-benito-perez-galdos-y-su-repercusion-en-la-novela-espanola-actual-de-maria-cristina-arroyo-diez\/","og_locale":"es_ES","og_type":"article","og_title":"[Tesis doctoral] Aspectos espaciales y visuales en las primeras novelas contempor\u00e1neas de don Benito P\u00e9rez Gald\u00f3s y su repercusi\u00f3n en la novela espa\u00f1ola actual, de Mar\u00eda Cristina Arroyo D\u00edez - Cronolog\u00eda de la vida y la obra de Benito P\u00e9rez Gald\u00f3s","og_description":"T\u00edtulo:&nbsp;Aspectos espaciales y visuales en las primeras novelas contempor\u00e1neas de don Benito P\u00e9rez Gald\u00f3s y su repercusi\u00f3n en la novela&#46;&#46;&#46;","og_url":"https:\/\/batallitas.es\/benito-perez-galdos\/tesis-doctoral-aspectos-espaciales-y-visuales-en-las-primeras-novelas-contemporaneas-de-don-benito-perez-galdos-y-su-repercusion-en-la-novela-espanola-actual-de-maria-cristina-arroyo-diez\/","og_site_name":"Cronolog\u00eda de la vida y la obra de Benito P\u00e9rez Gald\u00f3s","article_published_time":"2012-09-16T09:01:51+00:00","og_image":[{"width":1200,"height":630,"url":"https:\/\/batallitas.es\/benito-perez-galdos\/wp-content\/uploads\/2025\/01\/facebook_thumbnail.jpg","type":"image\/jpeg"}],"author":"Benito","twitter_card":"summary_large_image","twitter_misc":{"Escrito por":"Benito","Tiempo de lectura":"1 minuto"},"schema":{"@context":"https:\/\/schema.org","@graph":[{"@type":"WebPage","@id":"https:\/\/batallitas.es\/benito-perez-galdos\/tesis-doctoral-aspectos-espaciales-y-visuales-en-las-primeras-novelas-contemporaneas-de-don-benito-perez-galdos-y-su-repercusion-en-la-novela-espanola-actual-de-maria-cristina-arroyo-diez\/","url":"https:\/\/batallitas.es\/benito-perez-galdos\/tesis-doctoral-aspectos-espaciales-y-visuales-en-las-primeras-novelas-contemporaneas-de-don-benito-perez-galdos-y-su-repercusion-en-la-novela-espanola-actual-de-maria-cristina-arroyo-diez\/","name":"[Tesis doctoral] Aspectos espaciales y visuales en las primeras novelas contempor\u00e1neas de don Benito P\u00e9rez Gald\u00f3s y su repercusi\u00f3n en la novela espa\u00f1ola actual, de Mar\u00eda Cristina Arroyo D\u00edez - Cronolog\u00eda de la vida y la obra de Benito P\u00e9rez Gald\u00f3s","isPartOf":{"@id":"https:\/\/batallitas.es\/benito-perez-galdos\/#website"},"primaryImageOfPage":{"@id":"https:\/\/batallitas.es\/benito-perez-galdos\/tesis-doctoral-aspectos-espaciales-y-visuales-en-las-primeras-novelas-contemporaneas-de-don-benito-perez-galdos-y-su-repercusion-en-la-novela-espanola-actual-de-maria-cristina-arroyo-diez\/#primaryimage"},"image":{"@id":"https:\/\/batallitas.es\/benito-perez-galdos\/tesis-doctoral-aspectos-espaciales-y-visuales-en-las-primeras-novelas-contemporaneas-de-don-benito-perez-galdos-y-su-repercusion-en-la-novela-espanola-actual-de-maria-cristina-arroyo-diez\/#primaryimage"},"thumbnailUrl":"","datePublished":"2012-09-16T09:01:51+00:00","dateModified":"2012-09-16T09:01:51+00:00","author":{"@id":"https:\/\/batallitas.es\/benito-perez-galdos\/#\/schema\/person\/2dda07be9325676808524c55b6218a25"},"breadcrumb":{"@id":"https:\/\/batallitas.es\/benito-perez-galdos\/tesis-doctoral-aspectos-espaciales-y-visuales-en-las-primeras-novelas-contemporaneas-de-don-benito-perez-galdos-y-su-repercusion-en-la-novela-espanola-actual-de-maria-cristina-arroyo-diez\/#breadcrumb"},"inLanguage":"es","potentialAction":[{"@type":"ReadAction","target":["https:\/\/batallitas.es\/benito-perez-galdos\/tesis-doctoral-aspectos-espaciales-y-visuales-en-las-primeras-novelas-contemporaneas-de-don-benito-perez-galdos-y-su-repercusion-en-la-novela-espanola-actual-de-maria-cristina-arroyo-diez\/"]}]},{"@type":"ImageObject","inLanguage":"es","@id":"https:\/\/batallitas.es\/benito-perez-galdos\/tesis-doctoral-aspectos-espaciales-y-visuales-en-las-primeras-novelas-contemporaneas-de-don-benito-perez-galdos-y-su-repercusion-en-la-novela-espanola-actual-de-maria-cristina-arroyo-diez\/#primaryimage","url":"","contentUrl":""},{"@type":"BreadcrumbList","@id":"https:\/\/batallitas.es\/benito-perez-galdos\/tesis-doctoral-aspectos-espaciales-y-visuales-en-las-primeras-novelas-contemporaneas-de-don-benito-perez-galdos-y-su-repercusion-en-la-novela-espanola-actual-de-maria-cristina-arroyo-diez\/#breadcrumb","itemListElement":[{"@type":"ListItem","position":1,"name":"Portada","item":"https:\/\/batallitas.es\/benito-perez-galdos\/"},{"@type":"ListItem","position":2,"name":"[Tesis doctoral] Aspectos espaciales y visuales en las primeras novelas contempor\u00e1neas de don Benito P\u00e9rez Gald\u00f3s y su repercusi\u00f3n en la novela espa\u00f1ola actual, de Mar\u00eda Cristina Arroyo D\u00edez"}]},{"@type":"WebSite","@id":"https:\/\/batallitas.es\/benito-perez-galdos\/#website","url":"https:\/\/batallitas.es\/benito-perez-galdos\/","name":"Cronolog\u00eda de la vida y la obra de Benito P\u00e9rez Gald\u00f3s","description":"","potentialAction":[{"@type":"SearchAction","target":{"@type":"EntryPoint","urlTemplate":"https:\/\/batallitas.es\/benito-perez-galdos\/?s={search_term_string}"},"query-input":{"@type":"PropertyValueSpecification","valueRequired":true,"valueName":"search_term_string"}}],"inLanguage":"es"},{"@type":"Person","@id":"https:\/\/batallitas.es\/benito-perez-galdos\/#\/schema\/person\/2dda07be9325676808524c55b6218a25","name":"Benito","image":{"@type":"ImageObject","inLanguage":"es","@id":"https:\/\/batallitas.es\/benito-perez-galdos\/#\/schema\/person\/image\/","url":"https:\/\/secure.gravatar.com\/avatar\/8695d643bbae3009794e7fc5797055bb?s=96&d=mm&r=g","contentUrl":"https:\/\/secure.gravatar.com\/avatar\/8695d643bbae3009794e7fc5797055bb?s=96&d=mm&r=g","caption":"Benito"},"sameAs":["https:\/\/batallitas.es\/galdos"],"url":"https:\/\/batallitas.es\/benito-perez-galdos\/author\/benito\/"}]}},"_links":{"self":[{"href":"https:\/\/batallitas.es\/benito-perez-galdos\/wp-json\/wp\/v2\/posts\/1281","targetHints":{"allow":["GET"]}}],"collection":[{"href":"https:\/\/batallitas.es\/benito-perez-galdos\/wp-json\/wp\/v2\/posts"}],"about":[{"href":"https:\/\/batallitas.es\/benito-perez-galdos\/wp-json\/wp\/v2\/types\/post"}],"author":[{"embeddable":true,"href":"https:\/\/batallitas.es\/benito-perez-galdos\/wp-json\/wp\/v2\/users\/1"}],"replies":[{"embeddable":true,"href":"https:\/\/batallitas.es\/benito-perez-galdos\/wp-json\/wp\/v2\/comments?post=1281"}],"version-history":[{"count":0,"href":"https:\/\/batallitas.es\/benito-perez-galdos\/wp-json\/wp\/v2\/posts\/1281\/revisions"}],"wp:featuredmedia":[{"embeddable":true,"href":"https:\/\/batallitas.es\/benito-perez-galdos\/wp-json\/"}],"wp:attachment":[{"href":"https:\/\/batallitas.es\/benito-perez-galdos\/wp-json\/wp\/v2\/media?parent=1281"}],"wp:term":[{"taxonomy":"category","embeddable":true,"href":"https:\/\/batallitas.es\/benito-perez-galdos\/wp-json\/wp\/v2\/categories?post=1281"},{"taxonomy":"post_tag","embeddable":true,"href":"https:\/\/batallitas.es\/benito-perez-galdos\/wp-json\/wp\/v2\/tags?post=1281"}],"curies":[{"name":"wp","href":"https:\/\/api.w.org\/{rel}","templated":true}]}}