{"id":4869,"date":"2010-03-15T05:48:00","date_gmt":"2010-03-15T04:48:00","guid":{"rendered":"http:\/\/ferna.eu\/?p=4869"},"modified":"2025-01-13T07:08:36","modified_gmt":"2025-01-13T07:08:36","slug":"rpresentacion-teatral-de-el-abuelo-de-benito-perez-galdos-por-estudio-1","status":"publish","type":"post","link":"https:\/\/batallitas.es\/benito-perez-galdos\/rpresentacion-teatral-de-el-abuelo-de-benito-perez-galdos-por-estudio-1\/","title":{"rendered":"Representaci\u00f3n teatral de \u00abEl abuelo\u00bb, de Benito P\u00e9rez Gald\u00f3s, por Estudio 1"},"content":{"rendered":"\n<p><em>El abuelo<\/em> es la novela que pone fin al   ciclo \u00abespiritualista\u00bb de las novelas espa\u00f1olas contempor\u00e1neas del escritor espa\u00f1ol Benito P\u00e9rez Gald\u00f3s. Fue publicada en 1897.<\/p>\n\n\n\n<p>M\u00e1s tarde, ya en el siglo XX, el autor adapt\u00f3 la novela en una pieza dram\u00e1tica que se estren\u00f3 en el Teatro Espa\u00f1ol de Madrid el 14 de febrero de 1904.<\/p>\n\n\n\n<p>El 18 de febrero de 1969 se estren\u00f3 la versi\u00f3n para televisi\u00f3n realizada por el espacio dram\u00e1tico Estudio 1 de TVE, siendo sus principales actores Rafael Rivelles, Mar\u00eda Fernanda D&#8217;Oc\u00f3n, Jos\u00e9 Franco, Modesto Blanch, Enrique Viv\u00f3, Emiliano Redondo, Jos\u00e9 Blanch, Jos\u00e9 Mar\u00eda Navarro, Josefina Robeda, Lola Lemos, Blanca Sendido, Magda Rotger, Isabel Mar\u00eda P\u00e9rez y Mar\u00eda Elena Montoya.<\/p>\n\n\n\n<p>La obra puede verse en Youtube:<\/p>\n\n\n\n<figure class=\"wp-block-embed-youtube wp-block-embed is-type-video is-provider-youtube wp-embed-aspect-4-3 wp-has-aspect-ratio\"><div class=\"wp-block-embed__wrapper\">\n<iframe loading=\"lazy\" title=\"Estudio 1-TVE. El Abuelo - Benito P\u00e9rez Gald\u00f3s\" width=\"590\" height=\"443\" src=\"https:\/\/www.youtube.com\/embed\/3vMmfrOMeCg?feature=oembed\" frameborder=\"0\" allow=\"accelerometer; autoplay; clipboard-write; encrypted-media; gyroscope; picture-in-picture; web-share\" referrerpolicy=\"strict-origin-when-cross-origin\" allowfullscreen><\/iframe>\n<\/div><\/figure>\n","protected":false},"excerpt":{"rendered":"<p>El abuelo es la novela que pone fin al ciclo \u00abespiritualista\u00bb de las novelas espa\u00f1olas contempor\u00e1neas del escritor espa\u00f1ol Benito&#46;&#46;&#46;<\/p>\n","protected":false},"author":1,"featured_media":4337,"comment_status":"open","ping_status":"open","sticky":false,"template":"","format":"standard","meta":{"footnotes":""},"categories":[3,20,21],"tags":[],"class_list":["post-4869","post","type-post","status-publish","format-standard","has-post-thumbnail","hentry","category-benito-perez-galdos","category-el-abuelo","category-teatro"],"yoast_head":"<!-- This site is optimized with the Yoast SEO plugin v24.3 - https:\/\/yoast.com\/wordpress\/plugins\/seo\/ -->\n<title>Representaci\u00f3n teatral de &quot;El abuelo&quot;, de Benito P\u00e9rez Gald\u00f3s, por Estudio 1 - Cronolog\u00eda de la vida y la obra de Benito P\u00e9rez Gald\u00f3s<\/title>\n<meta name=\"robots\" content=\"index, follow, max-snippet:-1, max-image-preview:large, max-video-preview:-1\" \/>\n<link rel=\"canonical\" href=\"https:\/\/batallitas.es\/benito-perez-galdos\/rpresentacion-teatral-de-el-abuelo-de-benito-perez-galdos-por-estudio-1\/\" \/>\n<meta property=\"og:locale\" content=\"es_ES\" \/>\n<meta property=\"og:type\" content=\"article\" \/>\n<meta property=\"og:title\" content=\"Representaci\u00f3n teatral de &quot;El abuelo&quot;, de Benito P\u00e9rez Gald\u00f3s, por Estudio 1 - Cronolog\u00eda de la vida y la obra de Benito P\u00e9rez Gald\u00f3s\" \/>\n<meta property=\"og:description\" content=\"El abuelo es la novela que pone fin al ciclo \u00abespiritualista\u00bb de las novelas espa\u00f1olas contempor\u00e1neas del escritor espa\u00f1ol Benito&#046;&#046;&#046;\" \/>\n<meta property=\"og:url\" content=\"https:\/\/batallitas.es\/benito-perez-galdos\/rpresentacion-teatral-de-el-abuelo-de-benito-perez-galdos-por-estudio-1\/\" \/>\n<meta property=\"og:site_name\" content=\"Cronolog\u00eda de la vida y la obra de Benito P\u00e9rez Gald\u00f3s\" \/>\n<meta property=\"article:published_time\" content=\"2010-03-15T04:48:00+00:00\" \/>\n<meta property=\"article:modified_time\" content=\"2025-01-13T07:08:36+00:00\" \/>\n<meta property=\"og:image\" content=\"https:\/\/batallitas.es\/benito-perez-galdos\/wp-content\/uploads\/2025\/01\/facebook_thumbnail.jpg\" \/>\n\t<meta property=\"og:image:width\" content=\"1200\" \/>\n\t<meta property=\"og:image:height\" content=\"630\" \/>\n\t<meta property=\"og:image:type\" content=\"image\/jpeg\" \/>\n<meta name=\"author\" content=\"Benito\" \/>\n<meta name=\"twitter:card\" content=\"summary_large_image\" \/>\n<meta name=\"twitter:label1\" content=\"Escrito por\" \/>\n\t<meta name=\"twitter:data1\" content=\"Benito\" \/>\n\t<meta name=\"twitter:label2\" content=\"Tiempo de lectura\" \/>\n\t<meta name=\"twitter:data2\" content=\"1 minuto\" \/>\n<script type=\"application\/ld+json\" class=\"yoast-schema-graph\">{\"@context\":\"https:\/\/schema.org\",\"@graph\":[{\"@type\":\"WebPage\",\"@id\":\"https:\/\/batallitas.es\/benito-perez-galdos\/rpresentacion-teatral-de-el-abuelo-de-benito-perez-galdos-por-estudio-1\/\",\"url\":\"https:\/\/batallitas.es\/benito-perez-galdos\/rpresentacion-teatral-de-el-abuelo-de-benito-perez-galdos-por-estudio-1\/\",\"name\":\"Representaci\u00f3n teatral de \\\"El abuelo\\\", de Benito P\u00e9rez Gald\u00f3s, por Estudio 1 - Cronolog\u00eda de la vida y la obra de Benito P\u00e9rez Gald\u00f3s\",\"isPartOf\":{\"@id\":\"https:\/\/batallitas.es\/benito-perez-galdos\/#website\"},\"primaryImageOfPage\":{\"@id\":\"https:\/\/batallitas.es\/benito-perez-galdos\/rpresentacion-teatral-de-el-abuelo-de-benito-perez-galdos-por-estudio-1\/#primaryimage\"},\"image\":{\"@id\":\"https:\/\/batallitas.es\/benito-perez-galdos\/rpresentacion-teatral-de-el-abuelo-de-benito-perez-galdos-por-estudio-1\/#primaryimage\"},\"thumbnailUrl\":\"\",\"datePublished\":\"2010-03-15T04:48:00+00:00\",\"dateModified\":\"2025-01-13T07:08:36+00:00\",\"author\":{\"@id\":\"https:\/\/batallitas.es\/benito-perez-galdos\/#\/schema\/person\/2dda07be9325676808524c55b6218a25\"},\"breadcrumb\":{\"@id\":\"https:\/\/batallitas.es\/benito-perez-galdos\/rpresentacion-teatral-de-el-abuelo-de-benito-perez-galdos-por-estudio-1\/#breadcrumb\"},\"inLanguage\":\"es\",\"potentialAction\":[{\"@type\":\"ReadAction\",\"target\":[\"https:\/\/batallitas.es\/benito-perez-galdos\/rpresentacion-teatral-de-el-abuelo-de-benito-perez-galdos-por-estudio-1\/\"]}]},{\"@type\":\"ImageObject\",\"inLanguage\":\"es\",\"@id\":\"https:\/\/batallitas.es\/benito-perez-galdos\/rpresentacion-teatral-de-el-abuelo-de-benito-perez-galdos-por-estudio-1\/#primaryimage\",\"url\":\"\",\"contentUrl\":\"\"},{\"@type\":\"BreadcrumbList\",\"@id\":\"https:\/\/batallitas.es\/benito-perez-galdos\/rpresentacion-teatral-de-el-abuelo-de-benito-perez-galdos-por-estudio-1\/#breadcrumb\",\"itemListElement\":[{\"@type\":\"ListItem\",\"position\":1,\"name\":\"Portada\",\"item\":\"https:\/\/batallitas.es\/benito-perez-galdos\/\"},{\"@type\":\"ListItem\",\"position\":2,\"name\":\"Representaci\u00f3n teatral de \u00abEl abuelo\u00bb, de Benito P\u00e9rez Gald\u00f3s, por Estudio 1\"}]},{\"@type\":\"WebSite\",\"@id\":\"https:\/\/batallitas.es\/benito-perez-galdos\/#website\",\"url\":\"https:\/\/batallitas.es\/benito-perez-galdos\/\",\"name\":\"Cronolog\u00eda de la vida y la obra de Benito P\u00e9rez Gald\u00f3s\",\"description\":\"\",\"potentialAction\":[{\"@type\":\"SearchAction\",\"target\":{\"@type\":\"EntryPoint\",\"urlTemplate\":\"https:\/\/batallitas.es\/benito-perez-galdos\/?s={search_term_string}\"},\"query-input\":{\"@type\":\"PropertyValueSpecification\",\"valueRequired\":true,\"valueName\":\"search_term_string\"}}],\"inLanguage\":\"es\"},{\"@type\":\"Person\",\"@id\":\"https:\/\/batallitas.es\/benito-perez-galdos\/#\/schema\/person\/2dda07be9325676808524c55b6218a25\",\"name\":\"Benito\",\"image\":{\"@type\":\"ImageObject\",\"inLanguage\":\"es\",\"@id\":\"https:\/\/batallitas.es\/benito-perez-galdos\/#\/schema\/person\/image\/\",\"url\":\"https:\/\/secure.gravatar.com\/avatar\/8695d643bbae3009794e7fc5797055bb?s=96&d=mm&r=g\",\"contentUrl\":\"https:\/\/secure.gravatar.com\/avatar\/8695d643bbae3009794e7fc5797055bb?s=96&d=mm&r=g\",\"caption\":\"Benito\"},\"sameAs\":[\"https:\/\/batallitas.es\/galdos\"],\"url\":\"https:\/\/batallitas.es\/benito-perez-galdos\/author\/benito\/\"}]}<\/script>\n<!-- \/ Yoast SEO plugin. -->","yoast_head_json":{"title":"Representaci\u00f3n teatral de \"El abuelo\", de Benito P\u00e9rez Gald\u00f3s, por Estudio 1 - Cronolog\u00eda de la vida y la obra de Benito P\u00e9rez Gald\u00f3s","robots":{"index":"index","follow":"follow","max-snippet":"max-snippet:-1","max-image-preview":"max-image-preview:large","max-video-preview":"max-video-preview:-1"},"canonical":"https:\/\/batallitas.es\/benito-perez-galdos\/rpresentacion-teatral-de-el-abuelo-de-benito-perez-galdos-por-estudio-1\/","og_locale":"es_ES","og_type":"article","og_title":"Representaci\u00f3n teatral de \"El abuelo\", de Benito P\u00e9rez Gald\u00f3s, por Estudio 1 - Cronolog\u00eda de la vida y la obra de Benito P\u00e9rez Gald\u00f3s","og_description":"El abuelo es la novela que pone fin al ciclo \u00abespiritualista\u00bb de las novelas espa\u00f1olas contempor\u00e1neas del escritor espa\u00f1ol Benito&#46;&#46;&#46;","og_url":"https:\/\/batallitas.es\/benito-perez-galdos\/rpresentacion-teatral-de-el-abuelo-de-benito-perez-galdos-por-estudio-1\/","og_site_name":"Cronolog\u00eda de la vida y la obra de Benito P\u00e9rez Gald\u00f3s","article_published_time":"2010-03-15T04:48:00+00:00","article_modified_time":"2025-01-13T07:08:36+00:00","og_image":[{"width":1200,"height":630,"url":"https:\/\/batallitas.es\/benito-perez-galdos\/wp-content\/uploads\/2025\/01\/facebook_thumbnail.jpg","type":"image\/jpeg"}],"author":"Benito","twitter_card":"summary_large_image","twitter_misc":{"Escrito por":"Benito","Tiempo de lectura":"1 minuto"},"schema":{"@context":"https:\/\/schema.org","@graph":[{"@type":"WebPage","@id":"https:\/\/batallitas.es\/benito-perez-galdos\/rpresentacion-teatral-de-el-abuelo-de-benito-perez-galdos-por-estudio-1\/","url":"https:\/\/batallitas.es\/benito-perez-galdos\/rpresentacion-teatral-de-el-abuelo-de-benito-perez-galdos-por-estudio-1\/","name":"Representaci\u00f3n teatral de \"El abuelo\", de Benito P\u00e9rez Gald\u00f3s, por Estudio 1 - Cronolog\u00eda de la vida y la obra de Benito P\u00e9rez Gald\u00f3s","isPartOf":{"@id":"https:\/\/batallitas.es\/benito-perez-galdos\/#website"},"primaryImageOfPage":{"@id":"https:\/\/batallitas.es\/benito-perez-galdos\/rpresentacion-teatral-de-el-abuelo-de-benito-perez-galdos-por-estudio-1\/#primaryimage"},"image":{"@id":"https:\/\/batallitas.es\/benito-perez-galdos\/rpresentacion-teatral-de-el-abuelo-de-benito-perez-galdos-por-estudio-1\/#primaryimage"},"thumbnailUrl":"","datePublished":"2010-03-15T04:48:00+00:00","dateModified":"2025-01-13T07:08:36+00:00","author":{"@id":"https:\/\/batallitas.es\/benito-perez-galdos\/#\/schema\/person\/2dda07be9325676808524c55b6218a25"},"breadcrumb":{"@id":"https:\/\/batallitas.es\/benito-perez-galdos\/rpresentacion-teatral-de-el-abuelo-de-benito-perez-galdos-por-estudio-1\/#breadcrumb"},"inLanguage":"es","potentialAction":[{"@type":"ReadAction","target":["https:\/\/batallitas.es\/benito-perez-galdos\/rpresentacion-teatral-de-el-abuelo-de-benito-perez-galdos-por-estudio-1\/"]}]},{"@type":"ImageObject","inLanguage":"es","@id":"https:\/\/batallitas.es\/benito-perez-galdos\/rpresentacion-teatral-de-el-abuelo-de-benito-perez-galdos-por-estudio-1\/#primaryimage","url":"","contentUrl":""},{"@type":"BreadcrumbList","@id":"https:\/\/batallitas.es\/benito-perez-galdos\/rpresentacion-teatral-de-el-abuelo-de-benito-perez-galdos-por-estudio-1\/#breadcrumb","itemListElement":[{"@type":"ListItem","position":1,"name":"Portada","item":"https:\/\/batallitas.es\/benito-perez-galdos\/"},{"@type":"ListItem","position":2,"name":"Representaci\u00f3n teatral de \u00abEl abuelo\u00bb, de Benito P\u00e9rez Gald\u00f3s, por Estudio 1"}]},{"@type":"WebSite","@id":"https:\/\/batallitas.es\/benito-perez-galdos\/#website","url":"https:\/\/batallitas.es\/benito-perez-galdos\/","name":"Cronolog\u00eda de la vida y la obra de Benito P\u00e9rez Gald\u00f3s","description":"","potentialAction":[{"@type":"SearchAction","target":{"@type":"EntryPoint","urlTemplate":"https:\/\/batallitas.es\/benito-perez-galdos\/?s={search_term_string}"},"query-input":{"@type":"PropertyValueSpecification","valueRequired":true,"valueName":"search_term_string"}}],"inLanguage":"es"},{"@type":"Person","@id":"https:\/\/batallitas.es\/benito-perez-galdos\/#\/schema\/person\/2dda07be9325676808524c55b6218a25","name":"Benito","image":{"@type":"ImageObject","inLanguage":"es","@id":"https:\/\/batallitas.es\/benito-perez-galdos\/#\/schema\/person\/image\/","url":"https:\/\/secure.gravatar.com\/avatar\/8695d643bbae3009794e7fc5797055bb?s=96&d=mm&r=g","contentUrl":"https:\/\/secure.gravatar.com\/avatar\/8695d643bbae3009794e7fc5797055bb?s=96&d=mm&r=g","caption":"Benito"},"sameAs":["https:\/\/batallitas.es\/galdos"],"url":"https:\/\/batallitas.es\/benito-perez-galdos\/author\/benito\/"}]}},"_links":{"self":[{"href":"https:\/\/batallitas.es\/benito-perez-galdos\/wp-json\/wp\/v2\/posts\/4869","targetHints":{"allow":["GET"]}}],"collection":[{"href":"https:\/\/batallitas.es\/benito-perez-galdos\/wp-json\/wp\/v2\/posts"}],"about":[{"href":"https:\/\/batallitas.es\/benito-perez-galdos\/wp-json\/wp\/v2\/types\/post"}],"author":[{"embeddable":true,"href":"https:\/\/batallitas.es\/benito-perez-galdos\/wp-json\/wp\/v2\/users\/1"}],"replies":[{"embeddable":true,"href":"https:\/\/batallitas.es\/benito-perez-galdos\/wp-json\/wp\/v2\/comments?post=4869"}],"version-history":[{"count":1,"href":"https:\/\/batallitas.es\/benito-perez-galdos\/wp-json\/wp\/v2\/posts\/4869\/revisions"}],"predecessor-version":[{"id":12545,"href":"https:\/\/batallitas.es\/benito-perez-galdos\/wp-json\/wp\/v2\/posts\/4869\/revisions\/12545"}],"wp:featuredmedia":[{"embeddable":true,"href":"https:\/\/batallitas.es\/benito-perez-galdos\/wp-json\/"}],"wp:attachment":[{"href":"https:\/\/batallitas.es\/benito-perez-galdos\/wp-json\/wp\/v2\/media?parent=4869"}],"wp:term":[{"taxonomy":"category","embeddable":true,"href":"https:\/\/batallitas.es\/benito-perez-galdos\/wp-json\/wp\/v2\/categories?post=4869"},{"taxonomy":"post_tag","embeddable":true,"href":"https:\/\/batallitas.es\/benito-perez-galdos\/wp-json\/wp\/v2\/tags?post=4869"}],"curies":[{"name":"wp","href":"https:\/\/api.w.org\/{rel}","templated":true}]}}