{"id":5532,"date":"2010-06-10T14:27:00","date_gmt":"2010-06-10T12:27:00","guid":{"rendered":"http:\/\/ferna.eu\/?p=5532"},"modified":"2010-06-10T14:27:00","modified_gmt":"2010-06-10T12:27:00","slug":"benito-perez-galdos-dibujante","status":"publish","type":"post","link":"https:\/\/batallitas.es\/benito-perez-galdos\/benito-perez-galdos-dibujante\/","title":{"rendered":"Benito P\u00e9rez Gald\u00f3s, dibujante"},"content":{"rendered":"\n<p>La editorial madrile\u00f1a \u201cLa Guirnalda\u201d acometi\u00f3  entre 1881 y 1885  la tarea de publicar los veinte Episodios Nacionales ya escritos por P\u00e9rez Gald\u00f3s durante la d\u00e9cada anterior. Era una edici\u00f3n ilustrada que inclu\u00eda litograf\u00edas del propio autor.<\/p>\n\n\n\n<p>Si bien el ilustrador de la edici\u00f3n fue M\u00e9lida y Lizcano, tambi\u00e9n incluye dibujos del autor de las novelas hist\u00f3ricas y puede que tambi\u00e9n las de alg\u00fan artista an\u00f3nimo, ya que no todas est\u00e1n firmadas.<\/p>\n\n\n\n<div class=\"wp-block-image is-style-default shadow-effect\"><figure class=\"aligncenter size-large\"><img decoding=\"async\" src=\"http:\/\/ferna.eu\/venture\/wp-content\/uploads\/2020\/03\/dibujogaldos1-700x597.jpg\" alt=\"\" class=\"wp-image-5533\"\/><figcaption> Vista del Puente de Piedra y la Bas\u00edlica del Pilar, tomada del natural desde la orilla izquierda del r\u00edo Ebro, en el barrio del Arrabal. Muestra las arcadas tercera y cuarta del puente y en uno de sus machones los restos de uno de los molinos que el municipio arrendaba para aprovechar la fuerza del r\u00edo. Al fondo, la bas\u00edlica del Pilar.<\/figcaption><\/figure><\/div>\n\n\n\n<div class=\"wp-block-image is-style-default shadow-effect\"><figure class=\"aligncenter size-large\"><img decoding=\"async\" src=\"http:\/\/ferna.eu\/venture\/wp-content\/uploads\/2020\/03\/dibujogaldos3-526x700.jpg\" alt=\"\" class=\"wp-image-5536\"\/><figcaption> &nbsp;Vista del Seminario de San Carlos, inspirada en una de las conocidas estampas realizadas en 1808 por Jos\u00e9 G\u00e1lvez y Fernando Brambila.<\/figcaption><\/figure><\/div>\n\n\n\n<div class=\"wp-block-image is-style-default shadow-effect\"><figure class=\"aligncenter size-large\"><img decoding=\"async\" src=\"http:\/\/ferna.eu\/venture\/wp-content\/uploads\/2020\/03\/dibujogaldos2-700x647.jpg\" alt=\"\" class=\"wp-image-5539\"\/><figcaption>Vista de la Puerta del Carmen, con la c\u00fapula de la iglesia de San Ildefonso en segundo plano enmarcada por el arco.<\/figcaption><\/figure><\/div>\n\n\n\n<div class=\"wp-block-image is-style-default shadow-effect\"><figure class=\"aligncenter size-large\"><img decoding=\"async\" src=\"http:\/\/ferna.eu\/venture\/wp-content\/uploads\/2020\/03\/dibujogaldos4.jpg\" alt=\"\" class=\"wp-image-5542\"\/><figcaption>Vista de las uinas del convento de Santa Engracia. Est\u00e1 atribuida a P\u00e9rez Gald\u00f3s aunque no est\u00e1 firmada con su anagrama.<\/figcaption><\/figure><\/div>\n","protected":false},"excerpt":{"rendered":"<p>La editorial madrile\u00f1a \u201cLa Guirnalda\u201d acometi\u00f3 entre 1881 y 1885 la tarea de publicar los veinte Episodios Nacionales ya escritos&#46;&#46;&#46;<\/p>\n","protected":false},"author":1,"featured_media":5367,"comment_status":"open","ping_status":"open","sticky":false,"template":"","format":"standard","meta":{"footnotes":""},"categories":[22,23,3,29],"tags":[],"class_list":["post-5532","post","type-post","status-publish","format-standard","has-post-thumbnail","hentry","category-arquitectura","category-arte","category-benito-perez-galdos","category-dibujos"],"yoast_head":"<!-- This site is optimized with the Yoast SEO plugin v24.3 - https:\/\/yoast.com\/wordpress\/plugins\/seo\/ -->\n<title>Benito P\u00e9rez Gald\u00f3s, dibujante - Cronolog\u00eda de la vida y la obra de Benito P\u00e9rez Gald\u00f3s<\/title>\n<meta name=\"robots\" content=\"index, follow, max-snippet:-1, max-image-preview:large, max-video-preview:-1\" \/>\n<link rel=\"canonical\" href=\"https:\/\/batallitas.es\/benito-perez-galdos\/benito-perez-galdos-dibujante\/\" \/>\n<meta property=\"og:locale\" content=\"es_ES\" \/>\n<meta property=\"og:type\" content=\"article\" \/>\n<meta property=\"og:title\" content=\"Benito P\u00e9rez Gald\u00f3s, dibujante - Cronolog\u00eda de la vida y la obra de Benito P\u00e9rez Gald\u00f3s\" \/>\n<meta property=\"og:description\" content=\"La editorial madrile\u00f1a \u201cLa Guirnalda\u201d acometi\u00f3 entre 1881 y 1885 la tarea de publicar los veinte Episodios Nacionales ya escritos&#046;&#046;&#046;\" \/>\n<meta property=\"og:url\" content=\"https:\/\/batallitas.es\/benito-perez-galdos\/benito-perez-galdos-dibujante\/\" \/>\n<meta property=\"og:site_name\" content=\"Cronolog\u00eda de la vida y la obra de Benito P\u00e9rez Gald\u00f3s\" \/>\n<meta property=\"article:published_time\" content=\"2010-06-10T12:27:00+00:00\" \/>\n<meta property=\"og:image\" content=\"https:\/\/batallitas.es\/benito-perez-galdos\/wp-content\/uploads\/2025\/01\/facebook_thumbnail.jpg\" \/>\n\t<meta property=\"og:image:width\" content=\"1200\" \/>\n\t<meta property=\"og:image:height\" content=\"630\" \/>\n\t<meta property=\"og:image:type\" content=\"image\/jpeg\" \/>\n<meta name=\"author\" content=\"Benito\" \/>\n<meta name=\"twitter:card\" content=\"summary_large_image\" \/>\n<meta name=\"twitter:label1\" content=\"Escrito por\" \/>\n\t<meta name=\"twitter:data1\" content=\"Benito\" \/>\n\t<meta name=\"twitter:label2\" content=\"Tiempo de lectura\" \/>\n\t<meta name=\"twitter:data2\" content=\"1 minuto\" \/>\n<script type=\"application\/ld+json\" class=\"yoast-schema-graph\">{\"@context\":\"https:\/\/schema.org\",\"@graph\":[{\"@type\":\"WebPage\",\"@id\":\"https:\/\/batallitas.es\/benito-perez-galdos\/benito-perez-galdos-dibujante\/\",\"url\":\"https:\/\/batallitas.es\/benito-perez-galdos\/benito-perez-galdos-dibujante\/\",\"name\":\"Benito P\u00e9rez Gald\u00f3s, dibujante - Cronolog\u00eda de la vida y la obra de Benito P\u00e9rez Gald\u00f3s\",\"isPartOf\":{\"@id\":\"https:\/\/batallitas.es\/benito-perez-galdos\/#website\"},\"primaryImageOfPage\":{\"@id\":\"https:\/\/batallitas.es\/benito-perez-galdos\/benito-perez-galdos-dibujante\/#primaryimage\"},\"image\":{\"@id\":\"https:\/\/batallitas.es\/benito-perez-galdos\/benito-perez-galdos-dibujante\/#primaryimage\"},\"thumbnailUrl\":\"\",\"datePublished\":\"2010-06-10T12:27:00+00:00\",\"dateModified\":\"2010-06-10T12:27:00+00:00\",\"author\":{\"@id\":\"https:\/\/batallitas.es\/benito-perez-galdos\/#\/schema\/person\/2dda07be9325676808524c55b6218a25\"},\"breadcrumb\":{\"@id\":\"https:\/\/batallitas.es\/benito-perez-galdos\/benito-perez-galdos-dibujante\/#breadcrumb\"},\"inLanguage\":\"es\",\"potentialAction\":[{\"@type\":\"ReadAction\",\"target\":[\"https:\/\/batallitas.es\/benito-perez-galdos\/benito-perez-galdos-dibujante\/\"]}]},{\"@type\":\"ImageObject\",\"inLanguage\":\"es\",\"@id\":\"https:\/\/batallitas.es\/benito-perez-galdos\/benito-perez-galdos-dibujante\/#primaryimage\",\"url\":\"\",\"contentUrl\":\"\"},{\"@type\":\"BreadcrumbList\",\"@id\":\"https:\/\/batallitas.es\/benito-perez-galdos\/benito-perez-galdos-dibujante\/#breadcrumb\",\"itemListElement\":[{\"@type\":\"ListItem\",\"position\":1,\"name\":\"Portada\",\"item\":\"https:\/\/batallitas.es\/benito-perez-galdos\/\"},{\"@type\":\"ListItem\",\"position\":2,\"name\":\"Benito P\u00e9rez Gald\u00f3s, dibujante\"}]},{\"@type\":\"WebSite\",\"@id\":\"https:\/\/batallitas.es\/benito-perez-galdos\/#website\",\"url\":\"https:\/\/batallitas.es\/benito-perez-galdos\/\",\"name\":\"Cronolog\u00eda de la vida y la obra de Benito P\u00e9rez Gald\u00f3s\",\"description\":\"\",\"potentialAction\":[{\"@type\":\"SearchAction\",\"target\":{\"@type\":\"EntryPoint\",\"urlTemplate\":\"https:\/\/batallitas.es\/benito-perez-galdos\/?s={search_term_string}\"},\"query-input\":{\"@type\":\"PropertyValueSpecification\",\"valueRequired\":true,\"valueName\":\"search_term_string\"}}],\"inLanguage\":\"es\"},{\"@type\":\"Person\",\"@id\":\"https:\/\/batallitas.es\/benito-perez-galdos\/#\/schema\/person\/2dda07be9325676808524c55b6218a25\",\"name\":\"Benito\",\"image\":{\"@type\":\"ImageObject\",\"inLanguage\":\"es\",\"@id\":\"https:\/\/batallitas.es\/benito-perez-galdos\/#\/schema\/person\/image\/\",\"url\":\"https:\/\/secure.gravatar.com\/avatar\/8695d643bbae3009794e7fc5797055bb?s=96&d=mm&r=g\",\"contentUrl\":\"https:\/\/secure.gravatar.com\/avatar\/8695d643bbae3009794e7fc5797055bb?s=96&d=mm&r=g\",\"caption\":\"Benito\"},\"sameAs\":[\"https:\/\/batallitas.es\/galdos\"],\"url\":\"https:\/\/batallitas.es\/benito-perez-galdos\/author\/benito\/\"}]}<\/script>\n<!-- \/ Yoast SEO plugin. -->","yoast_head_json":{"title":"Benito P\u00e9rez Gald\u00f3s, dibujante - Cronolog\u00eda de la vida y la obra de Benito P\u00e9rez Gald\u00f3s","robots":{"index":"index","follow":"follow","max-snippet":"max-snippet:-1","max-image-preview":"max-image-preview:large","max-video-preview":"max-video-preview:-1"},"canonical":"https:\/\/batallitas.es\/benito-perez-galdos\/benito-perez-galdos-dibujante\/","og_locale":"es_ES","og_type":"article","og_title":"Benito P\u00e9rez Gald\u00f3s, dibujante - Cronolog\u00eda de la vida y la obra de Benito P\u00e9rez Gald\u00f3s","og_description":"La editorial madrile\u00f1a \u201cLa Guirnalda\u201d acometi\u00f3 entre 1881 y 1885 la tarea de publicar los veinte Episodios Nacionales ya escritos&#46;&#46;&#46;","og_url":"https:\/\/batallitas.es\/benito-perez-galdos\/benito-perez-galdos-dibujante\/","og_site_name":"Cronolog\u00eda de la vida y la obra de Benito P\u00e9rez Gald\u00f3s","article_published_time":"2010-06-10T12:27:00+00:00","og_image":[{"width":1200,"height":630,"url":"https:\/\/batallitas.es\/benito-perez-galdos\/wp-content\/uploads\/2025\/01\/facebook_thumbnail.jpg","type":"image\/jpeg"}],"author":"Benito","twitter_card":"summary_large_image","twitter_misc":{"Escrito por":"Benito","Tiempo de lectura":"1 minuto"},"schema":{"@context":"https:\/\/schema.org","@graph":[{"@type":"WebPage","@id":"https:\/\/batallitas.es\/benito-perez-galdos\/benito-perez-galdos-dibujante\/","url":"https:\/\/batallitas.es\/benito-perez-galdos\/benito-perez-galdos-dibujante\/","name":"Benito P\u00e9rez Gald\u00f3s, dibujante - Cronolog\u00eda de la vida y la obra de Benito P\u00e9rez Gald\u00f3s","isPartOf":{"@id":"https:\/\/batallitas.es\/benito-perez-galdos\/#website"},"primaryImageOfPage":{"@id":"https:\/\/batallitas.es\/benito-perez-galdos\/benito-perez-galdos-dibujante\/#primaryimage"},"image":{"@id":"https:\/\/batallitas.es\/benito-perez-galdos\/benito-perez-galdos-dibujante\/#primaryimage"},"thumbnailUrl":"","datePublished":"2010-06-10T12:27:00+00:00","dateModified":"2010-06-10T12:27:00+00:00","author":{"@id":"https:\/\/batallitas.es\/benito-perez-galdos\/#\/schema\/person\/2dda07be9325676808524c55b6218a25"},"breadcrumb":{"@id":"https:\/\/batallitas.es\/benito-perez-galdos\/benito-perez-galdos-dibujante\/#breadcrumb"},"inLanguage":"es","potentialAction":[{"@type":"ReadAction","target":["https:\/\/batallitas.es\/benito-perez-galdos\/benito-perez-galdos-dibujante\/"]}]},{"@type":"ImageObject","inLanguage":"es","@id":"https:\/\/batallitas.es\/benito-perez-galdos\/benito-perez-galdos-dibujante\/#primaryimage","url":"","contentUrl":""},{"@type":"BreadcrumbList","@id":"https:\/\/batallitas.es\/benito-perez-galdos\/benito-perez-galdos-dibujante\/#breadcrumb","itemListElement":[{"@type":"ListItem","position":1,"name":"Portada","item":"https:\/\/batallitas.es\/benito-perez-galdos\/"},{"@type":"ListItem","position":2,"name":"Benito P\u00e9rez Gald\u00f3s, dibujante"}]},{"@type":"WebSite","@id":"https:\/\/batallitas.es\/benito-perez-galdos\/#website","url":"https:\/\/batallitas.es\/benito-perez-galdos\/","name":"Cronolog\u00eda de la vida y la obra de Benito P\u00e9rez Gald\u00f3s","description":"","potentialAction":[{"@type":"SearchAction","target":{"@type":"EntryPoint","urlTemplate":"https:\/\/batallitas.es\/benito-perez-galdos\/?s={search_term_string}"},"query-input":{"@type":"PropertyValueSpecification","valueRequired":true,"valueName":"search_term_string"}}],"inLanguage":"es"},{"@type":"Person","@id":"https:\/\/batallitas.es\/benito-perez-galdos\/#\/schema\/person\/2dda07be9325676808524c55b6218a25","name":"Benito","image":{"@type":"ImageObject","inLanguage":"es","@id":"https:\/\/batallitas.es\/benito-perez-galdos\/#\/schema\/person\/image\/","url":"https:\/\/secure.gravatar.com\/avatar\/8695d643bbae3009794e7fc5797055bb?s=96&d=mm&r=g","contentUrl":"https:\/\/secure.gravatar.com\/avatar\/8695d643bbae3009794e7fc5797055bb?s=96&d=mm&r=g","caption":"Benito"},"sameAs":["https:\/\/batallitas.es\/galdos"],"url":"https:\/\/batallitas.es\/benito-perez-galdos\/author\/benito\/"}]}},"_links":{"self":[{"href":"https:\/\/batallitas.es\/benito-perez-galdos\/wp-json\/wp\/v2\/posts\/5532","targetHints":{"allow":["GET"]}}],"collection":[{"href":"https:\/\/batallitas.es\/benito-perez-galdos\/wp-json\/wp\/v2\/posts"}],"about":[{"href":"https:\/\/batallitas.es\/benito-perez-galdos\/wp-json\/wp\/v2\/types\/post"}],"author":[{"embeddable":true,"href":"https:\/\/batallitas.es\/benito-perez-galdos\/wp-json\/wp\/v2\/users\/1"}],"replies":[{"embeddable":true,"href":"https:\/\/batallitas.es\/benito-perez-galdos\/wp-json\/wp\/v2\/comments?post=5532"}],"version-history":[{"count":0,"href":"https:\/\/batallitas.es\/benito-perez-galdos\/wp-json\/wp\/v2\/posts\/5532\/revisions"}],"wp:featuredmedia":[{"embeddable":true,"href":"https:\/\/batallitas.es\/benito-perez-galdos\/wp-json\/"}],"wp:attachment":[{"href":"https:\/\/batallitas.es\/benito-perez-galdos\/wp-json\/wp\/v2\/media?parent=5532"}],"wp:term":[{"taxonomy":"category","embeddable":true,"href":"https:\/\/batallitas.es\/benito-perez-galdos\/wp-json\/wp\/v2\/categories?post=5532"},{"taxonomy":"post_tag","embeddable":true,"href":"https:\/\/batallitas.es\/benito-perez-galdos\/wp-json\/wp\/v2\/tags?post=5532"}],"curies":[{"name":"wp","href":"https:\/\/api.w.org\/{rel}","templated":true}]}}