{"id":6997,"date":"2010-08-04T04:21:00","date_gmt":"2010-08-04T02:21:00","guid":{"rendered":"http:\/\/ferna.eu\/?p=6997"},"modified":"2010-08-04T04:21:00","modified_gmt":"2010-08-04T02:21:00","slug":"libro-perez-galdos-bibliografia-santanderina","status":"publish","type":"post","link":"https:\/\/batallitas.es\/benito-perez-galdos\/libro-perez-galdos-bibliografia-santanderina\/","title":{"rendered":"[Libro] P\u00e9rez Gald\u00f3s, biograf\u00eda Santanderina"},"content":{"rendered":"\n<p>Santander. 24 cm. 457 p. il. Encuadernaci\u00f3n en tapa blanda de editorial ilustrada. Madariaga de la Campa, Benito 1931-. Cronolog\u00eda, producci\u00f3n literaria y estrenos teatrales en Santander por Celia Valbuena de Madariaga ; pr\u00f3logo de Joaqu\u00edn Casalduero. Ap\u00e9ndices: \u00abDiscursos, cartas y mensajes pol\u00edticos\u00bb : p. 305-365. \u00abArt\u00edculos y comunicaciones\u00bb: p. 367-383. Bibliograf\u00eda: p. 429-457. \u00cdndice. P\u00e9rez Gald\u00f3s, Benito. 1843-1920. Casalduero, Joaqu\u00edn. 1903-1990. Instituto de Literatura Jos\u00e9 Mar\u00eda de Pereda (Santander). ed ISBN: 84-85349-05-9<\/p>\n\n\n\n<p><a href=\"http:\/\/centrodeestudiosmontaneses.com\/wp-content\/uploads\/DOC_CEM\/BIBLIOTECA\/EDICION_CEM\/BMADARIAGA\/Perez-Galdos-Biografia-Santanderina_1979.pdf\" data-type=\"URL\" data-id=\"http:\/\/centrodeestudiosmontaneses.com\/wp-content\/uploads\/DOC_CEM\/BIBLIOTECA\/EDICION_CEM\/BMADARIAGA\/Perez-Galdos-Biografia-Santanderina_1979.pdf\" target=\"_blank\" rel=\"noreferrer noopener\">Descarga<\/a><a href=\"\"><\/a><\/p>\n","protected":false},"excerpt":{"rendered":"<p>En la biograf\u00eda de Benito P\u00e9rez Gald\u00f3s hab\u00eda una gran laguna; lo peor no era ese vac\u00edo: sino que no nos d\u00e1bamos cuenta de ello: Santander: lugar de veraneo, amistad de Pereda y Gald\u00f3s, tolerancia entre hombres de creencias encontradas y otros lugares colmums, la propieriad que compr\u00f3 el mvelista canmio: ((San Quint\u00ednn. <\/p>\n","protected":false},"author":1,"featured_media":6991,"comment_status":"open","ping_status":"open","sticky":false,"template":"","format":"standard","meta":{"footnotes":""},"categories":[3,4,6],"tags":[],"class_list":["post-6997","post","type-post","status-publish","format-standard","has-post-thumbnail","hentry","category-benito-perez-galdos","category-bibliografia","category-libro"],"yoast_head":"<!-- This site is optimized with the Yoast SEO plugin v24.3 - https:\/\/yoast.com\/wordpress\/plugins\/seo\/ -->\n<title>[Libro] P\u00e9rez Gald\u00f3s, biograf\u00eda Santanderina - Cronolog\u00eda de la vida y la obra de Benito P\u00e9rez Gald\u00f3s<\/title>\n<meta name=\"robots\" content=\"index, follow, max-snippet:-1, max-image-preview:large, max-video-preview:-1\" \/>\n<link rel=\"canonical\" href=\"https:\/\/batallitas.es\/benito-perez-galdos\/libro-perez-galdos-bibliografia-santanderina\/\" \/>\n<meta property=\"og:locale\" content=\"es_ES\" \/>\n<meta property=\"og:type\" content=\"article\" \/>\n<meta property=\"og:title\" content=\"[Libro] P\u00e9rez Gald\u00f3s, biograf\u00eda Santanderina - Cronolog\u00eda de la vida y la obra de Benito P\u00e9rez Gald\u00f3s\" \/>\n<meta property=\"og:description\" content=\"En la biograf\u00eda de Benito P\u00e9rez Gald\u00f3s hab\u00eda una gran laguna; lo peor no era ese vac\u00edo: sino que no nos d\u00e1bamos cuenta de ello: Santander: lugar de veraneo, amistad de Pereda y Gald\u00f3s, tolerancia entre hombres de creencias encontradas y otros lugares colmums, la propieriad que compr\u00f3 el mvelista canmio: ((San Quint\u00ednn.\" \/>\n<meta property=\"og:url\" content=\"https:\/\/batallitas.es\/benito-perez-galdos\/libro-perez-galdos-bibliografia-santanderina\/\" \/>\n<meta property=\"og:site_name\" content=\"Cronolog\u00eda de la vida y la obra de Benito P\u00e9rez Gald\u00f3s\" \/>\n<meta property=\"article:published_time\" content=\"2010-08-04T02:21:00+00:00\" \/>\n<meta property=\"og:image\" content=\"https:\/\/batallitas.es\/benito-perez-galdos\/wp-content\/uploads\/2025\/01\/facebook_thumbnail.jpg\" \/>\n\t<meta property=\"og:image:width\" content=\"1200\" \/>\n\t<meta property=\"og:image:height\" content=\"630\" \/>\n\t<meta property=\"og:image:type\" content=\"image\/jpeg\" \/>\n<meta name=\"author\" content=\"Benito\" \/>\n<meta name=\"twitter:card\" content=\"summary_large_image\" \/>\n<meta name=\"twitter:label1\" content=\"Escrito por\" \/>\n\t<meta name=\"twitter:data1\" content=\"Benito\" \/>\n<script type=\"application\/ld+json\" class=\"yoast-schema-graph\">{\"@context\":\"https:\/\/schema.org\",\"@graph\":[{\"@type\":\"WebPage\",\"@id\":\"https:\/\/batallitas.es\/benito-perez-galdos\/libro-perez-galdos-bibliografia-santanderina\/\",\"url\":\"https:\/\/batallitas.es\/benito-perez-galdos\/libro-perez-galdos-bibliografia-santanderina\/\",\"name\":\"[Libro] P\u00e9rez Gald\u00f3s, biograf\u00eda Santanderina - Cronolog\u00eda de la vida y la obra de Benito P\u00e9rez Gald\u00f3s\",\"isPartOf\":{\"@id\":\"https:\/\/batallitas.es\/benito-perez-galdos\/#website\"},\"primaryImageOfPage\":{\"@id\":\"https:\/\/batallitas.es\/benito-perez-galdos\/libro-perez-galdos-bibliografia-santanderina\/#primaryimage\"},\"image\":{\"@id\":\"https:\/\/batallitas.es\/benito-perez-galdos\/libro-perez-galdos-bibliografia-santanderina\/#primaryimage\"},\"thumbnailUrl\":\"\",\"datePublished\":\"2010-08-04T02:21:00+00:00\",\"dateModified\":\"2010-08-04T02:21:00+00:00\",\"author\":{\"@id\":\"https:\/\/batallitas.es\/benito-perez-galdos\/#\/schema\/person\/2dda07be9325676808524c55b6218a25\"},\"breadcrumb\":{\"@id\":\"https:\/\/batallitas.es\/benito-perez-galdos\/libro-perez-galdos-bibliografia-santanderina\/#breadcrumb\"},\"inLanguage\":\"es\",\"potentialAction\":[{\"@type\":\"ReadAction\",\"target\":[\"https:\/\/batallitas.es\/benito-perez-galdos\/libro-perez-galdos-bibliografia-santanderina\/\"]}]},{\"@type\":\"ImageObject\",\"inLanguage\":\"es\",\"@id\":\"https:\/\/batallitas.es\/benito-perez-galdos\/libro-perez-galdos-bibliografia-santanderina\/#primaryimage\",\"url\":\"\",\"contentUrl\":\"\"},{\"@type\":\"BreadcrumbList\",\"@id\":\"https:\/\/batallitas.es\/benito-perez-galdos\/libro-perez-galdos-bibliografia-santanderina\/#breadcrumb\",\"itemListElement\":[{\"@type\":\"ListItem\",\"position\":1,\"name\":\"Portada\",\"item\":\"https:\/\/batallitas.es\/benito-perez-galdos\/\"},{\"@type\":\"ListItem\",\"position\":2,\"name\":\"[Libro] P\u00e9rez Gald\u00f3s, biograf\u00eda Santanderina\"}]},{\"@type\":\"WebSite\",\"@id\":\"https:\/\/batallitas.es\/benito-perez-galdos\/#website\",\"url\":\"https:\/\/batallitas.es\/benito-perez-galdos\/\",\"name\":\"Cronolog\u00eda de la vida y la obra de Benito P\u00e9rez Gald\u00f3s\",\"description\":\"\",\"potentialAction\":[{\"@type\":\"SearchAction\",\"target\":{\"@type\":\"EntryPoint\",\"urlTemplate\":\"https:\/\/batallitas.es\/benito-perez-galdos\/?s={search_term_string}\"},\"query-input\":{\"@type\":\"PropertyValueSpecification\",\"valueRequired\":true,\"valueName\":\"search_term_string\"}}],\"inLanguage\":\"es\"},{\"@type\":\"Person\",\"@id\":\"https:\/\/batallitas.es\/benito-perez-galdos\/#\/schema\/person\/2dda07be9325676808524c55b6218a25\",\"name\":\"Benito\",\"image\":{\"@type\":\"ImageObject\",\"inLanguage\":\"es\",\"@id\":\"https:\/\/batallitas.es\/benito-perez-galdos\/#\/schema\/person\/image\/\",\"url\":\"https:\/\/secure.gravatar.com\/avatar\/8695d643bbae3009794e7fc5797055bb?s=96&d=mm&r=g\",\"contentUrl\":\"https:\/\/secure.gravatar.com\/avatar\/8695d643bbae3009794e7fc5797055bb?s=96&d=mm&r=g\",\"caption\":\"Benito\"},\"sameAs\":[\"https:\/\/batallitas.es\/galdos\"],\"url\":\"https:\/\/batallitas.es\/benito-perez-galdos\/author\/benito\/\"}]}<\/script>\n<!-- \/ Yoast SEO plugin. -->","yoast_head_json":{"title":"[Libro] P\u00e9rez Gald\u00f3s, biograf\u00eda Santanderina - Cronolog\u00eda de la vida y la obra de Benito P\u00e9rez Gald\u00f3s","robots":{"index":"index","follow":"follow","max-snippet":"max-snippet:-1","max-image-preview":"max-image-preview:large","max-video-preview":"max-video-preview:-1"},"canonical":"https:\/\/batallitas.es\/benito-perez-galdos\/libro-perez-galdos-bibliografia-santanderina\/","og_locale":"es_ES","og_type":"article","og_title":"[Libro] P\u00e9rez Gald\u00f3s, biograf\u00eda Santanderina - Cronolog\u00eda de la vida y la obra de Benito P\u00e9rez Gald\u00f3s","og_description":"En la biograf\u00eda de Benito P\u00e9rez Gald\u00f3s hab\u00eda una gran laguna; lo peor no era ese vac\u00edo: sino que no nos d\u00e1bamos cuenta de ello: Santander: lugar de veraneo, amistad de Pereda y Gald\u00f3s, tolerancia entre hombres de creencias encontradas y otros lugares colmums, la propieriad que compr\u00f3 el mvelista canmio: ((San Quint\u00ednn.","og_url":"https:\/\/batallitas.es\/benito-perez-galdos\/libro-perez-galdos-bibliografia-santanderina\/","og_site_name":"Cronolog\u00eda de la vida y la obra de Benito P\u00e9rez Gald\u00f3s","article_published_time":"2010-08-04T02:21:00+00:00","og_image":[{"width":1200,"height":630,"url":"https:\/\/batallitas.es\/benito-perez-galdos\/wp-content\/uploads\/2025\/01\/facebook_thumbnail.jpg","type":"image\/jpeg"}],"author":"Benito","twitter_card":"summary_large_image","twitter_misc":{"Escrito por":"Benito"},"schema":{"@context":"https:\/\/schema.org","@graph":[{"@type":"WebPage","@id":"https:\/\/batallitas.es\/benito-perez-galdos\/libro-perez-galdos-bibliografia-santanderina\/","url":"https:\/\/batallitas.es\/benito-perez-galdos\/libro-perez-galdos-bibliografia-santanderina\/","name":"[Libro] P\u00e9rez Gald\u00f3s, biograf\u00eda Santanderina - Cronolog\u00eda de la vida y la obra de Benito P\u00e9rez Gald\u00f3s","isPartOf":{"@id":"https:\/\/batallitas.es\/benito-perez-galdos\/#website"},"primaryImageOfPage":{"@id":"https:\/\/batallitas.es\/benito-perez-galdos\/libro-perez-galdos-bibliografia-santanderina\/#primaryimage"},"image":{"@id":"https:\/\/batallitas.es\/benito-perez-galdos\/libro-perez-galdos-bibliografia-santanderina\/#primaryimage"},"thumbnailUrl":"","datePublished":"2010-08-04T02:21:00+00:00","dateModified":"2010-08-04T02:21:00+00:00","author":{"@id":"https:\/\/batallitas.es\/benito-perez-galdos\/#\/schema\/person\/2dda07be9325676808524c55b6218a25"},"breadcrumb":{"@id":"https:\/\/batallitas.es\/benito-perez-galdos\/libro-perez-galdos-bibliografia-santanderina\/#breadcrumb"},"inLanguage":"es","potentialAction":[{"@type":"ReadAction","target":["https:\/\/batallitas.es\/benito-perez-galdos\/libro-perez-galdos-bibliografia-santanderina\/"]}]},{"@type":"ImageObject","inLanguage":"es","@id":"https:\/\/batallitas.es\/benito-perez-galdos\/libro-perez-galdos-bibliografia-santanderina\/#primaryimage","url":"","contentUrl":""},{"@type":"BreadcrumbList","@id":"https:\/\/batallitas.es\/benito-perez-galdos\/libro-perez-galdos-bibliografia-santanderina\/#breadcrumb","itemListElement":[{"@type":"ListItem","position":1,"name":"Portada","item":"https:\/\/batallitas.es\/benito-perez-galdos\/"},{"@type":"ListItem","position":2,"name":"[Libro] P\u00e9rez Gald\u00f3s, biograf\u00eda Santanderina"}]},{"@type":"WebSite","@id":"https:\/\/batallitas.es\/benito-perez-galdos\/#website","url":"https:\/\/batallitas.es\/benito-perez-galdos\/","name":"Cronolog\u00eda de la vida y la obra de Benito P\u00e9rez Gald\u00f3s","description":"","potentialAction":[{"@type":"SearchAction","target":{"@type":"EntryPoint","urlTemplate":"https:\/\/batallitas.es\/benito-perez-galdos\/?s={search_term_string}"},"query-input":{"@type":"PropertyValueSpecification","valueRequired":true,"valueName":"search_term_string"}}],"inLanguage":"es"},{"@type":"Person","@id":"https:\/\/batallitas.es\/benito-perez-galdos\/#\/schema\/person\/2dda07be9325676808524c55b6218a25","name":"Benito","image":{"@type":"ImageObject","inLanguage":"es","@id":"https:\/\/batallitas.es\/benito-perez-galdos\/#\/schema\/person\/image\/","url":"https:\/\/secure.gravatar.com\/avatar\/8695d643bbae3009794e7fc5797055bb?s=96&d=mm&r=g","contentUrl":"https:\/\/secure.gravatar.com\/avatar\/8695d643bbae3009794e7fc5797055bb?s=96&d=mm&r=g","caption":"Benito"},"sameAs":["https:\/\/batallitas.es\/galdos"],"url":"https:\/\/batallitas.es\/benito-perez-galdos\/author\/benito\/"}]}},"_links":{"self":[{"href":"https:\/\/batallitas.es\/benito-perez-galdos\/wp-json\/wp\/v2\/posts\/6997","targetHints":{"allow":["GET"]}}],"collection":[{"href":"https:\/\/batallitas.es\/benito-perez-galdos\/wp-json\/wp\/v2\/posts"}],"about":[{"href":"https:\/\/batallitas.es\/benito-perez-galdos\/wp-json\/wp\/v2\/types\/post"}],"author":[{"embeddable":true,"href":"https:\/\/batallitas.es\/benito-perez-galdos\/wp-json\/wp\/v2\/users\/1"}],"replies":[{"embeddable":true,"href":"https:\/\/batallitas.es\/benito-perez-galdos\/wp-json\/wp\/v2\/comments?post=6997"}],"version-history":[{"count":0,"href":"https:\/\/batallitas.es\/benito-perez-galdos\/wp-json\/wp\/v2\/posts\/6997\/revisions"}],"wp:featuredmedia":[{"embeddable":true,"href":"https:\/\/batallitas.es\/benito-perez-galdos\/wp-json\/"}],"wp:attachment":[{"href":"https:\/\/batallitas.es\/benito-perez-galdos\/wp-json\/wp\/v2\/media?parent=6997"}],"wp:term":[{"taxonomy":"category","embeddable":true,"href":"https:\/\/batallitas.es\/benito-perez-galdos\/wp-json\/wp\/v2\/categories?post=6997"},{"taxonomy":"post_tag","embeddable":true,"href":"https:\/\/batallitas.es\/benito-perez-galdos\/wp-json\/wp\/v2\/tags?post=6997"}],"curies":[{"name":"wp","href":"https:\/\/api.w.org\/{rel}","templated":true}]}}