{"id":7925,"date":"2013-06-01T07:52:00","date_gmt":"2013-06-01T05:52:00","guid":{"rendered":"http:\/\/ferna.eu\/?p=7925"},"modified":"2013-06-01T07:52:00","modified_gmt":"2013-06-01T05:52:00","slug":"articulo-alemania-y-francia-de-benito-perez-galdos","status":"publish","type":"post","link":"https:\/\/batallitas.es\/benito-perez-galdos\/articulo-alemania-y-francia-de-benito-perez-galdos\/","title":{"rendered":"[Art\u00edculo] Alemania y Francia, de Benito P\u00e9rez Gald\u00f3s"},"content":{"rendered":"\n<p>Madrid, 1 de abril de 1881<\/p>\n\n\n\n<p>Tiempo hace que el principal alimento de nuestra prensa viene del Extranjero, singularmente de Alemania, donde la muerte de Guillermo I ha creado una situaci\u00f3n extra\u00f1a. En lo de la salud del Emperador Federico III, el tel\u00e9grafo expresa cada d\u00eda impresiones diferentes. Hay d\u00edas en que toca la impresi\u00f3n optimista: el Emperador est\u00e1 bien, no tose, duerme y come y hasta sale a paseo. Luego vienen los d\u00edas en que toca lo contrario: el Emperador no va bien, y los alemanes temen que su reinado ser\u00e1 muy corto.<\/p>\n\n\n\n<p>Sobre si es c\u00e1ncer o no es c\u00e1ncer. Dios sabe las informaciones absolutamente contradictorias que han circulado por el mundo. Sin duda se ha entablado un pleito de amor propio entre el m\u00e9dico ingl\u00e9s Mackenzie y los doctores alemanes. El primero se vanagloria de haber salvado la vida al Emperador: los segundos no hacen augurios muy lisonjeros.<\/p>\n\n\n\n<p>Lo peor es que con las apreciaciones facultativas viene ahora a mezclarse la pol\u00edtica. El partido militar, habr\u00eda preferido, seg\u00fan dicen, ver en el Trono al hoy Kronprinz. Federico III, sea por raz\u00f3n de su enfermedad, sea por convicci\u00f3n humanitaria, no quiere que se altere la paz, mientras que su heredero, joven e impetuoso anhela ce\u00f1ir su frente con los laureles de la victoria. Despu\u00e9s sale a relucir la enemistad sorda que parece existir entre Bismarcky la Emperatriz Victoria. A \u00e9sta y a su marido atribuyen prop\u00f3sitos de iniciar en Prusia una pol\u00edtica liberal, lo que nada tiene de extra\u00f1o, siendo inglesa la Emperatriz y teniendo un gran ascendiente sobre su marido. Ahora bien; Bismarck cree que la pol\u00edtica liberal quebrantar\u00eda el firm\u00edsimo cimiento de autoridad, sobre el cual se ha edificado la unidad alemana. Sea de esto lo que quiera, es muy dif\u00edcil que Bismarck extreme en esto sus opiniones, como lo es tambi\u00e9n que el actual Emperador prescinda de los servicios del gran Canciller, cuya poderosa inteligencia parece el fanal que alumbra el brillante cielo de la moderna Alemania. La unidad es obra suya, as\u00ed como lo es la preponderancia militar del Imperio, el desarrollo de su riqueza, el vuelo que va tomando su industria.<\/p>\n\n\n\n<p>Pero, al parecer, han surgido nuevas dificultades que acent\u00faan el antagonismo entre la Emperatriz y Bismarck. Este se opone al matrimonio proyectado entre la Princesa Victoria, hija del Emperador y el Principe Alejandro de Battemberg, arrojado por una sedici\u00f3n del Trono de Bulgaria. La Emperatriz desea el matrimonio, patrocinado por su madre la Reina de Inglaterra; Bismarck lo rechaza viendo en ello una ingerencia h\u00e1bil de la pol\u00edtica inglesa y un nuevo motivo de disentimiento con Rusia, verdadera causante de la expulsi\u00f3n del Pr\u00edncipe Alejandro. La Emperatriz, que no olvida ni puede olvidar su nacionalidad brit\u00e1nica y la sangre que corre por sus venas, aparece en pugna con el representante m\u00e1s genuino del esp\u00edritu alem\u00e1n, el grande hombre que ha consagrado su vida al servicio de su patria y a hacer de un reino secundario el mayor y m\u00e1s fuerte imperio del mundo.<\/p>\n\n\n\n<p>Es de creer que por un casamiento, en el cual, seg\u00fan se dice, hay por ambas partes verdadera inclinaci\u00f3n amorosa, no estalle la guerra entre la Emperatriz y el Canciller. Los rumores de la dimisi\u00f3n de \u00e9ste que por Europa corren son, a mi juicio, infundados. Federico III es hombre de gran prudencia, y sabr\u00e1 arreglar esta discusi\u00f3n que bien puede llamarse de familia, pues Bismarck no debe ser considerado como un simple ministro. La importancia de sus servicios es tal, que casi forma parte de las instituciones del imperio.<\/p>\n\n\n\n<p>Tambi\u00e9n se ha hablado bastante del brindis pronunciado por el Kronprinz en un banquete en honor del Canciller. Diferentes versiones han corrido acerca del texto de este brindis, algunas atenuando, otras acentuando la gravedad de su intenci\u00f3n pol\u00edtica. Cualquiera que sea la verdad no muestra el Pr\u00edncipe Guillermo en aquel acto la reservada discreci\u00f3n que corresponde a un heredero del Trono.<\/p>\n\n\n\n<p>Por lo expuesto, se ve que en todas partes hay desavenencias, rozamientos y disgustos. En el pa\u00eds m\u00e1s s\u00f3lido del mundo, all\u00ed donde las instituciones descansan sobre base inconmovible, sobre el respeto un\u00e1nime de la naci\u00f3n, sobre el principio de autoridad en su acepci\u00f3n m\u00e1s amplia, all\u00ed tambi\u00e9n corren vientos de discordia, y las altas influencias aparecen en grave inarmon\u00eda, que puede llegar a ser peligrosa, sobre todo si se complica con estas guerras dom\u00e9sticas el pavoroso problema del rompimiento de la paz europea. Vivir para ver, dice el proverbio. Si vivimos, veremos sin duda, acontecimientos extra\u00f1os. Por de pronto, el enigma est\u00e1 en que la existencia de Federico III se prolongue o no. Su dolencia y el peligro en que est\u00e1 interesan vivamente al mundo entero. No ha existido enfermo alguno en esferas tan altas que inspire tantas simpat\u00edas, ni por cuyo restablecimiento se hayan hecho votos tan un\u00e1nimes y sinceros.<\/p>\n\n\n\n<p>II<\/p>\n\n\n\n<p>Si de Alemania volvemos los ojos a Francia nos encontramos con un desorden moral much\u00edsimo m\u00e1s grande. Todo en Francia huele a descomposici\u00f3n pr\u00f3xima; y la pol\u00edtica que all\u00ed se sigue no puede ser m\u00e1s deplorable. La impopularidad d las C\u00e1maras, y lo que es peor su impotencia para todo como no sea para derribar ministerios, se acent\u00faan de d\u00eda en d\u00eda. La talla de los ministros baja de una manera alarmante, como ha bajado tambi\u00e9n la de los jefes del Estado.<\/p>\n\n\n\n<p>\u00bfEs culpa esto de las instituciones o de los hombres? Creo que de ambos a la vez. Los Gobiernos duran all\u00ed dos o tres meses. No hay ning\u00fan prestigio indiscutible dentro de la C\u00e1mara ni fuera de ella. Todo el clamor que se levant\u00f3 contra Wilson, ya se ha visto que no era m\u00e1s que el grito de guerra para echar de la Presidencia al respetable Mr. Grevy. Este se fu\u00e9 a su casa, y Wilson ha sido absuelto. Todo sigue como antes. Tal como est\u00e1n las C\u00e1maras, ning\u00fan Gobierno puede hacer nada<\/p>\n\n\n\n<p>de provecho, sabedor de que cualquier intriga le echa por tierra. Los oportunistas, perdiendo fuerza cada d\u00eda, los radicales gan\u00e1ndola y emple\u00e1ndola en la destrucci\u00f3n.<\/p>\n\n\n\n<p>En este desbarajuste, no tiene nada de extra\u00f1o que haya adquirido Boulanger la popularidad que da tanto que hablar en todo el mundo. Cierto que el tal Boulanger no es un h\u00e9roe ni ha ganado batallas, ni tiene en su hoja de servicios ninguna haza\u00f1a resonante. El famoso caballo negro, las canciones de Paulus y las aficiones chauvinistas del general son el \u00fanico fundamento, hasta ahora, del favor del pueblo. Pero todo ello demuestra que Francia, cansada de una est\u00e9ril y menguada pol\u00edtica, busca un hombre que halague sus instintos de gloria, y no encontr\u00e1ndolo, echa mano del primero que pasa; Boulanger ha sido el primero que ha inspirado a Francia la confianza en sus fuerzas para el desquite, ha hecho declaraciones resueltamente contrarias a la monarqu\u00eda borb\u00f3nica y orleanista, y se ha mostrado al propio tiempo enemigo del poder parlamentario.<\/p>\n\n\n\n<p>Tiene, pues, todo lo externo, todo lo puramente formal para que el pueblo vea en \u00e9l un dictador. Le faltan la historia gloriosa y los hechos heroicos; pero \u00e9l y sus partidarios dir\u00e1n de seguro que para eso tiempo hay. No creemos que si las cosas fueran de veras tuviera calor en Francia la idea del cesarismo, salvador de la sociedad; pero si la pol\u00edtica no toma otros rumbos, si contin\u00faa empeque\u00f1eciendo al pa\u00eds realzando las median\u00edas, y tras las median\u00edas la vulgaridad, no ser\u00eda extra\u00f1o que se alzase cual\u00acquier d\u00eda con la jefatura del Estado, el que, a falta de grandes m\u00e9ritos y virtudes tuviera el atrevimiento, que en ciertos casos tambi\u00e9n es virtud.<\/p>\n","protected":false},"excerpt":{"rendered":"<p>Tiempo hace que el principal alimento de nuestra prensa viene del Extranjero, singularmente de Alemania, donde la muerte de Guillermo I ha creado una situaci\u00f3n extra\u00f1a. En lo de la salud del Emperador Federico III, el tel\u00e9grafo expresa cada d\u00eda impresiones diferentes. Hay d\u00edas en que toca la impresi\u00f3n optimista: el Emperador est\u00e1 bien, no tose, duerme y come y hasta sale a paseo. Luego vienen los d\u00edas en que toca lo contrario: el Emperador no va bien, y los alemanes temen que su reinado ser\u00e1 muy corto.<\/p>\n","protected":false},"author":1,"featured_media":6991,"comment_status":"open","ping_status":"open","sticky":false,"template":"","format":"standard","meta":{"footnotes":""},"categories":[17,3,4,52],"tags":[],"class_list":["post-7925","post","type-post","status-publish","format-standard","has-post-thumbnail","hentry","category-articulo-periodistico","category-benito-perez-galdos","category-bibliografia","category-criticon"],"yoast_head":"<!-- This site is optimized with the Yoast SEO plugin v24.3 - https:\/\/yoast.com\/wordpress\/plugins\/seo\/ -->\n<title>[Art\u00edculo] Alemania y Francia, de Benito P\u00e9rez Gald\u00f3s - Cronolog\u00eda de la vida y la obra de Benito P\u00e9rez Gald\u00f3s<\/title>\n<meta name=\"robots\" content=\"index, follow, max-snippet:-1, max-image-preview:large, max-video-preview:-1\" \/>\n<link rel=\"canonical\" href=\"https:\/\/batallitas.es\/benito-perez-galdos\/articulo-alemania-y-francia-de-benito-perez-galdos\/\" \/>\n<meta property=\"og:locale\" content=\"es_ES\" \/>\n<meta property=\"og:type\" content=\"article\" \/>\n<meta property=\"og:title\" content=\"[Art\u00edculo] Alemania y Francia, de Benito P\u00e9rez Gald\u00f3s - Cronolog\u00eda de la vida y la obra de Benito P\u00e9rez Gald\u00f3s\" \/>\n<meta property=\"og:description\" content=\"Tiempo hace que el principal alimento de nuestra prensa viene del Extranjero, singularmente de Alemania, donde la muerte de Guillermo I ha creado una situaci\u00f3n extra\u00f1a. En lo de la salud del Emperador Federico III, el tel\u00e9grafo expresa cada d\u00eda impresiones diferentes. Hay d\u00edas en que toca la impresi\u00f3n optimista: el Emperador est\u00e1 bien, no tose, duerme y come y hasta sale a paseo. Luego vienen los d\u00edas en que toca lo contrario: el Emperador no va bien, y los alemanes temen que su reinado ser\u00e1 muy corto.\" \/>\n<meta property=\"og:url\" content=\"https:\/\/batallitas.es\/benito-perez-galdos\/articulo-alemania-y-francia-de-benito-perez-galdos\/\" \/>\n<meta property=\"og:site_name\" content=\"Cronolog\u00eda de la vida y la obra de Benito P\u00e9rez Gald\u00f3s\" \/>\n<meta property=\"article:published_time\" content=\"2013-06-01T05:52:00+00:00\" \/>\n<meta property=\"og:image\" content=\"https:\/\/batallitas.es\/benito-perez-galdos\/wp-content\/uploads\/2025\/01\/facebook_thumbnail.jpg\" \/>\n\t<meta property=\"og:image:width\" content=\"1200\" \/>\n\t<meta property=\"og:image:height\" content=\"630\" \/>\n\t<meta property=\"og:image:type\" content=\"image\/jpeg\" \/>\n<meta name=\"author\" content=\"Benito\" \/>\n<meta name=\"twitter:card\" content=\"summary_large_image\" \/>\n<meta name=\"twitter:label1\" content=\"Escrito por\" \/>\n\t<meta name=\"twitter:data1\" content=\"Benito\" \/>\n\t<meta name=\"twitter:label2\" content=\"Tiempo de lectura\" \/>\n\t<meta name=\"twitter:data2\" content=\"7 minutos\" \/>\n<script type=\"application\/ld+json\" class=\"yoast-schema-graph\">{\"@context\":\"https:\/\/schema.org\",\"@graph\":[{\"@type\":\"WebPage\",\"@id\":\"https:\/\/batallitas.es\/benito-perez-galdos\/articulo-alemania-y-francia-de-benito-perez-galdos\/\",\"url\":\"https:\/\/batallitas.es\/benito-perez-galdos\/articulo-alemania-y-francia-de-benito-perez-galdos\/\",\"name\":\"[Art\u00edculo] Alemania y Francia, de Benito P\u00e9rez Gald\u00f3s - Cronolog\u00eda de la vida y la obra de Benito P\u00e9rez Gald\u00f3s\",\"isPartOf\":{\"@id\":\"https:\/\/batallitas.es\/benito-perez-galdos\/#website\"},\"primaryImageOfPage\":{\"@id\":\"https:\/\/batallitas.es\/benito-perez-galdos\/articulo-alemania-y-francia-de-benito-perez-galdos\/#primaryimage\"},\"image\":{\"@id\":\"https:\/\/batallitas.es\/benito-perez-galdos\/articulo-alemania-y-francia-de-benito-perez-galdos\/#primaryimage\"},\"thumbnailUrl\":\"\",\"datePublished\":\"2013-06-01T05:52:00+00:00\",\"dateModified\":\"2013-06-01T05:52:00+00:00\",\"author\":{\"@id\":\"https:\/\/batallitas.es\/benito-perez-galdos\/#\/schema\/person\/2dda07be9325676808524c55b6218a25\"},\"breadcrumb\":{\"@id\":\"https:\/\/batallitas.es\/benito-perez-galdos\/articulo-alemania-y-francia-de-benito-perez-galdos\/#breadcrumb\"},\"inLanguage\":\"es\",\"potentialAction\":[{\"@type\":\"ReadAction\",\"target\":[\"https:\/\/batallitas.es\/benito-perez-galdos\/articulo-alemania-y-francia-de-benito-perez-galdos\/\"]}]},{\"@type\":\"ImageObject\",\"inLanguage\":\"es\",\"@id\":\"https:\/\/batallitas.es\/benito-perez-galdos\/articulo-alemania-y-francia-de-benito-perez-galdos\/#primaryimage\",\"url\":\"\",\"contentUrl\":\"\"},{\"@type\":\"BreadcrumbList\",\"@id\":\"https:\/\/batallitas.es\/benito-perez-galdos\/articulo-alemania-y-francia-de-benito-perez-galdos\/#breadcrumb\",\"itemListElement\":[{\"@type\":\"ListItem\",\"position\":1,\"name\":\"Portada\",\"item\":\"https:\/\/batallitas.es\/benito-perez-galdos\/\"},{\"@type\":\"ListItem\",\"position\":2,\"name\":\"[Art\u00edculo] Alemania y Francia, de Benito P\u00e9rez Gald\u00f3s\"}]},{\"@type\":\"WebSite\",\"@id\":\"https:\/\/batallitas.es\/benito-perez-galdos\/#website\",\"url\":\"https:\/\/batallitas.es\/benito-perez-galdos\/\",\"name\":\"Cronolog\u00eda de la vida y la obra de Benito P\u00e9rez Gald\u00f3s\",\"description\":\"\",\"potentialAction\":[{\"@type\":\"SearchAction\",\"target\":{\"@type\":\"EntryPoint\",\"urlTemplate\":\"https:\/\/batallitas.es\/benito-perez-galdos\/?s={search_term_string}\"},\"query-input\":{\"@type\":\"PropertyValueSpecification\",\"valueRequired\":true,\"valueName\":\"search_term_string\"}}],\"inLanguage\":\"es\"},{\"@type\":\"Person\",\"@id\":\"https:\/\/batallitas.es\/benito-perez-galdos\/#\/schema\/person\/2dda07be9325676808524c55b6218a25\",\"name\":\"Benito\",\"image\":{\"@type\":\"ImageObject\",\"inLanguage\":\"es\",\"@id\":\"https:\/\/batallitas.es\/benito-perez-galdos\/#\/schema\/person\/image\/\",\"url\":\"https:\/\/secure.gravatar.com\/avatar\/8695d643bbae3009794e7fc5797055bb?s=96&d=mm&r=g\",\"contentUrl\":\"https:\/\/secure.gravatar.com\/avatar\/8695d643bbae3009794e7fc5797055bb?s=96&d=mm&r=g\",\"caption\":\"Benito\"},\"sameAs\":[\"https:\/\/batallitas.es\/galdos\"],\"url\":\"https:\/\/batallitas.es\/benito-perez-galdos\/author\/benito\/\"}]}<\/script>\n<!-- \/ Yoast SEO plugin. -->","yoast_head_json":{"title":"[Art\u00edculo] Alemania y Francia, de Benito P\u00e9rez Gald\u00f3s - Cronolog\u00eda de la vida y la obra de Benito P\u00e9rez Gald\u00f3s","robots":{"index":"index","follow":"follow","max-snippet":"max-snippet:-1","max-image-preview":"max-image-preview:large","max-video-preview":"max-video-preview:-1"},"canonical":"https:\/\/batallitas.es\/benito-perez-galdos\/articulo-alemania-y-francia-de-benito-perez-galdos\/","og_locale":"es_ES","og_type":"article","og_title":"[Art\u00edculo] Alemania y Francia, de Benito P\u00e9rez Gald\u00f3s - Cronolog\u00eda de la vida y la obra de Benito P\u00e9rez Gald\u00f3s","og_description":"Tiempo hace que el principal alimento de nuestra prensa viene del Extranjero, singularmente de Alemania, donde la muerte de Guillermo I ha creado una situaci\u00f3n extra\u00f1a. En lo de la salud del Emperador Federico III, el tel\u00e9grafo expresa cada d\u00eda impresiones diferentes. Hay d\u00edas en que toca la impresi\u00f3n optimista: el Emperador est\u00e1 bien, no tose, duerme y come y hasta sale a paseo. Luego vienen los d\u00edas en que toca lo contrario: el Emperador no va bien, y los alemanes temen que su reinado ser\u00e1 muy corto.","og_url":"https:\/\/batallitas.es\/benito-perez-galdos\/articulo-alemania-y-francia-de-benito-perez-galdos\/","og_site_name":"Cronolog\u00eda de la vida y la obra de Benito P\u00e9rez Gald\u00f3s","article_published_time":"2013-06-01T05:52:00+00:00","og_image":[{"width":1200,"height":630,"url":"https:\/\/batallitas.es\/benito-perez-galdos\/wp-content\/uploads\/2025\/01\/facebook_thumbnail.jpg","type":"image\/jpeg"}],"author":"Benito","twitter_card":"summary_large_image","twitter_misc":{"Escrito por":"Benito","Tiempo de lectura":"7 minutos"},"schema":{"@context":"https:\/\/schema.org","@graph":[{"@type":"WebPage","@id":"https:\/\/batallitas.es\/benito-perez-galdos\/articulo-alemania-y-francia-de-benito-perez-galdos\/","url":"https:\/\/batallitas.es\/benito-perez-galdos\/articulo-alemania-y-francia-de-benito-perez-galdos\/","name":"[Art\u00edculo] Alemania y Francia, de Benito P\u00e9rez Gald\u00f3s - Cronolog\u00eda de la vida y la obra de Benito P\u00e9rez Gald\u00f3s","isPartOf":{"@id":"https:\/\/batallitas.es\/benito-perez-galdos\/#website"},"primaryImageOfPage":{"@id":"https:\/\/batallitas.es\/benito-perez-galdos\/articulo-alemania-y-francia-de-benito-perez-galdos\/#primaryimage"},"image":{"@id":"https:\/\/batallitas.es\/benito-perez-galdos\/articulo-alemania-y-francia-de-benito-perez-galdos\/#primaryimage"},"thumbnailUrl":"","datePublished":"2013-06-01T05:52:00+00:00","dateModified":"2013-06-01T05:52:00+00:00","author":{"@id":"https:\/\/batallitas.es\/benito-perez-galdos\/#\/schema\/person\/2dda07be9325676808524c55b6218a25"},"breadcrumb":{"@id":"https:\/\/batallitas.es\/benito-perez-galdos\/articulo-alemania-y-francia-de-benito-perez-galdos\/#breadcrumb"},"inLanguage":"es","potentialAction":[{"@type":"ReadAction","target":["https:\/\/batallitas.es\/benito-perez-galdos\/articulo-alemania-y-francia-de-benito-perez-galdos\/"]}]},{"@type":"ImageObject","inLanguage":"es","@id":"https:\/\/batallitas.es\/benito-perez-galdos\/articulo-alemania-y-francia-de-benito-perez-galdos\/#primaryimage","url":"","contentUrl":""},{"@type":"BreadcrumbList","@id":"https:\/\/batallitas.es\/benito-perez-galdos\/articulo-alemania-y-francia-de-benito-perez-galdos\/#breadcrumb","itemListElement":[{"@type":"ListItem","position":1,"name":"Portada","item":"https:\/\/batallitas.es\/benito-perez-galdos\/"},{"@type":"ListItem","position":2,"name":"[Art\u00edculo] Alemania y Francia, de Benito P\u00e9rez Gald\u00f3s"}]},{"@type":"WebSite","@id":"https:\/\/batallitas.es\/benito-perez-galdos\/#website","url":"https:\/\/batallitas.es\/benito-perez-galdos\/","name":"Cronolog\u00eda de la vida y la obra de Benito P\u00e9rez Gald\u00f3s","description":"","potentialAction":[{"@type":"SearchAction","target":{"@type":"EntryPoint","urlTemplate":"https:\/\/batallitas.es\/benito-perez-galdos\/?s={search_term_string}"},"query-input":{"@type":"PropertyValueSpecification","valueRequired":true,"valueName":"search_term_string"}}],"inLanguage":"es"},{"@type":"Person","@id":"https:\/\/batallitas.es\/benito-perez-galdos\/#\/schema\/person\/2dda07be9325676808524c55b6218a25","name":"Benito","image":{"@type":"ImageObject","inLanguage":"es","@id":"https:\/\/batallitas.es\/benito-perez-galdos\/#\/schema\/person\/image\/","url":"https:\/\/secure.gravatar.com\/avatar\/8695d643bbae3009794e7fc5797055bb?s=96&d=mm&r=g","contentUrl":"https:\/\/secure.gravatar.com\/avatar\/8695d643bbae3009794e7fc5797055bb?s=96&d=mm&r=g","caption":"Benito"},"sameAs":["https:\/\/batallitas.es\/galdos"],"url":"https:\/\/batallitas.es\/benito-perez-galdos\/author\/benito\/"}]}},"_links":{"self":[{"href":"https:\/\/batallitas.es\/benito-perez-galdos\/wp-json\/wp\/v2\/posts\/7925","targetHints":{"allow":["GET"]}}],"collection":[{"href":"https:\/\/batallitas.es\/benito-perez-galdos\/wp-json\/wp\/v2\/posts"}],"about":[{"href":"https:\/\/batallitas.es\/benito-perez-galdos\/wp-json\/wp\/v2\/types\/post"}],"author":[{"embeddable":true,"href":"https:\/\/batallitas.es\/benito-perez-galdos\/wp-json\/wp\/v2\/users\/1"}],"replies":[{"embeddable":true,"href":"https:\/\/batallitas.es\/benito-perez-galdos\/wp-json\/wp\/v2\/comments?post=7925"}],"version-history":[{"count":0,"href":"https:\/\/batallitas.es\/benito-perez-galdos\/wp-json\/wp\/v2\/posts\/7925\/revisions"}],"wp:featuredmedia":[{"embeddable":true,"href":"https:\/\/batallitas.es\/benito-perez-galdos\/wp-json\/"}],"wp:attachment":[{"href":"https:\/\/batallitas.es\/benito-perez-galdos\/wp-json\/wp\/v2\/media?parent=7925"}],"wp:term":[{"taxonomy":"category","embeddable":true,"href":"https:\/\/batallitas.es\/benito-perez-galdos\/wp-json\/wp\/v2\/categories?post=7925"},{"taxonomy":"post_tag","embeddable":true,"href":"https:\/\/batallitas.es\/benito-perez-galdos\/wp-json\/wp\/v2\/tags?post=7925"}],"curies":[{"name":"wp","href":"https:\/\/api.w.org\/{rel}","templated":true}]}}