{"id":7999,"date":"2013-11-02T06:31:00","date_gmt":"2013-11-02T05:31:00","guid":{"rendered":"http:\/\/ferna.eu\/?p=7999"},"modified":"2013-11-02T06:31:00","modified_gmt":"2013-11-02T05:31:00","slug":"articulo-el-suicidio-de-pigott-de-benito-perez-galdos","status":"publish","type":"post","link":"https:\/\/batallitas.es\/benito-perez-galdos\/articulo-el-suicidio-de-pigott-de-benito-perez-galdos\/","title":{"rendered":"[Art\u00edculo] El suicidio de Pigott, de Benito P\u00e9rez Gald\u00f3s"},"content":{"rendered":"\n<p>Madrid, 6 de marzo de 1889.<\/p>\n\n\n\n<p>I<\/p>\n\n\n\n<p>Contar\u00e9 hoy un suceso acaecido aqu\u00ed y que se relaciona con uno de los asuntos de pol\u00edtica extranjera que m\u00e1s interesan en Europa.<\/p>\n\n\n\n<p>Hace pocos d\u00edas lleg\u00f3 a Madrid un ingl\u00e9s y se aloj\u00f3 en uno de los m\u00e1s c\u00e9ntricos hoteles de esta capital, en cuya lista de viajeros se suscribi\u00f3 con el nombre de Ponsouby. No tra\u00eda m\u00e1s equipaje que una maleta de mano. Era alto, como de sesenta a\u00f1os, con barba blanca y larga, y usaba mon\u00f3culo. Los dos primeros d\u00edas se ocup\u00f3, en compa\u00f1\u00eda de un int\u00e9rprete, en visitar los Museos y principales curiosidades de esta corte. Al tercer d\u00eda, hall\u00e1base el tal en su cuarto, cuando le anunciaron que preguntaba por \u00e9l un delegado de Polic\u00eda. Antes que \u00e9ste tuviera tiempo de presentarle la orden de prisi\u00f3n que llevaba, el llamado Ponsouby se meti\u00f3 en la boca el ca\u00f1\u00f3n de un rev\u00f3lver y se levant\u00f3 la tapa de los sesos.<\/p>\n\n\n\n<p>Esto ocurr\u00eda en las primeras horas de la noche del 28 de febrero. Al d\u00eda siguiente corr\u00eda por Madrid la noticia de que el suicida del Hotel de Embajadores era Pigott.<\/p>\n\n\n\n<p>\u00bfPero qui\u00e9n es Pigott?\u2014dir\u00e1n mis lectores\u2014. Imposible de que dejen de tener noticias de la grav\u00edsima cuesti\u00f3n surgida en Inglaterra entre el jefe del partido irland\u00e9s Parnell y el peri\u00f3dico el <em>Times<\/em>.<\/p>\n\n\n\n<p>El proceso que con motivo de esta cuesti\u00f3n se entabl\u00f3 no hace mucho, ha sido de los m\u00e1s ruidosos, y la acci\u00f3n de Parnell contra el <em>Times<\/em> se fundaba en la publicaci\u00f3n por este peri\u00f3dico de varias cartas del primero en las cuales aparec\u00eda c\u00f3mplice del crimen de Rhenix-Park, perpetrado hace a\u00f1os. Las tales cartas hab\u00edan sido presentadas al c\u00e9lebre diario de la City por un tal Pigott. El defensor de Parnell, sir Charles Russell, en un interrogatorio que es una obra maestra de habilidad forense, hizo ver desde luego que el tal Pigott era un aventurero, que de periodista feniano que fu\u00e9 en 1867, se hab\u00eda hecho agente secreto del Gobierno, y que mientras ped\u00eda dinero inoportunamente al ministro de Irlanda, trataba de explotar a la Liga Nacional.<\/p>\n\n\n\n<p>II<\/p>\n\n\n\n<p>Las faltas de ortograf\u00eda de que estaban plagadas las cartas hac\u00edan creer que \u00e9stas no eran aut\u00e9nticas. Parnell escribe muy correctamente. La falsedad apareci\u00f3 con toda evidencia cuando, en la primera declaraci\u00f3n de Pigott, sir Charles Russell le hizo escribir al dictado algunas palabras en que el testigo hubo de cometer las mismas faltas que en las car\u00actas, publicadas por el <em>Times<\/em>, se advert\u00edan.<\/p>\n\n\n\n<p>Probada al fin la falsedad, la condenaci\u00f3n del falsificador era inevitable, y el peri\u00f3dico que di\u00f3 acogida al fraude sufr\u00eda grand\u00edsimo quebranto. El mismo Times lo declara con amargura en esta frase: \u00abSi Mr. Parnell resultara inocente y las cartas que le atribuimos, y cuyo facs\u00edmil hemos publicado, no fueran suyas, toda la responsabilidad caer\u00eda sobre nosotros. Despu\u00e9s de cien a\u00f1os de existencia honrosa no nos quedar\u00e1 otro camino que desaparecer.\u00bb<\/p>\n\n\n\n<p>La respetabilidad tradicional del peri\u00f3dico londinense ha perdido mucho, y sus perjuicios pecuniarios son de gran consideraci\u00f3n. Este a\u00f1o no ha podido distribuir dividendo entre sus accionistas. Los gastos del proceso ascienden a tres millones de pesetas, sin contar la indemnizaci\u00f3n que Parnell ha de reclamar ante los Tribunales ordinarios.<\/p>\n\n\n\n<p>Pero lo m\u00e1s extra\u00f1o de todo es que antes de la terminaci\u00f3n del proceso desaparece Pigott de Londres. Su fuga viene a confirmar m\u00e1s y m\u00e1s su culpabilidad, no dejando duda alguna acerca de ella. Todas las pesquisas de la polic\u00eda inglesa son in\u00fatiles para descubrir el paradero del impostor. Se hab\u00edan tomado minuciosas precauciones para impedir la fuga: dos agentes de polic\u00eda le vigilaban constantemente, y uno de ellos, disfrazado, viv\u00eda en su mismo hotel. Es realmente un misterio que desapareciera de Londres y de Inglaterra sin dejar rastro alguno de s\u00ed. Despu\u00e9s se ha sabido que estuvo un d\u00eda en Par\u00eds. Present\u00f3se en el \u00abHotel des Deux Mondes\u00bb. Despu\u00e9s de almorzar, sali\u00f3 de la fonda y no se le ha vuelto a ver all\u00ed. Esto ocurr\u00eda el martes de la semana pasada. El jueves aparece Pigott en Madrid, va al Hotel de Embajadores, y lo dem\u00e1s ya lo he contado.<\/p>\n\n\n\n<p>La identificaci\u00f3n del cad\u00e1ver no est\u00e1 hecha a\u00fan de una manera evidente; pero hay indicios que hasta cierto punto suplen la evidencia.<\/p>\n\n\n\n<p>Sobre el cad\u00e1ver del suicida el juez encontr\u00f3 dos documentos que arrojan bastante luz. Uno de estos papeles es una carta dirigida al diputado radical ingl\u00e9s Mr. Labouchere, amigo \u00edntimo de Parnell, y dice as\u00ed:<\/p>\n\n\n\n<p>\u00abEl primer paquete de cartas que vend\u00ed al <em>Times<\/em> se compon\u00eda todo de documentos aut\u00e9nticos; pero en el segundo inclu\u00ed algunas cartas falsas. Entre \u00e9stas \u00faltimas hab\u00eda dos de Mr. Parnell, una de Davitt, otra de Kelly y otra de Patrich Egan. Lamento de la manera m\u00e1s profunda el mal que he hecho, y con toda mi alma deseo repararlo. Para ello estoy dispuesto a emplear cuantos medios se hallen a mi alcance, y me someto a las instrucciones que usted me d\u00e9. La mayor parte de lo que he declarado ante el Tribunal es falso; pero lo que he afirmado bajo juramento y por escrito es cierto.\u00bb<\/p>\n\n\n\n<p>Firma <em>Richard P<\/em><em>i<\/em><em>gott<\/em>.<\/p>\n\n\n\n<p>El otro papel hallado sobre el muerto, y que de-muestra su personalidad, es una licencia para usar armas, expedida en Dubl\u00edn. Parece que no hay duda acerca de la personalidad; mas para reconocerla y probarla legalmente, agu\u00e1rdase la llegada de un funcionario de la polic\u00eda inglesa y las fotograf\u00edas del muerto, que deben llegar hoy. Entretanto no se le dar\u00e1 sepultura. H\u00e1llase en el Dep\u00f3sito judicial de cad\u00e1veres, y ha ido mucha gente a ver las heladas facciones del desgraciado hombre cuyas imposturas han conmovido profundamente, durante tanto tiempo, la opini\u00f3n p\u00fablica de Inglaterra y de toda Europa.<\/p>\n\n\n\n<figure class=\"wp-block-image size-large is-style-default\"><img decoding=\"async\" src=\"http:\/\/ferna.eu\/venture\/wp-content\/uploads\/2020\/05\/firma_galdos.png\" alt=\"\" class=\"wp-image-7968\"\/><\/figure>\n","protected":false},"excerpt":{"rendered":"<p>Contar\u00e9 hoy un suceso acaecido aqu\u00ed y que se relaciona con uno de los asuntos de pol\u00edtica extranjera que m\u00e1s interesan en Europa. Hace pocos d\u00edas lleg\u00f3 a Madrid un ingl\u00e9s y se aloj\u00f3 en uno de los m\u00e1s c\u00e9ntricos hoteles de esta capital, en cuya lista de viajeros se suscribi\u00f3 con el nombre de Ponsouby.<\/p>\n","protected":false},"author":1,"featured_media":7225,"comment_status":"open","ping_status":"open","sticky":false,"template":"","format":"standard","meta":{"footnotes":""},"categories":[17,3,4,52],"tags":[],"class_list":["post-7999","post","type-post","status-publish","format-standard","has-post-thumbnail","hentry","category-articulo-periodistico","category-benito-perez-galdos","category-bibliografia","category-criticon"],"yoast_head":"<!-- This site is optimized with the Yoast SEO plugin v24.3 - https:\/\/yoast.com\/wordpress\/plugins\/seo\/ -->\n<title>[Art\u00edculo] El suicidio de Pigott, de Benito P\u00e9rez Gald\u00f3s - Cronolog\u00eda de la vida y la obra de Benito P\u00e9rez Gald\u00f3s<\/title>\n<meta name=\"robots\" content=\"index, follow, max-snippet:-1, max-image-preview:large, max-video-preview:-1\" \/>\n<link rel=\"canonical\" href=\"https:\/\/batallitas.es\/benito-perez-galdos\/articulo-el-suicidio-de-pigott-de-benito-perez-galdos\/\" \/>\n<meta property=\"og:locale\" content=\"es_ES\" \/>\n<meta property=\"og:type\" content=\"article\" \/>\n<meta property=\"og:title\" content=\"[Art\u00edculo] El suicidio de Pigott, de Benito P\u00e9rez Gald\u00f3s - Cronolog\u00eda de la vida y la obra de Benito P\u00e9rez Gald\u00f3s\" \/>\n<meta property=\"og:description\" content=\"Contar\u00e9 hoy un suceso acaecido aqu\u00ed y que se relaciona con uno de los asuntos de pol\u00edtica extranjera que m\u00e1s interesan en Europa. Hace pocos d\u00edas lleg\u00f3 a Madrid un ingl\u00e9s y se aloj\u00f3 en uno de los m\u00e1s c\u00e9ntricos hoteles de esta capital, en cuya lista de viajeros se suscribi\u00f3 con el nombre de Ponsouby.\" \/>\n<meta property=\"og:url\" content=\"https:\/\/batallitas.es\/benito-perez-galdos\/articulo-el-suicidio-de-pigott-de-benito-perez-galdos\/\" \/>\n<meta property=\"og:site_name\" content=\"Cronolog\u00eda de la vida y la obra de Benito P\u00e9rez Gald\u00f3s\" \/>\n<meta property=\"article:published_time\" content=\"2013-11-02T05:31:00+00:00\" \/>\n<meta property=\"og:image\" content=\"https:\/\/batallitas.es\/benito-perez-galdos\/wp-content\/uploads\/2025\/01\/facebook_thumbnail.jpg\" \/>\n\t<meta property=\"og:image:width\" content=\"1200\" \/>\n\t<meta property=\"og:image:height\" content=\"630\" \/>\n\t<meta property=\"og:image:type\" content=\"image\/jpeg\" \/>\n<meta name=\"author\" content=\"Benito\" \/>\n<meta name=\"twitter:card\" content=\"summary_large_image\" \/>\n<meta name=\"twitter:label1\" content=\"Escrito por\" \/>\n\t<meta name=\"twitter:data1\" content=\"Benito\" \/>\n\t<meta name=\"twitter:label2\" content=\"Tiempo de lectura\" \/>\n\t<meta name=\"twitter:data2\" content=\"5 minutos\" \/>\n<script type=\"application\/ld+json\" class=\"yoast-schema-graph\">{\"@context\":\"https:\/\/schema.org\",\"@graph\":[{\"@type\":\"WebPage\",\"@id\":\"https:\/\/batallitas.es\/benito-perez-galdos\/articulo-el-suicidio-de-pigott-de-benito-perez-galdos\/\",\"url\":\"https:\/\/batallitas.es\/benito-perez-galdos\/articulo-el-suicidio-de-pigott-de-benito-perez-galdos\/\",\"name\":\"[Art\u00edculo] El suicidio de Pigott, de Benito P\u00e9rez Gald\u00f3s - Cronolog\u00eda de la vida y la obra de Benito P\u00e9rez Gald\u00f3s\",\"isPartOf\":{\"@id\":\"https:\/\/batallitas.es\/benito-perez-galdos\/#website\"},\"primaryImageOfPage\":{\"@id\":\"https:\/\/batallitas.es\/benito-perez-galdos\/articulo-el-suicidio-de-pigott-de-benito-perez-galdos\/#primaryimage\"},\"image\":{\"@id\":\"https:\/\/batallitas.es\/benito-perez-galdos\/articulo-el-suicidio-de-pigott-de-benito-perez-galdos\/#primaryimage\"},\"thumbnailUrl\":\"\",\"datePublished\":\"2013-11-02T05:31:00+00:00\",\"dateModified\":\"2013-11-02T05:31:00+00:00\",\"author\":{\"@id\":\"https:\/\/batallitas.es\/benito-perez-galdos\/#\/schema\/person\/2dda07be9325676808524c55b6218a25\"},\"breadcrumb\":{\"@id\":\"https:\/\/batallitas.es\/benito-perez-galdos\/articulo-el-suicidio-de-pigott-de-benito-perez-galdos\/#breadcrumb\"},\"inLanguage\":\"es\",\"potentialAction\":[{\"@type\":\"ReadAction\",\"target\":[\"https:\/\/batallitas.es\/benito-perez-galdos\/articulo-el-suicidio-de-pigott-de-benito-perez-galdos\/\"]}]},{\"@type\":\"ImageObject\",\"inLanguage\":\"es\",\"@id\":\"https:\/\/batallitas.es\/benito-perez-galdos\/articulo-el-suicidio-de-pigott-de-benito-perez-galdos\/#primaryimage\",\"url\":\"\",\"contentUrl\":\"\"},{\"@type\":\"BreadcrumbList\",\"@id\":\"https:\/\/batallitas.es\/benito-perez-galdos\/articulo-el-suicidio-de-pigott-de-benito-perez-galdos\/#breadcrumb\",\"itemListElement\":[{\"@type\":\"ListItem\",\"position\":1,\"name\":\"Portada\",\"item\":\"https:\/\/batallitas.es\/benito-perez-galdos\/\"},{\"@type\":\"ListItem\",\"position\":2,\"name\":\"[Art\u00edculo] El suicidio de Pigott, de Benito P\u00e9rez Gald\u00f3s\"}]},{\"@type\":\"WebSite\",\"@id\":\"https:\/\/batallitas.es\/benito-perez-galdos\/#website\",\"url\":\"https:\/\/batallitas.es\/benito-perez-galdos\/\",\"name\":\"Cronolog\u00eda de la vida y la obra de Benito P\u00e9rez Gald\u00f3s\",\"description\":\"\",\"potentialAction\":[{\"@type\":\"SearchAction\",\"target\":{\"@type\":\"EntryPoint\",\"urlTemplate\":\"https:\/\/batallitas.es\/benito-perez-galdos\/?s={search_term_string}\"},\"query-input\":{\"@type\":\"PropertyValueSpecification\",\"valueRequired\":true,\"valueName\":\"search_term_string\"}}],\"inLanguage\":\"es\"},{\"@type\":\"Person\",\"@id\":\"https:\/\/batallitas.es\/benito-perez-galdos\/#\/schema\/person\/2dda07be9325676808524c55b6218a25\",\"name\":\"Benito\",\"image\":{\"@type\":\"ImageObject\",\"inLanguage\":\"es\",\"@id\":\"https:\/\/batallitas.es\/benito-perez-galdos\/#\/schema\/person\/image\/\",\"url\":\"https:\/\/secure.gravatar.com\/avatar\/8695d643bbae3009794e7fc5797055bb?s=96&d=mm&r=g\",\"contentUrl\":\"https:\/\/secure.gravatar.com\/avatar\/8695d643bbae3009794e7fc5797055bb?s=96&d=mm&r=g\",\"caption\":\"Benito\"},\"sameAs\":[\"https:\/\/batallitas.es\/galdos\"],\"url\":\"https:\/\/batallitas.es\/benito-perez-galdos\/author\/benito\/\"}]}<\/script>\n<!-- \/ Yoast SEO plugin. -->","yoast_head_json":{"title":"[Art\u00edculo] El suicidio de Pigott, de Benito P\u00e9rez Gald\u00f3s - Cronolog\u00eda de la vida y la obra de Benito P\u00e9rez Gald\u00f3s","robots":{"index":"index","follow":"follow","max-snippet":"max-snippet:-1","max-image-preview":"max-image-preview:large","max-video-preview":"max-video-preview:-1"},"canonical":"https:\/\/batallitas.es\/benito-perez-galdos\/articulo-el-suicidio-de-pigott-de-benito-perez-galdos\/","og_locale":"es_ES","og_type":"article","og_title":"[Art\u00edculo] El suicidio de Pigott, de Benito P\u00e9rez Gald\u00f3s - Cronolog\u00eda de la vida y la obra de Benito P\u00e9rez Gald\u00f3s","og_description":"Contar\u00e9 hoy un suceso acaecido aqu\u00ed y que se relaciona con uno de los asuntos de pol\u00edtica extranjera que m\u00e1s interesan en Europa. Hace pocos d\u00edas lleg\u00f3 a Madrid un ingl\u00e9s y se aloj\u00f3 en uno de los m\u00e1s c\u00e9ntricos hoteles de esta capital, en cuya lista de viajeros se suscribi\u00f3 con el nombre de Ponsouby.","og_url":"https:\/\/batallitas.es\/benito-perez-galdos\/articulo-el-suicidio-de-pigott-de-benito-perez-galdos\/","og_site_name":"Cronolog\u00eda de la vida y la obra de Benito P\u00e9rez Gald\u00f3s","article_published_time":"2013-11-02T05:31:00+00:00","og_image":[{"width":1200,"height":630,"url":"https:\/\/batallitas.es\/benito-perez-galdos\/wp-content\/uploads\/2025\/01\/facebook_thumbnail.jpg","type":"image\/jpeg"}],"author":"Benito","twitter_card":"summary_large_image","twitter_misc":{"Escrito por":"Benito","Tiempo de lectura":"5 minutos"},"schema":{"@context":"https:\/\/schema.org","@graph":[{"@type":"WebPage","@id":"https:\/\/batallitas.es\/benito-perez-galdos\/articulo-el-suicidio-de-pigott-de-benito-perez-galdos\/","url":"https:\/\/batallitas.es\/benito-perez-galdos\/articulo-el-suicidio-de-pigott-de-benito-perez-galdos\/","name":"[Art\u00edculo] El suicidio de Pigott, de Benito P\u00e9rez Gald\u00f3s - Cronolog\u00eda de la vida y la obra de Benito P\u00e9rez Gald\u00f3s","isPartOf":{"@id":"https:\/\/batallitas.es\/benito-perez-galdos\/#website"},"primaryImageOfPage":{"@id":"https:\/\/batallitas.es\/benito-perez-galdos\/articulo-el-suicidio-de-pigott-de-benito-perez-galdos\/#primaryimage"},"image":{"@id":"https:\/\/batallitas.es\/benito-perez-galdos\/articulo-el-suicidio-de-pigott-de-benito-perez-galdos\/#primaryimage"},"thumbnailUrl":"","datePublished":"2013-11-02T05:31:00+00:00","dateModified":"2013-11-02T05:31:00+00:00","author":{"@id":"https:\/\/batallitas.es\/benito-perez-galdos\/#\/schema\/person\/2dda07be9325676808524c55b6218a25"},"breadcrumb":{"@id":"https:\/\/batallitas.es\/benito-perez-galdos\/articulo-el-suicidio-de-pigott-de-benito-perez-galdos\/#breadcrumb"},"inLanguage":"es","potentialAction":[{"@type":"ReadAction","target":["https:\/\/batallitas.es\/benito-perez-galdos\/articulo-el-suicidio-de-pigott-de-benito-perez-galdos\/"]}]},{"@type":"ImageObject","inLanguage":"es","@id":"https:\/\/batallitas.es\/benito-perez-galdos\/articulo-el-suicidio-de-pigott-de-benito-perez-galdos\/#primaryimage","url":"","contentUrl":""},{"@type":"BreadcrumbList","@id":"https:\/\/batallitas.es\/benito-perez-galdos\/articulo-el-suicidio-de-pigott-de-benito-perez-galdos\/#breadcrumb","itemListElement":[{"@type":"ListItem","position":1,"name":"Portada","item":"https:\/\/batallitas.es\/benito-perez-galdos\/"},{"@type":"ListItem","position":2,"name":"[Art\u00edculo] El suicidio de Pigott, de Benito P\u00e9rez Gald\u00f3s"}]},{"@type":"WebSite","@id":"https:\/\/batallitas.es\/benito-perez-galdos\/#website","url":"https:\/\/batallitas.es\/benito-perez-galdos\/","name":"Cronolog\u00eda de la vida y la obra de Benito P\u00e9rez Gald\u00f3s","description":"","potentialAction":[{"@type":"SearchAction","target":{"@type":"EntryPoint","urlTemplate":"https:\/\/batallitas.es\/benito-perez-galdos\/?s={search_term_string}"},"query-input":{"@type":"PropertyValueSpecification","valueRequired":true,"valueName":"search_term_string"}}],"inLanguage":"es"},{"@type":"Person","@id":"https:\/\/batallitas.es\/benito-perez-galdos\/#\/schema\/person\/2dda07be9325676808524c55b6218a25","name":"Benito","image":{"@type":"ImageObject","inLanguage":"es","@id":"https:\/\/batallitas.es\/benito-perez-galdos\/#\/schema\/person\/image\/","url":"https:\/\/secure.gravatar.com\/avatar\/8695d643bbae3009794e7fc5797055bb?s=96&d=mm&r=g","contentUrl":"https:\/\/secure.gravatar.com\/avatar\/8695d643bbae3009794e7fc5797055bb?s=96&d=mm&r=g","caption":"Benito"},"sameAs":["https:\/\/batallitas.es\/galdos"],"url":"https:\/\/batallitas.es\/benito-perez-galdos\/author\/benito\/"}]}},"_links":{"self":[{"href":"https:\/\/batallitas.es\/benito-perez-galdos\/wp-json\/wp\/v2\/posts\/7999","targetHints":{"allow":["GET"]}}],"collection":[{"href":"https:\/\/batallitas.es\/benito-perez-galdos\/wp-json\/wp\/v2\/posts"}],"about":[{"href":"https:\/\/batallitas.es\/benito-perez-galdos\/wp-json\/wp\/v2\/types\/post"}],"author":[{"embeddable":true,"href":"https:\/\/batallitas.es\/benito-perez-galdos\/wp-json\/wp\/v2\/users\/1"}],"replies":[{"embeddable":true,"href":"https:\/\/batallitas.es\/benito-perez-galdos\/wp-json\/wp\/v2\/comments?post=7999"}],"version-history":[{"count":0,"href":"https:\/\/batallitas.es\/benito-perez-galdos\/wp-json\/wp\/v2\/posts\/7999\/revisions"}],"wp:featuredmedia":[{"embeddable":true,"href":"https:\/\/batallitas.es\/benito-perez-galdos\/wp-json\/"}],"wp:attachment":[{"href":"https:\/\/batallitas.es\/benito-perez-galdos\/wp-json\/wp\/v2\/media?parent=7999"}],"wp:term":[{"taxonomy":"category","embeddable":true,"href":"https:\/\/batallitas.es\/benito-perez-galdos\/wp-json\/wp\/v2\/categories?post=7999"},{"taxonomy":"post_tag","embeddable":true,"href":"https:\/\/batallitas.es\/benito-perez-galdos\/wp-json\/wp\/v2\/tags?post=7999"}],"curies":[{"name":"wp","href":"https:\/\/api.w.org\/{rel}","templated":true}]}}