{"id":8011,"date":"2014-01-01T10:20:00","date_gmt":"2014-01-01T09:20:00","guid":{"rendered":"http:\/\/ferna.eu\/?p=8011"},"modified":"2014-01-01T10:20:00","modified_gmt":"2014-01-01T09:20:00","slug":"articulo-eduardo-gasset-y-artime-de-benito-perez-galdos","status":"publish","type":"post","link":"https:\/\/batallitas.es\/benito-perez-galdos\/articulo-eduardo-gasset-y-artime-de-benito-perez-galdos\/","title":{"rendered":"[Art\u00edculo] Eduardo Gasset y Artime, de Benito P\u00e9rez Gald\u00f3s"},"content":{"rendered":"\n<p>Madrid, 24 de mayo de 1884.<\/p>\n\n\n\n<p>I<\/p>\n\n\n\n<p>Mucho sentimiento ha causado en Madrid la muerte de don Eduardo Gasset y Artime, fundador de <em>El Imparcial<\/em>, periodista insigne, que ha trabajado rudamente durante m\u00e1s de treinta a\u00f1os, logrando, a fuerza de constancia e inteligencia, establecer, arraigar y difundir entre nosotros un peri\u00f3dico pol\u00edtico y popular, que se ha distinguido siempre por un criterio oportunista y por una gran discreci\u00f3n y cultura en la forma.<\/p>\n\n\n\n<p><em>El Imparcial<\/em> se publica en esa forma peque\u00f1a y c\u00f3moda que priva entre nosotros, poco aficionados a la lectura larga. Goza desde su fundaci\u00f3n, y principalmente desde 1868, de extraordinaria aceptaci\u00f3n entre toda clase de personas; es, juntamente con otros diarios de su mismo tama\u00f1o, como el pan literario de cada d\u00eda. Penetra en los palacios y en moradas m\u00e1s humildes; se le ve en las manos pulcras de la dama y en las duras y callosas del obrero, y para todos tiene lectura agradable.<\/p>\n\n\n\n<p>Su criterio pol\u00edtico no es muy decisivo en su sistema de pol\u00e9mica muy sistem\u00e1tico, desde la abdicaci\u00f3n del Rey Amadeo, y a esta circunstancia debe quiz\u00e1 su \u00e9xito. Su fundador tuvo ciertamente la habilidad de llevar al organismo de este diario temperamentos y modos de ser fielmente tomados del organismo nacional. Resulta, pues, un peri\u00f3dico de composici\u00f3n variad\u00edsima, impresionable y vehemente en todo lo que puede despertar los adormecidos sentimientos de la patria, atento con las reputaciones, ben\u00e9volo con la juventud, muy inclinado a tratar en lenguaje chistoso las cuestiones m\u00e1s serias, ameno siempre, rara vez pasionista, algo so\u00f1ador en cuestiones de engrandecimiento nacional, demasiado entusiasta en literatura, con cierto sentido pr\u00e1ctico en pol\u00edtica, y muy esmeradamente servido por sus <em>reporters<\/em> en la secci\u00f3n de noticias. Gasset, tras larga pr\u00e1ctica, comprendi\u00f3 como nadie el gusto del p\u00fablico y supo elegir y combinar los materiales de esta raci\u00f3n diaria de literatura al vapor que el hombre del siglo necesita para vivir.<\/p>\n\n\n\n<p>Al periodismo consagr\u00f3 Gasset toda su vida, y sus esfuerzos fueron ampliamente recompensados, pues El Imparcial es una de las mejores fincas literarias que ha creado en nuestros tiempos, con papel y tinta de imprimir, la paciencia de un hombre. Como pasa casi siempre, no ha podido disfrutar el insigne fundador del precio de su trabajo tan noblemente ganado, y la muerte le ha venido cuando estaba en la cumbre y cuando todo le brindaba al descanso.<\/p>\n\n\n\n<p>Estos hombres, que todo se lo deben a s\u00ed mismos, inspiran en nuestros tiempos viv\u00edsimas simpat\u00edas.<\/p>\n\n\n\n<p>II<\/p>\n\n\n\n<p>No fu\u00e9 Gasset de los que al nacer reciben con la posici\u00f3n y la fortuna heredada, los medios de hacer carrera. Todo cuanto fu\u00e9, todo cuanto tuvo, renombre, riqueza, posici\u00f3n pol\u00edtica se lo debi\u00f3 a su propia iniciativa y esfuerzo. Como aqu\u00ed no hay ninguna persona notable que no haya hecho versos, el creador de <em>El Imparcial<\/em> fu\u00e9 tambi\u00e9n poeta, y se di\u00f3 a conocer como de los m\u00e1s ingeniosos en el Parnasillo del caf\u00e9 del Pr\u00edncipe, cuna del genio de Ayala. Naci\u00f3 Gasset en esa regi\u00f3n de Espa\u00f1a, cuyos inteligentes hijos parece que vienen al mundo con la vocaci\u00f3n del trabajo, Galicia, tierra hermos\u00edsima, rica s\u00f3lo en belleza y en hombres \u00fatiles.<\/p>\n\n\n\n<p>Vino a Madrid muy joven, distingui\u00f3se como poeta y fu\u00e9 empleado en oficinas p\u00fablicas y particulares. Quien sab\u00eda componer tan bonitos versos, viv\u00eda de la cosa m\u00e1s \u00e1rida y pros\u00e1ica del mundo, la partida doble. La primitiva vocaci\u00f3n del tenedor de libros se cambi\u00f3 bien pronto en afecto viv\u00edsimo hacia el periodismo. Dirigi\u00f3 una revista ilustrada, desempe\u00f1\u00f3 varios destinos subalternos, fund\u00f3 m\u00e1s tarde un peri\u00f3dico pol\u00edtico, en cuya empresa no hall\u00f3 el \u00e9xito que esperaba, y, finalmente, hacia 1867, durante los d\u00edas de la excitaci\u00f3n revolucionaria, cuando los hombres m\u00e1s notables de los partidos liberales buscaban una f\u00f3rmula com\u00fan para condensar dos aspiraciones, fund\u00f3 <em>El Imparcial<\/em>, dirigido desde sus comienzos con habilidad suma.<\/p>\n\n\n\n<p>Este peri\u00f3dico, cuya existencia ha llegado a ser tan vigorosa, revelaba detenidamente en su primera etapa el esp\u00edritu democr\u00e1tico a que debe su popularidad, pero hecha la revoluci\u00f3n, aquel esp\u00edritu lo inform\u00f3 claramente, viniendo a ser su esencia y su forma. La revoluci\u00f3n hizo a Gasset concejal del Ayuntamiento de Madrid, despu\u00e9s diputado por Padr\u00f3n y Cambados, distritos de Pontevedra, y, m\u00e1s tarde, en el breve reinado de un Pr\u00edncipe de la casa de Saboya, fu\u00e9 ministro de Ultramar.<\/p>\n\n\n\n<p>Coincidi\u00f3 esto con los d\u00edas en que la insurrecci\u00f3n tomaba m\u00e1s vuelo en nuestra Antilla y Gasset, atento s\u00f3lo a destruir el filibusterismo, neg\u00f3se a establecer las reformas que le ped\u00edan un d\u00eda y otro los diputados ultramarinos, en tanto no depusieran las armas los rebeldes. A\u00fan no ha llegado, quiz\u00e1, la ocasi\u00f3n de decir si esta pol\u00edtica era la m\u00e1s acertada,<\/p>\n\n\n\n<p>Despu\u00e9s de la abdicaci\u00f3n del Rey Amadeo, mantuvo El Imparcial en sus textos una f\u00f3rmula mon\u00e1rquica vaga; y despu\u00e9s de la restauraci\u00f3n, procediendo cautelosamente con h\u00e1biles evoluciones, el popular peri\u00f3dico y su fundador han acentuado cada d\u00eda m\u00e1s sus tendencias din\u00e1sticas, hasta declararlas francamente.<\/p>\n\n\n\n<p>Ante esta vida consagrada al trabajo y a la prensa, nos inclinamos todos con respeto y tristeza; Gasset, durante largu\u00edsimo per\u00edodo, no tuvo un d\u00eda de descanso. Viv\u00eda para su peri\u00f3dico y para su familia. Tienen mucha significaci\u00f3n las siguientes palabras, escritas recientemente por quienes fueron sus enemigos: \u00abBien pueden llorarle sus hijos; por ellos luch\u00f3 con valor y con fe, en medio de las m\u00e1s deshechas borrascas de la vida; por ellos arrostr\u00f3 contrariedades que habr\u00edan quebrantado \u00e1nimos templados en afecciones menos puras, y a ellos consagr\u00f3 todos los momentos de tregua, porque hemos conocido pocos hombres que, como el se\u00f1or Gasset, hayan tributado a la familia culto m\u00e1s respetuoso\u00bb.<\/p>\n\n\n\n<figure class=\"wp-block-image size-large is-style-default\"><img decoding=\"async\" src=\"http:\/\/ferna.eu\/venture\/wp-content\/uploads\/2020\/05\/firma_galdos.png\" alt=\"\" class=\"wp-image-7968\"\/><\/figure>\n","protected":false},"excerpt":{"rendered":"<p>Mucho sentimiento ha causado en Madrid la muerte de don Eduardo Gasset y Artime, fundador de El Imparcial, periodista insigne, que ha trabajado rudamente durante m\u00e1s de treinta a\u00f1os, logrando, a fuerza de constancia e inteligencia, establecer, arraigar y difundir entre nosotros un peri\u00f3dico pol\u00edtico y popular, que se ha distinguido siempre por un criterio oportunista y por una gran discreci\u00f3n y cultura en la forma.<\/p>\n","protected":false},"author":1,"featured_media":8005,"comment_status":"open","ping_status":"open","sticky":false,"template":"","format":"standard","meta":{"footnotes":""},"categories":[17,3,4,52],"tags":[],"class_list":["post-8011","post","type-post","status-publish","format-standard","has-post-thumbnail","hentry","category-articulo-periodistico","category-benito-perez-galdos","category-bibliografia","category-criticon"],"yoast_head":"<!-- This site is optimized with the Yoast SEO plugin v24.3 - https:\/\/yoast.com\/wordpress\/plugins\/seo\/ -->\n<title>[Art\u00edculo] Eduardo Gasset y Artime, de Benito P\u00e9rez Gald\u00f3s - Cronolog\u00eda de la vida y la obra de Benito P\u00e9rez Gald\u00f3s<\/title>\n<meta name=\"robots\" content=\"index, follow, max-snippet:-1, max-image-preview:large, max-video-preview:-1\" \/>\n<link rel=\"canonical\" href=\"https:\/\/batallitas.es\/benito-perez-galdos\/articulo-eduardo-gasset-y-artime-de-benito-perez-galdos\/\" \/>\n<meta property=\"og:locale\" content=\"es_ES\" \/>\n<meta property=\"og:type\" content=\"article\" \/>\n<meta property=\"og:title\" content=\"[Art\u00edculo] Eduardo Gasset y Artime, de Benito P\u00e9rez Gald\u00f3s - Cronolog\u00eda de la vida y la obra de Benito P\u00e9rez Gald\u00f3s\" \/>\n<meta property=\"og:description\" content=\"Mucho sentimiento ha causado en Madrid la muerte de don Eduardo Gasset y Artime, fundador de El Imparcial, periodista insigne, que ha trabajado rudamente durante m\u00e1s de treinta a\u00f1os, logrando, a fuerza de constancia e inteligencia, establecer, arraigar y difundir entre nosotros un peri\u00f3dico pol\u00edtico y popular, que se ha distinguido siempre por un criterio oportunista y por una gran discreci\u00f3n y cultura en la forma.\" \/>\n<meta property=\"og:url\" content=\"https:\/\/batallitas.es\/benito-perez-galdos\/articulo-eduardo-gasset-y-artime-de-benito-perez-galdos\/\" \/>\n<meta property=\"og:site_name\" content=\"Cronolog\u00eda de la vida y la obra de Benito P\u00e9rez Gald\u00f3s\" \/>\n<meta property=\"article:published_time\" content=\"2014-01-01T09:20:00+00:00\" \/>\n<meta property=\"og:image\" content=\"https:\/\/batallitas.es\/benito-perez-galdos\/wp-content\/uploads\/2025\/01\/facebook_thumbnail.jpg\" \/>\n\t<meta property=\"og:image:width\" content=\"1200\" \/>\n\t<meta property=\"og:image:height\" content=\"630\" \/>\n\t<meta property=\"og:image:type\" content=\"image\/jpeg\" \/>\n<meta name=\"author\" content=\"Benito\" \/>\n<meta name=\"twitter:card\" content=\"summary_large_image\" \/>\n<meta name=\"twitter:label1\" content=\"Escrito por\" \/>\n\t<meta name=\"twitter:data1\" content=\"Benito\" \/>\n\t<meta name=\"twitter:label2\" content=\"Tiempo de lectura\" \/>\n\t<meta name=\"twitter:data2\" content=\"5 minutos\" \/>\n<script type=\"application\/ld+json\" class=\"yoast-schema-graph\">{\"@context\":\"https:\/\/schema.org\",\"@graph\":[{\"@type\":\"WebPage\",\"@id\":\"https:\/\/batallitas.es\/benito-perez-galdos\/articulo-eduardo-gasset-y-artime-de-benito-perez-galdos\/\",\"url\":\"https:\/\/batallitas.es\/benito-perez-galdos\/articulo-eduardo-gasset-y-artime-de-benito-perez-galdos\/\",\"name\":\"[Art\u00edculo] Eduardo Gasset y Artime, de Benito P\u00e9rez Gald\u00f3s - Cronolog\u00eda de la vida y la obra de Benito P\u00e9rez Gald\u00f3s\",\"isPartOf\":{\"@id\":\"https:\/\/batallitas.es\/benito-perez-galdos\/#website\"},\"primaryImageOfPage\":{\"@id\":\"https:\/\/batallitas.es\/benito-perez-galdos\/articulo-eduardo-gasset-y-artime-de-benito-perez-galdos\/#primaryimage\"},\"image\":{\"@id\":\"https:\/\/batallitas.es\/benito-perez-galdos\/articulo-eduardo-gasset-y-artime-de-benito-perez-galdos\/#primaryimage\"},\"thumbnailUrl\":\"\",\"datePublished\":\"2014-01-01T09:20:00+00:00\",\"dateModified\":\"2014-01-01T09:20:00+00:00\",\"author\":{\"@id\":\"https:\/\/batallitas.es\/benito-perez-galdos\/#\/schema\/person\/2dda07be9325676808524c55b6218a25\"},\"breadcrumb\":{\"@id\":\"https:\/\/batallitas.es\/benito-perez-galdos\/articulo-eduardo-gasset-y-artime-de-benito-perez-galdos\/#breadcrumb\"},\"inLanguage\":\"es\",\"potentialAction\":[{\"@type\":\"ReadAction\",\"target\":[\"https:\/\/batallitas.es\/benito-perez-galdos\/articulo-eduardo-gasset-y-artime-de-benito-perez-galdos\/\"]}]},{\"@type\":\"ImageObject\",\"inLanguage\":\"es\",\"@id\":\"https:\/\/batallitas.es\/benito-perez-galdos\/articulo-eduardo-gasset-y-artime-de-benito-perez-galdos\/#primaryimage\",\"url\":\"\",\"contentUrl\":\"\"},{\"@type\":\"BreadcrumbList\",\"@id\":\"https:\/\/batallitas.es\/benito-perez-galdos\/articulo-eduardo-gasset-y-artime-de-benito-perez-galdos\/#breadcrumb\",\"itemListElement\":[{\"@type\":\"ListItem\",\"position\":1,\"name\":\"Portada\",\"item\":\"https:\/\/batallitas.es\/benito-perez-galdos\/\"},{\"@type\":\"ListItem\",\"position\":2,\"name\":\"[Art\u00edculo] Eduardo Gasset y Artime, de Benito P\u00e9rez Gald\u00f3s\"}]},{\"@type\":\"WebSite\",\"@id\":\"https:\/\/batallitas.es\/benito-perez-galdos\/#website\",\"url\":\"https:\/\/batallitas.es\/benito-perez-galdos\/\",\"name\":\"Cronolog\u00eda de la vida y la obra de Benito P\u00e9rez Gald\u00f3s\",\"description\":\"\",\"potentialAction\":[{\"@type\":\"SearchAction\",\"target\":{\"@type\":\"EntryPoint\",\"urlTemplate\":\"https:\/\/batallitas.es\/benito-perez-galdos\/?s={search_term_string}\"},\"query-input\":{\"@type\":\"PropertyValueSpecification\",\"valueRequired\":true,\"valueName\":\"search_term_string\"}}],\"inLanguage\":\"es\"},{\"@type\":\"Person\",\"@id\":\"https:\/\/batallitas.es\/benito-perez-galdos\/#\/schema\/person\/2dda07be9325676808524c55b6218a25\",\"name\":\"Benito\",\"image\":{\"@type\":\"ImageObject\",\"inLanguage\":\"es\",\"@id\":\"https:\/\/batallitas.es\/benito-perez-galdos\/#\/schema\/person\/image\/\",\"url\":\"https:\/\/secure.gravatar.com\/avatar\/8695d643bbae3009794e7fc5797055bb?s=96&d=mm&r=g\",\"contentUrl\":\"https:\/\/secure.gravatar.com\/avatar\/8695d643bbae3009794e7fc5797055bb?s=96&d=mm&r=g\",\"caption\":\"Benito\"},\"sameAs\":[\"https:\/\/batallitas.es\/galdos\"],\"url\":\"https:\/\/batallitas.es\/benito-perez-galdos\/author\/benito\/\"}]}<\/script>\n<!-- \/ Yoast SEO plugin. -->","yoast_head_json":{"title":"[Art\u00edculo] Eduardo Gasset y Artime, de Benito P\u00e9rez Gald\u00f3s - Cronolog\u00eda de la vida y la obra de Benito P\u00e9rez Gald\u00f3s","robots":{"index":"index","follow":"follow","max-snippet":"max-snippet:-1","max-image-preview":"max-image-preview:large","max-video-preview":"max-video-preview:-1"},"canonical":"https:\/\/batallitas.es\/benito-perez-galdos\/articulo-eduardo-gasset-y-artime-de-benito-perez-galdos\/","og_locale":"es_ES","og_type":"article","og_title":"[Art\u00edculo] Eduardo Gasset y Artime, de Benito P\u00e9rez Gald\u00f3s - Cronolog\u00eda de la vida y la obra de Benito P\u00e9rez Gald\u00f3s","og_description":"Mucho sentimiento ha causado en Madrid la muerte de don Eduardo Gasset y Artime, fundador de El Imparcial, periodista insigne, que ha trabajado rudamente durante m\u00e1s de treinta a\u00f1os, logrando, a fuerza de constancia e inteligencia, establecer, arraigar y difundir entre nosotros un peri\u00f3dico pol\u00edtico y popular, que se ha distinguido siempre por un criterio oportunista y por una gran discreci\u00f3n y cultura en la forma.","og_url":"https:\/\/batallitas.es\/benito-perez-galdos\/articulo-eduardo-gasset-y-artime-de-benito-perez-galdos\/","og_site_name":"Cronolog\u00eda de la vida y la obra de Benito P\u00e9rez Gald\u00f3s","article_published_time":"2014-01-01T09:20:00+00:00","og_image":[{"width":1200,"height":630,"url":"https:\/\/batallitas.es\/benito-perez-galdos\/wp-content\/uploads\/2025\/01\/facebook_thumbnail.jpg","type":"image\/jpeg"}],"author":"Benito","twitter_card":"summary_large_image","twitter_misc":{"Escrito por":"Benito","Tiempo de lectura":"5 minutos"},"schema":{"@context":"https:\/\/schema.org","@graph":[{"@type":"WebPage","@id":"https:\/\/batallitas.es\/benito-perez-galdos\/articulo-eduardo-gasset-y-artime-de-benito-perez-galdos\/","url":"https:\/\/batallitas.es\/benito-perez-galdos\/articulo-eduardo-gasset-y-artime-de-benito-perez-galdos\/","name":"[Art\u00edculo] Eduardo Gasset y Artime, de Benito P\u00e9rez Gald\u00f3s - Cronolog\u00eda de la vida y la obra de Benito P\u00e9rez Gald\u00f3s","isPartOf":{"@id":"https:\/\/batallitas.es\/benito-perez-galdos\/#website"},"primaryImageOfPage":{"@id":"https:\/\/batallitas.es\/benito-perez-galdos\/articulo-eduardo-gasset-y-artime-de-benito-perez-galdos\/#primaryimage"},"image":{"@id":"https:\/\/batallitas.es\/benito-perez-galdos\/articulo-eduardo-gasset-y-artime-de-benito-perez-galdos\/#primaryimage"},"thumbnailUrl":"","datePublished":"2014-01-01T09:20:00+00:00","dateModified":"2014-01-01T09:20:00+00:00","author":{"@id":"https:\/\/batallitas.es\/benito-perez-galdos\/#\/schema\/person\/2dda07be9325676808524c55b6218a25"},"breadcrumb":{"@id":"https:\/\/batallitas.es\/benito-perez-galdos\/articulo-eduardo-gasset-y-artime-de-benito-perez-galdos\/#breadcrumb"},"inLanguage":"es","potentialAction":[{"@type":"ReadAction","target":["https:\/\/batallitas.es\/benito-perez-galdos\/articulo-eduardo-gasset-y-artime-de-benito-perez-galdos\/"]}]},{"@type":"ImageObject","inLanguage":"es","@id":"https:\/\/batallitas.es\/benito-perez-galdos\/articulo-eduardo-gasset-y-artime-de-benito-perez-galdos\/#primaryimage","url":"","contentUrl":""},{"@type":"BreadcrumbList","@id":"https:\/\/batallitas.es\/benito-perez-galdos\/articulo-eduardo-gasset-y-artime-de-benito-perez-galdos\/#breadcrumb","itemListElement":[{"@type":"ListItem","position":1,"name":"Portada","item":"https:\/\/batallitas.es\/benito-perez-galdos\/"},{"@type":"ListItem","position":2,"name":"[Art\u00edculo] Eduardo Gasset y Artime, de Benito P\u00e9rez Gald\u00f3s"}]},{"@type":"WebSite","@id":"https:\/\/batallitas.es\/benito-perez-galdos\/#website","url":"https:\/\/batallitas.es\/benito-perez-galdos\/","name":"Cronolog\u00eda de la vida y la obra de Benito P\u00e9rez Gald\u00f3s","description":"","potentialAction":[{"@type":"SearchAction","target":{"@type":"EntryPoint","urlTemplate":"https:\/\/batallitas.es\/benito-perez-galdos\/?s={search_term_string}"},"query-input":{"@type":"PropertyValueSpecification","valueRequired":true,"valueName":"search_term_string"}}],"inLanguage":"es"},{"@type":"Person","@id":"https:\/\/batallitas.es\/benito-perez-galdos\/#\/schema\/person\/2dda07be9325676808524c55b6218a25","name":"Benito","image":{"@type":"ImageObject","inLanguage":"es","@id":"https:\/\/batallitas.es\/benito-perez-galdos\/#\/schema\/person\/image\/","url":"https:\/\/secure.gravatar.com\/avatar\/8695d643bbae3009794e7fc5797055bb?s=96&d=mm&r=g","contentUrl":"https:\/\/secure.gravatar.com\/avatar\/8695d643bbae3009794e7fc5797055bb?s=96&d=mm&r=g","caption":"Benito"},"sameAs":["https:\/\/batallitas.es\/galdos"],"url":"https:\/\/batallitas.es\/benito-perez-galdos\/author\/benito\/"}]}},"_links":{"self":[{"href":"https:\/\/batallitas.es\/benito-perez-galdos\/wp-json\/wp\/v2\/posts\/8011","targetHints":{"allow":["GET"]}}],"collection":[{"href":"https:\/\/batallitas.es\/benito-perez-galdos\/wp-json\/wp\/v2\/posts"}],"about":[{"href":"https:\/\/batallitas.es\/benito-perez-galdos\/wp-json\/wp\/v2\/types\/post"}],"author":[{"embeddable":true,"href":"https:\/\/batallitas.es\/benito-perez-galdos\/wp-json\/wp\/v2\/users\/1"}],"replies":[{"embeddable":true,"href":"https:\/\/batallitas.es\/benito-perez-galdos\/wp-json\/wp\/v2\/comments?post=8011"}],"version-history":[{"count":0,"href":"https:\/\/batallitas.es\/benito-perez-galdos\/wp-json\/wp\/v2\/posts\/8011\/revisions"}],"wp:featuredmedia":[{"embeddable":true,"href":"https:\/\/batallitas.es\/benito-perez-galdos\/wp-json\/"}],"wp:attachment":[{"href":"https:\/\/batallitas.es\/benito-perez-galdos\/wp-json\/wp\/v2\/media?parent=8011"}],"wp:term":[{"taxonomy":"category","embeddable":true,"href":"https:\/\/batallitas.es\/benito-perez-galdos\/wp-json\/wp\/v2\/categories?post=8011"},{"taxonomy":"post_tag","embeddable":true,"href":"https:\/\/batallitas.es\/benito-perez-galdos\/wp-json\/wp\/v2\/tags?post=8011"}],"curies":[{"name":"wp","href":"https:\/\/api.w.org\/{rel}","templated":true}]}}