{"id":8015,"date":"2014-03-03T03:58:00","date_gmt":"2014-03-03T02:58:00","guid":{"rendered":"http:\/\/ferna.eu\/?p=8015"},"modified":"2014-03-03T03:58:00","modified_gmt":"2014-03-03T02:58:00","slug":"articulo-alemania-y-la-cuestion-socialista-de-benito-perez-galdos","status":"publish","type":"post","link":"https:\/\/batallitas.es\/benito-perez-galdos\/articulo-alemania-y-la-cuestion-socialista-de-benito-perez-galdos\/","title":{"rendered":"[Art\u00edculo] Alemania y la cuesti\u00f3n socialista, de Benito P\u00e9rez Gald\u00f3s"},"content":{"rendered":"\n<p>Madrid, 4 de marzo de 1890.<\/p>\n\n\n\n<p>I<\/p>\n\n\n\n<p>Los asuntos de Alemania atraen hoy, con preferencia a los dem\u00e1s asuntos, la atenci\u00f3n de Europa. Los rescriptos imperiales, las elecciones del <em>Re<\/em><em>i<\/em><em>chstag<\/em> son la materia del d\u00eda. El poderoso imperio se ve amenazado de grav\u00edsima crisis, y aunque por el momento conjure los peligros la consumada habilidad del canciller de hierro, el mal es hondo, y la pol\u00edtica ha de entrar pronto en aquel pa\u00eds por v\u00edas nuevas.<\/p>\n\n\n\n<p>La propaganda socialista ha encontrado en Alemania desde 1848 terreno m\u00e1s propicio que en otro pa\u00eds alguno. La preponderancia militar, el servicio obligatorio, la inmensa cifra de los gastos de guerra en tiempo de paz, o sea de la paz armada, el desarrollo de la industria, la falta de grandes colonias, todas estas causas reunidas han de dar prosperidad necesariamente a la idea socialista, que es all\u00ed la \u00fanica forma de protesta contra el actual r\u00e9gimen. El Emperador Federico III vi\u00f3 el mal, y abrigaba generosos planes de reforma pol\u00edtica, dando m\u00e1s latitud a las ideas liberales y al derecho parlamentario. Pero su dolorosa enfermedad y su prematura muerte no permitieron ni a\u00fan que estos planes llegaran a formularse. El actual Emperador, Guillermo II, joven, activo, deseoso de gloria, que en el terreno militar no ha podido alcanzar todav\u00eda, deseoso tambi\u00e9n de mostrar su iniciativa en los asuntos civiles, hace tiempo que fija su atenci\u00f3n en los trabajos socialistas, minadores del omn\u00edmodo poder imperial. No queriendo que los sucesos le cojan desprevenido, discurre anticiparse a ellos, y en sus rescriptos del pasado febrero anuncia su prop\u00f3sito de consagrar preferente atenci\u00f3n al mejoramiento de la clase obrera y de convocar una conferencia europea con este objeto.<\/p>\n\n\n\n<p>Publicado el documento imperial en v\u00edsperas de las elecciones, se crey\u00f3 que influir\u00eda en el resultado de \u00e9stas, quitando fuerzas al socialismo o reconcili\u00e1ndolo en parte con la pol\u00edtica imperial. Pero los hechos han demostrado el optimismo de los que tal creyeron, pues los socialistas, despu\u00e9s de los rescriptos, aparecen m\u00e1s compactos, crecen con pasmosa fecundidad, invaden las clases militares, se presentan en nutrida falange en los comicios y alcanzan en el resultado total de las elecciones una cifra formidable. En la anterior campa\u00f1a electoral, los socialistas hab\u00edan tenido siete millones de votantes; en la presente pasa esta cifra de trece millones.<\/p>\n\n\n\n<p>El <em>Reichstag<\/em> resulta, pues, con una composici\u00f3n que imposibilita el Gobierno en condiciones parlamentarias, pues las oposiciones, reunidas, forman mayor\u00eda, y el <em>C<\/em><em>a<\/em><em>stel<\/em>, o sea la coalici\u00f3n liberal conservadora con que Bismarck ha venido gobernando hasta aqu\u00ed, est\u00e1 en minor\u00eda.<\/p>\n\n\n\n<p>A\u00fan espera el Gobierno imperial que las elecciones suplementarias, o sea las que se verifican en los comicios donde result\u00f3 empate, modifiquen algo la composici\u00f3n de la C\u00e1mara, pero esta modificaci\u00f3n no alterar\u00e1 sensiblemente las cifras. Por lo que el tel\u00e9grafo nos va diciendo de las elecciones parciales, se puede calcular que con el actual <em>Reichst<\/em><em>a<\/em><em>g<\/em> no se puede gobernar.<\/p>\n\n\n\n<p>El <em>Castel<\/em>, la agrupaci\u00f3n liberal conservadora, que ha sido hasta aqu\u00ed el antemural opuesto a la invasi\u00f3n socialista dentro del Parlamento, se considera de hecho disuelto. D\u00edcese que Bismarck procurar\u00e1 entenderse con la minor\u00eda del partido cat\u00f3lico para agregarla a las piedras que compusieron el antiguo <em>Castel<\/em>, pero tampoco por ese lado parece que se presentan las cosas a gusto del canciller.<\/p>\n\n\n\n<p>\u00bfQu\u00e9 har\u00e1 \u00e9ste ahora? \u00bfDisolver\u00e1 la C\u00e1mara apenas elegida o procurar\u00e1 gobernar con ella por medio de transacciones y componendas? Pronto lo hemos de saber. Entre tanto, h\u00e1blase de la conferensia para el mejoramiento de los obreros, la cual se reunir\u00e1 en Berl\u00edn, presidida por el ministro de Industria y Comercio. Nueve naciones han sido invitadas a ellas, y est\u00e1n excluidas Rusia, Espa\u00f1a y Portugal.<\/p>\n\n\n\n<p>Es opini\u00f3n corriente que la conferencia ser\u00e1 tan s\u00f3lo una luminosa informaci\u00f3n de economistas de los pa\u00edses congregados, y que no tendr\u00e1 efectos de ninguna clase en la pr\u00e1ctica. Se hablar\u00e1 mucho, cada cual expondr\u00e1 sus ideas sobre el punto complejo que se va a tratar, y cuando los conferenciantes se retiren a sus respectivos pa\u00edses, despu\u00e9s de haber expuesto doctrinas muy sabias y observaciones muy juiciosas, los obreros alemanes y no alemanes seguir\u00e1n lo mismo que est\u00e1n ahora, y los grav\u00edsimos problemas de la relaci\u00f3n entre el capital y el trabajo continuar\u00e1n insolubles, envueltos en el pavoroso misterio del porvenir.<\/p>\n","protected":false},"excerpt":{"rendered":"<p>Los asuntos de Alemania atraen hoy, con preferencia a los dem\u00e1s asuntos, la atenci\u00f3n de Europa. Los rescriptos imperiales, las elecciones del Reichstag son la materia del d\u00eda. El poderoso imperio se ve amenazado de grav\u00edsima crisis, y aunque por el momento conjure los peligros la consumada habilidad del canciller de hierro, el mal es hondo, y la pol\u00edtica ha de entrar pronto en aquel pa\u00eds por v\u00edas nuevas.<\/p>\n","protected":false},"author":1,"featured_media":8005,"comment_status":"open","ping_status":"open","sticky":false,"template":"","format":"standard","meta":{"footnotes":""},"categories":[17,3,4,52],"tags":[],"class_list":["post-8015","post","type-post","status-publish","format-standard","has-post-thumbnail","hentry","category-articulo-periodistico","category-benito-perez-galdos","category-bibliografia","category-criticon"],"yoast_head":"<!-- This site is optimized with the Yoast SEO plugin v24.3 - https:\/\/yoast.com\/wordpress\/plugins\/seo\/ -->\n<title>[Art\u00edculo] Alemania y la cuesti\u00f3n socialista, de Benito P\u00e9rez Gald\u00f3s - Cronolog\u00eda de la vida y la obra de Benito P\u00e9rez Gald\u00f3s<\/title>\n<meta name=\"robots\" content=\"index, follow, max-snippet:-1, max-image-preview:large, max-video-preview:-1\" \/>\n<link rel=\"canonical\" href=\"https:\/\/batallitas.es\/benito-perez-galdos\/articulo-alemania-y-la-cuestion-socialista-de-benito-perez-galdos\/\" \/>\n<meta property=\"og:locale\" content=\"es_ES\" \/>\n<meta property=\"og:type\" content=\"article\" \/>\n<meta property=\"og:title\" content=\"[Art\u00edculo] Alemania y la cuesti\u00f3n socialista, de Benito P\u00e9rez Gald\u00f3s - Cronolog\u00eda de la vida y la obra de Benito P\u00e9rez Gald\u00f3s\" \/>\n<meta property=\"og:description\" content=\"Los asuntos de Alemania atraen hoy, con preferencia a los dem\u00e1s asuntos, la atenci\u00f3n de Europa. Los rescriptos imperiales, las elecciones del Reichstag son la materia del d\u00eda. El poderoso imperio se ve amenazado de grav\u00edsima crisis, y aunque por el momento conjure los peligros la consumada habilidad del canciller de hierro, el mal es hondo, y la pol\u00edtica ha de entrar pronto en aquel pa\u00eds por v\u00edas nuevas.\" \/>\n<meta property=\"og:url\" content=\"https:\/\/batallitas.es\/benito-perez-galdos\/articulo-alemania-y-la-cuestion-socialista-de-benito-perez-galdos\/\" \/>\n<meta property=\"og:site_name\" content=\"Cronolog\u00eda de la vida y la obra de Benito P\u00e9rez Gald\u00f3s\" \/>\n<meta property=\"article:published_time\" content=\"2014-03-03T02:58:00+00:00\" \/>\n<meta property=\"og:image\" content=\"https:\/\/batallitas.es\/benito-perez-galdos\/wp-content\/uploads\/2025\/01\/facebook_thumbnail.jpg\" \/>\n\t<meta property=\"og:image:width\" content=\"1200\" \/>\n\t<meta property=\"og:image:height\" content=\"630\" \/>\n\t<meta property=\"og:image:type\" content=\"image\/jpeg\" \/>\n<meta name=\"author\" content=\"Benito\" \/>\n<meta name=\"twitter:card\" content=\"summary_large_image\" \/>\n<meta name=\"twitter:label1\" content=\"Escrito por\" \/>\n\t<meta name=\"twitter:data1\" content=\"Benito\" \/>\n\t<meta name=\"twitter:label2\" content=\"Tiempo de lectura\" \/>\n\t<meta name=\"twitter:data2\" content=\"4 minutos\" \/>\n<script type=\"application\/ld+json\" class=\"yoast-schema-graph\">{\"@context\":\"https:\/\/schema.org\",\"@graph\":[{\"@type\":\"WebPage\",\"@id\":\"https:\/\/batallitas.es\/benito-perez-galdos\/articulo-alemania-y-la-cuestion-socialista-de-benito-perez-galdos\/\",\"url\":\"https:\/\/batallitas.es\/benito-perez-galdos\/articulo-alemania-y-la-cuestion-socialista-de-benito-perez-galdos\/\",\"name\":\"[Art\u00edculo] Alemania y la cuesti\u00f3n socialista, de Benito P\u00e9rez Gald\u00f3s - Cronolog\u00eda de la vida y la obra de Benito P\u00e9rez Gald\u00f3s\",\"isPartOf\":{\"@id\":\"https:\/\/batallitas.es\/benito-perez-galdos\/#website\"},\"primaryImageOfPage\":{\"@id\":\"https:\/\/batallitas.es\/benito-perez-galdos\/articulo-alemania-y-la-cuestion-socialista-de-benito-perez-galdos\/#primaryimage\"},\"image\":{\"@id\":\"https:\/\/batallitas.es\/benito-perez-galdos\/articulo-alemania-y-la-cuestion-socialista-de-benito-perez-galdos\/#primaryimage\"},\"thumbnailUrl\":\"\",\"datePublished\":\"2014-03-03T02:58:00+00:00\",\"dateModified\":\"2014-03-03T02:58:00+00:00\",\"author\":{\"@id\":\"https:\/\/batallitas.es\/benito-perez-galdos\/#\/schema\/person\/2dda07be9325676808524c55b6218a25\"},\"breadcrumb\":{\"@id\":\"https:\/\/batallitas.es\/benito-perez-galdos\/articulo-alemania-y-la-cuestion-socialista-de-benito-perez-galdos\/#breadcrumb\"},\"inLanguage\":\"es\",\"potentialAction\":[{\"@type\":\"ReadAction\",\"target\":[\"https:\/\/batallitas.es\/benito-perez-galdos\/articulo-alemania-y-la-cuestion-socialista-de-benito-perez-galdos\/\"]}]},{\"@type\":\"ImageObject\",\"inLanguage\":\"es\",\"@id\":\"https:\/\/batallitas.es\/benito-perez-galdos\/articulo-alemania-y-la-cuestion-socialista-de-benito-perez-galdos\/#primaryimage\",\"url\":\"\",\"contentUrl\":\"\"},{\"@type\":\"BreadcrumbList\",\"@id\":\"https:\/\/batallitas.es\/benito-perez-galdos\/articulo-alemania-y-la-cuestion-socialista-de-benito-perez-galdos\/#breadcrumb\",\"itemListElement\":[{\"@type\":\"ListItem\",\"position\":1,\"name\":\"Portada\",\"item\":\"https:\/\/batallitas.es\/benito-perez-galdos\/\"},{\"@type\":\"ListItem\",\"position\":2,\"name\":\"[Art\u00edculo] Alemania y la cuesti\u00f3n socialista, de Benito P\u00e9rez Gald\u00f3s\"}]},{\"@type\":\"WebSite\",\"@id\":\"https:\/\/batallitas.es\/benito-perez-galdos\/#website\",\"url\":\"https:\/\/batallitas.es\/benito-perez-galdos\/\",\"name\":\"Cronolog\u00eda de la vida y la obra de Benito P\u00e9rez Gald\u00f3s\",\"description\":\"\",\"potentialAction\":[{\"@type\":\"SearchAction\",\"target\":{\"@type\":\"EntryPoint\",\"urlTemplate\":\"https:\/\/batallitas.es\/benito-perez-galdos\/?s={search_term_string}\"},\"query-input\":{\"@type\":\"PropertyValueSpecification\",\"valueRequired\":true,\"valueName\":\"search_term_string\"}}],\"inLanguage\":\"es\"},{\"@type\":\"Person\",\"@id\":\"https:\/\/batallitas.es\/benito-perez-galdos\/#\/schema\/person\/2dda07be9325676808524c55b6218a25\",\"name\":\"Benito\",\"image\":{\"@type\":\"ImageObject\",\"inLanguage\":\"es\",\"@id\":\"https:\/\/batallitas.es\/benito-perez-galdos\/#\/schema\/person\/image\/\",\"url\":\"https:\/\/secure.gravatar.com\/avatar\/8695d643bbae3009794e7fc5797055bb?s=96&d=mm&r=g\",\"contentUrl\":\"https:\/\/secure.gravatar.com\/avatar\/8695d643bbae3009794e7fc5797055bb?s=96&d=mm&r=g\",\"caption\":\"Benito\"},\"sameAs\":[\"https:\/\/batallitas.es\/galdos\"],\"url\":\"https:\/\/batallitas.es\/benito-perez-galdos\/author\/benito\/\"}]}<\/script>\n<!-- \/ Yoast SEO plugin. -->","yoast_head_json":{"title":"[Art\u00edculo] Alemania y la cuesti\u00f3n socialista, de Benito P\u00e9rez Gald\u00f3s - Cronolog\u00eda de la vida y la obra de Benito P\u00e9rez Gald\u00f3s","robots":{"index":"index","follow":"follow","max-snippet":"max-snippet:-1","max-image-preview":"max-image-preview:large","max-video-preview":"max-video-preview:-1"},"canonical":"https:\/\/batallitas.es\/benito-perez-galdos\/articulo-alemania-y-la-cuestion-socialista-de-benito-perez-galdos\/","og_locale":"es_ES","og_type":"article","og_title":"[Art\u00edculo] Alemania y la cuesti\u00f3n socialista, de Benito P\u00e9rez Gald\u00f3s - Cronolog\u00eda de la vida y la obra de Benito P\u00e9rez Gald\u00f3s","og_description":"Los asuntos de Alemania atraen hoy, con preferencia a los dem\u00e1s asuntos, la atenci\u00f3n de Europa. Los rescriptos imperiales, las elecciones del Reichstag son la materia del d\u00eda. El poderoso imperio se ve amenazado de grav\u00edsima crisis, y aunque por el momento conjure los peligros la consumada habilidad del canciller de hierro, el mal es hondo, y la pol\u00edtica ha de entrar pronto en aquel pa\u00eds por v\u00edas nuevas.","og_url":"https:\/\/batallitas.es\/benito-perez-galdos\/articulo-alemania-y-la-cuestion-socialista-de-benito-perez-galdos\/","og_site_name":"Cronolog\u00eda de la vida y la obra de Benito P\u00e9rez Gald\u00f3s","article_published_time":"2014-03-03T02:58:00+00:00","og_image":[{"width":1200,"height":630,"url":"https:\/\/batallitas.es\/benito-perez-galdos\/wp-content\/uploads\/2025\/01\/facebook_thumbnail.jpg","type":"image\/jpeg"}],"author":"Benito","twitter_card":"summary_large_image","twitter_misc":{"Escrito por":"Benito","Tiempo de lectura":"4 minutos"},"schema":{"@context":"https:\/\/schema.org","@graph":[{"@type":"WebPage","@id":"https:\/\/batallitas.es\/benito-perez-galdos\/articulo-alemania-y-la-cuestion-socialista-de-benito-perez-galdos\/","url":"https:\/\/batallitas.es\/benito-perez-galdos\/articulo-alemania-y-la-cuestion-socialista-de-benito-perez-galdos\/","name":"[Art\u00edculo] Alemania y la cuesti\u00f3n socialista, de Benito P\u00e9rez Gald\u00f3s - Cronolog\u00eda de la vida y la obra de Benito P\u00e9rez Gald\u00f3s","isPartOf":{"@id":"https:\/\/batallitas.es\/benito-perez-galdos\/#website"},"primaryImageOfPage":{"@id":"https:\/\/batallitas.es\/benito-perez-galdos\/articulo-alemania-y-la-cuestion-socialista-de-benito-perez-galdos\/#primaryimage"},"image":{"@id":"https:\/\/batallitas.es\/benito-perez-galdos\/articulo-alemania-y-la-cuestion-socialista-de-benito-perez-galdos\/#primaryimage"},"thumbnailUrl":"","datePublished":"2014-03-03T02:58:00+00:00","dateModified":"2014-03-03T02:58:00+00:00","author":{"@id":"https:\/\/batallitas.es\/benito-perez-galdos\/#\/schema\/person\/2dda07be9325676808524c55b6218a25"},"breadcrumb":{"@id":"https:\/\/batallitas.es\/benito-perez-galdos\/articulo-alemania-y-la-cuestion-socialista-de-benito-perez-galdos\/#breadcrumb"},"inLanguage":"es","potentialAction":[{"@type":"ReadAction","target":["https:\/\/batallitas.es\/benito-perez-galdos\/articulo-alemania-y-la-cuestion-socialista-de-benito-perez-galdos\/"]}]},{"@type":"ImageObject","inLanguage":"es","@id":"https:\/\/batallitas.es\/benito-perez-galdos\/articulo-alemania-y-la-cuestion-socialista-de-benito-perez-galdos\/#primaryimage","url":"","contentUrl":""},{"@type":"BreadcrumbList","@id":"https:\/\/batallitas.es\/benito-perez-galdos\/articulo-alemania-y-la-cuestion-socialista-de-benito-perez-galdos\/#breadcrumb","itemListElement":[{"@type":"ListItem","position":1,"name":"Portada","item":"https:\/\/batallitas.es\/benito-perez-galdos\/"},{"@type":"ListItem","position":2,"name":"[Art\u00edculo] Alemania y la cuesti\u00f3n socialista, de Benito P\u00e9rez Gald\u00f3s"}]},{"@type":"WebSite","@id":"https:\/\/batallitas.es\/benito-perez-galdos\/#website","url":"https:\/\/batallitas.es\/benito-perez-galdos\/","name":"Cronolog\u00eda de la vida y la obra de Benito P\u00e9rez Gald\u00f3s","description":"","potentialAction":[{"@type":"SearchAction","target":{"@type":"EntryPoint","urlTemplate":"https:\/\/batallitas.es\/benito-perez-galdos\/?s={search_term_string}"},"query-input":{"@type":"PropertyValueSpecification","valueRequired":true,"valueName":"search_term_string"}}],"inLanguage":"es"},{"@type":"Person","@id":"https:\/\/batallitas.es\/benito-perez-galdos\/#\/schema\/person\/2dda07be9325676808524c55b6218a25","name":"Benito","image":{"@type":"ImageObject","inLanguage":"es","@id":"https:\/\/batallitas.es\/benito-perez-galdos\/#\/schema\/person\/image\/","url":"https:\/\/secure.gravatar.com\/avatar\/8695d643bbae3009794e7fc5797055bb?s=96&d=mm&r=g","contentUrl":"https:\/\/secure.gravatar.com\/avatar\/8695d643bbae3009794e7fc5797055bb?s=96&d=mm&r=g","caption":"Benito"},"sameAs":["https:\/\/batallitas.es\/galdos"],"url":"https:\/\/batallitas.es\/benito-perez-galdos\/author\/benito\/"}]}},"_links":{"self":[{"href":"https:\/\/batallitas.es\/benito-perez-galdos\/wp-json\/wp\/v2\/posts\/8015","targetHints":{"allow":["GET"]}}],"collection":[{"href":"https:\/\/batallitas.es\/benito-perez-galdos\/wp-json\/wp\/v2\/posts"}],"about":[{"href":"https:\/\/batallitas.es\/benito-perez-galdos\/wp-json\/wp\/v2\/types\/post"}],"author":[{"embeddable":true,"href":"https:\/\/batallitas.es\/benito-perez-galdos\/wp-json\/wp\/v2\/users\/1"}],"replies":[{"embeddable":true,"href":"https:\/\/batallitas.es\/benito-perez-galdos\/wp-json\/wp\/v2\/comments?post=8015"}],"version-history":[{"count":0,"href":"https:\/\/batallitas.es\/benito-perez-galdos\/wp-json\/wp\/v2\/posts\/8015\/revisions"}],"wp:featuredmedia":[{"embeddable":true,"href":"https:\/\/batallitas.es\/benito-perez-galdos\/wp-json\/"}],"wp:attachment":[{"href":"https:\/\/batallitas.es\/benito-perez-galdos\/wp-json\/wp\/v2\/media?parent=8015"}],"wp:term":[{"taxonomy":"category","embeddable":true,"href":"https:\/\/batallitas.es\/benito-perez-galdos\/wp-json\/wp\/v2\/categories?post=8015"},{"taxonomy":"post_tag","embeddable":true,"href":"https:\/\/batallitas.es\/benito-perez-galdos\/wp-json\/wp\/v2\/tags?post=8015"}],"curies":[{"name":"wp","href":"https:\/\/api.w.org\/{rel}","templated":true}]}}