{"id":8036,"date":"2014-10-06T05:32:00","date_gmt":"2014-10-06T03:32:00","guid":{"rendered":"http:\/\/ferna.eu\/?p=8036"},"modified":"2014-10-06T05:32:00","modified_gmt":"2014-10-06T03:32:00","slug":"articulo-colonias-africanas-benito-perez-galdos","status":"publish","type":"post","link":"https:\/\/batallitas.es\/benito-perez-galdos\/articulo-colonias-africanas-benito-perez-galdos\/","title":{"rendered":"[Art\u00edculo] Colonias africanas, Benito P\u00e9rez Gald\u00f3s"},"content":{"rendered":"\n<p>Madrid, 20 de octubre de 1884.<\/p>\n\n\n\n<p>I<\/p>\n\n\n\n<p>La Conferencia de Berl\u00edn, convocada por Alemania sobre los asuntos de \u00c1frica, ha despertado entre nosotros alg\u00fan inter\u00e9s, aunque no tanto como merece. Invitada Espa\u00f1a a asistir a ella con voz y voto, m\u00e1s nos hemos ocupado de la persona que ha de representarnos que de los delicados puntos que se han de tratar y del criterio que debemos sostener en ella. Tenemos en \u00c1frica importantes posesiones; mas nuestro abandono es tal, que apenas se conoce all\u00ed nuestra nacionalidad, como no sea por los colores de la l\u00ednea que la marcan en las cartas geogr\u00e1ficas. Los asuntos interiores absorben de tal modo nuestras fuerzas y nuestra atenci\u00f3n, que apenas nos ocupamos de nuestras colonias de Guinea, como no sea para nombrar unos cuantos empleados que van de tiempo en tiempo all\u00e1 a consumirse de fiebre sin tener nada que hacer. El escaso comercio de aquellas regiones se hace con bandera inglesa, y, hace poco, la alemana ha empezado a ondear por aquellos mares. Es que Alemania, naci\u00f3n plet\u00f3rica en poder y actividad, \u00abnecesita explayarse y llevar a regiones distantes su industria y su actividad fecund\u00edsima. Para esto le falta lo que a nosotros nos sobra, colonias, es decir, terreno. Esta naci\u00f3n no ha sido mar\u00edtima, sino en tiempos recientes. Jam\u00e1s tuvo tampoco Corteses ni Pizarros. Hoy, necesitando su imperio colonial y no habi\u00e9ndolo heredado de sus mayores, se lo proporciona por los medios que le ofrece su poder presente y el respeto que infunde su nombre a grandes y peque\u00f1os. No hace mucho tiempo que nos sorprendi\u00f3 con la ocupaci\u00f3n de la desembocadura del r\u00edo Camarones y costa contigua. En esta regi\u00f3n hay terrenos elevados y salubres, abundantes ganados, grandes mercados de marfil, comunicaciones f\u00e1ciles. Para anexionarse este territorio, Alemania ha empleado un tacto exquisito. El canciller confi\u00f3 esta delicada comisi\u00f3n a Nachtigall, asistido del c\u00e9lebre viajero Prohlls.<\/p>\n\n\n\n<p>La legitimidad de esta ocupaci\u00f3n es tan problem\u00e1tica, que a ser Alemania una naci\u00f3n d\u00e9bil, no habr\u00eda tardado mucho tiempo en irse, como vulgarmente decimos, con la m\u00fasica a otra parte. Pero nadie ha puesto estorbos al acto. Y, verdaderamente, \u00bfqu\u00e9 fuerza moral han de tener para defender sus derechos territoriales, naciones que s\u00f3lo fundan \u00e9stos en la historia y no han sabido sancionarlos con la ocupaci\u00f3n material y el comercio? Tales derechos, si se sobrepusieran a lo que muchos llaman usurpaci\u00f3n, ser\u00edan un estorbo al progreso y retardar\u00edan la civilizaci\u00f3n de ese inmenso y riqu\u00edsimo continente.<\/p>\n\n\n\n<p>El objeto de Alemania al iniciar la Conferencia es asegurar sus f\u00e1ciles adquisiciones de territorio en la costa africana, hacerlas reconocer por las potencias cuya bandera ondea en aquellas regiones, y, principalmente, presentarse ante Inglaterra con humos de importancia colonial, como anunci\u00e1ndole la probable creaci\u00f3n de un imperio africano que contrapese en lo futuro la grandeza de ese Indost\u00e1n ingl\u00e9s, que es una de las mayores maravillas de la historia contempor\u00e1nea.<\/p>\n\n\n\n<p>El programa aparente de la Conferencia es establecer un criterio fijo en materias de ocupaci\u00f3n de pa\u00edses salvajes, partiendo del principio de que sin la ocupaci\u00f3n material los derechos hist\u00f3ricos prescriben y caducan irremisiblemente. Trat\u00e1rase adem\u00e1s de una cuesti\u00f3n \u00edntimamente ligada con esta que es la navegaci\u00f3n y comercio del Congo, que, seg\u00fan la historia, es un r\u00edo portugu\u00e9s, y ahora parece que es de todo el mundo, menos de nuestros vecinos. La cuesti\u00f3n del Congo, donde hoy comercian alemanes, ingleses y franceses, trae consigo la cuesti\u00f3n del Niger, donde Inglaterra campa como se\u00f1ora hace mucho tiempo, sin temor a las Conferencias. Anunciada la de Berl\u00edn, Inglaterra le puso muy mala cara. Poquito a poco los hijos de Albi\u00f3n se iban comiendo la mitad del Africa sin que nadie se apercibiera de ello, y esto de la Conferencia era publicidad, discusi\u00f3n, luz y descubrimiento de estas oscuras conquistas de nuestra \u00e9poca, obra del tr\u00e1fico astuto m\u00e1s que de la guerra. Y como a los ingleses no les pod\u00eda gustar que Alemania aspirase a tragarse una parte de aquel continente que ellos quisieran para s\u00ed todo entero, pensaron que la Conferencia no pod\u00eda dar de s\u00ed nada provechoso a los fines de la omnipotencia brit\u00e1nica. Crey\u00f3se al principio que con no asistir Inglaterra a la reuni\u00f3n diplom\u00e1tica \u00e9sta fracasar\u00eda; pero el retraimiento de la gran naci\u00f3n colonial no se ha confirmado. Inglaterra va a Berl\u00edn, y no ser\u00e1 aventurado afirmar que su gran experiencia de estos asuntos y su genio inmenso en materias de colonizaci\u00f3n triunfar\u00e1n de la diplomacia, y en los protocolos que de all\u00ed salgan, Inglaterra, como en los mares, sabr\u00e1 triunfar siempre y alzar su pabell\u00f3n sobre las tempestades.<\/p>\n\n\n\n<p>II<\/p>\n\n\n\n<p>\u00bfY cu\u00e1l ser\u00e1 la suerte de Portugal en estos l\u00edos? \u00bfDe Portugal, a quien la ciencia geogr\u00e1fica debe tanta parte de sus conquistas? Si Espa\u00f1a es la madre de Am\u00e9rica, Portugal es la madre de Africa. Escrita est\u00e1 en lengua lusitana la historia de este continente, como lo declaran los nombres de sus r\u00edos, de sus costas, de sus islas. De la misma manera, toda la Geograf\u00eda americana habla el castellano del siglo XV, desde California a la Tierra de Fuego. \u00a1Y Portugal, cuyos grandes navegantes descubrieron, exploraron, demarcaron y dieron nombre a estas tierras, est\u00e1 destinada hoy a presenciar pasivamente c\u00f3mo son menospreciados sus derechos, c\u00f3mo sus territorios son usurpados por asociaciones de \u00e1vidos comerciantes, y c\u00f3mo, en fin, hasta los nombres de bautismo, que declaran el abolengo lusitano de las m\u00e1s bellas porciones del Africa, son borrados del mapa para sustituirlos con impronunciables y antip\u00e1ticos t\u00e9rminos sajones!<\/p>\n\n\n\n<p>De cualquier manera que se considere, esto es injusto. La incuria de nuestros vecinos, como la nuestra, debe tener correctivo; pero no el desproporcionado castigo de un despojo absoluto.<\/p>\n\n\n\n<p>Aqu\u00ed se ve que la fuerza es, a\u00fan en estos tiempos de progreso, el \u00fanico derecho eficaz en los destinos del mundo. Somos d\u00e9biles, no digamos m\u00e1s. Nuestros derechos quedan reducidos a cero con esta secreta y decisiva afirmaci\u00f3n. Somos d\u00e9biles. Hoy, como en tiempos de Carlos V, el d\u00e9bil no tiene nunca raz\u00f3n; el fuerte lleva en su espada la antorcha que esclarece todas las dudas en materia de posesi\u00f3n. Alemania, omnipotente por tierra; Inglaterra, poderos\u00edsima en los mares, sintetizan el moderno <em>jus<\/em>: ellas son el <em>alfa<\/em> y el <em>omega<\/em> de la historia contempor\u00e1nea. Nuestra \u00fanica esperanza es que estos dos colosos incurran en la tonter\u00eda (no es la primera vez que los colosos flaquean por este lado) de ser rivales: que Inglaterra tenga celos de las ambiciones coloniales de Germania; que ambas se pongan de punta, y nos den, en la tierra o en el mar, el espect\u00e1culo delicioso de uno de esos duelos tit\u00e1nicos en cuyo desenlace, como en el gracioso combate del cuento andaluz, <em>no quedan m\u00e1s que los rabos<\/em>.<\/p>\n\n\n\n<p>Pero si se ponen de acuerdo y marchan unidas, pronto veremos que la preponderancia del principio saj\u00f3n ser\u00e1 decisiva en el mundo, y que aun los m\u00e1s aut\u00f3nomos nos veremos iasensiblemente arrastrados a una situaci\u00f3n dependiente y subalterna, recibiendo leyes de los m\u00e1s fuertes en lo pol\u00edtico y en lo comercial. No s\u00f3lo perderemos poco a poco nuestras colonias, sino que de una manera insensible nos iremos convirtiendo en algo conquistable y colonizable para provecho de ellos. El protectorado industrial en que ya nos tienen con la formidable arma de la hulla, se ir\u00e1 trocando poco a poco en dominio de otra clase, y los que hoy somos consumidores y parroquianos, llegaremos quiz\u00e1, por la fuerza de las leyes f\u00edsicas, a ser verdaderos s\u00fabditos.<\/p>\n\n\n\n<p>III<\/p>\n\n\n\n<p>Quiz\u00e1 sea esto exagerado, pesimismo; pero vivamos prevenidos. Esperemos nuestro remedio de vigorosa resurrecci\u00f3n del esp\u00edritu ib\u00e9rico, en el sentido m\u00e1s amplio que se pudiera imaginar. Apartemos los ojos de nuestras est\u00e9riles contiendas, y reconozcamos la fuerza intr\u00ednseca que a\u00fan atesora nuestra raza. Aprovechemos esa fuerza y no la dejemos perder. Ante todo, tengamos conciencia de nosotros mismos, sum\u00e9monos, en una palabra, reunamos, en una cifra, a todos los que hablan las dos lenguas ib\u00e9ricas, y veremos que somos una falange de ochenta millones de seres. Esta simple operaci\u00f3n aritm\u00e9tica ya nos infunde \u00e1nimos. Lo primero que se hace en presencia de un enemigo es medir la propia fuerza. Hemos medido la nuestra y hemos hallado que no es nada despreciable.<\/p>\n\n\n\n<p>Despu\u00e9s de saber cu\u00e1ntos somos, averig\u00fcemos si somos capaces de tener un ideal com\u00fan.<\/p>\n\n\n\n<figure class=\"wp-block-image size-large is-style-default\"><img decoding=\"async\" src=\"http:\/\/ferna.eu\/venture\/wp-content\/uploads\/2020\/05\/firma_galdos.png\" alt=\"\" class=\"wp-image-7968\"\/><\/figure>\n","protected":false},"excerpt":{"rendered":"<p>La Conferencia de Berl\u00edn, convocada por Alemania sobre los asuntos de \u00c1frica, ha despertado entre nosotros alg\u00fan inter\u00e9s, aunque no tanto como merece. Invitada Espa\u00f1a a asistir a ella con voz y voto, m\u00e1s nos hemos ocupado de la persona que ha de representarnos que de los delicados puntos que se han de tratar y del criterio que debemos sostener en ella.<\/p>\n","protected":false},"author":1,"featured_media":8005,"comment_status":"open","ping_status":"open","sticky":false,"template":"","format":"standard","meta":{"footnotes":""},"categories":[17,3,4,52],"tags":[],"class_list":["post-8036","post","type-post","status-publish","format-standard","has-post-thumbnail","hentry","category-articulo-periodistico","category-benito-perez-galdos","category-bibliografia","category-criticon"],"yoast_head":"<!-- This site is optimized with the Yoast SEO plugin v24.3 - https:\/\/yoast.com\/wordpress\/plugins\/seo\/ -->\n<title>[Art\u00edculo] Colonias africanas, Benito P\u00e9rez Gald\u00f3s - Cronolog\u00eda de la vida y la obra de Benito P\u00e9rez Gald\u00f3s<\/title>\n<meta name=\"robots\" content=\"index, follow, max-snippet:-1, max-image-preview:large, max-video-preview:-1\" \/>\n<link rel=\"canonical\" href=\"https:\/\/batallitas.es\/benito-perez-galdos\/articulo-colonias-africanas-benito-perez-galdos\/\" \/>\n<meta property=\"og:locale\" content=\"es_ES\" \/>\n<meta property=\"og:type\" content=\"article\" \/>\n<meta property=\"og:title\" content=\"[Art\u00edculo] Colonias africanas, Benito P\u00e9rez Gald\u00f3s - Cronolog\u00eda de la vida y la obra de Benito P\u00e9rez Gald\u00f3s\" \/>\n<meta property=\"og:description\" content=\"La Conferencia de Berl\u00edn, convocada por Alemania sobre los asuntos de \u00c1frica, ha despertado entre nosotros alg\u00fan inter\u00e9s, aunque no tanto como merece. Invitada Espa\u00f1a a asistir a ella con voz y voto, m\u00e1s nos hemos ocupado de la persona que ha de representarnos que de los delicados puntos que se han de tratar y del criterio que debemos sostener en ella.\" \/>\n<meta property=\"og:url\" content=\"https:\/\/batallitas.es\/benito-perez-galdos\/articulo-colonias-africanas-benito-perez-galdos\/\" \/>\n<meta property=\"og:site_name\" content=\"Cronolog\u00eda de la vida y la obra de Benito P\u00e9rez Gald\u00f3s\" \/>\n<meta property=\"article:published_time\" content=\"2014-10-06T03:32:00+00:00\" \/>\n<meta property=\"og:image\" content=\"https:\/\/batallitas.es\/benito-perez-galdos\/wp-content\/uploads\/2025\/01\/facebook_thumbnail.jpg\" \/>\n\t<meta property=\"og:image:width\" content=\"1200\" \/>\n\t<meta property=\"og:image:height\" content=\"630\" \/>\n\t<meta property=\"og:image:type\" content=\"image\/jpeg\" \/>\n<meta name=\"author\" content=\"Benito\" \/>\n<meta name=\"twitter:card\" content=\"summary_large_image\" \/>\n<meta name=\"twitter:label1\" content=\"Escrito por\" \/>\n\t<meta name=\"twitter:data1\" content=\"Benito\" \/>\n\t<meta name=\"twitter:label2\" content=\"Tiempo de lectura\" \/>\n\t<meta name=\"twitter:data2\" content=\"7 minutos\" \/>\n<script type=\"application\/ld+json\" class=\"yoast-schema-graph\">{\"@context\":\"https:\/\/schema.org\",\"@graph\":[{\"@type\":\"WebPage\",\"@id\":\"https:\/\/batallitas.es\/benito-perez-galdos\/articulo-colonias-africanas-benito-perez-galdos\/\",\"url\":\"https:\/\/batallitas.es\/benito-perez-galdos\/articulo-colonias-africanas-benito-perez-galdos\/\",\"name\":\"[Art\u00edculo] Colonias africanas, Benito P\u00e9rez Gald\u00f3s - Cronolog\u00eda de la vida y la obra de Benito P\u00e9rez Gald\u00f3s\",\"isPartOf\":{\"@id\":\"https:\/\/batallitas.es\/benito-perez-galdos\/#website\"},\"primaryImageOfPage\":{\"@id\":\"https:\/\/batallitas.es\/benito-perez-galdos\/articulo-colonias-africanas-benito-perez-galdos\/#primaryimage\"},\"image\":{\"@id\":\"https:\/\/batallitas.es\/benito-perez-galdos\/articulo-colonias-africanas-benito-perez-galdos\/#primaryimage\"},\"thumbnailUrl\":\"\",\"datePublished\":\"2014-10-06T03:32:00+00:00\",\"dateModified\":\"2014-10-06T03:32:00+00:00\",\"author\":{\"@id\":\"https:\/\/batallitas.es\/benito-perez-galdos\/#\/schema\/person\/2dda07be9325676808524c55b6218a25\"},\"breadcrumb\":{\"@id\":\"https:\/\/batallitas.es\/benito-perez-galdos\/articulo-colonias-africanas-benito-perez-galdos\/#breadcrumb\"},\"inLanguage\":\"es\",\"potentialAction\":[{\"@type\":\"ReadAction\",\"target\":[\"https:\/\/batallitas.es\/benito-perez-galdos\/articulo-colonias-africanas-benito-perez-galdos\/\"]}]},{\"@type\":\"ImageObject\",\"inLanguage\":\"es\",\"@id\":\"https:\/\/batallitas.es\/benito-perez-galdos\/articulo-colonias-africanas-benito-perez-galdos\/#primaryimage\",\"url\":\"\",\"contentUrl\":\"\"},{\"@type\":\"BreadcrumbList\",\"@id\":\"https:\/\/batallitas.es\/benito-perez-galdos\/articulo-colonias-africanas-benito-perez-galdos\/#breadcrumb\",\"itemListElement\":[{\"@type\":\"ListItem\",\"position\":1,\"name\":\"Portada\",\"item\":\"https:\/\/batallitas.es\/benito-perez-galdos\/\"},{\"@type\":\"ListItem\",\"position\":2,\"name\":\"[Art\u00edculo] Colonias africanas, Benito P\u00e9rez Gald\u00f3s\"}]},{\"@type\":\"WebSite\",\"@id\":\"https:\/\/batallitas.es\/benito-perez-galdos\/#website\",\"url\":\"https:\/\/batallitas.es\/benito-perez-galdos\/\",\"name\":\"Cronolog\u00eda de la vida y la obra de Benito P\u00e9rez Gald\u00f3s\",\"description\":\"\",\"potentialAction\":[{\"@type\":\"SearchAction\",\"target\":{\"@type\":\"EntryPoint\",\"urlTemplate\":\"https:\/\/batallitas.es\/benito-perez-galdos\/?s={search_term_string}\"},\"query-input\":{\"@type\":\"PropertyValueSpecification\",\"valueRequired\":true,\"valueName\":\"search_term_string\"}}],\"inLanguage\":\"es\"},{\"@type\":\"Person\",\"@id\":\"https:\/\/batallitas.es\/benito-perez-galdos\/#\/schema\/person\/2dda07be9325676808524c55b6218a25\",\"name\":\"Benito\",\"image\":{\"@type\":\"ImageObject\",\"inLanguage\":\"es\",\"@id\":\"https:\/\/batallitas.es\/benito-perez-galdos\/#\/schema\/person\/image\/\",\"url\":\"https:\/\/secure.gravatar.com\/avatar\/8695d643bbae3009794e7fc5797055bb?s=96&d=mm&r=g\",\"contentUrl\":\"https:\/\/secure.gravatar.com\/avatar\/8695d643bbae3009794e7fc5797055bb?s=96&d=mm&r=g\",\"caption\":\"Benito\"},\"sameAs\":[\"https:\/\/batallitas.es\/galdos\"],\"url\":\"https:\/\/batallitas.es\/benito-perez-galdos\/author\/benito\/\"}]}<\/script>\n<!-- \/ Yoast SEO plugin. -->","yoast_head_json":{"title":"[Art\u00edculo] Colonias africanas, Benito P\u00e9rez Gald\u00f3s - Cronolog\u00eda de la vida y la obra de Benito P\u00e9rez Gald\u00f3s","robots":{"index":"index","follow":"follow","max-snippet":"max-snippet:-1","max-image-preview":"max-image-preview:large","max-video-preview":"max-video-preview:-1"},"canonical":"https:\/\/batallitas.es\/benito-perez-galdos\/articulo-colonias-africanas-benito-perez-galdos\/","og_locale":"es_ES","og_type":"article","og_title":"[Art\u00edculo] Colonias africanas, Benito P\u00e9rez Gald\u00f3s - Cronolog\u00eda de la vida y la obra de Benito P\u00e9rez Gald\u00f3s","og_description":"La Conferencia de Berl\u00edn, convocada por Alemania sobre los asuntos de \u00c1frica, ha despertado entre nosotros alg\u00fan inter\u00e9s, aunque no tanto como merece. Invitada Espa\u00f1a a asistir a ella con voz y voto, m\u00e1s nos hemos ocupado de la persona que ha de representarnos que de los delicados puntos que se han de tratar y del criterio que debemos sostener en ella.","og_url":"https:\/\/batallitas.es\/benito-perez-galdos\/articulo-colonias-africanas-benito-perez-galdos\/","og_site_name":"Cronolog\u00eda de la vida y la obra de Benito P\u00e9rez Gald\u00f3s","article_published_time":"2014-10-06T03:32:00+00:00","og_image":[{"width":1200,"height":630,"url":"https:\/\/batallitas.es\/benito-perez-galdos\/wp-content\/uploads\/2025\/01\/facebook_thumbnail.jpg","type":"image\/jpeg"}],"author":"Benito","twitter_card":"summary_large_image","twitter_misc":{"Escrito por":"Benito","Tiempo de lectura":"7 minutos"},"schema":{"@context":"https:\/\/schema.org","@graph":[{"@type":"WebPage","@id":"https:\/\/batallitas.es\/benito-perez-galdos\/articulo-colonias-africanas-benito-perez-galdos\/","url":"https:\/\/batallitas.es\/benito-perez-galdos\/articulo-colonias-africanas-benito-perez-galdos\/","name":"[Art\u00edculo] Colonias africanas, Benito P\u00e9rez Gald\u00f3s - Cronolog\u00eda de la vida y la obra de Benito P\u00e9rez Gald\u00f3s","isPartOf":{"@id":"https:\/\/batallitas.es\/benito-perez-galdos\/#website"},"primaryImageOfPage":{"@id":"https:\/\/batallitas.es\/benito-perez-galdos\/articulo-colonias-africanas-benito-perez-galdos\/#primaryimage"},"image":{"@id":"https:\/\/batallitas.es\/benito-perez-galdos\/articulo-colonias-africanas-benito-perez-galdos\/#primaryimage"},"thumbnailUrl":"","datePublished":"2014-10-06T03:32:00+00:00","dateModified":"2014-10-06T03:32:00+00:00","author":{"@id":"https:\/\/batallitas.es\/benito-perez-galdos\/#\/schema\/person\/2dda07be9325676808524c55b6218a25"},"breadcrumb":{"@id":"https:\/\/batallitas.es\/benito-perez-galdos\/articulo-colonias-africanas-benito-perez-galdos\/#breadcrumb"},"inLanguage":"es","potentialAction":[{"@type":"ReadAction","target":["https:\/\/batallitas.es\/benito-perez-galdos\/articulo-colonias-africanas-benito-perez-galdos\/"]}]},{"@type":"ImageObject","inLanguage":"es","@id":"https:\/\/batallitas.es\/benito-perez-galdos\/articulo-colonias-africanas-benito-perez-galdos\/#primaryimage","url":"","contentUrl":""},{"@type":"BreadcrumbList","@id":"https:\/\/batallitas.es\/benito-perez-galdos\/articulo-colonias-africanas-benito-perez-galdos\/#breadcrumb","itemListElement":[{"@type":"ListItem","position":1,"name":"Portada","item":"https:\/\/batallitas.es\/benito-perez-galdos\/"},{"@type":"ListItem","position":2,"name":"[Art\u00edculo] Colonias africanas, Benito P\u00e9rez Gald\u00f3s"}]},{"@type":"WebSite","@id":"https:\/\/batallitas.es\/benito-perez-galdos\/#website","url":"https:\/\/batallitas.es\/benito-perez-galdos\/","name":"Cronolog\u00eda de la vida y la obra de Benito P\u00e9rez Gald\u00f3s","description":"","potentialAction":[{"@type":"SearchAction","target":{"@type":"EntryPoint","urlTemplate":"https:\/\/batallitas.es\/benito-perez-galdos\/?s={search_term_string}"},"query-input":{"@type":"PropertyValueSpecification","valueRequired":true,"valueName":"search_term_string"}}],"inLanguage":"es"},{"@type":"Person","@id":"https:\/\/batallitas.es\/benito-perez-galdos\/#\/schema\/person\/2dda07be9325676808524c55b6218a25","name":"Benito","image":{"@type":"ImageObject","inLanguage":"es","@id":"https:\/\/batallitas.es\/benito-perez-galdos\/#\/schema\/person\/image\/","url":"https:\/\/secure.gravatar.com\/avatar\/8695d643bbae3009794e7fc5797055bb?s=96&d=mm&r=g","contentUrl":"https:\/\/secure.gravatar.com\/avatar\/8695d643bbae3009794e7fc5797055bb?s=96&d=mm&r=g","caption":"Benito"},"sameAs":["https:\/\/batallitas.es\/galdos"],"url":"https:\/\/batallitas.es\/benito-perez-galdos\/author\/benito\/"}]}},"_links":{"self":[{"href":"https:\/\/batallitas.es\/benito-perez-galdos\/wp-json\/wp\/v2\/posts\/8036","targetHints":{"allow":["GET"]}}],"collection":[{"href":"https:\/\/batallitas.es\/benito-perez-galdos\/wp-json\/wp\/v2\/posts"}],"about":[{"href":"https:\/\/batallitas.es\/benito-perez-galdos\/wp-json\/wp\/v2\/types\/post"}],"author":[{"embeddable":true,"href":"https:\/\/batallitas.es\/benito-perez-galdos\/wp-json\/wp\/v2\/users\/1"}],"replies":[{"embeddable":true,"href":"https:\/\/batallitas.es\/benito-perez-galdos\/wp-json\/wp\/v2\/comments?post=8036"}],"version-history":[{"count":0,"href":"https:\/\/batallitas.es\/benito-perez-galdos\/wp-json\/wp\/v2\/posts\/8036\/revisions"}],"wp:featuredmedia":[{"embeddable":true,"href":"https:\/\/batallitas.es\/benito-perez-galdos\/wp-json\/"}],"wp:attachment":[{"href":"https:\/\/batallitas.es\/benito-perez-galdos\/wp-json\/wp\/v2\/media?parent=8036"}],"wp:term":[{"taxonomy":"category","embeddable":true,"href":"https:\/\/batallitas.es\/benito-perez-galdos\/wp-json\/wp\/v2\/categories?post=8036"},{"taxonomy":"post_tag","embeddable":true,"href":"https:\/\/batallitas.es\/benito-perez-galdos\/wp-json\/wp\/v2\/tags?post=8036"}],"curies":[{"name":"wp","href":"https:\/\/api.w.org\/{rel}","templated":true}]}}