{"id":8038,"date":"2014-11-04T05:44:00","date_gmt":"2014-11-04T04:44:00","guid":{"rendered":"http:\/\/ferna.eu\/?p=8038"},"modified":"2014-11-04T05:44:00","modified_gmt":"2014-11-04T04:44:00","slug":"articulo-cuba-filipinas-de-benito-perez-galdos","status":"publish","type":"post","link":"https:\/\/batallitas.es\/benito-perez-galdos\/articulo-cuba-filipinas-de-benito-perez-galdos\/","title":{"rendered":"[Art\u00edculo] Cuba-Filipinas, de Benito P\u00e9rez Gald\u00f3s"},"content":{"rendered":"\n<p>Madrid, 9 de noviembre de 1884.<\/p>\n\n\n\n<p>I<\/p>\n\n\n\n<p>No importa que el tabaco cubano sea el m\u00e1s rico, el m\u00e1s delicado, el m\u00e1s arom\u00e1tico del mundo, para que tenga que sufrir en los mercados las desventajas de la competencia con las infinitas hierbas combustibles que se cosechan en distintos pa\u00edses del globo. As\u00ed como la alquimia quiere suplantar a la Naturaleza alterando los productos y falsific\u00e1ndolos, ll\u00e1mense vino, az\u00facar, caf\u00e9 o alcohol, tambi\u00e9n en este ramo del fumar ocurren mixtificaciones tales que dentro de poco han de producir una corrupci\u00f3n general del gusto. V\u00e9ndense por habanos en todas partes, cigarros elaborados en Hamburgo o \u00c1msterdam, con hoja de java. Algunos de estos g\u00e9neros ap\u00f3crifos se decoran con capa habana o aparecen pintados para enga\u00f1ar la vista ya que no pueden enga\u00f1ar el olfato. Se imitan las violas y aun las marcas c\u00e9lebres. La mala f\u00e9 del comercio universal tiende al descr\u00e9dito de todo lo que es calidad reconocida, y a la nivelaci\u00f3n de todos los art\u00edculos. Ya no hay clases ni en la sociedad ni en los g\u00e9neros de comercio; todo es malo, o cuando m\u00e1s mediano, y a nada de lo que entra por nuestra boca le preguntamos su abolengo con tal que sea barato.<\/p>\n\n\n\n<p>Dicen que los alemanes fabrican az\u00facar de camisas viejas. Esto me parece exagerado; pero ello es que la fabrican con los vegetales que hasta ahora han disfrutado de peor opini\u00f3n en lo tocante a propiedades zucarinas. Fabrican alcohol de patatas con tal perfecci\u00f3n industrial que los antiguos alcoholes de ca\u00f1a y uva se retiran paulatinamente del mercado. Fabrican vinos de Jerez y de M\u00e1laga con desconocidos ingredientes a los cuales a\u00f1aden zumo de pasas para darles algo de ese tufo castizo que con nada puede sustituirse. Hacen tabacos con hojas diferentes de plantas asi\u00e1ticas, a las cuales se les da aroma con infusiones de la verdadera hierba cubana. Confeccionan te no se sabe c\u00f3mo, y fabrican el propio grano de caf\u00e9, hecho de pasta de achicoria perfectamente imitada. Al mismo tiempo, con la anilina extra\u00edda de la ulla se falsifican todas las antiguas substancias tint\u00f3reas, la cochinilla, el \u00edndigo, la p\u00farpura, as\u00ed como en otro orden, el esparto ha venido a introducirse en los reinos de la lana y el algod\u00f3n, en los del hilo. En resumen, los refinamientos de la mec\u00e1nica y de la qu\u00edmica industrial est\u00e1n alterando la distribuci\u00f3n natural de productos en el planeta y tergiversando la ley del comercio. Ya el Mediod\u00eda no puede llevar al Norte sus vinos espont\u00e1neamente producidos por el suelo, porque el Norte, no pudiendo producirlos, los hace. Ya el az\u00facar antillana tiene que retirarse de los mercados ante el formidable crecimiento de esa <em>cal dulce <\/em>que se llama az\u00facar alemana. Ya el tabaco de prosapia, aquel incomparable habano que cerraba los banquetes con su generoso olor, es un puro mito, y en su lugar arden unos le\u00f1os \u00e1speros y pest\u00edferos confeccionados en las marismas holandesas. A\u00fan nos quedan las frutas, gala de nuestra regi\u00f3n; pero ;no ser\u00e1 posible que con esas ingeniosas alquimias y artificios nos la falsifiquen tambi\u00e9n? \u00bfTardaremos mucho en ver <em>nar<\/em><em>anjas artificiales y uvas de imitaci\u00f3n al alcance de todas las fortunas<\/em>? He o\u00eddo que en Norte-Am\u00e9rica fabrican huevos con la misma facilidad que se podr\u00edan fabricar botones. Por ah\u00ed se empieza. La ulla no ha dicho a\u00fan su \u00faltima palabra, y bien podr\u00edan esos condenados Sajones hacer con ella un sol artificial que calentase sus tierras fr\u00edas y esteparias, d\u00e1ndoles los ricos frutos que a\u00fan son patrimonio de las nuestras.<\/p>\n\n\n\n<p>II<\/p>\n\n\n\n<p>Volviendo a Cuba, dir\u00e9 que ha tiempo vienen nuestros Gobiernos preocup\u00e1ndose mucho de su penosa situaci\u00f3n y discurriendo medios para aliviarla. Hasta ahora fuerza es reconocer que esos medios, puramente emp\u00edricos, han sido ineficaces. Econom\u00edas en el presupuesto, peque\u00f1as rebajas en las contribuciones, reformas en la organizaci\u00f3n judicial y administrativa, todo esto es poca cosa para mal tan grande. Si las econom\u00edas fueran tales que el presupuesto quedase reducido a la mitad; si las modificaciones arancelarias fueran de tal magnitud que la vida se abaratase considerablemente en la Isla; si las reformas fuesen tan sabias y profundas que transformasen el modo de ser pol\u00edtico y jur\u00eddico de aquel pa\u00eds, las dificultades estar\u00edan salvadas en gran parte. El tiempo se encargar\u00eda de lo dem\u00e1s. Pero la enorme deuda que gravita sobre el tesoro de Cuba, las amenazas de nuevos trastornos que hacen necesaria la existencia de un ej\u00e9rcito, los inconvenientes de la cuesti\u00f3n social reci\u00e9n resuelta, y junto con esto, intereses antillanos y peninsulares, que sistem\u00e1ticamente tienden al sostenimiento del r\u00e9gimen tradicional, agravan el problema y dificultan de un modo lastimoso su revoluci\u00f3n.<\/p>\n\n\n\n<p>Antes de suspender sus sesiones autorizaron las Cortes al actual Gobierno para implantar una serie de medidas que atenuaran la grave crisis de Cuba. Algunas de \u00e9stas ya son un hecho, pero no resuelven el problema.<\/p>\n\n\n\n<p>Provechoso es cuanto contribuya a estrechar m\u00e1s las relaciones comerciales entre las Antillas y Espa\u00f1a; pero siendo los Estados Unidos el mercado natural de aquellas, la idea del tratado con la gran Rep\u00fablica se abri\u00f3 camino desde que la cuesti\u00f3n cubana fu\u00e9 abordada de frente y ya, gracias a Dios, aquella feliz idea est\u00e1 en v\u00edas de pr\u00f3xima realizaci\u00f3n. Las conferencias para acordar los t\u00e9rminos del tratado se celebran en Madrid entre el representante de los Estados Unidos y el delegado del Gobierno para este objeto, se\u00f1or Albacete, y al fin parece que se ha llegado a una avenencia.<\/p>\n\n\n\n<p>El tratado est\u00e1 convenido, falta s\u00f3lo, para hacerlo efectivo, la aprobaci\u00f3n de las C\u00e1maras en ambos Pa\u00edses, y de aqu\u00ed que sea hoy tan grande nuestro inter\u00e9s en el resultado de la elecci\u00f3n presidencial, pues de que triunfe Cleveland o Blaine, depende el \u00e9xito seguro o dudoso del tratado en el Capitolio<\/p>\n\n\n\n<p>de Washington. D\u00edcese que Blaine llevar\u00eda al Gobierno planes proteccionistas y <em>Monroistas<\/em> muy exagerados; mas de Cleveland se espera, por el contrario, una pol\u00edtica expansiva y liberal en materias comerciales.<\/p>\n\n\n\n<p>A\u00fan se teme que en la misma naci\u00f3n americana halle enemigos grandes el tratado, pues los Estados del Sur producen az\u00facar y en el Sur y en el Norte las industrias tabaqueras tienen gran desarrollo. De modo que no ganamos para sustos, como vulgarmente se dice. Vencidas las dificultades de aqu\u00ed, aparecen otras nuevas all\u00e1. Qu\u00e9janse aqu\u00ed los castellanos de la depreciaci\u00f3n que van a tener sus harinas en el mercado cubano; qu\u00e9janse los industr\u00edales de Catalu\u00f1a, y a este clamor del ego\u00edsmo \u00fanese el de los azucareros de Virginia y Carolina del Sur. \u00a1Pobre Cuba! Siempre explotada por amigos y enemigos. Has sido la gallina de los huevos de oro, la vaca gorda&#8230; Tierra de promisi\u00f3n, has sido esquilada por la codicia de unos y otros. Todos se han cre\u00eddo con derecho a aprovecharse de tu riqueza, todos han apurado el abundante esquilmo que hallaron en tu rico suelo, y hoy est\u00e1s descarnada, infecunda, miserable. \u00bfCu\u00e1ndo te dejar\u00e1n en paz? \u00bfCu\u00e1ndo te permitir\u00e1n gozar de lo tuyo y ser due\u00f1a de las considerables galas de tu propio suelo? Es terrible que no puedas removerte, sin que al punto resuenen en Europa y Am\u00e9rica lamentos y protestas. Ya con los llamados intereses peninsulares, ya con los intereses yankees; aqu\u00ed y all\u00ed intereses que se atreven a darse a s\u00ed propios el nombre de derechos y que son rutinas y monopolios ejercidos sobre ti. Bien te cuadra aquel verso:<\/p>\n\n\n\n<p><em>Ay, infeliz de la que nace hermosa.<\/em><\/p>\n\n\n\n<p>Porque por haber nacido tan bella, y atesorar mil ventajas naturales, te tenemos todos afici\u00f3n tan grande. Si tuvieras ahora la mitad de las fortunas que se han hecho r\u00e1pidamente en tu suelo, podr\u00edas empedrar con piezas de plata las calles de tus ciudades, hacer arrastrar los tranv\u00edas sobre carriles de oro. Y a pesar de los esfuerzos que ahora se intentan para devolverte parte de tu esplendor pasado, porque pensar en devolverte todo, ser\u00eda pensar en lo imposible; a pesar de que ya est\u00e1 en la conciencia de todos, aun de los m\u00e1s ego\u00edstas, que es preciso poner remedio a tus graves males, temo mucho que hayamos acudido demasiado tarde, y te apliquemos emolientes en vez de heroicas medicinas. Conf\u00edo, no obstante, en que la Divina Providencia, que tiene especial predilecci\u00f3n por todo lo espa\u00f1ol, acuda en tu socorro; era Providencia, que si jam\u00e1s nos permite llegar a una situaci\u00f3n pr\u00f3spera y desahogada, tampoco consiente que nos perdamos y arruinemos por completo, y que cuando nos v\u00e9 pr\u00f3ximos a sucumbir, nos da la mano y nos libra de la muerte.<\/p>\n\n\n\n<p>III<\/p>\n\n\n\n<p>Ya que hablo de colonias, quiero decir algo de la que tenemos en Ocean\u00eda, el archipi\u00e9lago filipino, hermos\u00edsima joya que va tomando de d\u00eda\u2019 en d\u00eda m\u00e1s valor. Hay quien asegura que no merecemos ser due\u00f1os de ella. Los enormes vicios administrativos que llevamos a nuestras colonias nos desacreditan como naci\u00f3n colonizadora, dej\u00e1ndonos tan s\u00f3lo la fama del esp\u00edritu conquistador que Ls arranc\u00f3 a la barbarie para traerlas a la civilizaci\u00f3n y al cristianismo.<\/p>\n\n\n\n<p>Desde que se decret\u00f3 el libre cultivo del tabaco en aquel pa\u00eds, suprimiendo uno de los mayores absurdos que registra nuestra ineptitud administrativa, las condiciones econ\u00f3micas del archipi\u00e9lago descubierto por Magallanes han entrado en una nueva face. Aquel pa\u00eds muerto, y si no muerto dormido para el comercio, da se\u00f1ales de vida y a\u00fan de iniciativa. \u00a1Pero falta tanto que hacer en Filipinas para que aquello sea una colonia floreciente como sus vecinas holandesas o como el continente australiano. Las obras p\u00fablicas est\u00e1n all\u00ed en embri\u00f3n, apenas se conoce el ferrocarril y el puerto de Manila contin\u00faa siendo un mito. No existe el tal puerto m\u00e1s que en las cifras del impuesto establecido para construirlo. A pesar de esto la producci\u00f3n del pa\u00eds aumenta prodigiosamente, ya no nos env\u00eda s\u00f3lo tabaco, sino tambi\u00e9n az\u00facar (un nuevo enemigo para la infeliz Cuba), caf\u00e9 y preciosas matenas f\u00e9rtiles. La poblaci\u00f3n no baja de cinco millones de habitantes, y hay islas admirables y casi inexploradas donde el arado europeo no ha penetrado todav\u00eda; ni apenas se oye en ellas a\u00fan la armoniosa lengua de Castilla. All\u00ed tenemos un porvenir brillante si lo queremos y sabemos aprovechar dando al trabajo la iniciativa y las energ\u00edas que damos a un charlar bullicioso, a las conspiraciones y al vicioso mecanismo parlamentario que s\u00f3lo consiste en quitar y poner empleados.<\/p>\n\n\n\n<p>Tambi\u00e9n en \u00c1frica tenemos un campo vast\u00edsimo de actividad. Pero \u00a1ay! el \u00c1frica es muy grande, nosotros muy peque\u00f1os, y los fuertes y poderosos se repartir\u00e1n pronto sus inmensas costas, sus caudalosos r\u00edos, sus riquisimos bosques para dar salida a los exuberantes productos de la industria sajona, para colocar los incalculables sobrantes de la fabricaci\u00f3n inglesa y alemana. Calc\u00falense los millones de piezas de tela de algod\u00f3n que se vender\u00e1n el d\u00eda en que las potencias del Norte ense\u00f1en a los africanos a vestirse. Les ense\u00f1ar\u00e1n a ca\u00f1onazos; pero para el caso es lo mismo. Nosotros, como Portugal, llegamos tarde al \u00c1frica, llegamos inermes \u00a1ay! y con las manos vac\u00edas.<\/p>\n\n\n\n<figure class=\"wp-block-image size-large is-style-default\"><img decoding=\"async\" src=\"http:\/\/ferna.eu\/venture\/wp-content\/uploads\/2020\/05\/firma_galdos.png\" alt=\"\" class=\"wp-image-7968\"\/><\/figure>\n","protected":false},"excerpt":{"rendered":"<p>No importa que el tabaco cubano sea el m\u00e1s rico, el m\u00e1s delicado, el m\u00e1s arom\u00e1tico del mundo, para que tenga que sufrir en los mercados las desventajas de la competencia con las infinitas hierbas combustibles que se cosechan en distintos pa\u00edses del globo. As\u00ed como la alquimia quiere suplantar a la Naturaleza alterando los productos y falsific\u00e1ndolos, ll\u00e1mense vino, az\u00facar, caf\u00e9 o alcohol, tambi\u00e9n en este ramo del fumar ocurren mixtificaciones tales que dentro de poco han de producir una corrupci\u00f3n general del gusto.<\/p>\n","protected":false},"author":1,"featured_media":8005,"comment_status":"open","ping_status":"open","sticky":false,"template":"","format":"standard","meta":{"footnotes":""},"categories":[17,3,4,52],"tags":[],"class_list":["post-8038","post","type-post","status-publish","format-standard","has-post-thumbnail","hentry","category-articulo-periodistico","category-benito-perez-galdos","category-bibliografia","category-criticon"],"yoast_head":"<!-- This site is optimized with the Yoast SEO plugin v24.3 - https:\/\/yoast.com\/wordpress\/plugins\/seo\/ -->\n<title>[Art\u00edculo] Cuba-Filipinas, de Benito P\u00e9rez Gald\u00f3s - Cronolog\u00eda de la vida y la obra de Benito P\u00e9rez Gald\u00f3s<\/title>\n<meta name=\"robots\" content=\"index, follow, max-snippet:-1, max-image-preview:large, max-video-preview:-1\" \/>\n<link rel=\"canonical\" href=\"https:\/\/batallitas.es\/benito-perez-galdos\/articulo-cuba-filipinas-de-benito-perez-galdos\/\" \/>\n<meta property=\"og:locale\" content=\"es_ES\" \/>\n<meta property=\"og:type\" content=\"article\" \/>\n<meta property=\"og:title\" content=\"[Art\u00edculo] Cuba-Filipinas, de Benito P\u00e9rez Gald\u00f3s - Cronolog\u00eda de la vida y la obra de Benito P\u00e9rez Gald\u00f3s\" \/>\n<meta property=\"og:description\" content=\"No importa que el tabaco cubano sea el m\u00e1s rico, el m\u00e1s delicado, el m\u00e1s arom\u00e1tico del mundo, para que tenga que sufrir en los mercados las desventajas de la competencia con las infinitas hierbas combustibles que se cosechan en distintos pa\u00edses del globo. As\u00ed como la alquimia quiere suplantar a la Naturaleza alterando los productos y falsific\u00e1ndolos, ll\u00e1mense vino, az\u00facar, caf\u00e9 o alcohol, tambi\u00e9n en este ramo del fumar ocurren mixtificaciones tales que dentro de poco han de producir una corrupci\u00f3n general del gusto.\" \/>\n<meta property=\"og:url\" content=\"https:\/\/batallitas.es\/benito-perez-galdos\/articulo-cuba-filipinas-de-benito-perez-galdos\/\" \/>\n<meta property=\"og:site_name\" content=\"Cronolog\u00eda de la vida y la obra de Benito P\u00e9rez Gald\u00f3s\" \/>\n<meta property=\"article:published_time\" content=\"2014-11-04T04:44:00+00:00\" \/>\n<meta property=\"og:image\" content=\"https:\/\/batallitas.es\/benito-perez-galdos\/wp-content\/uploads\/2025\/01\/facebook_thumbnail.jpg\" \/>\n\t<meta property=\"og:image:width\" content=\"1200\" \/>\n\t<meta property=\"og:image:height\" content=\"630\" \/>\n\t<meta property=\"og:image:type\" content=\"image\/jpeg\" \/>\n<meta name=\"author\" content=\"Benito\" \/>\n<meta name=\"twitter:card\" content=\"summary_large_image\" \/>\n<meta name=\"twitter:label1\" content=\"Escrito por\" \/>\n\t<meta name=\"twitter:data1\" content=\"Benito\" \/>\n\t<meta name=\"twitter:label2\" content=\"Tiempo de lectura\" \/>\n\t<meta name=\"twitter:data2\" content=\"10 minutos\" \/>\n<script type=\"application\/ld+json\" class=\"yoast-schema-graph\">{\"@context\":\"https:\/\/schema.org\",\"@graph\":[{\"@type\":\"WebPage\",\"@id\":\"https:\/\/batallitas.es\/benito-perez-galdos\/articulo-cuba-filipinas-de-benito-perez-galdos\/\",\"url\":\"https:\/\/batallitas.es\/benito-perez-galdos\/articulo-cuba-filipinas-de-benito-perez-galdos\/\",\"name\":\"[Art\u00edculo] Cuba-Filipinas, de Benito P\u00e9rez Gald\u00f3s - Cronolog\u00eda de la vida y la obra de Benito P\u00e9rez Gald\u00f3s\",\"isPartOf\":{\"@id\":\"https:\/\/batallitas.es\/benito-perez-galdos\/#website\"},\"primaryImageOfPage\":{\"@id\":\"https:\/\/batallitas.es\/benito-perez-galdos\/articulo-cuba-filipinas-de-benito-perez-galdos\/#primaryimage\"},\"image\":{\"@id\":\"https:\/\/batallitas.es\/benito-perez-galdos\/articulo-cuba-filipinas-de-benito-perez-galdos\/#primaryimage\"},\"thumbnailUrl\":\"\",\"datePublished\":\"2014-11-04T04:44:00+00:00\",\"dateModified\":\"2014-11-04T04:44:00+00:00\",\"author\":{\"@id\":\"https:\/\/batallitas.es\/benito-perez-galdos\/#\/schema\/person\/2dda07be9325676808524c55b6218a25\"},\"breadcrumb\":{\"@id\":\"https:\/\/batallitas.es\/benito-perez-galdos\/articulo-cuba-filipinas-de-benito-perez-galdos\/#breadcrumb\"},\"inLanguage\":\"es\",\"potentialAction\":[{\"@type\":\"ReadAction\",\"target\":[\"https:\/\/batallitas.es\/benito-perez-galdos\/articulo-cuba-filipinas-de-benito-perez-galdos\/\"]}]},{\"@type\":\"ImageObject\",\"inLanguage\":\"es\",\"@id\":\"https:\/\/batallitas.es\/benito-perez-galdos\/articulo-cuba-filipinas-de-benito-perez-galdos\/#primaryimage\",\"url\":\"\",\"contentUrl\":\"\"},{\"@type\":\"BreadcrumbList\",\"@id\":\"https:\/\/batallitas.es\/benito-perez-galdos\/articulo-cuba-filipinas-de-benito-perez-galdos\/#breadcrumb\",\"itemListElement\":[{\"@type\":\"ListItem\",\"position\":1,\"name\":\"Portada\",\"item\":\"https:\/\/batallitas.es\/benito-perez-galdos\/\"},{\"@type\":\"ListItem\",\"position\":2,\"name\":\"[Art\u00edculo] Cuba-Filipinas, de Benito P\u00e9rez Gald\u00f3s\"}]},{\"@type\":\"WebSite\",\"@id\":\"https:\/\/batallitas.es\/benito-perez-galdos\/#website\",\"url\":\"https:\/\/batallitas.es\/benito-perez-galdos\/\",\"name\":\"Cronolog\u00eda de la vida y la obra de Benito P\u00e9rez Gald\u00f3s\",\"description\":\"\",\"potentialAction\":[{\"@type\":\"SearchAction\",\"target\":{\"@type\":\"EntryPoint\",\"urlTemplate\":\"https:\/\/batallitas.es\/benito-perez-galdos\/?s={search_term_string}\"},\"query-input\":{\"@type\":\"PropertyValueSpecification\",\"valueRequired\":true,\"valueName\":\"search_term_string\"}}],\"inLanguage\":\"es\"},{\"@type\":\"Person\",\"@id\":\"https:\/\/batallitas.es\/benito-perez-galdos\/#\/schema\/person\/2dda07be9325676808524c55b6218a25\",\"name\":\"Benito\",\"image\":{\"@type\":\"ImageObject\",\"inLanguage\":\"es\",\"@id\":\"https:\/\/batallitas.es\/benito-perez-galdos\/#\/schema\/person\/image\/\",\"url\":\"https:\/\/secure.gravatar.com\/avatar\/8695d643bbae3009794e7fc5797055bb?s=96&d=mm&r=g\",\"contentUrl\":\"https:\/\/secure.gravatar.com\/avatar\/8695d643bbae3009794e7fc5797055bb?s=96&d=mm&r=g\",\"caption\":\"Benito\"},\"sameAs\":[\"https:\/\/batallitas.es\/galdos\"],\"url\":\"https:\/\/batallitas.es\/benito-perez-galdos\/author\/benito\/\"}]}<\/script>\n<!-- \/ Yoast SEO plugin. -->","yoast_head_json":{"title":"[Art\u00edculo] Cuba-Filipinas, de Benito P\u00e9rez Gald\u00f3s - Cronolog\u00eda de la vida y la obra de Benito P\u00e9rez Gald\u00f3s","robots":{"index":"index","follow":"follow","max-snippet":"max-snippet:-1","max-image-preview":"max-image-preview:large","max-video-preview":"max-video-preview:-1"},"canonical":"https:\/\/batallitas.es\/benito-perez-galdos\/articulo-cuba-filipinas-de-benito-perez-galdos\/","og_locale":"es_ES","og_type":"article","og_title":"[Art\u00edculo] Cuba-Filipinas, de Benito P\u00e9rez Gald\u00f3s - Cronolog\u00eda de la vida y la obra de Benito P\u00e9rez Gald\u00f3s","og_description":"No importa que el tabaco cubano sea el m\u00e1s rico, el m\u00e1s delicado, el m\u00e1s arom\u00e1tico del mundo, para que tenga que sufrir en los mercados las desventajas de la competencia con las infinitas hierbas combustibles que se cosechan en distintos pa\u00edses del globo. As\u00ed como la alquimia quiere suplantar a la Naturaleza alterando los productos y falsific\u00e1ndolos, ll\u00e1mense vino, az\u00facar, caf\u00e9 o alcohol, tambi\u00e9n en este ramo del fumar ocurren mixtificaciones tales que dentro de poco han de producir una corrupci\u00f3n general del gusto.","og_url":"https:\/\/batallitas.es\/benito-perez-galdos\/articulo-cuba-filipinas-de-benito-perez-galdos\/","og_site_name":"Cronolog\u00eda de la vida y la obra de Benito P\u00e9rez Gald\u00f3s","article_published_time":"2014-11-04T04:44:00+00:00","og_image":[{"width":1200,"height":630,"url":"https:\/\/batallitas.es\/benito-perez-galdos\/wp-content\/uploads\/2025\/01\/facebook_thumbnail.jpg","type":"image\/jpeg"}],"author":"Benito","twitter_card":"summary_large_image","twitter_misc":{"Escrito por":"Benito","Tiempo de lectura":"10 minutos"},"schema":{"@context":"https:\/\/schema.org","@graph":[{"@type":"WebPage","@id":"https:\/\/batallitas.es\/benito-perez-galdos\/articulo-cuba-filipinas-de-benito-perez-galdos\/","url":"https:\/\/batallitas.es\/benito-perez-galdos\/articulo-cuba-filipinas-de-benito-perez-galdos\/","name":"[Art\u00edculo] Cuba-Filipinas, de Benito P\u00e9rez Gald\u00f3s - Cronolog\u00eda de la vida y la obra de Benito P\u00e9rez Gald\u00f3s","isPartOf":{"@id":"https:\/\/batallitas.es\/benito-perez-galdos\/#website"},"primaryImageOfPage":{"@id":"https:\/\/batallitas.es\/benito-perez-galdos\/articulo-cuba-filipinas-de-benito-perez-galdos\/#primaryimage"},"image":{"@id":"https:\/\/batallitas.es\/benito-perez-galdos\/articulo-cuba-filipinas-de-benito-perez-galdos\/#primaryimage"},"thumbnailUrl":"","datePublished":"2014-11-04T04:44:00+00:00","dateModified":"2014-11-04T04:44:00+00:00","author":{"@id":"https:\/\/batallitas.es\/benito-perez-galdos\/#\/schema\/person\/2dda07be9325676808524c55b6218a25"},"breadcrumb":{"@id":"https:\/\/batallitas.es\/benito-perez-galdos\/articulo-cuba-filipinas-de-benito-perez-galdos\/#breadcrumb"},"inLanguage":"es","potentialAction":[{"@type":"ReadAction","target":["https:\/\/batallitas.es\/benito-perez-galdos\/articulo-cuba-filipinas-de-benito-perez-galdos\/"]}]},{"@type":"ImageObject","inLanguage":"es","@id":"https:\/\/batallitas.es\/benito-perez-galdos\/articulo-cuba-filipinas-de-benito-perez-galdos\/#primaryimage","url":"","contentUrl":""},{"@type":"BreadcrumbList","@id":"https:\/\/batallitas.es\/benito-perez-galdos\/articulo-cuba-filipinas-de-benito-perez-galdos\/#breadcrumb","itemListElement":[{"@type":"ListItem","position":1,"name":"Portada","item":"https:\/\/batallitas.es\/benito-perez-galdos\/"},{"@type":"ListItem","position":2,"name":"[Art\u00edculo] Cuba-Filipinas, de Benito P\u00e9rez Gald\u00f3s"}]},{"@type":"WebSite","@id":"https:\/\/batallitas.es\/benito-perez-galdos\/#website","url":"https:\/\/batallitas.es\/benito-perez-galdos\/","name":"Cronolog\u00eda de la vida y la obra de Benito P\u00e9rez Gald\u00f3s","description":"","potentialAction":[{"@type":"SearchAction","target":{"@type":"EntryPoint","urlTemplate":"https:\/\/batallitas.es\/benito-perez-galdos\/?s={search_term_string}"},"query-input":{"@type":"PropertyValueSpecification","valueRequired":true,"valueName":"search_term_string"}}],"inLanguage":"es"},{"@type":"Person","@id":"https:\/\/batallitas.es\/benito-perez-galdos\/#\/schema\/person\/2dda07be9325676808524c55b6218a25","name":"Benito","image":{"@type":"ImageObject","inLanguage":"es","@id":"https:\/\/batallitas.es\/benito-perez-galdos\/#\/schema\/person\/image\/","url":"https:\/\/secure.gravatar.com\/avatar\/8695d643bbae3009794e7fc5797055bb?s=96&d=mm&r=g","contentUrl":"https:\/\/secure.gravatar.com\/avatar\/8695d643bbae3009794e7fc5797055bb?s=96&d=mm&r=g","caption":"Benito"},"sameAs":["https:\/\/batallitas.es\/galdos"],"url":"https:\/\/batallitas.es\/benito-perez-galdos\/author\/benito\/"}]}},"_links":{"self":[{"href":"https:\/\/batallitas.es\/benito-perez-galdos\/wp-json\/wp\/v2\/posts\/8038","targetHints":{"allow":["GET"]}}],"collection":[{"href":"https:\/\/batallitas.es\/benito-perez-galdos\/wp-json\/wp\/v2\/posts"}],"about":[{"href":"https:\/\/batallitas.es\/benito-perez-galdos\/wp-json\/wp\/v2\/types\/post"}],"author":[{"embeddable":true,"href":"https:\/\/batallitas.es\/benito-perez-galdos\/wp-json\/wp\/v2\/users\/1"}],"replies":[{"embeddable":true,"href":"https:\/\/batallitas.es\/benito-perez-galdos\/wp-json\/wp\/v2\/comments?post=8038"}],"version-history":[{"count":0,"href":"https:\/\/batallitas.es\/benito-perez-galdos\/wp-json\/wp\/v2\/posts\/8038\/revisions"}],"wp:featuredmedia":[{"embeddable":true,"href":"https:\/\/batallitas.es\/benito-perez-galdos\/wp-json\/"}],"wp:attachment":[{"href":"https:\/\/batallitas.es\/benito-perez-galdos\/wp-json\/wp\/v2\/media?parent=8038"}],"wp:term":[{"taxonomy":"category","embeddable":true,"href":"https:\/\/batallitas.es\/benito-perez-galdos\/wp-json\/wp\/v2\/categories?post=8038"},{"taxonomy":"post_tag","embeddable":true,"href":"https:\/\/batallitas.es\/benito-perez-galdos\/wp-json\/wp\/v2\/tags?post=8038"}],"curies":[{"name":"wp","href":"https:\/\/api.w.org\/{rel}","templated":true}]}}