{"id":8040,"date":"2014-12-04T05:52:00","date_gmt":"2014-12-04T04:52:00","guid":{"rendered":"http:\/\/ferna.eu\/?p=8040"},"modified":"2014-12-04T05:52:00","modified_gmt":"2014-12-04T04:52:00","slug":"articulo-precauciones-sanitarias-de-benito-perez-galdos","status":"publish","type":"post","link":"https:\/\/batallitas.es\/benito-perez-galdos\/articulo-precauciones-sanitarias-de-benito-perez-galdos\/","title":{"rendered":"[Art\u00edculo] Precauciones sanitarias, de Benito P\u00e9rez Gald\u00f3s"},"content":{"rendered":"\n<p>Madrid, 17 de noviembre de 1884<\/p>\n\n\n\n<p>I<\/p>\n\n\n\n<p>Otra vez las alarmas del c\u00f3lera vienen a turbar la paz y contento que son peculiares en esta capital: otra vez el terror de vernos visitados por la epidemia turba la paz de los \u00e1nimos, trastorna todos los planes, paraliza los negocios y establece los preliminares de la desgracia, que no son inferiores a la desgracia misma. Cuando nos cre\u00edamos ya seguros, al menos por este invierno, cuando los casos de Alicante y Barcelona parec\u00edan indicarnos que el mal pasaba de largo, ahora su repentina aparici\u00f3n en Par\u00eds nos demuestra que quiere establecerse en la Europa Central, y no perdonar\u00e1 las extremidades. Se ha fijado de tal modo en todos los esp\u00edritus la idea de que el c\u00f3lera recorrer\u00e1 todo el ciclo patol\u00f3gico europeo, que ya le consideramos como hu\u00e9sped seguro y nos resignamos a tenerle entre nosotros. Casi casi, deseamos que venga de una vez, pues siendo seguro el mal, lo que conviene es que pase pronto. Nos aterra la idea de que en su visita nos trate como ha tratado a N\u00e1poles, pero al mismo tiempo confiamos en la sequedad de nuestro clima y en la altitud de nuestra situaci\u00f3n geogr\u00e1fica para esperar de \u00e9l una benignidad relativa.<\/p>\n\n\n\n<p>Con la alarma ha venido tambi\u00e9n esa calamidad m\u00e9dico-administrativa a que se da el nombre de <em>precauciones sanitarias<\/em>. Estas parecen invenci\u00f3n de aquellos m\u00e9dicos inmortalizados por Moliere y a los cuales ten\u00eda el gran poeta una malquerencia que no pod\u00eda ni quer\u00eda disimular. Los lazaretos mar\u00edtimos y terrestres est\u00e1n ya instalados con sus vej\u00e1menes y atropellos.<\/p>\n\n\n\n<p>El <em>nadie pase sin hablar al portero<\/em> se traduce en nuestra frontera por un qui\u00e9n vive est\u00fapido, por encierros, fumigaciones y otras molestias cuyo verdadero fin no parece ser el de la salud p\u00fablica, sino la espoliaci\u00f3n del bolsillo de los pobres viajeros.<\/p>\n\n\n\n<p>En tanto, aqu\u00ed, las discusiones entre m\u00e9dicos renuevan la confusi\u00f3n de los d\u00edas pasados. Hay un Concejo que llaman de Sanidad en el cual los contagionistas y los anticontagionistas dan una batalla cada d\u00eda, tan sin fruto, que m\u00e1s valdr\u00eda que se fueran a sus casas. Siendo a\u00fan un misterio las causas de la infecci\u00f3n epid\u00e9mica, todo lo que all\u00ed se dice sirve para aumentar el barullo y empeorar la situaci\u00f3n.<\/p>\n\n\n\n<p>Por lo dem\u00e1s, nos hemos acostumbrado ya a mirar cerca el mal, y hemos llegado a cometer la imprudencia de re\u00edrnos de \u00e9l. Durante alg\u00fan tiempo el tema de los microbios fu\u00e9 una mina muy socorrida de chistes y agudezas en la conversaci\u00f3n matritense. El tema ha pasado a los teatros populares, precisamente en la ocasi\u00f3n en que se ha renovado el peligro; mas no por eso ha dejado de re\u00edr el p\u00fablico.<\/p>\n\n\n\n<p>II<\/p>\n\n\n\n<p>Se ha estrenado una pieza titulada <em>Medidas sanitarias<\/em>, en la cual se convierten en chacota las alarmas epid\u00e9micas, los lazaretos, las discusiones m\u00e9dicas, las fumigaciones y el celo calamitoso de los funcionarios encargados de cerrar la puerta de la frontera francesa y en los puertos de mar al viajero del Ganges. Esta pieza ha tenido un gran \u00e9xito, seg\u00fan dicen, y los concurrentes a ella no han cesado de re\u00edr un solo momento a expensas del Ministerio de la Gobernaci\u00f3n, del Consejo Sanitario y de las celebridades m\u00e9dicas. Probablemente se representar\u00e1 todo el a\u00f1o y servir\u00e1 de esparcimiento a los \u00e1nimos conturbados por la inminencia del peligro. Esto es re\u00edrse del c\u00f3lera en sus barbas. Podr\u00e1 no ser prudente; pero siendo la melancol\u00eda una de las m\u00e1s se\u00f1aladas predisposiciones nerviosas en favor del mal, no se debe vituperar lo que tienda a mantener el esp\u00edritu en estado de buen temple. \u00abM\u00e1s vale escribir risas que l\u00e1grimas\u2014 dijo Rabelais\u2014, porque lo propio del hombre es la risa.\u00bb<\/p>\n\n\n\n<figure class=\"wp-block-image size-large is-style-default\"><img decoding=\"async\" src=\"http:\/\/ferna.eu\/venture\/wp-content\/uploads\/2020\/05\/firma_galdos.png\" alt=\"\" class=\"wp-image-7968\"\/><\/figure>\n","protected":false},"excerpt":{"rendered":"<p>Otra vez las alarmas del c\u00f3lera vienen a turbar la paz y contento que son peculiares en esta capital: otra vez el terror de vernos visitados por la epidemia turba la paz de los \u00e1nimos, trastorna todos los planes, paraliza los negocios y establece los preliminares de la desgracia, que no son inferiores a la desgracia misma. <\/p>\n","protected":false},"author":1,"featured_media":10755,"comment_status":"open","ping_status":"open","sticky":false,"template":"","format":"standard","meta":{"footnotes":""},"categories":[3,4,52],"tags":[],"class_list":["post-8040","post","type-post","status-publish","format-standard","has-post-thumbnail","hentry","category-benito-perez-galdos","category-bibliografia","category-criticon"],"yoast_head":"<!-- This site is optimized with the Yoast SEO plugin v24.3 - https:\/\/yoast.com\/wordpress\/plugins\/seo\/ -->\n<title>[Art\u00edculo] Precauciones sanitarias, de Benito P\u00e9rez Gald\u00f3s - Cronolog\u00eda de la vida y la obra de Benito P\u00e9rez Gald\u00f3s<\/title>\n<meta name=\"robots\" content=\"index, follow, max-snippet:-1, max-image-preview:large, max-video-preview:-1\" \/>\n<link rel=\"canonical\" href=\"https:\/\/batallitas.es\/benito-perez-galdos\/articulo-precauciones-sanitarias-de-benito-perez-galdos\/\" \/>\n<meta property=\"og:locale\" content=\"es_ES\" \/>\n<meta property=\"og:type\" content=\"article\" \/>\n<meta property=\"og:title\" content=\"[Art\u00edculo] Precauciones sanitarias, de Benito P\u00e9rez Gald\u00f3s - Cronolog\u00eda de la vida y la obra de Benito P\u00e9rez Gald\u00f3s\" \/>\n<meta property=\"og:description\" content=\"Otra vez las alarmas del c\u00f3lera vienen a turbar la paz y contento que son peculiares en esta capital: otra vez el terror de vernos visitados por la epidemia turba la paz de los \u00e1nimos, trastorna todos los planes, paraliza los negocios y establece los preliminares de la desgracia, que no son inferiores a la desgracia misma.\" \/>\n<meta property=\"og:url\" content=\"https:\/\/batallitas.es\/benito-perez-galdos\/articulo-precauciones-sanitarias-de-benito-perez-galdos\/\" \/>\n<meta property=\"og:site_name\" content=\"Cronolog\u00eda de la vida y la obra de Benito P\u00e9rez Gald\u00f3s\" \/>\n<meta property=\"article:published_time\" content=\"2014-12-04T04:52:00+00:00\" \/>\n<meta property=\"og:image\" content=\"https:\/\/batallitas.es\/benito-perez-galdos\/wp-content\/uploads\/2025\/01\/facebook_thumbnail.jpg\" \/>\n\t<meta property=\"og:image:width\" content=\"1200\" \/>\n\t<meta property=\"og:image:height\" content=\"630\" \/>\n\t<meta property=\"og:image:type\" content=\"image\/jpeg\" \/>\n<meta name=\"author\" content=\"Benito\" \/>\n<meta name=\"twitter:card\" content=\"summary_large_image\" \/>\n<meta name=\"twitter:label1\" content=\"Escrito por\" \/>\n\t<meta name=\"twitter:data1\" content=\"Benito\" \/>\n\t<meta name=\"twitter:label2\" content=\"Tiempo de lectura\" \/>\n\t<meta name=\"twitter:data2\" content=\"3 minutos\" \/>\n<script type=\"application\/ld+json\" class=\"yoast-schema-graph\">{\"@context\":\"https:\/\/schema.org\",\"@graph\":[{\"@type\":\"WebPage\",\"@id\":\"https:\/\/batallitas.es\/benito-perez-galdos\/articulo-precauciones-sanitarias-de-benito-perez-galdos\/\",\"url\":\"https:\/\/batallitas.es\/benito-perez-galdos\/articulo-precauciones-sanitarias-de-benito-perez-galdos\/\",\"name\":\"[Art\u00edculo] Precauciones sanitarias, de Benito P\u00e9rez Gald\u00f3s - Cronolog\u00eda de la vida y la obra de Benito P\u00e9rez Gald\u00f3s\",\"isPartOf\":{\"@id\":\"https:\/\/batallitas.es\/benito-perez-galdos\/#website\"},\"primaryImageOfPage\":{\"@id\":\"https:\/\/batallitas.es\/benito-perez-galdos\/articulo-precauciones-sanitarias-de-benito-perez-galdos\/#primaryimage\"},\"image\":{\"@id\":\"https:\/\/batallitas.es\/benito-perez-galdos\/articulo-precauciones-sanitarias-de-benito-perez-galdos\/#primaryimage\"},\"thumbnailUrl\":\"\",\"datePublished\":\"2014-12-04T04:52:00+00:00\",\"dateModified\":\"2014-12-04T04:52:00+00:00\",\"author\":{\"@id\":\"https:\/\/batallitas.es\/benito-perez-galdos\/#\/schema\/person\/2dda07be9325676808524c55b6218a25\"},\"breadcrumb\":{\"@id\":\"https:\/\/batallitas.es\/benito-perez-galdos\/articulo-precauciones-sanitarias-de-benito-perez-galdos\/#breadcrumb\"},\"inLanguage\":\"es\",\"potentialAction\":[{\"@type\":\"ReadAction\",\"target\":[\"https:\/\/batallitas.es\/benito-perez-galdos\/articulo-precauciones-sanitarias-de-benito-perez-galdos\/\"]}]},{\"@type\":\"ImageObject\",\"inLanguage\":\"es\",\"@id\":\"https:\/\/batallitas.es\/benito-perez-galdos\/articulo-precauciones-sanitarias-de-benito-perez-galdos\/#primaryimage\",\"url\":\"\",\"contentUrl\":\"\"},{\"@type\":\"BreadcrumbList\",\"@id\":\"https:\/\/batallitas.es\/benito-perez-galdos\/articulo-precauciones-sanitarias-de-benito-perez-galdos\/#breadcrumb\",\"itemListElement\":[{\"@type\":\"ListItem\",\"position\":1,\"name\":\"Portada\",\"item\":\"https:\/\/batallitas.es\/benito-perez-galdos\/\"},{\"@type\":\"ListItem\",\"position\":2,\"name\":\"[Art\u00edculo] Precauciones sanitarias, de Benito P\u00e9rez Gald\u00f3s\"}]},{\"@type\":\"WebSite\",\"@id\":\"https:\/\/batallitas.es\/benito-perez-galdos\/#website\",\"url\":\"https:\/\/batallitas.es\/benito-perez-galdos\/\",\"name\":\"Cronolog\u00eda de la vida y la obra de Benito P\u00e9rez Gald\u00f3s\",\"description\":\"\",\"potentialAction\":[{\"@type\":\"SearchAction\",\"target\":{\"@type\":\"EntryPoint\",\"urlTemplate\":\"https:\/\/batallitas.es\/benito-perez-galdos\/?s={search_term_string}\"},\"query-input\":{\"@type\":\"PropertyValueSpecification\",\"valueRequired\":true,\"valueName\":\"search_term_string\"}}],\"inLanguage\":\"es\"},{\"@type\":\"Person\",\"@id\":\"https:\/\/batallitas.es\/benito-perez-galdos\/#\/schema\/person\/2dda07be9325676808524c55b6218a25\",\"name\":\"Benito\",\"image\":{\"@type\":\"ImageObject\",\"inLanguage\":\"es\",\"@id\":\"https:\/\/batallitas.es\/benito-perez-galdos\/#\/schema\/person\/image\/\",\"url\":\"https:\/\/secure.gravatar.com\/avatar\/8695d643bbae3009794e7fc5797055bb?s=96&d=mm&r=g\",\"contentUrl\":\"https:\/\/secure.gravatar.com\/avatar\/8695d643bbae3009794e7fc5797055bb?s=96&d=mm&r=g\",\"caption\":\"Benito\"},\"sameAs\":[\"https:\/\/batallitas.es\/galdos\"],\"url\":\"https:\/\/batallitas.es\/benito-perez-galdos\/author\/benito\/\"}]}<\/script>\n<!-- \/ Yoast SEO plugin. -->","yoast_head_json":{"title":"[Art\u00edculo] Precauciones sanitarias, de Benito P\u00e9rez Gald\u00f3s - Cronolog\u00eda de la vida y la obra de Benito P\u00e9rez Gald\u00f3s","robots":{"index":"index","follow":"follow","max-snippet":"max-snippet:-1","max-image-preview":"max-image-preview:large","max-video-preview":"max-video-preview:-1"},"canonical":"https:\/\/batallitas.es\/benito-perez-galdos\/articulo-precauciones-sanitarias-de-benito-perez-galdos\/","og_locale":"es_ES","og_type":"article","og_title":"[Art\u00edculo] Precauciones sanitarias, de Benito P\u00e9rez Gald\u00f3s - Cronolog\u00eda de la vida y la obra de Benito P\u00e9rez Gald\u00f3s","og_description":"Otra vez las alarmas del c\u00f3lera vienen a turbar la paz y contento que son peculiares en esta capital: otra vez el terror de vernos visitados por la epidemia turba la paz de los \u00e1nimos, trastorna todos los planes, paraliza los negocios y establece los preliminares de la desgracia, que no son inferiores a la desgracia misma.","og_url":"https:\/\/batallitas.es\/benito-perez-galdos\/articulo-precauciones-sanitarias-de-benito-perez-galdos\/","og_site_name":"Cronolog\u00eda de la vida y la obra de Benito P\u00e9rez Gald\u00f3s","article_published_time":"2014-12-04T04:52:00+00:00","og_image":[{"width":1200,"height":630,"url":"https:\/\/batallitas.es\/benito-perez-galdos\/wp-content\/uploads\/2025\/01\/facebook_thumbnail.jpg","type":"image\/jpeg"}],"author":"Benito","twitter_card":"summary_large_image","twitter_misc":{"Escrito por":"Benito","Tiempo de lectura":"3 minutos"},"schema":{"@context":"https:\/\/schema.org","@graph":[{"@type":"WebPage","@id":"https:\/\/batallitas.es\/benito-perez-galdos\/articulo-precauciones-sanitarias-de-benito-perez-galdos\/","url":"https:\/\/batallitas.es\/benito-perez-galdos\/articulo-precauciones-sanitarias-de-benito-perez-galdos\/","name":"[Art\u00edculo] Precauciones sanitarias, de Benito P\u00e9rez Gald\u00f3s - Cronolog\u00eda de la vida y la obra de Benito P\u00e9rez Gald\u00f3s","isPartOf":{"@id":"https:\/\/batallitas.es\/benito-perez-galdos\/#website"},"primaryImageOfPage":{"@id":"https:\/\/batallitas.es\/benito-perez-galdos\/articulo-precauciones-sanitarias-de-benito-perez-galdos\/#primaryimage"},"image":{"@id":"https:\/\/batallitas.es\/benito-perez-galdos\/articulo-precauciones-sanitarias-de-benito-perez-galdos\/#primaryimage"},"thumbnailUrl":"","datePublished":"2014-12-04T04:52:00+00:00","dateModified":"2014-12-04T04:52:00+00:00","author":{"@id":"https:\/\/batallitas.es\/benito-perez-galdos\/#\/schema\/person\/2dda07be9325676808524c55b6218a25"},"breadcrumb":{"@id":"https:\/\/batallitas.es\/benito-perez-galdos\/articulo-precauciones-sanitarias-de-benito-perez-galdos\/#breadcrumb"},"inLanguage":"es","potentialAction":[{"@type":"ReadAction","target":["https:\/\/batallitas.es\/benito-perez-galdos\/articulo-precauciones-sanitarias-de-benito-perez-galdos\/"]}]},{"@type":"ImageObject","inLanguage":"es","@id":"https:\/\/batallitas.es\/benito-perez-galdos\/articulo-precauciones-sanitarias-de-benito-perez-galdos\/#primaryimage","url":"","contentUrl":""},{"@type":"BreadcrumbList","@id":"https:\/\/batallitas.es\/benito-perez-galdos\/articulo-precauciones-sanitarias-de-benito-perez-galdos\/#breadcrumb","itemListElement":[{"@type":"ListItem","position":1,"name":"Portada","item":"https:\/\/batallitas.es\/benito-perez-galdos\/"},{"@type":"ListItem","position":2,"name":"[Art\u00edculo] Precauciones sanitarias, de Benito P\u00e9rez Gald\u00f3s"}]},{"@type":"WebSite","@id":"https:\/\/batallitas.es\/benito-perez-galdos\/#website","url":"https:\/\/batallitas.es\/benito-perez-galdos\/","name":"Cronolog\u00eda de la vida y la obra de Benito P\u00e9rez Gald\u00f3s","description":"","potentialAction":[{"@type":"SearchAction","target":{"@type":"EntryPoint","urlTemplate":"https:\/\/batallitas.es\/benito-perez-galdos\/?s={search_term_string}"},"query-input":{"@type":"PropertyValueSpecification","valueRequired":true,"valueName":"search_term_string"}}],"inLanguage":"es"},{"@type":"Person","@id":"https:\/\/batallitas.es\/benito-perez-galdos\/#\/schema\/person\/2dda07be9325676808524c55b6218a25","name":"Benito","image":{"@type":"ImageObject","inLanguage":"es","@id":"https:\/\/batallitas.es\/benito-perez-galdos\/#\/schema\/person\/image\/","url":"https:\/\/secure.gravatar.com\/avatar\/8695d643bbae3009794e7fc5797055bb?s=96&d=mm&r=g","contentUrl":"https:\/\/secure.gravatar.com\/avatar\/8695d643bbae3009794e7fc5797055bb?s=96&d=mm&r=g","caption":"Benito"},"sameAs":["https:\/\/batallitas.es\/galdos"],"url":"https:\/\/batallitas.es\/benito-perez-galdos\/author\/benito\/"}]}},"_links":{"self":[{"href":"https:\/\/batallitas.es\/benito-perez-galdos\/wp-json\/wp\/v2\/posts\/8040","targetHints":{"allow":["GET"]}}],"collection":[{"href":"https:\/\/batallitas.es\/benito-perez-galdos\/wp-json\/wp\/v2\/posts"}],"about":[{"href":"https:\/\/batallitas.es\/benito-perez-galdos\/wp-json\/wp\/v2\/types\/post"}],"author":[{"embeddable":true,"href":"https:\/\/batallitas.es\/benito-perez-galdos\/wp-json\/wp\/v2\/users\/1"}],"replies":[{"embeddable":true,"href":"https:\/\/batallitas.es\/benito-perez-galdos\/wp-json\/wp\/v2\/comments?post=8040"}],"version-history":[{"count":0,"href":"https:\/\/batallitas.es\/benito-perez-galdos\/wp-json\/wp\/v2\/posts\/8040\/revisions"}],"wp:featuredmedia":[{"embeddable":true,"href":"https:\/\/batallitas.es\/benito-perez-galdos\/wp-json\/"}],"wp:attachment":[{"href":"https:\/\/batallitas.es\/benito-perez-galdos\/wp-json\/wp\/v2\/media?parent=8040"}],"wp:term":[{"taxonomy":"category","embeddable":true,"href":"https:\/\/batallitas.es\/benito-perez-galdos\/wp-json\/wp\/v2\/categories?post=8040"},{"taxonomy":"post_tag","embeddable":true,"href":"https:\/\/batallitas.es\/benito-perez-galdos\/wp-json\/wp\/v2\/tags?post=8040"}],"curies":[{"name":"wp","href":"https:\/\/api.w.org\/{rel}","templated":true}]}}