{"id":8051,"date":"2015-05-04T12:35:00","date_gmt":"2015-05-04T10:35:00","guid":{"rendered":"http:\/\/ferna.eu\/?p=8051"},"modified":"2015-05-04T12:35:00","modified_gmt":"2015-05-04T10:35:00","slug":"articulo-fenomenos-sismologicos-de-benito-perez-galdos","status":"publish","type":"post","link":"https:\/\/batallitas.es\/benito-perez-galdos\/articulo-fenomenos-sismologicos-de-benito-perez-galdos\/","title":{"rendered":"[Art\u00edculo] Fen\u00f3menos sismol\u00f3gicos, de Benito P\u00e9rez Gald\u00f3s"},"content":{"rendered":"\n<p>Madrid, 17 de enero de 1885.<\/p>\n\n\n\n<p>I<\/p>\n\n\n\n<p>Al dar cuenta en las p\u00e1ginas anteriores de los terremotos de Andaluc\u00eda, ignoraba toda la extensi\u00f3n de la desgracia que nos aflige. El desastre reviste caracteres espantosos. Desde el 25 del pasado diciembre, el tel\u00e9grafo y el correo nos traen diariamente noticias nuevas y nuevos detalles de la cat\u00e1strofe. Para que \u00e9sta sea m\u00e1s horrible, los movimientos del suelo han continuado y contin\u00faan en aquella regi\u00f3n infeliz. El p\u00e1nico es ya como habitud en los habitantes de las provincias de M\u00e1laga y Granada, y a\u00fan no sabemos cuando terminar\u00e1 esta situaci\u00f3n.<\/p>\n\n\n\n<p>Las relaciones de lo ocurrido en algunos pueblos no pueden leerse sin espanto. Las explicaciones del fen\u00f3meno, fantaseadas por la imaginaci\u00f3n andaluza, parecen cosas de leyenda o cuentos maravillosos. Hay quien asegura que el sol sale, para estos pueblos de Granada, media hora despu\u00e9s de lo que debiera seg\u00fan el almanaque; de donde se deduce que Sierra Nevada se ha elevado algunos centenares de metros sobre su antiguo nivel. Lo maravilloso est\u00e1 a la orden del d\u00eda en aquel pa\u00eds morisco. Hay pueblos que no est\u00e1n ahora donde antes estaban, r\u00edos que han variado de curso, monta\u00f1as que se han hendido, cavernas y grietas profundas que se han abierto en diferentes partes; vapores irrespirables invaden la atm\u00f3sfera, aparecen manantiales de agua caliente, las ciudades se caen casa por casa, y la solidez del planeta parece broma en aquella importante parte de \u00e9l.<\/p>\n\n\n\n<p>Es verdaderamente extraordinario lo que all\u00ed pasa. En los memorables terremotos que nos ha referido la historia y explicado la ciencia, los movimientos del suelo eran instant\u00e1neos, y los desastres enormes y repentinos. Una vez verificado el espantable fen\u00f3meno, la tierra volv\u00eda a su quietud solemne, y los supervivientes pod\u00edan llorar sus desdichas sin miedo a nuevos cataclismos. Pero en este caso, no pasa del mismo modo. Hace tres semanas que se sinti\u00f3 la primera trepidaci\u00f3n y en todo este tiempo el suelo no ha cesado de moverse, en una u otra parte ni un solo d\u00eda. El temor de los que han quedado con vida es inmenso; no saben, como vulgarmente se dice, a qu\u00e9 santo encomendarse, y es natural que crean en el pr\u00f3ximo fin del mundo. Es natural tambi\u00e9n que las exaltadas imaginaciones de aquellos campesinos sin instrucci\u00f3n forjen absurdas quimeras. \u00bfQu\u00e9 poder misterioso obra en las profundidades de la tierra, haci\u00e9ndola bailar incesantemente? \u00bfEs un poder infernal o un poder celestial? En ambos casos la causa de todo ser\u00eda lo mucho que pecamos. Pero como no es prudente suponer que los granadinos y malague\u00f1os hagan m\u00e1s picard\u00edas que el resto de los espa\u00f1oles, no se comprende que el duro castigo recaiga sobre una regi\u00f3n sola, dejando inmune las dem\u00e1s.<\/p>\n\n\n\n<p>Ello es que la superficie de aquel abrupto suelo se ha alterado considerablemente. Hay quien asegura que por el picacho de Veleta o por el grandioso o ingente Mulhacen salen humos y lavas, lo cual indicar\u00eda que el terremoto ha sido o es el trabajo subterr\u00e1neo de los vapores tel\u00faricos que quieren abrirse un respiradero en Sierra Nevada.<\/p>\n\n\n\n<p>Si esto se confirma, tendremos un volc\u00e1n que anienizar\u00e1 de aqu\u00ed en adelante los tratados de geograf\u00eda y ser\u00e1 un nuevo aliciente para los extranjeros que vienen a visitar la Alhambra. Tambi\u00e9n se ha dicho que en la costa mediterr\u00e1nea, no s\u00e9 si frente a Motril o a V\u00e9lez-M\u00e1laga, hab\u00edan aparecido islas. Este aumento de posesiones, que equivaldr\u00eda para nuestra nacionalidad al nacimiento de un hijo, es un extra\u00f1o aumento de territorio; tan extra\u00f1o, que Bismarck, que hoy quiere meter la mano en las colonias ajenas, dir\u00eda: \u00abNo est\u00e1 permitido que las naciones paran.\u00bb Y sabe Dios la que nos armar\u00eda por el alumbramiento geol\u00f3gico y ese inaudito parto de los montes. Hablando en puridad, creo que a las tales islas en mantillas no las ha visto nadie todav\u00eda.<\/p>\n\n\n\n<p>II<\/p>\n\n\n\n<p>Pero como quiera que sea, y dejando a un lado las bromas, que no son propias del caso, es indudable que en la regi\u00f3n granadina se verifica un fen\u00f3meno geol\u00f3gico de inmensa transcendencia. La elevaci\u00f3n del suelo se viene observando hace muchos a\u00f1os en toda la costa. Las trepidaciones no son nuevas all\u00ed, aunque nunca han sido tan desastrosas. Es, pues, indudable que un agente f\u00edsico trabaja en las profundidades de aquella parte del mundo y que concluir\u00e1 por darle una forma nueva. Nada hay definitivamente constituido en la corteza de nuestro pobre planeta, y esos inmensos repliegues que llamamos cordilleras est\u00e1n pendientes de reforma seg\u00fan la misteriosa ley f\u00edsica moral que nos rige. \u00bfEn d\u00f3nde estaremos seguros? En ninguna parte. Esas inmensas moles, que parecen el emblema de la estabilidad, se sacuden y oscilan movidas por profunda fuerza. La ciencia no ha explicado de un modo inconcuso estos fen\u00f3menos que tan hondamente perturban la vida vegetal y animal. Las explicaciones son varias, sin que ninguna prevalezca incontrovertiblemente. Seg\u00fan unos, la tierra, rodando en el vac\u00edo, pierde lentamente su calor, y, al enfriarse, la corteza se arruga, se contrae. Estas arrugas determinan las monta\u00f1as, que de siglo en siglo se elevan m\u00e1s. Seg\u00fan otros, al abrirse volcanes submarinos, penetran, en el seno inflamado del planeta, grandes masas de agua, cuya instant\u00e1nea ebullici\u00f3n produce vapores que corren de un lado para otro buscando salida y conmoviendo esta m\u00edsera corteza, que no tiene m\u00e1s que doce leguas de espesor, cual luto y consternaci\u00f3n que hacen dudar de la Providencia. Los vivos se guarecen en improvisados campamentos; pero los temporales de agua y nieve que se desatan sobre aquella zona hacen muy terrible su situaci\u00f3n. Interrumpidas las labores del campo, la miseria se apodera del pa\u00eds, y la abundante cosecha de aceituna que ostentan los olivares, es una irrisi\u00f3n del Destino. Los molinos de aceite est\u00e1n reducidos a escombros, los almacenes y bodegas no son m\u00e1s que ruinas.<\/p>\n\n\n\n<p>Pero donde el fen\u00f3meno ha presentado caracteres m\u00e1s extraordinarios ha sido en Guevejar, pueblo situado en la vertiente S. O. de la sierra de Cogollos, junto al r\u00edo del mismo nombre, cuyo cauce est\u00e1 en aquella parte a 4.809 pies sobre el nivel del mar.<\/p>\n\n\n\n<p>Guevejar se ha corrido, se ha deslizado todo entero y en masa, resbalando por la ladera en que est\u00e1 construido hasta la margen del r\u00edo, el cual ha variado de curso.<\/p>\n\n\n\n<p>Hase abierto una profunda y larga grieta que arranca del lecho del r\u00edo y se subdivide en otras m\u00e1s peque\u00f1as, prolong\u00e1ndose en una extensi\u00f3n de 190 metros hasta la prominencia del cerro, a cuya falda est\u00e1 el pueblo.<\/p>\n\n\n\n<p>En dicha prominencia se han desprendido materiales que se calculan en 1.500 metros c\u00fabicos de roca.<\/p>\n\n\n\n<p>La grieta presenta en la punta m\u00e1s elevada 15 metros de anchura y 7,20 de profundidad. En cierto sitio, una f\u00e1brica de p\u00f3lvora se parti\u00f3 en dos mitades, quedando cada porci\u00f3n del edificio a uno y otro borde de la hendidura. Junto al r\u00edo, la abertura del terreno parti\u00f3 en dos uh secular olivo, dividiendo troncos y ra\u00edces, y se ve medio \u00e1rbol a cada lado.<\/p>\n\n\n\n<p>Hay adem\u00e1s otras grietas m\u00e1s peque\u00f1as, paralelas al c\u00edrculo de la anterior, las cuales al cortar los edificios y levantar los pisos, dan al infeliz pueblo el m\u00e1s extra\u00f1o y fat\u00eddico aspecto. Todas las corrientes de agua que hab\u00eda en la zona han desaparecido y los cauces est\u00e1n completamente secos.<\/p>\n\n\n\n<p>A 15 metros del r\u00edo ha surgido un lago de nueve metros de profundidad en su centro, y cuya \u00e1rea se calcula en unos 120 metros cuadrados. Los bordes de las grietas se ensanchan cada d\u00eda, y el pueblo en masa va resbalando por la ladera. No ha concluido a\u00fan el movimiento de traslaci\u00f3n, el cual es tan considerable que algunas casas est\u00e1n hoy a 27 metros de distancia del punto donde estaban antes del terremoto.<\/p>\n\n\n\n<p>Estas observaciones han sido hechas por el ingeniero americano se\u00f1or Caicedo, que recorre aquellos sitios, agregado al corresponsal que tiene en Espa\u00f1a el <em>Herald<\/em> de Nueva York. Toda la Prensa europea ha enviado representantes a estudiar los singulares fen\u00f3menos que ocurren en Granada. Nuestro Gobierno ha nombrado con el mismo objeto una Comisi\u00f3n compuesta de ingenieros de minas, a cuyo frente figura el sabio y estudioso profesor don Manuel Fern\u00e1ndez de Castro, director de las Obras del Mapa Geol\u00f3gico de Espa\u00f1a.<\/p>\n\n\n\n<p>Dicha Comisi\u00f3n est\u00e1 ya en el teatro de estos sucesos, tan tristes para la humanidad como interesantes para la ciencia.<\/p>\n\n\n\n<p>III<\/p>\n\n\n\n<p>Tantas desgracias no pod\u00edan menos de impresionar vivamente a la naci\u00f3n espa\u00f1ola, despertando los sentimientos de caridad en pro de nuestros hermanos.<\/p>\n\n\n\n<p>El espect\u00e1culo que ahora presenciamos no es menos hermoso que el de 1880, cuando las inundaciones de Murcia. Hace quince d\u00edas que en Madrid y en toda Espa\u00f1a no se habla m\u00e1s que de socorros, de suscripciones y de aliviar por todos los medios la aflictiva situaci\u00f3n de los granadinos y malague\u00f1os. En esto nos secundan, gallardamente, las naciones vecinas, Portugal y Francia, y aun las m\u00e1s apartados de nosotros, Inglaterra y Alemania, nos dan muestras de fraternidad y simpat\u00eda. El Gobierno inici\u00f3 una suscripci\u00f3n, que asciende ya a 700.000 pesetas; pero esta suscripci\u00f3n, alimentada con los donativos de car\u00e1cter oficial, no es la m\u00e1s importante. Los peri\u00f3dicos de m\u00e1s circulaci\u00f3n, como <em>El Imparcial <\/em>y <em>El Liberal<\/em>, han abierto en sus columnas una generosa y simp\u00e1tica colecta, que se ve diariamente aumentada por modestas cantidades. Es la caridad popular la m\u00e1s espont\u00e1nea, la m\u00e1s meritoria y la que al fin da mejores resultados. Dichos peri\u00f3dicos han enviado al terreno una Comisi\u00f3n de sus redactores para repartir directa y r\u00e1pidamente socorros en dinero y especies, y atender a las grandes necesidades, casi desde el momento en que se manifiestan. De este modo el objeto se cumple mejor y m\u00e1s pronto que con los auxilios oficiales, pues \u00e9stos, por las tramitaciones con que han de verificarse, son siempre tard\u00edos, y sometidos, hasta cierto punto, a la influencia pol\u00edtica; no ofrecen completa equidad en su distribuci\u00f3n.<\/p>\n\n\n\n<p>El C\u00edrculo de la Uni\u00f3n Mercantil, Sociedad formada por los comerciantes de esta Corte, tambi\u00e9n ha recaudado gruesas sumas. El Ateneo Cient\u00edfico y Literario, adem\u00e1s de la colecta que hizo entre sus socios, organiza una rifa de objetos de arte y publicaciones valiosas, y otras Corporaciones de Madrid y provincias hacen lo mismo. Se anuncia la aparici\u00f3n de peri\u00f3dicos especiales, por el estilo del famoso Par\u00eds-Murcia, con aut\u00f3grafos, dibujos de grandes artistas, y entretanto, todos los teatros de la Corte dedican una funci\u00f3n extraordinaria y brillante al objeto ben\u00e9fico; y en algunas aristocr\u00e1ticas casas se preparan t\u00f3mbolas, que aumentar\u00e1n considerablemente el ya ping\u00fce capital destinado a las v\u00edctimas.<\/p>\n\n\n\n<p>Respecto a estas fiestas santuarias, no creo que el puro nombre de caridad deba aplicarse a ellas. Con-vendr\u00eda buscar una palabra nueva para expresar esta costumbre moderna de hacer el bien divirti\u00e9ndose y de socorrer al pobre bailando. Los que de este modo vac\u00edan sus bolsillos tienen una virtud relativa, cuya importancia no me propongo escatimar; pero no pueden aspirar a la canonizaci\u00f3n alegando los beneficios que han hecho al pr\u00f3jimo, ni son caritativos en el concepto evang\u00e9lico. Nuestra edad tiende a dar forma colectiva a todas las cosas, incluso las virtudes. Lo que el individuo pierde con esto g\u00e1nalo la sociedad, y si nos atenemos al resultado, no podemos mostrarnos enemigos de un sistema por el cual las grandes desdichas de nuestros semejantes tienen pronto y eficaz remedio.<\/p>\n\n\n\n<p>Desde que se conoci\u00f3 la extensi\u00f3n del desastre, el Rey quiso repartir por s\u00ed mismo los socorros oficiales, y con tal objeto parti\u00f3 de Madrid el 10, con poco s\u00e9quito, en medio de los rigores de uno de los inviernos m\u00e1s crudos que se han visto aqu\u00ed en muchos a\u00f1os. Esta resoluci\u00f3n de don Alfonso ha sido muy aplaudida, y ha venido a favorecerle por otro concepto. No es ya posible dudar de su buena salud vi\u00e9ndole arrostrar las m\u00e1s bajas temperaturas y recorrer a caballo, sin fatiga, una regi\u00f3n donde los malos caminos est\u00e1n intransitables a causa de la nieve y las lluvias. Ello es que, si realmente su salud era buena, ahora se ha confirmado de un modo que no deja lugar a dudas, y si era en realidad mala, la vida activa y los puros aires de El Pardo le han producido un restablecimiento que deseamos dure muchos a\u00f1os. En los pueblos de Granada rec\u00edbenle con amor y entusiasmo, y su presencia ha sido gran consuelo para aquellos infelices, a quienes ha repartido socorros de todas clases.<\/p>\n\n\n\n<figure class=\"wp-block-image size-large is-style-default\"><img decoding=\"async\" src=\"http:\/\/ferna.eu\/venture\/wp-content\/uploads\/2020\/05\/firma_galdos.png\" alt=\"\" class=\"wp-image-7968\"\/><\/figure>\n","protected":false},"excerpt":{"rendered":"<p>Al dar cuenta en las p\u00e1ginas anteriores de los terremotos de Andaluc\u00eda, ignoraba toda la extensi\u00f3n de la desgracia que nos aflige. El desastre reviste caracteres espantosos. Desde el 25 del pasado diciembre, el tel\u00e9grafo y el correo nos traen diariamente noticias nuevas y nuevos detalles de la cat\u00e1strofe.<\/p>\n","protected":false},"author":1,"featured_media":8005,"comment_status":"open","ping_status":"open","sticky":false,"template":"","format":"standard","meta":{"footnotes":""},"categories":[17,3,4,52],"tags":[],"class_list":["post-8051","post","type-post","status-publish","format-standard","has-post-thumbnail","hentry","category-articulo-periodistico","category-benito-perez-galdos","category-bibliografia","category-criticon"],"yoast_head":"<!-- This site is optimized with the Yoast SEO plugin v24.3 - https:\/\/yoast.com\/wordpress\/plugins\/seo\/ -->\n<title>[Art\u00edculo] Fen\u00f3menos sismol\u00f3gicos, de Benito P\u00e9rez Gald\u00f3s - Cronolog\u00eda de la vida y la obra de Benito P\u00e9rez Gald\u00f3s<\/title>\n<meta name=\"robots\" content=\"index, follow, max-snippet:-1, max-image-preview:large, max-video-preview:-1\" \/>\n<link rel=\"canonical\" href=\"https:\/\/batallitas.es\/benito-perez-galdos\/articulo-fenomenos-sismologicos-de-benito-perez-galdos\/\" \/>\n<meta property=\"og:locale\" content=\"es_ES\" \/>\n<meta property=\"og:type\" content=\"article\" \/>\n<meta property=\"og:title\" content=\"[Art\u00edculo] Fen\u00f3menos sismol\u00f3gicos, de Benito P\u00e9rez Gald\u00f3s - Cronolog\u00eda de la vida y la obra de Benito P\u00e9rez Gald\u00f3s\" \/>\n<meta property=\"og:description\" content=\"Al dar cuenta en las p\u00e1ginas anteriores de los terremotos de Andaluc\u00eda, ignoraba toda la extensi\u00f3n de la desgracia que nos aflige. El desastre reviste caracteres espantosos. Desde el 25 del pasado diciembre, el tel\u00e9grafo y el correo nos traen diariamente noticias nuevas y nuevos detalles de la cat\u00e1strofe.\" \/>\n<meta property=\"og:url\" content=\"https:\/\/batallitas.es\/benito-perez-galdos\/articulo-fenomenos-sismologicos-de-benito-perez-galdos\/\" \/>\n<meta property=\"og:site_name\" content=\"Cronolog\u00eda de la vida y la obra de Benito P\u00e9rez Gald\u00f3s\" \/>\n<meta property=\"article:published_time\" content=\"2015-05-04T10:35:00+00:00\" \/>\n<meta property=\"og:image\" content=\"https:\/\/batallitas.es\/benito-perez-galdos\/wp-content\/uploads\/2025\/01\/facebook_thumbnail.jpg\" \/>\n\t<meta property=\"og:image:width\" content=\"1200\" \/>\n\t<meta property=\"og:image:height\" content=\"630\" \/>\n\t<meta property=\"og:image:type\" content=\"image\/jpeg\" \/>\n<meta name=\"author\" content=\"Benito\" \/>\n<meta name=\"twitter:card\" content=\"summary_large_image\" \/>\n<meta name=\"twitter:label1\" content=\"Escrito por\" \/>\n\t<meta name=\"twitter:data1\" content=\"Benito\" \/>\n\t<meta name=\"twitter:label2\" content=\"Tiempo de lectura\" \/>\n\t<meta name=\"twitter:data2\" content=\"11 minutos\" \/>\n<script type=\"application\/ld+json\" class=\"yoast-schema-graph\">{\"@context\":\"https:\/\/schema.org\",\"@graph\":[{\"@type\":\"WebPage\",\"@id\":\"https:\/\/batallitas.es\/benito-perez-galdos\/articulo-fenomenos-sismologicos-de-benito-perez-galdos\/\",\"url\":\"https:\/\/batallitas.es\/benito-perez-galdos\/articulo-fenomenos-sismologicos-de-benito-perez-galdos\/\",\"name\":\"[Art\u00edculo] Fen\u00f3menos sismol\u00f3gicos, de Benito P\u00e9rez Gald\u00f3s - Cronolog\u00eda de la vida y la obra de Benito P\u00e9rez Gald\u00f3s\",\"isPartOf\":{\"@id\":\"https:\/\/batallitas.es\/benito-perez-galdos\/#website\"},\"primaryImageOfPage\":{\"@id\":\"https:\/\/batallitas.es\/benito-perez-galdos\/articulo-fenomenos-sismologicos-de-benito-perez-galdos\/#primaryimage\"},\"image\":{\"@id\":\"https:\/\/batallitas.es\/benito-perez-galdos\/articulo-fenomenos-sismologicos-de-benito-perez-galdos\/#primaryimage\"},\"thumbnailUrl\":\"\",\"datePublished\":\"2015-05-04T10:35:00+00:00\",\"dateModified\":\"2015-05-04T10:35:00+00:00\",\"author\":{\"@id\":\"https:\/\/batallitas.es\/benito-perez-galdos\/#\/schema\/person\/2dda07be9325676808524c55b6218a25\"},\"breadcrumb\":{\"@id\":\"https:\/\/batallitas.es\/benito-perez-galdos\/articulo-fenomenos-sismologicos-de-benito-perez-galdos\/#breadcrumb\"},\"inLanguage\":\"es\",\"potentialAction\":[{\"@type\":\"ReadAction\",\"target\":[\"https:\/\/batallitas.es\/benito-perez-galdos\/articulo-fenomenos-sismologicos-de-benito-perez-galdos\/\"]}]},{\"@type\":\"ImageObject\",\"inLanguage\":\"es\",\"@id\":\"https:\/\/batallitas.es\/benito-perez-galdos\/articulo-fenomenos-sismologicos-de-benito-perez-galdos\/#primaryimage\",\"url\":\"\",\"contentUrl\":\"\"},{\"@type\":\"BreadcrumbList\",\"@id\":\"https:\/\/batallitas.es\/benito-perez-galdos\/articulo-fenomenos-sismologicos-de-benito-perez-galdos\/#breadcrumb\",\"itemListElement\":[{\"@type\":\"ListItem\",\"position\":1,\"name\":\"Portada\",\"item\":\"https:\/\/batallitas.es\/benito-perez-galdos\/\"},{\"@type\":\"ListItem\",\"position\":2,\"name\":\"[Art\u00edculo] Fen\u00f3menos sismol\u00f3gicos, de Benito P\u00e9rez Gald\u00f3s\"}]},{\"@type\":\"WebSite\",\"@id\":\"https:\/\/batallitas.es\/benito-perez-galdos\/#website\",\"url\":\"https:\/\/batallitas.es\/benito-perez-galdos\/\",\"name\":\"Cronolog\u00eda de la vida y la obra de Benito P\u00e9rez Gald\u00f3s\",\"description\":\"\",\"potentialAction\":[{\"@type\":\"SearchAction\",\"target\":{\"@type\":\"EntryPoint\",\"urlTemplate\":\"https:\/\/batallitas.es\/benito-perez-galdos\/?s={search_term_string}\"},\"query-input\":{\"@type\":\"PropertyValueSpecification\",\"valueRequired\":true,\"valueName\":\"search_term_string\"}}],\"inLanguage\":\"es\"},{\"@type\":\"Person\",\"@id\":\"https:\/\/batallitas.es\/benito-perez-galdos\/#\/schema\/person\/2dda07be9325676808524c55b6218a25\",\"name\":\"Benito\",\"image\":{\"@type\":\"ImageObject\",\"inLanguage\":\"es\",\"@id\":\"https:\/\/batallitas.es\/benito-perez-galdos\/#\/schema\/person\/image\/\",\"url\":\"https:\/\/secure.gravatar.com\/avatar\/8695d643bbae3009794e7fc5797055bb?s=96&d=mm&r=g\",\"contentUrl\":\"https:\/\/secure.gravatar.com\/avatar\/8695d643bbae3009794e7fc5797055bb?s=96&d=mm&r=g\",\"caption\":\"Benito\"},\"sameAs\":[\"https:\/\/batallitas.es\/galdos\"],\"url\":\"https:\/\/batallitas.es\/benito-perez-galdos\/author\/benito\/\"}]}<\/script>\n<!-- \/ Yoast SEO plugin. -->","yoast_head_json":{"title":"[Art\u00edculo] Fen\u00f3menos sismol\u00f3gicos, de Benito P\u00e9rez Gald\u00f3s - Cronolog\u00eda de la vida y la obra de Benito P\u00e9rez Gald\u00f3s","robots":{"index":"index","follow":"follow","max-snippet":"max-snippet:-1","max-image-preview":"max-image-preview:large","max-video-preview":"max-video-preview:-1"},"canonical":"https:\/\/batallitas.es\/benito-perez-galdos\/articulo-fenomenos-sismologicos-de-benito-perez-galdos\/","og_locale":"es_ES","og_type":"article","og_title":"[Art\u00edculo] Fen\u00f3menos sismol\u00f3gicos, de Benito P\u00e9rez Gald\u00f3s - Cronolog\u00eda de la vida y la obra de Benito P\u00e9rez Gald\u00f3s","og_description":"Al dar cuenta en las p\u00e1ginas anteriores de los terremotos de Andaluc\u00eda, ignoraba toda la extensi\u00f3n de la desgracia que nos aflige. El desastre reviste caracteres espantosos. Desde el 25 del pasado diciembre, el tel\u00e9grafo y el correo nos traen diariamente noticias nuevas y nuevos detalles de la cat\u00e1strofe.","og_url":"https:\/\/batallitas.es\/benito-perez-galdos\/articulo-fenomenos-sismologicos-de-benito-perez-galdos\/","og_site_name":"Cronolog\u00eda de la vida y la obra de Benito P\u00e9rez Gald\u00f3s","article_published_time":"2015-05-04T10:35:00+00:00","og_image":[{"width":1200,"height":630,"url":"https:\/\/batallitas.es\/benito-perez-galdos\/wp-content\/uploads\/2025\/01\/facebook_thumbnail.jpg","type":"image\/jpeg"}],"author":"Benito","twitter_card":"summary_large_image","twitter_misc":{"Escrito por":"Benito","Tiempo de lectura":"11 minutos"},"schema":{"@context":"https:\/\/schema.org","@graph":[{"@type":"WebPage","@id":"https:\/\/batallitas.es\/benito-perez-galdos\/articulo-fenomenos-sismologicos-de-benito-perez-galdos\/","url":"https:\/\/batallitas.es\/benito-perez-galdos\/articulo-fenomenos-sismologicos-de-benito-perez-galdos\/","name":"[Art\u00edculo] Fen\u00f3menos sismol\u00f3gicos, de Benito P\u00e9rez Gald\u00f3s - Cronolog\u00eda de la vida y la obra de Benito P\u00e9rez Gald\u00f3s","isPartOf":{"@id":"https:\/\/batallitas.es\/benito-perez-galdos\/#website"},"primaryImageOfPage":{"@id":"https:\/\/batallitas.es\/benito-perez-galdos\/articulo-fenomenos-sismologicos-de-benito-perez-galdos\/#primaryimage"},"image":{"@id":"https:\/\/batallitas.es\/benito-perez-galdos\/articulo-fenomenos-sismologicos-de-benito-perez-galdos\/#primaryimage"},"thumbnailUrl":"","datePublished":"2015-05-04T10:35:00+00:00","dateModified":"2015-05-04T10:35:00+00:00","author":{"@id":"https:\/\/batallitas.es\/benito-perez-galdos\/#\/schema\/person\/2dda07be9325676808524c55b6218a25"},"breadcrumb":{"@id":"https:\/\/batallitas.es\/benito-perez-galdos\/articulo-fenomenos-sismologicos-de-benito-perez-galdos\/#breadcrumb"},"inLanguage":"es","potentialAction":[{"@type":"ReadAction","target":["https:\/\/batallitas.es\/benito-perez-galdos\/articulo-fenomenos-sismologicos-de-benito-perez-galdos\/"]}]},{"@type":"ImageObject","inLanguage":"es","@id":"https:\/\/batallitas.es\/benito-perez-galdos\/articulo-fenomenos-sismologicos-de-benito-perez-galdos\/#primaryimage","url":"","contentUrl":""},{"@type":"BreadcrumbList","@id":"https:\/\/batallitas.es\/benito-perez-galdos\/articulo-fenomenos-sismologicos-de-benito-perez-galdos\/#breadcrumb","itemListElement":[{"@type":"ListItem","position":1,"name":"Portada","item":"https:\/\/batallitas.es\/benito-perez-galdos\/"},{"@type":"ListItem","position":2,"name":"[Art\u00edculo] Fen\u00f3menos sismol\u00f3gicos, de Benito P\u00e9rez Gald\u00f3s"}]},{"@type":"WebSite","@id":"https:\/\/batallitas.es\/benito-perez-galdos\/#website","url":"https:\/\/batallitas.es\/benito-perez-galdos\/","name":"Cronolog\u00eda de la vida y la obra de Benito P\u00e9rez Gald\u00f3s","description":"","potentialAction":[{"@type":"SearchAction","target":{"@type":"EntryPoint","urlTemplate":"https:\/\/batallitas.es\/benito-perez-galdos\/?s={search_term_string}"},"query-input":{"@type":"PropertyValueSpecification","valueRequired":true,"valueName":"search_term_string"}}],"inLanguage":"es"},{"@type":"Person","@id":"https:\/\/batallitas.es\/benito-perez-galdos\/#\/schema\/person\/2dda07be9325676808524c55b6218a25","name":"Benito","image":{"@type":"ImageObject","inLanguage":"es","@id":"https:\/\/batallitas.es\/benito-perez-galdos\/#\/schema\/person\/image\/","url":"https:\/\/secure.gravatar.com\/avatar\/8695d643bbae3009794e7fc5797055bb?s=96&d=mm&r=g","contentUrl":"https:\/\/secure.gravatar.com\/avatar\/8695d643bbae3009794e7fc5797055bb?s=96&d=mm&r=g","caption":"Benito"},"sameAs":["https:\/\/batallitas.es\/galdos"],"url":"https:\/\/batallitas.es\/benito-perez-galdos\/author\/benito\/"}]}},"_links":{"self":[{"href":"https:\/\/batallitas.es\/benito-perez-galdos\/wp-json\/wp\/v2\/posts\/8051","targetHints":{"allow":["GET"]}}],"collection":[{"href":"https:\/\/batallitas.es\/benito-perez-galdos\/wp-json\/wp\/v2\/posts"}],"about":[{"href":"https:\/\/batallitas.es\/benito-perez-galdos\/wp-json\/wp\/v2\/types\/post"}],"author":[{"embeddable":true,"href":"https:\/\/batallitas.es\/benito-perez-galdos\/wp-json\/wp\/v2\/users\/1"}],"replies":[{"embeddable":true,"href":"https:\/\/batallitas.es\/benito-perez-galdos\/wp-json\/wp\/v2\/comments?post=8051"}],"version-history":[{"count":0,"href":"https:\/\/batallitas.es\/benito-perez-galdos\/wp-json\/wp\/v2\/posts\/8051\/revisions"}],"wp:featuredmedia":[{"embeddable":true,"href":"https:\/\/batallitas.es\/benito-perez-galdos\/wp-json\/"}],"wp:attachment":[{"href":"https:\/\/batallitas.es\/benito-perez-galdos\/wp-json\/wp\/v2\/media?parent=8051"}],"wp:term":[{"taxonomy":"category","embeddable":true,"href":"https:\/\/batallitas.es\/benito-perez-galdos\/wp-json\/wp\/v2\/categories?post=8051"},{"taxonomy":"post_tag","embeddable":true,"href":"https:\/\/batallitas.es\/benito-perez-galdos\/wp-json\/wp\/v2\/tags?post=8051"}],"curies":[{"name":"wp","href":"https:\/\/api.w.org\/{rel}","templated":true}]}}