{"id":8057,"date":"2015-07-04T12:48:00","date_gmt":"2015-07-04T10:48:00","guid":{"rendered":"http:\/\/ferna.eu\/?p=8057"},"modified":"2015-07-04T12:48:00","modified_gmt":"2015-07-04T10:48:00","slug":"articulos-sesiones-tumultuosas-de-benito-perez-galdos","status":"publish","type":"post","link":"https:\/\/batallitas.es\/benito-perez-galdos\/articulos-sesiones-tumultuosas-de-benito-perez-galdos\/","title":{"rendered":"[Art\u00edculos] Sesiones tumultuosas, de Benito P\u00e9rez Gald\u00f3s"},"content":{"rendered":"\n<p>Madrid, 30 de enero de 1885.<\/p>\n\n\n\n<p>I<\/p>\n\n\n\n<p>El Congreso y Senado nos han entretenido con sesiones tumultuosas. La cuesti\u00f3n universitaria y la cuesti\u00f3n de la transmisi\u00f3n del tratado de convenio a un diario de New-York violando el secreto de las negociaciones, ha sido la comidilla parlamentaria de los padres de la patria. En la cuesti\u00f3n de la Universidad se han cruzado entre mayor\u00eda y oposiciones algunas docenas de discursos, templados los los unos, ardientes los otros, y hoy por hoy, de de tanto debatir, la cuesti\u00f3n sigue como el primer d\u00eda, sin que se haya puesto en claro quien tiene raz\u00f3n y quien no. Y por cierto que ya ha envejecido la tal querella universitaria. Los catedr\u00e1ticos no ceden y el Gobierno tampoco. Aquellos invocan las inmunidades del claustro y \u00e9ste el principio de autoridad. Encastillados en sus respectivas trincheras el elemento universitario y el gubernamental no se cede ni un palmo de terreno; muchos discursos) interpretaciones diversas de la ley, seg\u00fan las tendencias de cada cual, diferencias grandes en la manera de apreciar los sucesos y de describirlos. Por fin la temida cuesti\u00f3n se resolver\u00e1 por el cansancio, si antes no viene a darle t\u00e9rmino alg\u00fan inesperado giro en las cosas pol\u00edticas.<\/p>\n\n\n\n<p>Mal s\u00edntoma es para el Gobierno la disidencia que se ha iniciado en la mayor\u00eda con el discurso de don Manuel Silvela, embajador en Par\u00eds y una de las personalidades m\u00e1s altas del pa\u00eds como jurisconsulto y como pol\u00edtico. El se\u00f1or Silvela disiente de la opini\u00f3n del Gobierno, del cual forma parte uno de sus hermanos, y se pone resueltamente al lado de los catedr\u00e1ticos atropellados. Tambi\u00e9n entre estos tiene un hermano el se\u00f1or Silvela. D\u00eda de grandes emociones fu\u00e9, en el Senado, aquel en que pronunci\u00f3 su templado, pero significativo discurso nuestro embajador en Francia. Hace tiempo que se le indica para presidir una situaci\u00f3n conservadora, aunque los m\u00e1s allegados al Gobierno niegan que esta soluci\u00f3n sea posible en las circunstancias actuales.<\/p>\n\n\n\n<p>No son pocos los conservadores que creen peligrosa la marcha y conducta del partido desde que el se\u00f1or C\u00e1novas introdujo en \u00e9l el aborrecido elemento ultramontano, o sea lo que el se\u00f1or Pidal llam\u00f3 las honradas masas carlistas. Las tales masas honradas han desnaturalizado, en opini\u00f3n de muchos conservadores, a un partido que en los seis a\u00f1os de su mando, despu\u00e9s de la restauraci\u00f3n, di\u00f3 pruebas de un sentido pr\u00e1ctico muy recomendable y de una disciplina rigurosa. Las quejas han aparecido en la Prensa y en la tribuna, al principio con timidez, luego con m\u00e1s br\u00edo, y, por fin, la actitud del se\u00f1or Silvela ha venido a darles calor.<\/p>\n\n\n\n<p>II<\/p>\n\n\n\n<p>En las discusiones del Senado hase visto claramente el hondo malestar que trabaja a la mayor\u00eda, y no ha tenido poca parte en su manifestaci\u00f3n la incapacidad parlamentaria del presidente, se\u00f1or conde de Pu\u00f1onrostro, que ha llevado a todos los debates una confusi\u00f3n lamentable. Cuentan que con estas cosas est\u00e1 el se\u00f1or C\u00e1novas de muy mal humor, y que no ser\u00eda extra\u00f1o que, si las dificultades crecieran, se retirase del poder. No le suceder\u00eda, en tal caso, un nuevo Ministerio conservador presidido por Silvela o Toreno, pues las soluciones anodinas satisfacen poco en las circunstancias presentes: ni tampoco vendr\u00edan los izquierdistas, aquel grupo que tanto di\u00f3 que hacer el a\u00f1o pasado, desprendi\u00e9ndose del partido liberal al amparo de los conservadores. Los izquierdistas, tan pujantes hace un a\u00f1o, est\u00e1n perdidos en el concepto p\u00fablico, y su famosa revisi\u00f3n constitucional ha pasado a la categor\u00eda de impracticable antigualla que a nadie interesa. Los \u00fanicos herederos posibles del se\u00f1or C\u00e1novas ser\u00edan los constitucionales, llamados tambi\u00e9n fusionistas, capitaneados por Sagasta. Ellos ofrecen el \u00fanico n\u00facleo respetable de fuerzas liberales dispuesto a los compromisos y a las dificultades del Gobierno; ellos tienen personal suficiente y brillante para todos los cargos pol\u00edticos, administrativos y diplom\u00e1ticos. La creencia general es que lograr\u00e1n el poder antes de que termine el a\u00f1o presente, y si otros s\u00edntomas no lo pronosticaran, ser\u00eda suficiente signo de pr\u00f3xima victoria la vuelta al partido de los hijos pr\u00f3digos que lo abandonaron para ir a formar ia izquierda. S\u00ed, varios insignes personajes que engrosaron el grupo rebelde, han regresado arrepentidos y contritos al hogar primitivo. La izquierda no Cuaja. Creo haber dicho antes, que el car\u00e1cter elemental de los partidos liberales en nuestro pa\u00eds es la tendencia a dividirse en el poder y a reconciliarse con la oposici\u00f3n. El poder les separ\u00f3, pues hab\u00eda dos o tres individuos que quer\u00edan ser jefes. Pero vino la desgracia con sus lecciones elocuentes y se vi\u00f3 el ning\u00fan fruto y gran descr\u00e9dito de la disidencia. La oposici\u00f3n es siempre reconciliadora. Helos, pues, aqu\u00ed, unidos otra vez y esperando que se les d\u00e9 el poder para volverse a separar. La experiencia lo pasado, les abrir\u00e1, no obstante, los ojos, y es de creer que por esta vez, si logran sus naturales deseos, y empu\u00f1an el tim\u00f3n de la famosa nave, Permanecer\u00e1n unidos, siquiera un par de a\u00f1os&#8230; Pedir que lo estuvieran por m\u00e1s tiempo, ser\u00eda pedir fue imposible.<\/p>\n\n\n\n<figure class=\"wp-block-image size-large is-style-default\"><img decoding=\"async\" src=\"http:\/\/ferna.eu\/venture\/wp-content\/uploads\/2020\/05\/firma_galdos.png\" alt=\"\" class=\"wp-image-7968\"\/><\/figure>\n","protected":false},"excerpt":{"rendered":"<p>El Congreso y Senado nos han entretenido con sesiones tumultuosas. La cuesti\u00f3n universitaria y la cuesti\u00f3n de la transmisi\u00f3n del tratado de convenio a un diario de New-York violando el secreto de las negociaciones, ha sido la comidilla parlamentaria de los padres de la patria.<\/p>\n","protected":false},"author":1,"featured_media":3580,"comment_status":"open","ping_status":"open","sticky":false,"template":"","format":"standard","meta":{"footnotes":""},"categories":[17,3,4,52],"tags":[],"class_list":["post-8057","post","type-post","status-publish","format-standard","has-post-thumbnail","hentry","category-articulo-periodistico","category-benito-perez-galdos","category-bibliografia","category-criticon"],"yoast_head":"<!-- This site is optimized with the Yoast SEO plugin v24.3 - https:\/\/yoast.com\/wordpress\/plugins\/seo\/ -->\n<title>[Art\u00edculos] Sesiones tumultuosas, de Benito P\u00e9rez Gald\u00f3s - Cronolog\u00eda de la vida y la obra de Benito P\u00e9rez Gald\u00f3s<\/title>\n<meta name=\"robots\" content=\"index, follow, max-snippet:-1, max-image-preview:large, max-video-preview:-1\" \/>\n<link rel=\"canonical\" href=\"https:\/\/batallitas.es\/benito-perez-galdos\/articulos-sesiones-tumultuosas-de-benito-perez-galdos\/\" \/>\n<meta property=\"og:locale\" content=\"es_ES\" \/>\n<meta property=\"og:type\" content=\"article\" \/>\n<meta property=\"og:title\" content=\"[Art\u00edculos] Sesiones tumultuosas, de Benito P\u00e9rez Gald\u00f3s - Cronolog\u00eda de la vida y la obra de Benito P\u00e9rez Gald\u00f3s\" \/>\n<meta property=\"og:description\" content=\"El Congreso y Senado nos han entretenido con sesiones tumultuosas. La cuesti\u00f3n universitaria y la cuesti\u00f3n de la transmisi\u00f3n del tratado de convenio a un diario de New-York violando el secreto de las negociaciones, ha sido la comidilla parlamentaria de los padres de la patria.\" \/>\n<meta property=\"og:url\" content=\"https:\/\/batallitas.es\/benito-perez-galdos\/articulos-sesiones-tumultuosas-de-benito-perez-galdos\/\" \/>\n<meta property=\"og:site_name\" content=\"Cronolog\u00eda de la vida y la obra de Benito P\u00e9rez Gald\u00f3s\" \/>\n<meta property=\"article:published_time\" content=\"2015-07-04T10:48:00+00:00\" \/>\n<meta property=\"og:image\" content=\"https:\/\/batallitas.es\/benito-perez-galdos\/wp-content\/uploads\/2025\/01\/facebook_thumbnail.jpg\" \/>\n\t<meta property=\"og:image:width\" content=\"1200\" \/>\n\t<meta property=\"og:image:height\" content=\"630\" \/>\n\t<meta property=\"og:image:type\" content=\"image\/jpeg\" \/>\n<meta name=\"author\" content=\"Benito\" \/>\n<meta name=\"twitter:card\" content=\"summary_large_image\" \/>\n<meta name=\"twitter:label1\" content=\"Escrito por\" \/>\n\t<meta name=\"twitter:data1\" content=\"Benito\" \/>\n\t<meta name=\"twitter:label2\" content=\"Tiempo de lectura\" \/>\n\t<meta name=\"twitter:data2\" content=\"5 minutos\" \/>\n<script type=\"application\/ld+json\" class=\"yoast-schema-graph\">{\"@context\":\"https:\/\/schema.org\",\"@graph\":[{\"@type\":\"WebPage\",\"@id\":\"https:\/\/batallitas.es\/benito-perez-galdos\/articulos-sesiones-tumultuosas-de-benito-perez-galdos\/\",\"url\":\"https:\/\/batallitas.es\/benito-perez-galdos\/articulos-sesiones-tumultuosas-de-benito-perez-galdos\/\",\"name\":\"[Art\u00edculos] Sesiones tumultuosas, de Benito P\u00e9rez Gald\u00f3s - Cronolog\u00eda de la vida y la obra de Benito P\u00e9rez Gald\u00f3s\",\"isPartOf\":{\"@id\":\"https:\/\/batallitas.es\/benito-perez-galdos\/#website\"},\"primaryImageOfPage\":{\"@id\":\"https:\/\/batallitas.es\/benito-perez-galdos\/articulos-sesiones-tumultuosas-de-benito-perez-galdos\/#primaryimage\"},\"image\":{\"@id\":\"https:\/\/batallitas.es\/benito-perez-galdos\/articulos-sesiones-tumultuosas-de-benito-perez-galdos\/#primaryimage\"},\"thumbnailUrl\":\"\",\"datePublished\":\"2015-07-04T10:48:00+00:00\",\"dateModified\":\"2015-07-04T10:48:00+00:00\",\"author\":{\"@id\":\"https:\/\/batallitas.es\/benito-perez-galdos\/#\/schema\/person\/2dda07be9325676808524c55b6218a25\"},\"breadcrumb\":{\"@id\":\"https:\/\/batallitas.es\/benito-perez-galdos\/articulos-sesiones-tumultuosas-de-benito-perez-galdos\/#breadcrumb\"},\"inLanguage\":\"es\",\"potentialAction\":[{\"@type\":\"ReadAction\",\"target\":[\"https:\/\/batallitas.es\/benito-perez-galdos\/articulos-sesiones-tumultuosas-de-benito-perez-galdos\/\"]}]},{\"@type\":\"ImageObject\",\"inLanguage\":\"es\",\"@id\":\"https:\/\/batallitas.es\/benito-perez-galdos\/articulos-sesiones-tumultuosas-de-benito-perez-galdos\/#primaryimage\",\"url\":\"\",\"contentUrl\":\"\"},{\"@type\":\"BreadcrumbList\",\"@id\":\"https:\/\/batallitas.es\/benito-perez-galdos\/articulos-sesiones-tumultuosas-de-benito-perez-galdos\/#breadcrumb\",\"itemListElement\":[{\"@type\":\"ListItem\",\"position\":1,\"name\":\"Portada\",\"item\":\"https:\/\/batallitas.es\/benito-perez-galdos\/\"},{\"@type\":\"ListItem\",\"position\":2,\"name\":\"[Art\u00edculos] Sesiones tumultuosas, de Benito P\u00e9rez Gald\u00f3s\"}]},{\"@type\":\"WebSite\",\"@id\":\"https:\/\/batallitas.es\/benito-perez-galdos\/#website\",\"url\":\"https:\/\/batallitas.es\/benito-perez-galdos\/\",\"name\":\"Cronolog\u00eda de la vida y la obra de Benito P\u00e9rez Gald\u00f3s\",\"description\":\"\",\"potentialAction\":[{\"@type\":\"SearchAction\",\"target\":{\"@type\":\"EntryPoint\",\"urlTemplate\":\"https:\/\/batallitas.es\/benito-perez-galdos\/?s={search_term_string}\"},\"query-input\":{\"@type\":\"PropertyValueSpecification\",\"valueRequired\":true,\"valueName\":\"search_term_string\"}}],\"inLanguage\":\"es\"},{\"@type\":\"Person\",\"@id\":\"https:\/\/batallitas.es\/benito-perez-galdos\/#\/schema\/person\/2dda07be9325676808524c55b6218a25\",\"name\":\"Benito\",\"image\":{\"@type\":\"ImageObject\",\"inLanguage\":\"es\",\"@id\":\"https:\/\/batallitas.es\/benito-perez-galdos\/#\/schema\/person\/image\/\",\"url\":\"https:\/\/secure.gravatar.com\/avatar\/8695d643bbae3009794e7fc5797055bb?s=96&d=mm&r=g\",\"contentUrl\":\"https:\/\/secure.gravatar.com\/avatar\/8695d643bbae3009794e7fc5797055bb?s=96&d=mm&r=g\",\"caption\":\"Benito\"},\"sameAs\":[\"https:\/\/batallitas.es\/galdos\"],\"url\":\"https:\/\/batallitas.es\/benito-perez-galdos\/author\/benito\/\"}]}<\/script>\n<!-- \/ Yoast SEO plugin. -->","yoast_head_json":{"title":"[Art\u00edculos] Sesiones tumultuosas, de Benito P\u00e9rez Gald\u00f3s - Cronolog\u00eda de la vida y la obra de Benito P\u00e9rez Gald\u00f3s","robots":{"index":"index","follow":"follow","max-snippet":"max-snippet:-1","max-image-preview":"max-image-preview:large","max-video-preview":"max-video-preview:-1"},"canonical":"https:\/\/batallitas.es\/benito-perez-galdos\/articulos-sesiones-tumultuosas-de-benito-perez-galdos\/","og_locale":"es_ES","og_type":"article","og_title":"[Art\u00edculos] Sesiones tumultuosas, de Benito P\u00e9rez Gald\u00f3s - Cronolog\u00eda de la vida y la obra de Benito P\u00e9rez Gald\u00f3s","og_description":"El Congreso y Senado nos han entretenido con sesiones tumultuosas. La cuesti\u00f3n universitaria y la cuesti\u00f3n de la transmisi\u00f3n del tratado de convenio a un diario de New-York violando el secreto de las negociaciones, ha sido la comidilla parlamentaria de los padres de la patria.","og_url":"https:\/\/batallitas.es\/benito-perez-galdos\/articulos-sesiones-tumultuosas-de-benito-perez-galdos\/","og_site_name":"Cronolog\u00eda de la vida y la obra de Benito P\u00e9rez Gald\u00f3s","article_published_time":"2015-07-04T10:48:00+00:00","og_image":[{"width":1200,"height":630,"url":"https:\/\/batallitas.es\/benito-perez-galdos\/wp-content\/uploads\/2025\/01\/facebook_thumbnail.jpg","type":"image\/jpeg"}],"author":"Benito","twitter_card":"summary_large_image","twitter_misc":{"Escrito por":"Benito","Tiempo de lectura":"5 minutos"},"schema":{"@context":"https:\/\/schema.org","@graph":[{"@type":"WebPage","@id":"https:\/\/batallitas.es\/benito-perez-galdos\/articulos-sesiones-tumultuosas-de-benito-perez-galdos\/","url":"https:\/\/batallitas.es\/benito-perez-galdos\/articulos-sesiones-tumultuosas-de-benito-perez-galdos\/","name":"[Art\u00edculos] Sesiones tumultuosas, de Benito P\u00e9rez Gald\u00f3s - Cronolog\u00eda de la vida y la obra de Benito P\u00e9rez Gald\u00f3s","isPartOf":{"@id":"https:\/\/batallitas.es\/benito-perez-galdos\/#website"},"primaryImageOfPage":{"@id":"https:\/\/batallitas.es\/benito-perez-galdos\/articulos-sesiones-tumultuosas-de-benito-perez-galdos\/#primaryimage"},"image":{"@id":"https:\/\/batallitas.es\/benito-perez-galdos\/articulos-sesiones-tumultuosas-de-benito-perez-galdos\/#primaryimage"},"thumbnailUrl":"","datePublished":"2015-07-04T10:48:00+00:00","dateModified":"2015-07-04T10:48:00+00:00","author":{"@id":"https:\/\/batallitas.es\/benito-perez-galdos\/#\/schema\/person\/2dda07be9325676808524c55b6218a25"},"breadcrumb":{"@id":"https:\/\/batallitas.es\/benito-perez-galdos\/articulos-sesiones-tumultuosas-de-benito-perez-galdos\/#breadcrumb"},"inLanguage":"es","potentialAction":[{"@type":"ReadAction","target":["https:\/\/batallitas.es\/benito-perez-galdos\/articulos-sesiones-tumultuosas-de-benito-perez-galdos\/"]}]},{"@type":"ImageObject","inLanguage":"es","@id":"https:\/\/batallitas.es\/benito-perez-galdos\/articulos-sesiones-tumultuosas-de-benito-perez-galdos\/#primaryimage","url":"","contentUrl":""},{"@type":"BreadcrumbList","@id":"https:\/\/batallitas.es\/benito-perez-galdos\/articulos-sesiones-tumultuosas-de-benito-perez-galdos\/#breadcrumb","itemListElement":[{"@type":"ListItem","position":1,"name":"Portada","item":"https:\/\/batallitas.es\/benito-perez-galdos\/"},{"@type":"ListItem","position":2,"name":"[Art\u00edculos] Sesiones tumultuosas, de Benito P\u00e9rez Gald\u00f3s"}]},{"@type":"WebSite","@id":"https:\/\/batallitas.es\/benito-perez-galdos\/#website","url":"https:\/\/batallitas.es\/benito-perez-galdos\/","name":"Cronolog\u00eda de la vida y la obra de Benito P\u00e9rez Gald\u00f3s","description":"","potentialAction":[{"@type":"SearchAction","target":{"@type":"EntryPoint","urlTemplate":"https:\/\/batallitas.es\/benito-perez-galdos\/?s={search_term_string}"},"query-input":{"@type":"PropertyValueSpecification","valueRequired":true,"valueName":"search_term_string"}}],"inLanguage":"es"},{"@type":"Person","@id":"https:\/\/batallitas.es\/benito-perez-galdos\/#\/schema\/person\/2dda07be9325676808524c55b6218a25","name":"Benito","image":{"@type":"ImageObject","inLanguage":"es","@id":"https:\/\/batallitas.es\/benito-perez-galdos\/#\/schema\/person\/image\/","url":"https:\/\/secure.gravatar.com\/avatar\/8695d643bbae3009794e7fc5797055bb?s=96&d=mm&r=g","contentUrl":"https:\/\/secure.gravatar.com\/avatar\/8695d643bbae3009794e7fc5797055bb?s=96&d=mm&r=g","caption":"Benito"},"sameAs":["https:\/\/batallitas.es\/galdos"],"url":"https:\/\/batallitas.es\/benito-perez-galdos\/author\/benito\/"}]}},"_links":{"self":[{"href":"https:\/\/batallitas.es\/benito-perez-galdos\/wp-json\/wp\/v2\/posts\/8057","targetHints":{"allow":["GET"]}}],"collection":[{"href":"https:\/\/batallitas.es\/benito-perez-galdos\/wp-json\/wp\/v2\/posts"}],"about":[{"href":"https:\/\/batallitas.es\/benito-perez-galdos\/wp-json\/wp\/v2\/types\/post"}],"author":[{"embeddable":true,"href":"https:\/\/batallitas.es\/benito-perez-galdos\/wp-json\/wp\/v2\/users\/1"}],"replies":[{"embeddable":true,"href":"https:\/\/batallitas.es\/benito-perez-galdos\/wp-json\/wp\/v2\/comments?post=8057"}],"version-history":[{"count":0,"href":"https:\/\/batallitas.es\/benito-perez-galdos\/wp-json\/wp\/v2\/posts\/8057\/revisions"}],"wp:featuredmedia":[{"embeddable":true,"href":"https:\/\/batallitas.es\/benito-perez-galdos\/wp-json\/"}],"wp:attachment":[{"href":"https:\/\/batallitas.es\/benito-perez-galdos\/wp-json\/wp\/v2\/media?parent=8057"}],"wp:term":[{"taxonomy":"category","embeddable":true,"href":"https:\/\/batallitas.es\/benito-perez-galdos\/wp-json\/wp\/v2\/categories?post=8057"},{"taxonomy":"post_tag","embeddable":true,"href":"https:\/\/batallitas.es\/benito-perez-galdos\/wp-json\/wp\/v2\/tags?post=8057"}],"curies":[{"name":"wp","href":"https:\/\/api.w.org\/{rel}","templated":true}]}}