{"id":8063,"date":"2015-09-04T15:20:00","date_gmt":"2015-09-04T13:20:00","guid":{"rendered":"http:\/\/ferna.eu\/?p=8063"},"modified":"2015-09-04T15:20:00","modified_gmt":"2015-09-04T13:20:00","slug":"articulo-furor-colonial-y-otros-furores-de-benito-perez-galdos","status":"publish","type":"post","link":"https:\/\/batallitas.es\/benito-perez-galdos\/articulo-furor-colonial-y-otros-furores-de-benito-perez-galdos\/","title":{"rendered":"[Art\u00edculo] Furor colonial y otros furores, de Benito P\u00e9rez Gald\u00f3s"},"content":{"rendered":"\n<p>Madrid, febrero 25 de 1885.<\/p>\n\n\n\n<p>I<\/p>\n\n\n\n<p>El furor colonial de Alemania tiene imitadores en todos los pa\u00edses. Francia, Italia, B\u00e9lgica aspiran a poseer territorios en \u00c1frica. Todo esto es resultado de la crisis industrial de que antes habl\u00e9. Los talleres producen m\u00e1s de lo que esta cansada Europa consume, y ese sobrante hay que colocarlo donde se Pueda. De esta vez, tenedlo por cierto, la salvaje \u00c1frica, la m\u00e1s ignota y ruda de las partes del mundo, entrar\u00e1 en las v\u00edas de la civilizaci\u00f3n. En toda la costa se establecen factor\u00edas. El inmenso continente Poblado de negros ind\u00f3mitos, de monos que parecen personas y de hombres emparentados con los brutos, se ve atacado por todas partes, acariciado, solicitado por los europeos, que lo explotar\u00e1n y lo domesticar\u00e1n, vistiendo a los bozales, ense\u00f1\u00e1ndoles a beber vino y cerveza, instruy\u00e9ndoles en el uso de la p\u00f3lvora e inici\u00e1ndoles en el regalo de nuestras costumbres.<\/p>\n\n\n\n<p>Nosotros no hemos querido ser menos, y hemos establecido nuestra factor\u00eda en la costa occidental del Africa, frente al archipi\u00e9lago de las islas Canarias.<\/p>\n\n\n\n<p>Nuestra factor\u00eda ocupa la pen\u00ednsula y puerto de R\u00edo de Oro. La pen\u00ednsula mide 22 millas de largo por tres en su mayor anchura y h\u00e1llase unida al continente africano, en direcci\u00f3n N. O. a S.-E., por un itsmo de uno y medio a dos kil\u00f3metros de ancho. El espacio de mar comprendido entre esta pen\u00ednsula y la costa, forma un extenso puerto de 17 millas de largo desde la isla de Heme hasta la entrada. Los arrecifes situados a la entrada, dejan entre ellos y la pen\u00ednsula un paso de dos millas de ancho y 11 pies de fondo, que constituye la boca del puerto. El mejor fondeadero se encuentra a una milla de tierra, al N. E. de la punta Mudj\u00e9. Ya se est\u00e1n acopiando materiales para las obras del fuerte y de la factor\u00eda. Algunos moros trabajan tambi\u00e9n, reinando entre todos la mejor armon\u00eda. Pidamos a Dios que esta paz dure.<\/p>\n\n\n\n<p>A la fecha de las \u00faltimas noticias dadas por los fundadores de la factor\u00eda, eran esperadas dos cabilas del interior conduciendo plumas, marfil, lanas, pieles y otros art\u00edculos de gran valor en los mercados europeos. Se han encontrado pozos de agua potable de excelente calidad y minerales estimables Todo hace creer que este modesto establecimiento comercial nos traer\u00e1 pronto el dominio de una porci\u00f3n no despreciable de la costa africana. Falta s\u00f3lo que sepamos fomentarlo y conservarlo; falta s\u00f3lo que a los espa\u00f1oles establecidos all\u00ed no se les ocurra el mejor d\u00eda ponerse de puntas unos con otros y dar motivo con sus disensiones a que los moros duden de la superioridad del hombre europeo.<\/p>\n\n\n\n<p>Dios quiera poner tiento en las manos de los primeros habitantes de la flamante factor\u00eda de R\u00edo de Oro, e infundirles algo de ese esp\u00edritu pr\u00e1ctico a que deben los ingleses su preponderancia en regiones tan apartadas del mundo. Sean tolerantes, indulgentes con los pobres moros y usen con ellos de t\u00e1ctica fina combinada con la humanidad. Ellos se contentan con poco, y por aguardiente de mala calidad, p\u00f3lvora, cuentas de vidrio, percales ordinarios y chucher\u00edas de metal, dan productos muy ricos. Si se les trata mal, se entregan al pillaje, al merodeo y a la venganza. Su salvajismo encuentra mil astucias con que sobreponerse al europeo. Que nuestra bandera sea en aquella costa, no s\u00f3lo un emblema glorioso, sino, como la inglesa, el pabell\u00f3n de la paciencia, de la habilidad y de los procedimientos pr\u00e1cticos, humanitarios y tolerantes, cuando las circunstancias no les imponen la obligaci\u00f3n de ser terribles.<\/p>\n\n\n\n<p>II<\/p>\n\n\n\n<p>No quiero concluir sin decir que hemos tenido en nuestro Congreso un debate inacabable. No, al fin se acab\u00f3. Para discutir si hab\u00eda o no lugar a deliberar sobre cierta proposici\u00f3n se emple\u00f3 un mes. Por fin los votos de los diputados resolvieron la cuesti\u00f3n negativamente. Se acord\u00f3 que <em>no hab\u00eda lugar a deliberar<\/em>&#8230; despu\u00e9s de haberse pronunciado <em>ciento diez y siete<\/em> discursos largos. El debate, hablando con verdad, ha sido muy importante, porque en \u00e9l, con pretexto de la cuesti\u00f3n universitaria, se ha tratado la cuesti\u00f3n magna; la eterna, la inagotable, la cuesti\u00f3n de las cuestiones. \u00bfPrevalece 0 no la influencia clerical en la ense\u00f1anza, o la gobernaci\u00f3n del Estado? He aqu\u00ed la gran duda. Sobre ella se ha hablado mucho y bien. No ha quedado Punto alguno por tocar, hist\u00f3rica y filos\u00f3ficamente. Han salido a relucir \u00e9pocas remotas, concilios, cismas, reyes que rabiaron hace siglos, las revoluciones todas, la tesis y la hip\u00f3tesis. Buda y Cristo, la desamortizaci\u00f3n y los masones, la libertad y la Iglesia. El pa\u00eds, algo fatigado de tan largas disputas, las ha o\u00eddo con inter\u00e9s por lo mucho que la cuesti\u00f3n magna afecta a su acendereada existencia.<\/p>\n\n\n\n<figure class=\"wp-block-image size-large is-style-default\"><img decoding=\"async\" src=\"http:\/\/ferna.eu\/venture\/wp-content\/uploads\/2020\/05\/firma_galdos.png\" alt=\"\" class=\"wp-image-7968\"\/><\/figure>\n","protected":false},"excerpt":{"rendered":"<p>El furor colonial de Alemania tiene imitadores en todos los pa\u00edses. Francia, Italia, B\u00e9lgica aspiran a poseer territorios en Africa. Todo esto es resultado de la crisis industrial de que antes habl\u00e9. Los talleres producen m\u00e1s de lo que esta cansada Europa consume, y ese sobrante hay que colocarlo donde se Pueda. De esta vez, tenedlo por cierto, la salvaje Africa, la m\u00e1s ignota y ruda de las partes del mundo, entrar\u00e1 en las v\u00edas de la civilizaci\u00f3n. En toda la costa se establecen factor\u00edas. <\/p>\n","protected":false},"author":1,"featured_media":4337,"comment_status":"open","ping_status":"open","sticky":false,"template":"","format":"standard","meta":{"footnotes":""},"categories":[17,3,4,52],"tags":[],"class_list":["post-8063","post","type-post","status-publish","format-standard","has-post-thumbnail","hentry","category-articulo-periodistico","category-benito-perez-galdos","category-bibliografia","category-criticon"],"yoast_head":"<!-- This site is optimized with the Yoast SEO plugin v24.3 - https:\/\/yoast.com\/wordpress\/plugins\/seo\/ -->\n<title>[Art\u00edculo] Furor colonial y otros furores, de Benito P\u00e9rez Gald\u00f3s - Cronolog\u00eda de la vida y la obra de Benito P\u00e9rez Gald\u00f3s<\/title>\n<meta name=\"robots\" content=\"index, follow, max-snippet:-1, max-image-preview:large, max-video-preview:-1\" \/>\n<link rel=\"canonical\" href=\"https:\/\/batallitas.es\/benito-perez-galdos\/articulo-furor-colonial-y-otros-furores-de-benito-perez-galdos\/\" \/>\n<meta property=\"og:locale\" content=\"es_ES\" \/>\n<meta property=\"og:type\" content=\"article\" \/>\n<meta property=\"og:title\" content=\"[Art\u00edculo] Furor colonial y otros furores, de Benito P\u00e9rez Gald\u00f3s - Cronolog\u00eda de la vida y la obra de Benito P\u00e9rez Gald\u00f3s\" \/>\n<meta property=\"og:description\" content=\"El furor colonial de Alemania tiene imitadores en todos los pa\u00edses. Francia, Italia, B\u00e9lgica aspiran a poseer territorios en Africa. Todo esto es resultado de la crisis industrial de que antes habl\u00e9. Los talleres producen m\u00e1s de lo que esta cansada Europa consume, y ese sobrante hay que colocarlo donde se Pueda. De esta vez, tenedlo por cierto, la salvaje Africa, la m\u00e1s ignota y ruda de las partes del mundo, entrar\u00e1 en las v\u00edas de la civilizaci\u00f3n. En toda la costa se establecen factor\u00edas.\" \/>\n<meta property=\"og:url\" content=\"https:\/\/batallitas.es\/benito-perez-galdos\/articulo-furor-colonial-y-otros-furores-de-benito-perez-galdos\/\" \/>\n<meta property=\"og:site_name\" content=\"Cronolog\u00eda de la vida y la obra de Benito P\u00e9rez Gald\u00f3s\" \/>\n<meta property=\"article:published_time\" content=\"2015-09-04T13:20:00+00:00\" \/>\n<meta property=\"og:image\" content=\"https:\/\/batallitas.es\/benito-perez-galdos\/wp-content\/uploads\/2025\/01\/facebook_thumbnail.jpg\" \/>\n\t<meta property=\"og:image:width\" content=\"1200\" \/>\n\t<meta property=\"og:image:height\" content=\"630\" \/>\n\t<meta property=\"og:image:type\" content=\"image\/jpeg\" \/>\n<meta name=\"author\" content=\"Benito\" \/>\n<meta name=\"twitter:card\" content=\"summary_large_image\" \/>\n<meta name=\"twitter:label1\" content=\"Escrito por\" \/>\n\t<meta name=\"twitter:data1\" content=\"Benito\" \/>\n\t<meta name=\"twitter:label2\" content=\"Tiempo de lectura\" \/>\n\t<meta name=\"twitter:data2\" content=\"4 minutos\" \/>\n<script type=\"application\/ld+json\" class=\"yoast-schema-graph\">{\"@context\":\"https:\/\/schema.org\",\"@graph\":[{\"@type\":\"WebPage\",\"@id\":\"https:\/\/batallitas.es\/benito-perez-galdos\/articulo-furor-colonial-y-otros-furores-de-benito-perez-galdos\/\",\"url\":\"https:\/\/batallitas.es\/benito-perez-galdos\/articulo-furor-colonial-y-otros-furores-de-benito-perez-galdos\/\",\"name\":\"[Art\u00edculo] Furor colonial y otros furores, de Benito P\u00e9rez Gald\u00f3s - Cronolog\u00eda de la vida y la obra de Benito P\u00e9rez Gald\u00f3s\",\"isPartOf\":{\"@id\":\"https:\/\/batallitas.es\/benito-perez-galdos\/#website\"},\"primaryImageOfPage\":{\"@id\":\"https:\/\/batallitas.es\/benito-perez-galdos\/articulo-furor-colonial-y-otros-furores-de-benito-perez-galdos\/#primaryimage\"},\"image\":{\"@id\":\"https:\/\/batallitas.es\/benito-perez-galdos\/articulo-furor-colonial-y-otros-furores-de-benito-perez-galdos\/#primaryimage\"},\"thumbnailUrl\":\"\",\"datePublished\":\"2015-09-04T13:20:00+00:00\",\"dateModified\":\"2015-09-04T13:20:00+00:00\",\"author\":{\"@id\":\"https:\/\/batallitas.es\/benito-perez-galdos\/#\/schema\/person\/2dda07be9325676808524c55b6218a25\"},\"breadcrumb\":{\"@id\":\"https:\/\/batallitas.es\/benito-perez-galdos\/articulo-furor-colonial-y-otros-furores-de-benito-perez-galdos\/#breadcrumb\"},\"inLanguage\":\"es\",\"potentialAction\":[{\"@type\":\"ReadAction\",\"target\":[\"https:\/\/batallitas.es\/benito-perez-galdos\/articulo-furor-colonial-y-otros-furores-de-benito-perez-galdos\/\"]}]},{\"@type\":\"ImageObject\",\"inLanguage\":\"es\",\"@id\":\"https:\/\/batallitas.es\/benito-perez-galdos\/articulo-furor-colonial-y-otros-furores-de-benito-perez-galdos\/#primaryimage\",\"url\":\"\",\"contentUrl\":\"\"},{\"@type\":\"BreadcrumbList\",\"@id\":\"https:\/\/batallitas.es\/benito-perez-galdos\/articulo-furor-colonial-y-otros-furores-de-benito-perez-galdos\/#breadcrumb\",\"itemListElement\":[{\"@type\":\"ListItem\",\"position\":1,\"name\":\"Portada\",\"item\":\"https:\/\/batallitas.es\/benito-perez-galdos\/\"},{\"@type\":\"ListItem\",\"position\":2,\"name\":\"[Art\u00edculo] Furor colonial y otros furores, de Benito P\u00e9rez Gald\u00f3s\"}]},{\"@type\":\"WebSite\",\"@id\":\"https:\/\/batallitas.es\/benito-perez-galdos\/#website\",\"url\":\"https:\/\/batallitas.es\/benito-perez-galdos\/\",\"name\":\"Cronolog\u00eda de la vida y la obra de Benito P\u00e9rez Gald\u00f3s\",\"description\":\"\",\"potentialAction\":[{\"@type\":\"SearchAction\",\"target\":{\"@type\":\"EntryPoint\",\"urlTemplate\":\"https:\/\/batallitas.es\/benito-perez-galdos\/?s={search_term_string}\"},\"query-input\":{\"@type\":\"PropertyValueSpecification\",\"valueRequired\":true,\"valueName\":\"search_term_string\"}}],\"inLanguage\":\"es\"},{\"@type\":\"Person\",\"@id\":\"https:\/\/batallitas.es\/benito-perez-galdos\/#\/schema\/person\/2dda07be9325676808524c55b6218a25\",\"name\":\"Benito\",\"image\":{\"@type\":\"ImageObject\",\"inLanguage\":\"es\",\"@id\":\"https:\/\/batallitas.es\/benito-perez-galdos\/#\/schema\/person\/image\/\",\"url\":\"https:\/\/secure.gravatar.com\/avatar\/8695d643bbae3009794e7fc5797055bb?s=96&d=mm&r=g\",\"contentUrl\":\"https:\/\/secure.gravatar.com\/avatar\/8695d643bbae3009794e7fc5797055bb?s=96&d=mm&r=g\",\"caption\":\"Benito\"},\"sameAs\":[\"https:\/\/batallitas.es\/galdos\"],\"url\":\"https:\/\/batallitas.es\/benito-perez-galdos\/author\/benito\/\"}]}<\/script>\n<!-- \/ Yoast SEO plugin. -->","yoast_head_json":{"title":"[Art\u00edculo] Furor colonial y otros furores, de Benito P\u00e9rez Gald\u00f3s - Cronolog\u00eda de la vida y la obra de Benito P\u00e9rez Gald\u00f3s","robots":{"index":"index","follow":"follow","max-snippet":"max-snippet:-1","max-image-preview":"max-image-preview:large","max-video-preview":"max-video-preview:-1"},"canonical":"https:\/\/batallitas.es\/benito-perez-galdos\/articulo-furor-colonial-y-otros-furores-de-benito-perez-galdos\/","og_locale":"es_ES","og_type":"article","og_title":"[Art\u00edculo] Furor colonial y otros furores, de Benito P\u00e9rez Gald\u00f3s - Cronolog\u00eda de la vida y la obra de Benito P\u00e9rez Gald\u00f3s","og_description":"El furor colonial de Alemania tiene imitadores en todos los pa\u00edses. Francia, Italia, B\u00e9lgica aspiran a poseer territorios en Africa. Todo esto es resultado de la crisis industrial de que antes habl\u00e9. Los talleres producen m\u00e1s de lo que esta cansada Europa consume, y ese sobrante hay que colocarlo donde se Pueda. De esta vez, tenedlo por cierto, la salvaje Africa, la m\u00e1s ignota y ruda de las partes del mundo, entrar\u00e1 en las v\u00edas de la civilizaci\u00f3n. En toda la costa se establecen factor\u00edas.","og_url":"https:\/\/batallitas.es\/benito-perez-galdos\/articulo-furor-colonial-y-otros-furores-de-benito-perez-galdos\/","og_site_name":"Cronolog\u00eda de la vida y la obra de Benito P\u00e9rez Gald\u00f3s","article_published_time":"2015-09-04T13:20:00+00:00","og_image":[{"width":1200,"height":630,"url":"https:\/\/batallitas.es\/benito-perez-galdos\/wp-content\/uploads\/2025\/01\/facebook_thumbnail.jpg","type":"image\/jpeg"}],"author":"Benito","twitter_card":"summary_large_image","twitter_misc":{"Escrito por":"Benito","Tiempo de lectura":"4 minutos"},"schema":{"@context":"https:\/\/schema.org","@graph":[{"@type":"WebPage","@id":"https:\/\/batallitas.es\/benito-perez-galdos\/articulo-furor-colonial-y-otros-furores-de-benito-perez-galdos\/","url":"https:\/\/batallitas.es\/benito-perez-galdos\/articulo-furor-colonial-y-otros-furores-de-benito-perez-galdos\/","name":"[Art\u00edculo] Furor colonial y otros furores, de Benito P\u00e9rez Gald\u00f3s - Cronolog\u00eda de la vida y la obra de Benito P\u00e9rez Gald\u00f3s","isPartOf":{"@id":"https:\/\/batallitas.es\/benito-perez-galdos\/#website"},"primaryImageOfPage":{"@id":"https:\/\/batallitas.es\/benito-perez-galdos\/articulo-furor-colonial-y-otros-furores-de-benito-perez-galdos\/#primaryimage"},"image":{"@id":"https:\/\/batallitas.es\/benito-perez-galdos\/articulo-furor-colonial-y-otros-furores-de-benito-perez-galdos\/#primaryimage"},"thumbnailUrl":"","datePublished":"2015-09-04T13:20:00+00:00","dateModified":"2015-09-04T13:20:00+00:00","author":{"@id":"https:\/\/batallitas.es\/benito-perez-galdos\/#\/schema\/person\/2dda07be9325676808524c55b6218a25"},"breadcrumb":{"@id":"https:\/\/batallitas.es\/benito-perez-galdos\/articulo-furor-colonial-y-otros-furores-de-benito-perez-galdos\/#breadcrumb"},"inLanguage":"es","potentialAction":[{"@type":"ReadAction","target":["https:\/\/batallitas.es\/benito-perez-galdos\/articulo-furor-colonial-y-otros-furores-de-benito-perez-galdos\/"]}]},{"@type":"ImageObject","inLanguage":"es","@id":"https:\/\/batallitas.es\/benito-perez-galdos\/articulo-furor-colonial-y-otros-furores-de-benito-perez-galdos\/#primaryimage","url":"","contentUrl":""},{"@type":"BreadcrumbList","@id":"https:\/\/batallitas.es\/benito-perez-galdos\/articulo-furor-colonial-y-otros-furores-de-benito-perez-galdos\/#breadcrumb","itemListElement":[{"@type":"ListItem","position":1,"name":"Portada","item":"https:\/\/batallitas.es\/benito-perez-galdos\/"},{"@type":"ListItem","position":2,"name":"[Art\u00edculo] Furor colonial y otros furores, de Benito P\u00e9rez Gald\u00f3s"}]},{"@type":"WebSite","@id":"https:\/\/batallitas.es\/benito-perez-galdos\/#website","url":"https:\/\/batallitas.es\/benito-perez-galdos\/","name":"Cronolog\u00eda de la vida y la obra de Benito P\u00e9rez Gald\u00f3s","description":"","potentialAction":[{"@type":"SearchAction","target":{"@type":"EntryPoint","urlTemplate":"https:\/\/batallitas.es\/benito-perez-galdos\/?s={search_term_string}"},"query-input":{"@type":"PropertyValueSpecification","valueRequired":true,"valueName":"search_term_string"}}],"inLanguage":"es"},{"@type":"Person","@id":"https:\/\/batallitas.es\/benito-perez-galdos\/#\/schema\/person\/2dda07be9325676808524c55b6218a25","name":"Benito","image":{"@type":"ImageObject","inLanguage":"es","@id":"https:\/\/batallitas.es\/benito-perez-galdos\/#\/schema\/person\/image\/","url":"https:\/\/secure.gravatar.com\/avatar\/8695d643bbae3009794e7fc5797055bb?s=96&d=mm&r=g","contentUrl":"https:\/\/secure.gravatar.com\/avatar\/8695d643bbae3009794e7fc5797055bb?s=96&d=mm&r=g","caption":"Benito"},"sameAs":["https:\/\/batallitas.es\/galdos"],"url":"https:\/\/batallitas.es\/benito-perez-galdos\/author\/benito\/"}]}},"_links":{"self":[{"href":"https:\/\/batallitas.es\/benito-perez-galdos\/wp-json\/wp\/v2\/posts\/8063","targetHints":{"allow":["GET"]}}],"collection":[{"href":"https:\/\/batallitas.es\/benito-perez-galdos\/wp-json\/wp\/v2\/posts"}],"about":[{"href":"https:\/\/batallitas.es\/benito-perez-galdos\/wp-json\/wp\/v2\/types\/post"}],"author":[{"embeddable":true,"href":"https:\/\/batallitas.es\/benito-perez-galdos\/wp-json\/wp\/v2\/users\/1"}],"replies":[{"embeddable":true,"href":"https:\/\/batallitas.es\/benito-perez-galdos\/wp-json\/wp\/v2\/comments?post=8063"}],"version-history":[{"count":0,"href":"https:\/\/batallitas.es\/benito-perez-galdos\/wp-json\/wp\/v2\/posts\/8063\/revisions"}],"wp:featuredmedia":[{"embeddable":true,"href":"https:\/\/batallitas.es\/benito-perez-galdos\/wp-json\/"}],"wp:attachment":[{"href":"https:\/\/batallitas.es\/benito-perez-galdos\/wp-json\/wp\/v2\/media?parent=8063"}],"wp:term":[{"taxonomy":"category","embeddable":true,"href":"https:\/\/batallitas.es\/benito-perez-galdos\/wp-json\/wp\/v2\/categories?post=8063"},{"taxonomy":"post_tag","embeddable":true,"href":"https:\/\/batallitas.es\/benito-perez-galdos\/wp-json\/wp\/v2\/tags?post=8063"}],"curies":[{"name":"wp","href":"https:\/\/api.w.org\/{rel}","templated":true}]}}