{"id":8066,"date":"2015-09-04T15:34:00","date_gmt":"2015-09-04T13:34:00","guid":{"rendered":"http:\/\/ferna.eu\/?p=8066"},"modified":"2015-09-04T15:34:00","modified_gmt":"2015-09-04T13:34:00","slug":"articulo-el-mal-tiempo-y-otros-asuntos-de-benito-perez-galdos","status":"publish","type":"post","link":"https:\/\/batallitas.es\/benito-perez-galdos\/articulo-el-mal-tiempo-y-otros-asuntos-de-benito-perez-galdos\/","title":{"rendered":"[Art\u00edculo] El mal tiempo y otros asuntos, de Benito P\u00e9rez Gald\u00f3s"},"content":{"rendered":"\n<p>Madrid, abril 30 de 1883.<\/p>\n\n\n\n<p>I<\/p>\n\n\n\n<p>No se crea que hablo hoy del tiempo por no tener, como en las visitas acontece, temas substanciosos de que ocuparme. Asuntos hay de no poco inter\u00e9s, y a ellos voy; pero quiero consagrar a los fen\u00f3menos meteorol\u00f3gicos algunas lineas, aunque no sea, sino como protesta contra la insufrible primavera de agua, fr\u00edos, hielos, granizos y a\u00fan nieves, con que ha querido probar nuestra paciencia el cielo despiadado. Porque yo he visto en Madrid primaveras desapacibles, pero como la presente no he visto ninguna. Hay quien cree que en el planeta ha ocurrido un desquiciamiento; que ya no estamos donde est\u00e1bamos, y que a\u00fan hemos de ver mayo. res y m\u00e1s graves perturbaciones atmosf\u00e9ricas. Y, no falta quien relacione esto con los pasados terremotos, sacando a relucir unas teor\u00edas cient\u00edficas muy chuscas. Los que tal piensan, son, justo es decirlo, los mismos que vieron surgir inesperadas islas en las costas de Granada y M\u00e1laga, los que vieron al nevado Mulhacen apabullarse no s\u00e9 cu\u00e1ntos metros, y los que profetizaron que la mar salada llegar\u00eda muy pronto nada menos que hasta Linares, que es lo mismo que hacer desaparecer toda la tierra de Mar\u00eda Sant\u00edsima. No creo en desplazamientos del planeta, ni puedo relacionar los terremotos con la atm\u00f3sfera; pero reconozco que el tiempo que llevamos, es una indignidad, que por muchos pecados que tengamos no merecemos perecer a diluvio lento, como pereciendo estamos desde febrero, y que nos vemos forzados a protestar como madrile\u00f1os y como espa\u00f1oles, contra la inexorable ley que ha convertido nuestra capital en una charca y nuestra primavera en un ingrato y lacrimoso invierno. Porque, creedlo, poco nos falta a los madrile\u00f1os para criar musgo. El paraguas, ese antip\u00e1tico objeto, al cual no s\u00e9 si llamar mueble o prenda o admin\u00edculo, ha venido a ser una prolongaci\u00f3n de nuestras extremidades superiores, algo como un miembro m\u00e1s. Poco ha faltado para que, en vez de coches y tranv\u00edas, nos lleven de una parte a otra canoas y vaporcitos. En fin, que esto no es vivir, que esto es un enga\u00f1o de la naturaleza, y si los humanos hubi\u00e9ramos pagado alguna cuota de admisi\u00f3n al entrar en el mundo, era cosa de que dij\u00e9ramos ahora que nos devolvieran el dinero.<\/p>\n\n\n\n<p>Los efectos de este temporal en la vegetaci\u00f3n, pueden calcularse. Los \u00e1rboles no saben los que les pasa. Ya ten\u00edan todo preparado para vestirse de nuevo, y esta es la hora que ni aun la camisa se han podido poner. Est\u00e1n todos ellos cariacontecidos y mal humorados en los parques y jardines. Algunos hay tan impacientes y de genio tan vivo que contra viento y marea han echado la vestimenta de hojas.<\/p>\n\n\n\n<p>\u00a1Pero buena se les ha puesto! El temporal les ha despojado ofreci\u00e9ndoles desnudos y corridos a las burlas de sus compa\u00f1eros. Nada digo de las flores, porque estas pobres est\u00e1n que no les llega la camisa al cuerpo. Los imprudentes que se lanzaron a la calle sin saber lo que les esperaba, se han encontrado con que todo aquello que los poetas dicen del <em>beso del Sol<\/em> y de la <em>brisa juguetona<\/em> es pura farsa, y ahora salen con que los han enga\u00f1ado. Consternadas se las ve en los macizos de los jardines, hechas unas Magdalenas, si no por lo pecadoras por lo lloronas. El ej\u00e9rcito de virginales y arrogantes lilas, que es la principal gala de Madrid en mes de abril, ha retrasado su entrada. Otros anos se las ve venir de golpe. Aparecen los gallardos racimos todos a un tiempo, y como si obedecieran a una voz de mando, abren simult\u00e1neamente y nos ofrecen un aluvi\u00f3n de fragancia deliciosa y de color pur\u00edsimo. Este a\u00f1o la anarqu\u00eda reina en el interesante mundo de las lilas. La inmensa mayor\u00eda de ellas se han detenido esperando mejor tiempo; pero algunas o por impaciencia o por ese af\u00e1n de distinguirse que se suele ver hasta en lo vegetal, se han echado a la calle. La cosecha ser\u00e1, pues, este a\u00f1o desigual; no veremos el Retiro hecho un inmenso ramillete. Vendr\u00e1n las lilas por tandas o divisiones, y su breve reinado ser\u00e1 menos hermoso.<\/p>\n\n\n\n<p>II<\/p>\n\n\n\n<p>\u00bfY qu\u00e9 dir\u00e9 de los pobres gorriones, esos p\u00e1jaros libres, mendigos, rapaces, y que no obstante, son los m\u00e1s graciosos y quiz\u00e1 los m\u00e1s listos del reino ornitol\u00f3gico?<\/p>\n\n\n\n<p>Tengo vivas simpat\u00edas por estos caballeros, los ratones del aire, que viven del merodeo y la rapi\u00f1a. Su traje no es de los m\u00e1s elegantes; visten de pa\u00f1o pardo, y no se decoran con vistosas o relucientes plumas. Su figura no es muy airosa. Dist\u00ednguense por su agilidad, aunque suelen estar muy gordos, por su buena vida que se dan asaltando graneros, robando semillas y probando todas las frutas y hortalizas tempranas.<\/p>\n\n\n\n<p>Hay en ellos algo del gitano y del pilluelo de las calles. Se adaptan todas las formas de la civilizaci\u00f3n y del salvajismo, por lo cual se les compara a los flexibles y vividores individuos de la familia ratonil.<\/p>\n\n\n\n<p>Lo mismo saquean el jard\u00edn del rico en la opulenta capital, que la pobre mies del aldeano. Cuando<\/p>\n\n\n\n<p>hacen sus nidos, que son los m\u00e1s primitivos del mundo, generalmente compuestos de dos inseguras pajas sobre dos no muy iguales palitroques, echan la garra a todo lo que encuentran. Lo mismo apandan el filamento arrojado en el campo, que la hilacha ca\u00edda del estuche de costura de la se\u00f1ora. Son cosmopolitas. Para ellos no hay climas malos, ni terrenos ingratos, ni casas pobres, ni \u00e1rbol despreciable. Hechos a vivir a costa ajena, o sobre el pa\u00eds, como suele decirse, no se toman a veces el trabajo de hacer nidos, acomod\u00e1ndose muy ricamente en los de las golondrinas; y cuando \u00e9stas vienen y se encuentran sus casas ocupadas, \u00e1rmanse unas marimorenas de mil demonios.<\/p>\n\n\n\n<p>Pues bien; hay que ver a estos caballeros con la horrible temporada que llevamos. Da dolor verles por ah\u00ed sin saber a qu\u00e9 santo encomendarse, con unas caras amilanadas y abatidas que dan compasi\u00f3n. Se guarecen del agua en los huecos de las cornisas, y desde all\u00ed tienden una mirada de angustia a los cielos despiadados y a la tierra h\u00fameda. No s\u00e9 de qu\u00e9 artima\u00f1as se valdr\u00e1n para proporcionarse sustento; pero ellos no han de dejarse perecer. En cuanto clarea un poco, se lanzan en bandas fam\u00e9licas a las calles, y acometen hasta los carros cargados de mercader\u00edas, por ver si hay entre ellas alg\u00fan grano. La paja la revuelven como cosa propia, y, \u00a1ay de la huerta o jard\u00edn en que despunte algo que a ellos les convenga! El arte con que sacan las semillas reci\u00e9n plantadas es un arte admirable; y ya no valen contra ellos esos espantajos y m\u00e1quinas que se usan, remedando la figura humana. Hace tiempo que la clase ha aprendido a despreciar estos mu\u00f1ecos, y se da el caso de profanarlos y vilipendiarlos con toda clase de suciedades.<\/p>\n\n\n\n<p>III<\/p>\n\n\n\n<p>En cuanto a las golondrinas, alegres mensajeras del buen tiempo, basta decir que estamos a fin de abril y todav\u00eda no han venido sino en peque\u00f1as partidas o avanzadas a la descubierta. La dase o colectividad contin\u00faa en la emigraci\u00f3n, esperando sin duda a que las exploradoras digan que se puede pasar. Cuando las golondrinas vienen tard\u00edas, suele ser m\u00e1s frecuente lo de encontrarse sus domicilios ocupados por los audaces y desalmados gorriones; pero \u00e9stos pagan caro a veces su poca verg\u00fcenza. Las golondrinas tienen h\u00e1bitos y modales enteramente contrarios a la de aquellos bandidos. No merodean, no viven sobre el pa\u00eds, no esquilman los campos, huertas y jardines, y en vez de hacer da\u00f1o al agricultor le protegen limpiando el aire de insectos da\u00f1inos. No prueban los vegetales y hacen sus casas de barro. Por esto son tan queridas y respetadas y figuran en las tradiciones populares y consejas piadosas, como seres ben\u00e9ficos. Jam\u00e1s se ar-man trampas contra ellas y su instalaci\u00f3n en el alero de la casa r\u00fastica o del se\u00f1oril palacio se considera siempre de buen ag\u00fcero.<\/p>\n\n\n\n<p>Si se quiere o\u00edr hablar pestes del tiempo de la primavera y de este diluvio lento en que vivimos, no hay m\u00e1s que arrimarse a un grupo de taur\u00f3filos. Llegan hasta la blasfemia y reniegan de la Providencia como si fuera un mal presidente de corrida, merecedor del terrible alarido: <em>\u00a1no lo entiende usted!<\/em> Y sino para blasfemar, l\u00edbrenos Dios, motivos tienen los tales para quejarse, porque no hay cosa m\u00e1s sin gracia que toros con capa. Esta gallarda y siempre alegre fiesta requiere calor, luz. Sin estos elementos f\u00e1ltale animaci\u00f3n, alegr\u00eda y tono. Los toros, entristecidos, no dan juego y prefieren dejarse matar sin lances. Los toreros lo echan todo a barato, y el p\u00fablico, que es el actor m\u00e1s interesante de estas b\u00e1rbaras tragedias, tirita en las gradas. Nada hay m\u00e1s triste que ver capas en los tendidos. La Plaza sin abanicos y naranjas parece recinto adusto donde va a darse una conferencia abogando por la protecci\u00f3n a los animales.<\/p>\n\n\n\n<p>Consol\u00e9monos todos, hombres y gorriones, con que vendr\u00e1 al fin el buen tiempo, aunque tan tarde que a estos d\u00edas glaciales suceda un verano, como suelen serlo los de esta tierra, pegajoso y sofocante. O mucho me enga\u00f1o, o en mayo nos asaremos, y soltaremos esta murria, y habr\u00e1 flores por todas Partes; los \u00e1rboles estar\u00e1n completamente vestidos de gala y habr\u00e1 toros con sol, que es cuanto hay que pedir.<\/p>\n\n\n\n<figure class=\"wp-block-image size-large is-style-default\"><img decoding=\"async\" src=\"http:\/\/ferna.eu\/venture\/wp-content\/uploads\/2020\/05\/firma_galdos.png\" alt=\"\" class=\"wp-image-7968\"\/><\/figure>\n","protected":false},"excerpt":{"rendered":"<p>No se crea que hablo hoy del tiempo por no tener, como en las visitas acontece, temas substanciosos de que ocuparme. Asuntos hay de no poco inter\u00e9s, y a ellos voy; pero quiero consagrar a los fen\u00f3menos meteorol\u00f3gicos algunas lineas, aunque no sea, sino como protesta contra la insufrible primavera de agua, fr\u00edos, hielos, granizos y a\u00fan nieves, con que ha querido probar nuestra paciencia el cielo despiadado.<\/p>\n","protected":false},"author":1,"featured_media":5367,"comment_status":"open","ping_status":"open","sticky":false,"template":"","format":"standard","meta":{"footnotes":""},"categories":[17,3,4,52],"tags":[],"class_list":["post-8066","post","type-post","status-publish","format-standard","has-post-thumbnail","hentry","category-articulo-periodistico","category-benito-perez-galdos","category-bibliografia","category-criticon"],"yoast_head":"<!-- This site is optimized with the Yoast SEO plugin v24.3 - https:\/\/yoast.com\/wordpress\/plugins\/seo\/ -->\n<title>[Art\u00edculo] El mal tiempo y otros asuntos, de Benito P\u00e9rez Gald\u00f3s - Cronolog\u00eda de la vida y la obra de Benito P\u00e9rez Gald\u00f3s<\/title>\n<meta name=\"robots\" content=\"index, follow, max-snippet:-1, max-image-preview:large, max-video-preview:-1\" \/>\n<link rel=\"canonical\" href=\"https:\/\/batallitas.es\/benito-perez-galdos\/articulo-el-mal-tiempo-y-otros-asuntos-de-benito-perez-galdos\/\" \/>\n<meta property=\"og:locale\" content=\"es_ES\" \/>\n<meta property=\"og:type\" content=\"article\" \/>\n<meta property=\"og:title\" content=\"[Art\u00edculo] El mal tiempo y otros asuntos, de Benito P\u00e9rez Gald\u00f3s - Cronolog\u00eda de la vida y la obra de Benito P\u00e9rez Gald\u00f3s\" \/>\n<meta property=\"og:description\" content=\"No se crea que hablo hoy del tiempo por no tener, como en las visitas acontece, temas substanciosos de que ocuparme. Asuntos hay de no poco inter\u00e9s, y a ellos voy; pero quiero consagrar a los fen\u00f3menos meteorol\u00f3gicos algunas lineas, aunque no sea, sino como protesta contra la insufrible primavera de agua, fr\u00edos, hielos, granizos y a\u00fan nieves, con que ha querido probar nuestra paciencia el cielo despiadado.\" \/>\n<meta property=\"og:url\" content=\"https:\/\/batallitas.es\/benito-perez-galdos\/articulo-el-mal-tiempo-y-otros-asuntos-de-benito-perez-galdos\/\" \/>\n<meta property=\"og:site_name\" content=\"Cronolog\u00eda de la vida y la obra de Benito P\u00e9rez Gald\u00f3s\" \/>\n<meta property=\"article:published_time\" content=\"2015-09-04T13:34:00+00:00\" \/>\n<meta property=\"og:image\" content=\"https:\/\/batallitas.es\/benito-perez-galdos\/wp-content\/uploads\/2025\/01\/facebook_thumbnail.jpg\" \/>\n\t<meta property=\"og:image:width\" content=\"1200\" \/>\n\t<meta property=\"og:image:height\" content=\"630\" \/>\n\t<meta property=\"og:image:type\" content=\"image\/jpeg\" \/>\n<meta name=\"author\" content=\"Benito\" \/>\n<meta name=\"twitter:card\" content=\"summary_large_image\" \/>\n<meta name=\"twitter:label1\" content=\"Escrito por\" \/>\n\t<meta name=\"twitter:data1\" content=\"Benito\" \/>\n\t<meta name=\"twitter:label2\" content=\"Tiempo de lectura\" \/>\n\t<meta name=\"twitter:data2\" content=\"8 minutos\" \/>\n<script type=\"application\/ld+json\" class=\"yoast-schema-graph\">{\"@context\":\"https:\/\/schema.org\",\"@graph\":[{\"@type\":\"WebPage\",\"@id\":\"https:\/\/batallitas.es\/benito-perez-galdos\/articulo-el-mal-tiempo-y-otros-asuntos-de-benito-perez-galdos\/\",\"url\":\"https:\/\/batallitas.es\/benito-perez-galdos\/articulo-el-mal-tiempo-y-otros-asuntos-de-benito-perez-galdos\/\",\"name\":\"[Art\u00edculo] El mal tiempo y otros asuntos, de Benito P\u00e9rez Gald\u00f3s - Cronolog\u00eda de la vida y la obra de Benito P\u00e9rez Gald\u00f3s\",\"isPartOf\":{\"@id\":\"https:\/\/batallitas.es\/benito-perez-galdos\/#website\"},\"primaryImageOfPage\":{\"@id\":\"https:\/\/batallitas.es\/benito-perez-galdos\/articulo-el-mal-tiempo-y-otros-asuntos-de-benito-perez-galdos\/#primaryimage\"},\"image\":{\"@id\":\"https:\/\/batallitas.es\/benito-perez-galdos\/articulo-el-mal-tiempo-y-otros-asuntos-de-benito-perez-galdos\/#primaryimage\"},\"thumbnailUrl\":\"\",\"datePublished\":\"2015-09-04T13:34:00+00:00\",\"dateModified\":\"2015-09-04T13:34:00+00:00\",\"author\":{\"@id\":\"https:\/\/batallitas.es\/benito-perez-galdos\/#\/schema\/person\/2dda07be9325676808524c55b6218a25\"},\"breadcrumb\":{\"@id\":\"https:\/\/batallitas.es\/benito-perez-galdos\/articulo-el-mal-tiempo-y-otros-asuntos-de-benito-perez-galdos\/#breadcrumb\"},\"inLanguage\":\"es\",\"potentialAction\":[{\"@type\":\"ReadAction\",\"target\":[\"https:\/\/batallitas.es\/benito-perez-galdos\/articulo-el-mal-tiempo-y-otros-asuntos-de-benito-perez-galdos\/\"]}]},{\"@type\":\"ImageObject\",\"inLanguage\":\"es\",\"@id\":\"https:\/\/batallitas.es\/benito-perez-galdos\/articulo-el-mal-tiempo-y-otros-asuntos-de-benito-perez-galdos\/#primaryimage\",\"url\":\"\",\"contentUrl\":\"\"},{\"@type\":\"BreadcrumbList\",\"@id\":\"https:\/\/batallitas.es\/benito-perez-galdos\/articulo-el-mal-tiempo-y-otros-asuntos-de-benito-perez-galdos\/#breadcrumb\",\"itemListElement\":[{\"@type\":\"ListItem\",\"position\":1,\"name\":\"Portada\",\"item\":\"https:\/\/batallitas.es\/benito-perez-galdos\/\"},{\"@type\":\"ListItem\",\"position\":2,\"name\":\"[Art\u00edculo] El mal tiempo y otros asuntos, de Benito P\u00e9rez Gald\u00f3s\"}]},{\"@type\":\"WebSite\",\"@id\":\"https:\/\/batallitas.es\/benito-perez-galdos\/#website\",\"url\":\"https:\/\/batallitas.es\/benito-perez-galdos\/\",\"name\":\"Cronolog\u00eda de la vida y la obra de Benito P\u00e9rez Gald\u00f3s\",\"description\":\"\",\"potentialAction\":[{\"@type\":\"SearchAction\",\"target\":{\"@type\":\"EntryPoint\",\"urlTemplate\":\"https:\/\/batallitas.es\/benito-perez-galdos\/?s={search_term_string}\"},\"query-input\":{\"@type\":\"PropertyValueSpecification\",\"valueRequired\":true,\"valueName\":\"search_term_string\"}}],\"inLanguage\":\"es\"},{\"@type\":\"Person\",\"@id\":\"https:\/\/batallitas.es\/benito-perez-galdos\/#\/schema\/person\/2dda07be9325676808524c55b6218a25\",\"name\":\"Benito\",\"image\":{\"@type\":\"ImageObject\",\"inLanguage\":\"es\",\"@id\":\"https:\/\/batallitas.es\/benito-perez-galdos\/#\/schema\/person\/image\/\",\"url\":\"https:\/\/secure.gravatar.com\/avatar\/8695d643bbae3009794e7fc5797055bb?s=96&d=mm&r=g\",\"contentUrl\":\"https:\/\/secure.gravatar.com\/avatar\/8695d643bbae3009794e7fc5797055bb?s=96&d=mm&r=g\",\"caption\":\"Benito\"},\"sameAs\":[\"https:\/\/batallitas.es\/galdos\"],\"url\":\"https:\/\/batallitas.es\/benito-perez-galdos\/author\/benito\/\"}]}<\/script>\n<!-- \/ Yoast SEO plugin. -->","yoast_head_json":{"title":"[Art\u00edculo] El mal tiempo y otros asuntos, de Benito P\u00e9rez Gald\u00f3s - Cronolog\u00eda de la vida y la obra de Benito P\u00e9rez Gald\u00f3s","robots":{"index":"index","follow":"follow","max-snippet":"max-snippet:-1","max-image-preview":"max-image-preview:large","max-video-preview":"max-video-preview:-1"},"canonical":"https:\/\/batallitas.es\/benito-perez-galdos\/articulo-el-mal-tiempo-y-otros-asuntos-de-benito-perez-galdos\/","og_locale":"es_ES","og_type":"article","og_title":"[Art\u00edculo] El mal tiempo y otros asuntos, de Benito P\u00e9rez Gald\u00f3s - Cronolog\u00eda de la vida y la obra de Benito P\u00e9rez Gald\u00f3s","og_description":"No se crea que hablo hoy del tiempo por no tener, como en las visitas acontece, temas substanciosos de que ocuparme. Asuntos hay de no poco inter\u00e9s, y a ellos voy; pero quiero consagrar a los fen\u00f3menos meteorol\u00f3gicos algunas lineas, aunque no sea, sino como protesta contra la insufrible primavera de agua, fr\u00edos, hielos, granizos y a\u00fan nieves, con que ha querido probar nuestra paciencia el cielo despiadado.","og_url":"https:\/\/batallitas.es\/benito-perez-galdos\/articulo-el-mal-tiempo-y-otros-asuntos-de-benito-perez-galdos\/","og_site_name":"Cronolog\u00eda de la vida y la obra de Benito P\u00e9rez Gald\u00f3s","article_published_time":"2015-09-04T13:34:00+00:00","og_image":[{"width":1200,"height":630,"url":"https:\/\/batallitas.es\/benito-perez-galdos\/wp-content\/uploads\/2025\/01\/facebook_thumbnail.jpg","type":"image\/jpeg"}],"author":"Benito","twitter_card":"summary_large_image","twitter_misc":{"Escrito por":"Benito","Tiempo de lectura":"8 minutos"},"schema":{"@context":"https:\/\/schema.org","@graph":[{"@type":"WebPage","@id":"https:\/\/batallitas.es\/benito-perez-galdos\/articulo-el-mal-tiempo-y-otros-asuntos-de-benito-perez-galdos\/","url":"https:\/\/batallitas.es\/benito-perez-galdos\/articulo-el-mal-tiempo-y-otros-asuntos-de-benito-perez-galdos\/","name":"[Art\u00edculo] El mal tiempo y otros asuntos, de Benito P\u00e9rez Gald\u00f3s - Cronolog\u00eda de la vida y la obra de Benito P\u00e9rez Gald\u00f3s","isPartOf":{"@id":"https:\/\/batallitas.es\/benito-perez-galdos\/#website"},"primaryImageOfPage":{"@id":"https:\/\/batallitas.es\/benito-perez-galdos\/articulo-el-mal-tiempo-y-otros-asuntos-de-benito-perez-galdos\/#primaryimage"},"image":{"@id":"https:\/\/batallitas.es\/benito-perez-galdos\/articulo-el-mal-tiempo-y-otros-asuntos-de-benito-perez-galdos\/#primaryimage"},"thumbnailUrl":"","datePublished":"2015-09-04T13:34:00+00:00","dateModified":"2015-09-04T13:34:00+00:00","author":{"@id":"https:\/\/batallitas.es\/benito-perez-galdos\/#\/schema\/person\/2dda07be9325676808524c55b6218a25"},"breadcrumb":{"@id":"https:\/\/batallitas.es\/benito-perez-galdos\/articulo-el-mal-tiempo-y-otros-asuntos-de-benito-perez-galdos\/#breadcrumb"},"inLanguage":"es","potentialAction":[{"@type":"ReadAction","target":["https:\/\/batallitas.es\/benito-perez-galdos\/articulo-el-mal-tiempo-y-otros-asuntos-de-benito-perez-galdos\/"]}]},{"@type":"ImageObject","inLanguage":"es","@id":"https:\/\/batallitas.es\/benito-perez-galdos\/articulo-el-mal-tiempo-y-otros-asuntos-de-benito-perez-galdos\/#primaryimage","url":"","contentUrl":""},{"@type":"BreadcrumbList","@id":"https:\/\/batallitas.es\/benito-perez-galdos\/articulo-el-mal-tiempo-y-otros-asuntos-de-benito-perez-galdos\/#breadcrumb","itemListElement":[{"@type":"ListItem","position":1,"name":"Portada","item":"https:\/\/batallitas.es\/benito-perez-galdos\/"},{"@type":"ListItem","position":2,"name":"[Art\u00edculo] El mal tiempo y otros asuntos, de Benito P\u00e9rez Gald\u00f3s"}]},{"@type":"WebSite","@id":"https:\/\/batallitas.es\/benito-perez-galdos\/#website","url":"https:\/\/batallitas.es\/benito-perez-galdos\/","name":"Cronolog\u00eda de la vida y la obra de Benito P\u00e9rez Gald\u00f3s","description":"","potentialAction":[{"@type":"SearchAction","target":{"@type":"EntryPoint","urlTemplate":"https:\/\/batallitas.es\/benito-perez-galdos\/?s={search_term_string}"},"query-input":{"@type":"PropertyValueSpecification","valueRequired":true,"valueName":"search_term_string"}}],"inLanguage":"es"},{"@type":"Person","@id":"https:\/\/batallitas.es\/benito-perez-galdos\/#\/schema\/person\/2dda07be9325676808524c55b6218a25","name":"Benito","image":{"@type":"ImageObject","inLanguage":"es","@id":"https:\/\/batallitas.es\/benito-perez-galdos\/#\/schema\/person\/image\/","url":"https:\/\/secure.gravatar.com\/avatar\/8695d643bbae3009794e7fc5797055bb?s=96&d=mm&r=g","contentUrl":"https:\/\/secure.gravatar.com\/avatar\/8695d643bbae3009794e7fc5797055bb?s=96&d=mm&r=g","caption":"Benito"},"sameAs":["https:\/\/batallitas.es\/galdos"],"url":"https:\/\/batallitas.es\/benito-perez-galdos\/author\/benito\/"}]}},"_links":{"self":[{"href":"https:\/\/batallitas.es\/benito-perez-galdos\/wp-json\/wp\/v2\/posts\/8066","targetHints":{"allow":["GET"]}}],"collection":[{"href":"https:\/\/batallitas.es\/benito-perez-galdos\/wp-json\/wp\/v2\/posts"}],"about":[{"href":"https:\/\/batallitas.es\/benito-perez-galdos\/wp-json\/wp\/v2\/types\/post"}],"author":[{"embeddable":true,"href":"https:\/\/batallitas.es\/benito-perez-galdos\/wp-json\/wp\/v2\/users\/1"}],"replies":[{"embeddable":true,"href":"https:\/\/batallitas.es\/benito-perez-galdos\/wp-json\/wp\/v2\/comments?post=8066"}],"version-history":[{"count":0,"href":"https:\/\/batallitas.es\/benito-perez-galdos\/wp-json\/wp\/v2\/posts\/8066\/revisions"}],"wp:featuredmedia":[{"embeddable":true,"href":"https:\/\/batallitas.es\/benito-perez-galdos\/wp-json\/"}],"wp:attachment":[{"href":"https:\/\/batallitas.es\/benito-perez-galdos\/wp-json\/wp\/v2\/media?parent=8066"}],"wp:term":[{"taxonomy":"category","embeddable":true,"href":"https:\/\/batallitas.es\/benito-perez-galdos\/wp-json\/wp\/v2\/categories?post=8066"},{"taxonomy":"post_tag","embeddable":true,"href":"https:\/\/batallitas.es\/benito-perez-galdos\/wp-json\/wp\/v2\/tags?post=8066"}],"curies":[{"name":"wp","href":"https:\/\/api.w.org\/{rel}","templated":true}]}}