{"id":8079,"date":"2017-01-02T12:09:00","date_gmt":"2017-01-02T11:09:00","guid":{"rendered":"http:\/\/ferna.eu\/?p=8079"},"modified":"2017-01-02T12:09:00","modified_gmt":"2017-01-02T11:09:00","slug":"libro-cronicon-de-benito-perez-galdos","status":"publish","type":"post","link":"https:\/\/batallitas.es\/benito-perez-galdos\/libro-cronicon-de-benito-perez-galdos\/","title":{"rendered":"[Libro] Cronic\u00f3n, de Benito P\u00e9rez Gald\u00f3s"},"content":{"rendered":"\n<p><strong>Volumen I (1883-1886)<\/strong><\/p>\n\n\n\n<p><a href=\"http:\/\/ferna.eu\/venture\/2014\/06\/articulo-visiones-y-profecias-de-benito-perez-galdos\/\">Visiones y profec\u00edas<\/a><\/p>\n\n\n\n<p><a href=\"http:\/\/ferna.eu\/venture\/2014\/07\/articulo-el-hijo-de-ganges-de-benito-perez-galdos\/\">El hijo del Ganges<\/a><\/p>\n\n\n\n<p><a href=\"http:\/\/ferna.eu\/venture\/2014\/08\/articulo-intereses-civiles-y-eclesiasticos-de-benito-perez-galdos\/\">Intereses civiles y ecl\u00e9si\u00e1sticos<\/a><\/p>\n\n\n\n<p><a href=\"http:\/\/ferna.eu\/venture\/2014\/09\/articulo-un-duelo-cientifico-de-benito-perez-galdos\/\">Un duelo cient\u00edfico<\/a><\/p>\n\n\n\n<p><a href=\"http:\/\/ferna.eu\/venture\/2014\/10\/articulo-colonias-africanas-benito-perez-galdos\/\">Colonias africanas<\/a><\/p>\n\n\n\n<p><a href=\"http:\/\/ferna.eu\/venture\/2014\/11\/articulo-cuba-filipinas-de-benito-perez-galdos\/\">Cuba-Filipinas<\/a><\/p>\n\n\n\n<p><a href=\"http:\/\/ferna.eu\/venture\/2014\/12\/articulo-precauciones-sanitarias-de-benito-perez-galdos\/\">Precauciones sanitarias<\/a><\/p>\n\n\n\n<p> <a href=\"http:\/\/ferna.eu\/venture\/2015\/01\/articulo-cosas-del-codigo-de-benito-perez-galdos\/\">Cosas del C\u00f3digo<\/a><\/p>\n\n\n\n<p><a href=\"http:\/\/ferna.eu\/venture\/2015\/02\/enfermedad-rey-articulo-benito-perez-galdos\/\">La enfermedad del rey<\/a><\/p>\n\n\n\n<p><a href=\"http:\/\/ferna.eu\/venture\/2015\/03\/articulo-la-cuestion-de-los-estudiantes-y-otras-cuestiones-de-benito-perez-galdos\/\">La cuesti\u00f3n de los estudiantes y otras cuestiones<\/a><\/p>\n\n\n\n<p><a href=\"http:\/\/ferna.eu\/venture\/2015\/04\/articulo-aniversarios-y-centenarios-de-benito-perez-galdos\/\">Aniversarios y centenarios<\/a><\/p>\n\n\n\n<p><a href=\"http:\/\/ferna.eu\/venture\/2015\/05\/articulo-fenomenos-sismologicos-de-benito-perez-galdos\/\">Fen\u00f3menos sismol\u00f3gicos<\/a><\/p>\n\n\n\n<p><a href=\"http:\/\/ferna.eu\/venture\/2015\/07\/articulos-sesiones-tumultuosas-de-benito-perez-galdos\/\">Sesiones tumultuosas<\/a><\/p>\n\n\n\n<p><a href=\"http:\/\/ferna.eu\/venture\/2015\/08\/articulo-la-cuestion-social-de-benito-perez-galdos\/\">La cuesti\u00f3n social<\/a><\/p>\n\n\n\n<p><a href=\"http:\/\/ferna.eu\/venture\/2015\/09\/articulo-furor-colonial-y-otros-furores-de-benito-perez-galdos\/\">Furor colonial y otros furores<\/a><\/p>\n\n\n\n<p><a href=\"http:\/\/ferna.eu\/venture\/2015\/09\/articulo-el-mal-tiempo-y-otros-asuntos-de-benito-perez-galdos\/\">El mal tiempo y otros asuntos<\/a><\/p>\n\n\n\n<p><a href=\"http:\/\/ferna.eu\/venture\/2015\/10\/articulo-el-conflicto-anglo-ruso-de-benito-perez-galdos\/\">El conflicto anglo-ruso<\/a><\/p>\n\n\n\n<p><a href=\"http:\/\/ferna.eu\/venture\/2015\/11\/articulo-un-enemigo-del-colera-de-benito-perez-galdos\/\">Un enemigo del c\u00f3lera<\/a><\/p>\n\n\n\n<p><a href=\"http:\/\/ferna.eu\/venture\/2015\/12\/articulo-la-especulacion-del-miedo-de-benito-perez-galdos\/\">La especulaci\u00f3n del miedo<\/a><\/p>\n\n\n\n<p><a href=\"http:\/\/ferna.eu\/venture\/2016\/01\/articulo-epidemias-y-crisis-de-benito-perez-galdos\/\">Epidemias y crisis<\/a><\/p>\n\n\n\n<p><a href=\"http:\/\/ferna.eu\/venture\/2016\/02\/articulo-un-viaje-real-de-benito-perez-galdos\/\">Un viaje real<\/a><\/p>\n\n\n\n<p><a href=\"http:\/\/ferna.eu\/venture\/2016\/03\/articulo-panico-colectivo-de-benito-perez-galdos\/\">P\u00e1nico colectivo<\/a><\/p>\n\n\n\n<p><a href=\"http:\/\/ferna.eu\/venture\/2016\/04\/articulo-el-colera-y-la-politica-de-benito-perez-galdos\/\">El c\u00f3lera y la pol\u00edtica<\/a><\/p>\n\n\n\n<p><a href=\"http:\/\/ferna.eu\/venture\/2016\/05\/articulo-topete-de-benito-perez-galdos\/\">Topete<\/a><\/p>\n\n\n\n<p><a href=\"http:\/\/ferna.eu\/venture\/2016\/06\/articulo-alrededor-de-una-enciclica-de-benito-perez-galdos\/\">Alrededor de una enc\u00edclica<\/a><\/p>\n\n\n\n<p><a href=\"http:\/\/ferna.eu\/venture\/2016\/07\/articulo-serrano-de-benito-perez-galdos\/\">Serrano<\/a><\/p>\n\n\n\n<p><a href=\"http:\/\/ferna.eu\/venture\/2016\/08\/articulo-funerales-de-un-rey-de-benito-perez-galdos\/\">Funerales de un rey<\/a><\/p>\n\n\n\n<p><a href=\"http:\/\/ferna.eu\/venture\/2016\/11\/articulo-muerte-del-rey-don-fernando-de-portugal-de-benito-perez-galdos\/\">Muerte del rey don Fernando de Portugal<\/a><\/p>\n\n\n\n<p><a href=\"http:\/\/ferna.eu\/venture\/2016\/12\/articulo-fin-del-ano-1885-de-benito-perez-galdos\/\">Fin del a\u00f1o 1885<\/a><\/p>\n\n\n\n<p><strong>Volumen II<\/strong> <strong>(1886-1890)<\/strong><\/p>\n\n\n\n<p><a href=\"http:\/\/ferna.eu\/venture\/2011\/03\/articulo-santo-modernos-de-benito-perez-galdos\/\">Santos modernos<\/a><\/p>\n\n\n\n<p><a href=\"http:\/\/ferna.eu\/venture\/2011\/04\/articulo-cosas-de-principes-de-benito-perez-galdos\/\">Cosas de pr\u00edncipes<\/a><\/p>\n\n\n\n<p><a href=\"http:\/\/ferna.eu\/venture\/2011\/05\/articulo-la-guerra-europea-de-benito-perez-galdos\/\">La guerra europea<\/a><\/p>\n\n\n\n<p><a href=\"http:\/\/ferna.eu\/venture\/2011\/06\/articulo-arte-filipino-de-benito-perez-galdos\/\">Arte filipino<\/a><\/p>\n\n\n\n<p><a href=\"http:\/\/ferna.eu\/venture\/2011\/07\/articulo-fuera-de-espana-de-benito-perez-galdos\/\">Fuera de Espa\u00f1a<\/a><\/p>\n\n\n\n<p><a href=\"http:\/\/ferna.eu\/venture\/2011\/07\/articulo-fuera-de-espana-de-benito-perez-galdos\/\">Pol\u00edtica francesa<\/a><\/p>\n\n\n\n<p><a href=\"http:\/\/ferna.eu\/venture\/2013\/05\/articulo-don-alvaro-de-bazan-de-benito-perez-galdos\/\">Don Alvaro de Baz\u00e1n<\/a><\/p>\n\n\n\n<p><a href=\"http:\/\/ferna.eu\/venture\/2013\/06\/articulo-alemania-y-francia-de-benito-perez-galdos\/\">Alemania y Francia<\/a><\/p>\n\n\n\n<p><a href=\"http:\/\/ferna.eu\/venture\/2020\/05\/articulo-el-crimen-de-la-calle-fuencarral-de-benito-perez-galdos\/\">El crimen de la calle de Fuencarral<\/a><\/p>\n\n\n\n<p><a href=\"http:\/\/ferna.eu\/venture\/2013\/07\/articulo-el-crimen-del-padre-galeote-de-benito-perez-galdos\/\">El crimen del cura Galeote<\/a><\/p>\n\n\n\n<p><a href=\"http:\/\/ferna.eu\/venture\/2013\/08\/articulo-el-bandido-melgares-de-benito-perez-galdos\/\">El bandido Melgares<\/a><\/p>\n\n\n\n<p><a href=\"http:\/\/ferna.eu\/venture\/2013\/09\/articulo-el-submarino-peral-de-benito-perez-galdos\/\">El submarino Peral<\/a><\/p>\n\n\n\n<p><a href=\"http:\/\/ferna.eu\/venture\/2013\/10\/articulo-un-drama-de-amor-de-benito-perez-galdos\/\">Un drama de amor<\/a><\/p>\n\n\n\n<p><a href=\"http:\/\/ferna.eu\/venture\/2013\/11\/articulo-el-suicidio-de-pigott-de-benito-perez-galdos\/\">El suicidio de Pegot<\/a><\/p>\n\n\n\n<p><a href=\"http:\/\/ferna.eu\/venture\/2013\/12\/articulo-la-exposicion-de-paris\/\">La Exposici\u00f3n de Par\u00eds<\/a><\/p>\n\n\n\n<p><a href=\"http:\/\/ferna.eu\/venture\/2014\/01\/articulo-eduardo-gasset-y-artime-de-benito-perez-galdos\/\">Eduardo Gasset y Artime<\/a><\/p>\n\n\n\n<p><a href=\"http:\/\/ferna.eu\/venture\/2014\/02\/la-gripe-en-madrid-de-benito-perez-galdos\/\">La gripe en Madrid<\/a><\/p>\n\n\n\n<p><a href=\"http:\/\/ferna.eu\/venture\/2014\/03\/articulo-alemania-y-la-cuestion-socialista-de-benito-perez-galdos\/\">Alemania y la cuesti\u00f3n socialista<\/a><\/p>\n\n\n\n<p><a href=\"http:\/\/ferna.eu\/venture\/2014\/05\/articulo-la-dimision-de-bismarck-de-benito-perez-galdos\/\">La dimisi\u00f3n de Bismarck<\/a><\/p>\n\n\n","protected":false},"excerpt":{"rendered":"<p>En los textos recogidos en el \u00abCronic\u00f3n (1883-1886)\u00bb y \u00abCronic\u00f3n (1886-1890)\u00bb Gald\u00f3s realiza varias cr\u00f3nicas sobre diversos temas de la actualidad espa\u00f1ola.<\/p>\n","protected":false},"author":1,"featured_media":0,"comment_status":"open","ping_status":"open","sticky":false,"template":"","format":"standard","meta":{"footnotes":""},"categories":[17,3,4,52,6],"tags":[],"class_list":["post-8079","post","type-post","status-publish","format-standard","hentry","category-articulo-periodistico","category-benito-perez-galdos","category-bibliografia","category-criticon","category-libro"],"yoast_head":"<!-- This site is optimized with the Yoast SEO plugin v24.3 - https:\/\/yoast.com\/wordpress\/plugins\/seo\/ -->\n<title>[Libro] Cronic\u00f3n, de Benito P\u00e9rez Gald\u00f3s - Cronolog\u00eda de la vida y la obra de Benito P\u00e9rez Gald\u00f3s<\/title>\n<meta name=\"robots\" content=\"index, follow, max-snippet:-1, max-image-preview:large, max-video-preview:-1\" \/>\n<link rel=\"canonical\" href=\"https:\/\/batallitas.es\/benito-perez-galdos\/libro-cronicon-de-benito-perez-galdos\/\" \/>\n<meta property=\"og:locale\" content=\"es_ES\" \/>\n<meta property=\"og:type\" content=\"article\" \/>\n<meta property=\"og:title\" content=\"[Libro] Cronic\u00f3n, de Benito P\u00e9rez Gald\u00f3s - Cronolog\u00eda de la vida y la obra de Benito P\u00e9rez Gald\u00f3s\" \/>\n<meta property=\"og:description\" content=\"En los textos recogidos en el \u00abCronic\u00f3n (1883-1886)\u00bb y \u00abCronic\u00f3n (1886-1890)\u00bb Gald\u00f3s realiza varias cr\u00f3nicas sobre diversos temas de la actualidad espa\u00f1ola.\" \/>\n<meta property=\"og:url\" content=\"https:\/\/batallitas.es\/benito-perez-galdos\/libro-cronicon-de-benito-perez-galdos\/\" \/>\n<meta property=\"og:site_name\" content=\"Cronolog\u00eda de la vida y la obra de Benito P\u00e9rez Gald\u00f3s\" \/>\n<meta property=\"article:published_time\" content=\"2017-01-02T11:09:00+00:00\" \/>\n<meta property=\"og:image\" content=\"https:\/\/batallitas.es\/benito-perez-galdos\/wp-content\/uploads\/2025\/01\/facebook_thumbnail.jpg\" \/>\n\t<meta property=\"og:image:width\" content=\"1200\" \/>\n\t<meta property=\"og:image:height\" content=\"630\" \/>\n\t<meta property=\"og:image:type\" content=\"image\/jpeg\" \/>\n<meta name=\"author\" content=\"Benito\" \/>\n<meta name=\"twitter:card\" content=\"summary_large_image\" \/>\n<meta name=\"twitter:label1\" content=\"Escrito por\" \/>\n\t<meta name=\"twitter:data1\" content=\"Benito\" \/>\n\t<meta name=\"twitter:label2\" content=\"Tiempo de lectura\" \/>\n\t<meta name=\"twitter:data2\" content=\"1 minuto\" \/>\n<script type=\"application\/ld+json\" class=\"yoast-schema-graph\">{\"@context\":\"https:\/\/schema.org\",\"@graph\":[{\"@type\":\"WebPage\",\"@id\":\"https:\/\/batallitas.es\/benito-perez-galdos\/libro-cronicon-de-benito-perez-galdos\/\",\"url\":\"https:\/\/batallitas.es\/benito-perez-galdos\/libro-cronicon-de-benito-perez-galdos\/\",\"name\":\"[Libro] Cronic\u00f3n, de Benito P\u00e9rez Gald\u00f3s - Cronolog\u00eda de la vida y la obra de Benito P\u00e9rez Gald\u00f3s\",\"isPartOf\":{\"@id\":\"https:\/\/batallitas.es\/benito-perez-galdos\/#website\"},\"datePublished\":\"2017-01-02T11:09:00+00:00\",\"dateModified\":\"2017-01-02T11:09:00+00:00\",\"author\":{\"@id\":\"https:\/\/batallitas.es\/benito-perez-galdos\/#\/schema\/person\/2dda07be9325676808524c55b6218a25\"},\"breadcrumb\":{\"@id\":\"https:\/\/batallitas.es\/benito-perez-galdos\/libro-cronicon-de-benito-perez-galdos\/#breadcrumb\"},\"inLanguage\":\"es\",\"potentialAction\":[{\"@type\":\"ReadAction\",\"target\":[\"https:\/\/batallitas.es\/benito-perez-galdos\/libro-cronicon-de-benito-perez-galdos\/\"]}]},{\"@type\":\"BreadcrumbList\",\"@id\":\"https:\/\/batallitas.es\/benito-perez-galdos\/libro-cronicon-de-benito-perez-galdos\/#breadcrumb\",\"itemListElement\":[{\"@type\":\"ListItem\",\"position\":1,\"name\":\"Portada\",\"item\":\"https:\/\/batallitas.es\/benito-perez-galdos\/\"},{\"@type\":\"ListItem\",\"position\":2,\"name\":\"[Libro] Cronic\u00f3n, de Benito P\u00e9rez Gald\u00f3s\"}]},{\"@type\":\"WebSite\",\"@id\":\"https:\/\/batallitas.es\/benito-perez-galdos\/#website\",\"url\":\"https:\/\/batallitas.es\/benito-perez-galdos\/\",\"name\":\"Cronolog\u00eda de la vida y la obra de Benito P\u00e9rez Gald\u00f3s\",\"description\":\"\",\"potentialAction\":[{\"@type\":\"SearchAction\",\"target\":{\"@type\":\"EntryPoint\",\"urlTemplate\":\"https:\/\/batallitas.es\/benito-perez-galdos\/?s={search_term_string}\"},\"query-input\":{\"@type\":\"PropertyValueSpecification\",\"valueRequired\":true,\"valueName\":\"search_term_string\"}}],\"inLanguage\":\"es\"},{\"@type\":\"Person\",\"@id\":\"https:\/\/batallitas.es\/benito-perez-galdos\/#\/schema\/person\/2dda07be9325676808524c55b6218a25\",\"name\":\"Benito\",\"image\":{\"@type\":\"ImageObject\",\"inLanguage\":\"es\",\"@id\":\"https:\/\/batallitas.es\/benito-perez-galdos\/#\/schema\/person\/image\/\",\"url\":\"https:\/\/secure.gravatar.com\/avatar\/8695d643bbae3009794e7fc5797055bb?s=96&d=mm&r=g\",\"contentUrl\":\"https:\/\/secure.gravatar.com\/avatar\/8695d643bbae3009794e7fc5797055bb?s=96&d=mm&r=g\",\"caption\":\"Benito\"},\"sameAs\":[\"https:\/\/batallitas.es\/galdos\"],\"url\":\"https:\/\/batallitas.es\/benito-perez-galdos\/author\/benito\/\"}]}<\/script>\n<!-- \/ Yoast SEO plugin. -->","yoast_head_json":{"title":"[Libro] Cronic\u00f3n, de Benito P\u00e9rez Gald\u00f3s - Cronolog\u00eda de la vida y la obra de Benito P\u00e9rez Gald\u00f3s","robots":{"index":"index","follow":"follow","max-snippet":"max-snippet:-1","max-image-preview":"max-image-preview:large","max-video-preview":"max-video-preview:-1"},"canonical":"https:\/\/batallitas.es\/benito-perez-galdos\/libro-cronicon-de-benito-perez-galdos\/","og_locale":"es_ES","og_type":"article","og_title":"[Libro] Cronic\u00f3n, de Benito P\u00e9rez Gald\u00f3s - Cronolog\u00eda de la vida y la obra de Benito P\u00e9rez Gald\u00f3s","og_description":"En los textos recogidos en el \u00abCronic\u00f3n (1883-1886)\u00bb y \u00abCronic\u00f3n (1886-1890)\u00bb Gald\u00f3s realiza varias cr\u00f3nicas sobre diversos temas de la actualidad espa\u00f1ola.","og_url":"https:\/\/batallitas.es\/benito-perez-galdos\/libro-cronicon-de-benito-perez-galdos\/","og_site_name":"Cronolog\u00eda de la vida y la obra de Benito P\u00e9rez Gald\u00f3s","article_published_time":"2017-01-02T11:09:00+00:00","og_image":[{"width":1200,"height":630,"url":"https:\/\/batallitas.es\/benito-perez-galdos\/wp-content\/uploads\/2025\/01\/facebook_thumbnail.jpg","type":"image\/jpeg"}],"author":"Benito","twitter_card":"summary_large_image","twitter_misc":{"Escrito por":"Benito","Tiempo de lectura":"1 minuto"},"schema":{"@context":"https:\/\/schema.org","@graph":[{"@type":"WebPage","@id":"https:\/\/batallitas.es\/benito-perez-galdos\/libro-cronicon-de-benito-perez-galdos\/","url":"https:\/\/batallitas.es\/benito-perez-galdos\/libro-cronicon-de-benito-perez-galdos\/","name":"[Libro] Cronic\u00f3n, de Benito P\u00e9rez Gald\u00f3s - Cronolog\u00eda de la vida y la obra de Benito P\u00e9rez Gald\u00f3s","isPartOf":{"@id":"https:\/\/batallitas.es\/benito-perez-galdos\/#website"},"datePublished":"2017-01-02T11:09:00+00:00","dateModified":"2017-01-02T11:09:00+00:00","author":{"@id":"https:\/\/batallitas.es\/benito-perez-galdos\/#\/schema\/person\/2dda07be9325676808524c55b6218a25"},"breadcrumb":{"@id":"https:\/\/batallitas.es\/benito-perez-galdos\/libro-cronicon-de-benito-perez-galdos\/#breadcrumb"},"inLanguage":"es","potentialAction":[{"@type":"ReadAction","target":["https:\/\/batallitas.es\/benito-perez-galdos\/libro-cronicon-de-benito-perez-galdos\/"]}]},{"@type":"BreadcrumbList","@id":"https:\/\/batallitas.es\/benito-perez-galdos\/libro-cronicon-de-benito-perez-galdos\/#breadcrumb","itemListElement":[{"@type":"ListItem","position":1,"name":"Portada","item":"https:\/\/batallitas.es\/benito-perez-galdos\/"},{"@type":"ListItem","position":2,"name":"[Libro] Cronic\u00f3n, de Benito P\u00e9rez Gald\u00f3s"}]},{"@type":"WebSite","@id":"https:\/\/batallitas.es\/benito-perez-galdos\/#website","url":"https:\/\/batallitas.es\/benito-perez-galdos\/","name":"Cronolog\u00eda de la vida y la obra de Benito P\u00e9rez Gald\u00f3s","description":"","potentialAction":[{"@type":"SearchAction","target":{"@type":"EntryPoint","urlTemplate":"https:\/\/batallitas.es\/benito-perez-galdos\/?s={search_term_string}"},"query-input":{"@type":"PropertyValueSpecification","valueRequired":true,"valueName":"search_term_string"}}],"inLanguage":"es"},{"@type":"Person","@id":"https:\/\/batallitas.es\/benito-perez-galdos\/#\/schema\/person\/2dda07be9325676808524c55b6218a25","name":"Benito","image":{"@type":"ImageObject","inLanguage":"es","@id":"https:\/\/batallitas.es\/benito-perez-galdos\/#\/schema\/person\/image\/","url":"https:\/\/secure.gravatar.com\/avatar\/8695d643bbae3009794e7fc5797055bb?s=96&d=mm&r=g","contentUrl":"https:\/\/secure.gravatar.com\/avatar\/8695d643bbae3009794e7fc5797055bb?s=96&d=mm&r=g","caption":"Benito"},"sameAs":["https:\/\/batallitas.es\/galdos"],"url":"https:\/\/batallitas.es\/benito-perez-galdos\/author\/benito\/"}]}},"_links":{"self":[{"href":"https:\/\/batallitas.es\/benito-perez-galdos\/wp-json\/wp\/v2\/posts\/8079","targetHints":{"allow":["GET"]}}],"collection":[{"href":"https:\/\/batallitas.es\/benito-perez-galdos\/wp-json\/wp\/v2\/posts"}],"about":[{"href":"https:\/\/batallitas.es\/benito-perez-galdos\/wp-json\/wp\/v2\/types\/post"}],"author":[{"embeddable":true,"href":"https:\/\/batallitas.es\/benito-perez-galdos\/wp-json\/wp\/v2\/users\/1"}],"replies":[{"embeddable":true,"href":"https:\/\/batallitas.es\/benito-perez-galdos\/wp-json\/wp\/v2\/comments?post=8079"}],"version-history":[{"count":0,"href":"https:\/\/batallitas.es\/benito-perez-galdos\/wp-json\/wp\/v2\/posts\/8079\/revisions"}],"wp:attachment":[{"href":"https:\/\/batallitas.es\/benito-perez-galdos\/wp-json\/wp\/v2\/media?parent=8079"}],"wp:term":[{"taxonomy":"category","embeddable":true,"href":"https:\/\/batallitas.es\/benito-perez-galdos\/wp-json\/wp\/v2\/categories?post=8079"},{"taxonomy":"post_tag","embeddable":true,"href":"https:\/\/batallitas.es\/benito-perez-galdos\/wp-json\/wp\/v2\/tags?post=8079"}],"curies":[{"name":"wp","href":"https:\/\/api.w.org\/{rel}","templated":true}]}}