{"id":8113,"date":"2016-12-06T09:23:00","date_gmt":"2016-12-06T08:23:00","guid":{"rendered":"http:\/\/ferna.eu\/?p=8113"},"modified":"2016-12-06T09:23:00","modified_gmt":"2016-12-06T08:23:00","slug":"articulo-fin-del-ano-1885-de-benito-perez-galdos","status":"publish","type":"post","link":"https:\/\/batallitas.es\/benito-perez-galdos\/articulo-fin-del-ano-1885-de-benito-perez-galdos\/","title":{"rendered":"[Art\u00edculo] Fin del a\u00f1o 1885, de Benito P\u00e9rez Gald\u00f3s"},"content":{"rendered":"\n<p>Madrid, 1.\u00ba de enero de 1886.<\/p>\n\n\n\n<p>I<\/p>\n\n\n\n<p>De veras digo a mis lectores, y me lo creer\u00e1n sin necesidad de juramento, que no tengo pena porque se haya ido para siempre ese a\u00f1o 85 que tan mal nos ha tratado. Anoche, a punto que daban las doce, expir\u00f3 ese desgraciado, entregando su alma al tiempo y su nombre a la historia, que lo escribir\u00e1, por lo que a nuestro pa\u00eds se refiere, con letras muy negras. Muri\u00f3 sin que nadie lo sintiese, a no ser los pocos que se han sacado algo a la loter\u00eda y los que recientemente han subido al poder. Fuera de estos casos aislados de agradecimiento, el a\u00f1o 85 no ha o\u00eddo m\u00e1s que maldiciones y recriminaciones en torno a s\u00ed. Muchos bailar\u00edan seguramente sobre su tumba, si se supieran d\u00f3nde esa tumba est\u00e1. Porque nos trajo terremotos, inundaciones, malas cosechas, c\u00f3lera, disturbios y la muerte del Rey. Fu\u00e9 un a\u00f1ito de prueba, y lo m\u00e1s que podemos desear es que su sucesor no saque las ma\u00f1as del pap\u00e1.<\/p>\n\n\n\n<p>Al sonar la segunda campanada de las doce, el a\u00f1o 86 ten\u00eda ya algunos segundos de vida, y estaba tan guap\u00edn que daba gusto verlo. Cuando el reloj concluy\u00f3 su clamor, era el tal un robusto infante de dos minutos, y a estas horas es un mozalbete gallardo, que tiene todas las picard\u00edas compatibles con la temprana edad de un d\u00eda. Trat\u00e1ndose de un a\u00f1o, un d\u00eda es la adolescencia, la \u00e9poca de las ilusiones y de las promesas. El ser que vimos nacer anoche, y que ya se las est\u00e1 echando de hombre, no cabe en s\u00ed de gozo por verse con vida, y el estado de su \u00e1nimo se manifiesta enumerando los infinitos bienes que nos trae, ofreciendo felicidades a todo el mundo, y echando por aquella boca los m\u00e1s risue\u00f1os augurios. Que en esto hay mucho de farsa, por sabido se calla, pues los a\u00f1os nuevos son como los ministros nuevos; mucho prometer, muchas ilusiones, prop\u00f3sitos inmejorables, palabras bonit\u00edsimas&#8230; Despu\u00e9s resulta que viene el t\u00edo Paco con la rebaja, como vulgarmente se dice, y todo queda reducido a muy poca cosa. Ya estamos curados de espanto respecto a estos particulares, y sabemos la distancia que hay de los hechos a las palabras, y de las promesas al cumplimiento de ellas. Pongamos, pues, en cuarentena todas las lindezas que nos dice este caballerete, y esperemos a ver c\u00f3mo se porta. Y que no nos promete poco en gracia de Dios. Lo que es por jarabe de pico no quedar\u00e1 seguramente, y con que se cumpliera la mitad de lo ofrecido nos dar\u00edamos por satisfechos. Vaya que est\u00e1 rumboso el hombre. Dice que nos va a dar ping\u00fces cosechas, paz a todo trance, mucha salud y muchas pesetas. Asegura que es patra\u00f1a lo que se dice de resurrecci\u00f3n del c\u00f3lera, y que no tengamos cuidado por esto, pues \u00e9l cuidar\u00e1 de dejar el pa\u00eds m\u00e1s limpio que una patena. En cuanto a la paz, sostiene que si nosotros nos portamos con cordura, responde de ella, y con respecto al dinero, nos promete llenarnos los bolsillos si trabajamos mucho y gastamos poco. Mir\u00e1ndolo bien, no tiene maldita gracia la generosidad de esta manera. D\u00e9nos lo que crea conveniente, y no nos mande trabajar ni estar pac\u00edficos, dos clases de trabajo al fin, igualmente penosas. Vengan felicidades, aunque sean de puro palique, y de esas que m\u00e1s nos entusiasman anunciadas que vistas; haga el a\u00f1o todo lo que es de su incumbencia para procurarnos la dicha, y d\u00e9jenos obrar como nos diere la gana.<\/p>\n\n\n\n<p>El p\u00edcaro mozalbete en cuyo reino estamos desde anoche, tiene tambi\u00e9n la amabilidad de prometernos que no envejeceremos durante su imperio; quiere decir que cuando \u00e9l desaparezca, nos quedaremos tan guapotes y frescos como si nada hubiera pasado. Si he de decir verdad, me parece que esto es grilla, es decir, pura fantas\u00eda, y que no nos comulgar\u00e1n con tan pesada rueda de molino. \u00a1Vivir y no envejecer! Que se lo cuente a su abuela. La experiencia nos dice que estos tiranos del tiempo, contra cuyo poder nada vale, nos cobran anualmente la implacable e intransferible contribuci\u00f3n de trescientos sesenta y cinco d\u00edas, sin que jam\u00e1s se hayan descuidado ni perdido un solo guarismo en la cuenta. Vivamos, pues, y paguemos, y basta de bromas de almanaque, que ocupan ya en esta cr\u00f3nica m\u00e1s espacio del que a las bromas corresponde.<\/p>\n\n\n\n<p>II<\/p>\n\n\n\n<p>La jura de la Reina Regente ha sido el suceso capital de la \u00faltima quincena. Verific\u00f3se el 30 en el sal\u00f3n del Congreso, ante las Cortes, reunidos en un solo local los senadores y diputados. Este acto ha revestido solemnidad pomposa, correspondiendo la forma al sentido de \u00e9l. Es la sanci\u00f3n legal del orden de cosas creado por la muerte de don Alfonso, y el cumplimiento de lo preceptuado en la Constituci\u00f3n. Desde hace d\u00edas se hab\u00eda preparado el Congreso para esta ceremonia, sacando todo el partido posible de la estrechez del local, suficiente para uno de los Cuerpos colegisladores, peque\u00f1o para entrambos reunidos. A m\u00e1s de esto, la disposici\u00f3n del sal\u00f3n de sesiones no es la m\u00e1s a prop\u00f3sito para dar lucimiento a los actos que requieren cierto aparato teatral. Las puertas est\u00e1n mal colocadas y ser\u00eda preciso abrir otras nuevas y hacer grandes variaciones en el local para que las distintas representaciones entrasen con desahogo y se colocasen convenientemente. Pero con un poco de estrechez la jurase celebr\u00f3, y fu\u00e9 una solemnidad hermos\u00edsima y conmovedora. Cuando la Reina Cristina se present\u00f3 en el sal\u00f3n, llevando de la mano a sus dos tiernas hijas, prod\u00fajose en todo el concurso una emoci\u00f3n hond\u00edsima. En el primer momento la misma emoci\u00f3n se expres\u00f3 en silencio. Despu\u00e9s, la multitud de abajo y de arriba, los padres de la patria y los espectadores prorrumpieron en atronadores vivas, que parec\u00edan hacer retemblar el edificio. Fu\u00e9 un instante de profundo inter\u00e9s y de emoci\u00f3n que no olvidaremos los que lo presenciamos.<\/p>\n\n\n\n<p>Las hijas del Rey son dos ni\u00f1as mon\u00edsimas, de cinco y tres a\u00f1os, respectivamente; la mayor es hoy princesa de Asturias, y en su tierna edad tiene bastante despejo, seg\u00fan dicen, para hacerse cargo de los graves sucesos que han ocurrido hace poco y aun de su propia situaci\u00f3n y la de su hermanita. Lo que es seguro no sabr\u00e1 es una cosa que todo el mundo sabe: que su mam\u00e1 est\u00e1 encinta, y que all\u00e1 para abril, si nace var\u00f3n, tendr\u00e1n car\u00e1cter distinto los problemas de la sucesi\u00f3n.<\/p>\n\n\n\n<p>Entraron, como he dicho, la madre y las dos ni\u00f1as. La presencia de \u00e9stas hiri\u00f3 de tal modo el coraz\u00f3n de los presentes, que todas las se\u00f1oras se echaron a llorar, y a muchos hombres les falt\u00f3 poco para hacer lo mismo. \u00a1Espect\u00e1culo conmovedor el de aquellas pobres criaturas que vacilando entre la risa y el llanto, entre la curiosidad y el miedo, pon\u00edan su pie inocente encima del volc\u00e1n de nuestras pasiones pol\u00edticas! La noci\u00f3n incipiente y vaga que ellas han de tener ya de un derecho, \u00bfqu\u00e9 ideas despertar\u00e1 en aquellas infantiles cabezas? Quiz\u00e1 al o\u00edr el estruendo de los vivas, los gritos, los ca\u00f1onazos, y al ver la api\u00f1ada muchedumbre con sus millares de cabezas curiosas, sientan instintivo horror a la majestad que las envuelve y deseen que se les permita el goce de una mu\u00f1eca en el \u00faltimo rinc\u00f3n del palacio.<\/p>\n\n\n\n<p>Mientras su madre prest\u00f3 el juramento, permanecieron ambas en pie a su lado, quietecitas y sin atreverse a mover brazo ni pierna. Cuando m\u00e1s, se aventuraba la peque\u00f1a a deslizar una mirada hacia el techo, cuyas grandiosas pinturas deb\u00edan llamar vivamente su atenci\u00f3n. La Reina pronunci\u00f3 las palabras del ritual con voz clara y entera. Es mujer de una firmeza de car\u00e1cter que envidiar\u00edan muchos hombres. El acto aquel, por lo que en s\u00ed representa y por los tristes recuerdos que evocaba, era de los que comprometen la serenidad de la persona m\u00e1s due\u00f1a de s\u00ed misma. Do\u00f1a Mar\u00eda Cristina sabe dominarse y someterse a las circunstancias. El dificil\u00edsimo papel que hoy est\u00e1 a su cargo, ser\u00e1 seguramente bien desempe\u00f1ado hasta donde las fuerzas humanas alcancen.<\/p>\n\n\n\n<p>Los m\u00e1s enconados enemigos del actual orden de cosas no pueden desconocer que en el d\u00eda de la jura, la interesante viuda de don Alfonso XII y sus inocentes ni\u00f1as excitaron viv\u00edsamente el sentimiento p\u00fablico, tanto en la solemne sesi\u00f3n del Congreso, como en el trayecto entre el palacio de los reyes y el de la representaci\u00f3n nacional. Verdad que el sentimiento no es exclusivo m\u00f3vil de la acci\u00f3n pol\u00edtica ni aun en los pa\u00edses meridionales; pero no puede desconocerse que de \u00e9l arranca parte de la fuerza que gobierna y dirige a los pueblos. Ni \u00e9l lo es todo, ni se puede prescindir de \u00e9l.<\/p>\n\n\n\n<figure class=\"wp-block-image size-large is-style-default\"><img decoding=\"async\" src=\"http:\/\/ferna.eu\/venture\/wp-content\/uploads\/2020\/05\/firma_galdos.png\" alt=\"\" class=\"wp-image-7968\"\/><\/figure>\n","protected":false},"excerpt":{"rendered":"<p>De veras digo a mis lectores, y me lo creer\u00e1n sin necesidad de juramento, que no tengo pena porque se haya ido para siempre ese a\u00f1o 85 que tan mal nos ha tratado. Anoche, a punto que daban las doce, expir\u00f3 ese desgraciado, entregando su alma al tiempo y su nombre a la historia, que lo escribir\u00e1, por lo que a nuestro pa\u00eds se refiere, con letras muy negras. Muri\u00f3 sin que nadie lo sintiese, a no ser los pocos que se han sacado algo a la loter\u00eda y los que recientemente han subido al poder.<\/p>\n","protected":false},"author":1,"featured_media":3580,"comment_status":"open","ping_status":"open","sticky":false,"template":"","format":"standard","meta":{"footnotes":""},"categories":[17,3,4,52],"tags":[],"class_list":["post-8113","post","type-post","status-publish","format-standard","has-post-thumbnail","hentry","category-articulo-periodistico","category-benito-perez-galdos","category-bibliografia","category-criticon"],"yoast_head":"<!-- This site is optimized with the Yoast SEO plugin v24.3 - https:\/\/yoast.com\/wordpress\/plugins\/seo\/ -->\n<title>[Art\u00edculo] Fin del a\u00f1o 1885, de Benito P\u00e9rez Gald\u00f3s - Cronolog\u00eda de la vida y la obra de Benito P\u00e9rez Gald\u00f3s<\/title>\n<meta name=\"robots\" content=\"index, follow, max-snippet:-1, max-image-preview:large, max-video-preview:-1\" \/>\n<link rel=\"canonical\" href=\"https:\/\/batallitas.es\/benito-perez-galdos\/articulo-fin-del-ano-1885-de-benito-perez-galdos\/\" \/>\n<meta property=\"og:locale\" content=\"es_ES\" \/>\n<meta property=\"og:type\" content=\"article\" \/>\n<meta property=\"og:title\" content=\"[Art\u00edculo] Fin del a\u00f1o 1885, de Benito P\u00e9rez Gald\u00f3s - Cronolog\u00eda de la vida y la obra de Benito P\u00e9rez Gald\u00f3s\" \/>\n<meta property=\"og:description\" content=\"De veras digo a mis lectores, y me lo creer\u00e1n sin necesidad de juramento, que no tengo pena porque se haya ido para siempre ese a\u00f1o 85 que tan mal nos ha tratado. Anoche, a punto que daban las doce, expir\u00f3 ese desgraciado, entregando su alma al tiempo y su nombre a la historia, que lo escribir\u00e1, por lo que a nuestro pa\u00eds se refiere, con letras muy negras. Muri\u00f3 sin que nadie lo sintiese, a no ser los pocos que se han sacado algo a la loter\u00eda y los que recientemente han subido al poder.\" \/>\n<meta property=\"og:url\" content=\"https:\/\/batallitas.es\/benito-perez-galdos\/articulo-fin-del-ano-1885-de-benito-perez-galdos\/\" \/>\n<meta property=\"og:site_name\" content=\"Cronolog\u00eda de la vida y la obra de Benito P\u00e9rez Gald\u00f3s\" \/>\n<meta property=\"article:published_time\" content=\"2016-12-06T08:23:00+00:00\" \/>\n<meta property=\"og:image\" content=\"https:\/\/batallitas.es\/benito-perez-galdos\/wp-content\/uploads\/2025\/01\/facebook_thumbnail.jpg\" \/>\n\t<meta property=\"og:image:width\" content=\"1200\" \/>\n\t<meta property=\"og:image:height\" content=\"630\" \/>\n\t<meta property=\"og:image:type\" content=\"image\/jpeg\" \/>\n<meta name=\"author\" content=\"Benito\" \/>\n<meta name=\"twitter:card\" content=\"summary_large_image\" \/>\n<meta name=\"twitter:label1\" content=\"Escrito por\" \/>\n\t<meta name=\"twitter:data1\" content=\"Benito\" \/>\n\t<meta name=\"twitter:label2\" content=\"Tiempo de lectura\" \/>\n\t<meta name=\"twitter:data2\" content=\"8 minutos\" \/>\n<script type=\"application\/ld+json\" class=\"yoast-schema-graph\">{\"@context\":\"https:\/\/schema.org\",\"@graph\":[{\"@type\":\"WebPage\",\"@id\":\"https:\/\/batallitas.es\/benito-perez-galdos\/articulo-fin-del-ano-1885-de-benito-perez-galdos\/\",\"url\":\"https:\/\/batallitas.es\/benito-perez-galdos\/articulo-fin-del-ano-1885-de-benito-perez-galdos\/\",\"name\":\"[Art\u00edculo] Fin del a\u00f1o 1885, de Benito P\u00e9rez Gald\u00f3s - Cronolog\u00eda de la vida y la obra de Benito P\u00e9rez Gald\u00f3s\",\"isPartOf\":{\"@id\":\"https:\/\/batallitas.es\/benito-perez-galdos\/#website\"},\"primaryImageOfPage\":{\"@id\":\"https:\/\/batallitas.es\/benito-perez-galdos\/articulo-fin-del-ano-1885-de-benito-perez-galdos\/#primaryimage\"},\"image\":{\"@id\":\"https:\/\/batallitas.es\/benito-perez-galdos\/articulo-fin-del-ano-1885-de-benito-perez-galdos\/#primaryimage\"},\"thumbnailUrl\":\"\",\"datePublished\":\"2016-12-06T08:23:00+00:00\",\"dateModified\":\"2016-12-06T08:23:00+00:00\",\"author\":{\"@id\":\"https:\/\/batallitas.es\/benito-perez-galdos\/#\/schema\/person\/2dda07be9325676808524c55b6218a25\"},\"breadcrumb\":{\"@id\":\"https:\/\/batallitas.es\/benito-perez-galdos\/articulo-fin-del-ano-1885-de-benito-perez-galdos\/#breadcrumb\"},\"inLanguage\":\"es\",\"potentialAction\":[{\"@type\":\"ReadAction\",\"target\":[\"https:\/\/batallitas.es\/benito-perez-galdos\/articulo-fin-del-ano-1885-de-benito-perez-galdos\/\"]}]},{\"@type\":\"ImageObject\",\"inLanguage\":\"es\",\"@id\":\"https:\/\/batallitas.es\/benito-perez-galdos\/articulo-fin-del-ano-1885-de-benito-perez-galdos\/#primaryimage\",\"url\":\"\",\"contentUrl\":\"\"},{\"@type\":\"BreadcrumbList\",\"@id\":\"https:\/\/batallitas.es\/benito-perez-galdos\/articulo-fin-del-ano-1885-de-benito-perez-galdos\/#breadcrumb\",\"itemListElement\":[{\"@type\":\"ListItem\",\"position\":1,\"name\":\"Portada\",\"item\":\"https:\/\/batallitas.es\/benito-perez-galdos\/\"},{\"@type\":\"ListItem\",\"position\":2,\"name\":\"[Art\u00edculo] Fin del a\u00f1o 1885, de Benito P\u00e9rez Gald\u00f3s\"}]},{\"@type\":\"WebSite\",\"@id\":\"https:\/\/batallitas.es\/benito-perez-galdos\/#website\",\"url\":\"https:\/\/batallitas.es\/benito-perez-galdos\/\",\"name\":\"Cronolog\u00eda de la vida y la obra de Benito P\u00e9rez Gald\u00f3s\",\"description\":\"\",\"potentialAction\":[{\"@type\":\"SearchAction\",\"target\":{\"@type\":\"EntryPoint\",\"urlTemplate\":\"https:\/\/batallitas.es\/benito-perez-galdos\/?s={search_term_string}\"},\"query-input\":{\"@type\":\"PropertyValueSpecification\",\"valueRequired\":true,\"valueName\":\"search_term_string\"}}],\"inLanguage\":\"es\"},{\"@type\":\"Person\",\"@id\":\"https:\/\/batallitas.es\/benito-perez-galdos\/#\/schema\/person\/2dda07be9325676808524c55b6218a25\",\"name\":\"Benito\",\"image\":{\"@type\":\"ImageObject\",\"inLanguage\":\"es\",\"@id\":\"https:\/\/batallitas.es\/benito-perez-galdos\/#\/schema\/person\/image\/\",\"url\":\"https:\/\/secure.gravatar.com\/avatar\/8695d643bbae3009794e7fc5797055bb?s=96&d=mm&r=g\",\"contentUrl\":\"https:\/\/secure.gravatar.com\/avatar\/8695d643bbae3009794e7fc5797055bb?s=96&d=mm&r=g\",\"caption\":\"Benito\"},\"sameAs\":[\"https:\/\/batallitas.es\/galdos\"],\"url\":\"https:\/\/batallitas.es\/benito-perez-galdos\/author\/benito\/\"}]}<\/script>\n<!-- \/ Yoast SEO plugin. -->","yoast_head_json":{"title":"[Art\u00edculo] Fin del a\u00f1o 1885, de Benito P\u00e9rez Gald\u00f3s - Cronolog\u00eda de la vida y la obra de Benito P\u00e9rez Gald\u00f3s","robots":{"index":"index","follow":"follow","max-snippet":"max-snippet:-1","max-image-preview":"max-image-preview:large","max-video-preview":"max-video-preview:-1"},"canonical":"https:\/\/batallitas.es\/benito-perez-galdos\/articulo-fin-del-ano-1885-de-benito-perez-galdos\/","og_locale":"es_ES","og_type":"article","og_title":"[Art\u00edculo] Fin del a\u00f1o 1885, de Benito P\u00e9rez Gald\u00f3s - Cronolog\u00eda de la vida y la obra de Benito P\u00e9rez Gald\u00f3s","og_description":"De veras digo a mis lectores, y me lo creer\u00e1n sin necesidad de juramento, que no tengo pena porque se haya ido para siempre ese a\u00f1o 85 que tan mal nos ha tratado. Anoche, a punto que daban las doce, expir\u00f3 ese desgraciado, entregando su alma al tiempo y su nombre a la historia, que lo escribir\u00e1, por lo que a nuestro pa\u00eds se refiere, con letras muy negras. Muri\u00f3 sin que nadie lo sintiese, a no ser los pocos que se han sacado algo a la loter\u00eda y los que recientemente han subido al poder.","og_url":"https:\/\/batallitas.es\/benito-perez-galdos\/articulo-fin-del-ano-1885-de-benito-perez-galdos\/","og_site_name":"Cronolog\u00eda de la vida y la obra de Benito P\u00e9rez Gald\u00f3s","article_published_time":"2016-12-06T08:23:00+00:00","og_image":[{"width":1200,"height":630,"url":"https:\/\/batallitas.es\/benito-perez-galdos\/wp-content\/uploads\/2025\/01\/facebook_thumbnail.jpg","type":"image\/jpeg"}],"author":"Benito","twitter_card":"summary_large_image","twitter_misc":{"Escrito por":"Benito","Tiempo de lectura":"8 minutos"},"schema":{"@context":"https:\/\/schema.org","@graph":[{"@type":"WebPage","@id":"https:\/\/batallitas.es\/benito-perez-galdos\/articulo-fin-del-ano-1885-de-benito-perez-galdos\/","url":"https:\/\/batallitas.es\/benito-perez-galdos\/articulo-fin-del-ano-1885-de-benito-perez-galdos\/","name":"[Art\u00edculo] Fin del a\u00f1o 1885, de Benito P\u00e9rez Gald\u00f3s - Cronolog\u00eda de la vida y la obra de Benito P\u00e9rez Gald\u00f3s","isPartOf":{"@id":"https:\/\/batallitas.es\/benito-perez-galdos\/#website"},"primaryImageOfPage":{"@id":"https:\/\/batallitas.es\/benito-perez-galdos\/articulo-fin-del-ano-1885-de-benito-perez-galdos\/#primaryimage"},"image":{"@id":"https:\/\/batallitas.es\/benito-perez-galdos\/articulo-fin-del-ano-1885-de-benito-perez-galdos\/#primaryimage"},"thumbnailUrl":"","datePublished":"2016-12-06T08:23:00+00:00","dateModified":"2016-12-06T08:23:00+00:00","author":{"@id":"https:\/\/batallitas.es\/benito-perez-galdos\/#\/schema\/person\/2dda07be9325676808524c55b6218a25"},"breadcrumb":{"@id":"https:\/\/batallitas.es\/benito-perez-galdos\/articulo-fin-del-ano-1885-de-benito-perez-galdos\/#breadcrumb"},"inLanguage":"es","potentialAction":[{"@type":"ReadAction","target":["https:\/\/batallitas.es\/benito-perez-galdos\/articulo-fin-del-ano-1885-de-benito-perez-galdos\/"]}]},{"@type":"ImageObject","inLanguage":"es","@id":"https:\/\/batallitas.es\/benito-perez-galdos\/articulo-fin-del-ano-1885-de-benito-perez-galdos\/#primaryimage","url":"","contentUrl":""},{"@type":"BreadcrumbList","@id":"https:\/\/batallitas.es\/benito-perez-galdos\/articulo-fin-del-ano-1885-de-benito-perez-galdos\/#breadcrumb","itemListElement":[{"@type":"ListItem","position":1,"name":"Portada","item":"https:\/\/batallitas.es\/benito-perez-galdos\/"},{"@type":"ListItem","position":2,"name":"[Art\u00edculo] Fin del a\u00f1o 1885, de Benito P\u00e9rez Gald\u00f3s"}]},{"@type":"WebSite","@id":"https:\/\/batallitas.es\/benito-perez-galdos\/#website","url":"https:\/\/batallitas.es\/benito-perez-galdos\/","name":"Cronolog\u00eda de la vida y la obra de Benito P\u00e9rez Gald\u00f3s","description":"","potentialAction":[{"@type":"SearchAction","target":{"@type":"EntryPoint","urlTemplate":"https:\/\/batallitas.es\/benito-perez-galdos\/?s={search_term_string}"},"query-input":{"@type":"PropertyValueSpecification","valueRequired":true,"valueName":"search_term_string"}}],"inLanguage":"es"},{"@type":"Person","@id":"https:\/\/batallitas.es\/benito-perez-galdos\/#\/schema\/person\/2dda07be9325676808524c55b6218a25","name":"Benito","image":{"@type":"ImageObject","inLanguage":"es","@id":"https:\/\/batallitas.es\/benito-perez-galdos\/#\/schema\/person\/image\/","url":"https:\/\/secure.gravatar.com\/avatar\/8695d643bbae3009794e7fc5797055bb?s=96&d=mm&r=g","contentUrl":"https:\/\/secure.gravatar.com\/avatar\/8695d643bbae3009794e7fc5797055bb?s=96&d=mm&r=g","caption":"Benito"},"sameAs":["https:\/\/batallitas.es\/galdos"],"url":"https:\/\/batallitas.es\/benito-perez-galdos\/author\/benito\/"}]}},"_links":{"self":[{"href":"https:\/\/batallitas.es\/benito-perez-galdos\/wp-json\/wp\/v2\/posts\/8113","targetHints":{"allow":["GET"]}}],"collection":[{"href":"https:\/\/batallitas.es\/benito-perez-galdos\/wp-json\/wp\/v2\/posts"}],"about":[{"href":"https:\/\/batallitas.es\/benito-perez-galdos\/wp-json\/wp\/v2\/types\/post"}],"author":[{"embeddable":true,"href":"https:\/\/batallitas.es\/benito-perez-galdos\/wp-json\/wp\/v2\/users\/1"}],"replies":[{"embeddable":true,"href":"https:\/\/batallitas.es\/benito-perez-galdos\/wp-json\/wp\/v2\/comments?post=8113"}],"version-history":[{"count":0,"href":"https:\/\/batallitas.es\/benito-perez-galdos\/wp-json\/wp\/v2\/posts\/8113\/revisions"}],"wp:featuredmedia":[{"embeddable":true,"href":"https:\/\/batallitas.es\/benito-perez-galdos\/wp-json\/"}],"wp:attachment":[{"href":"https:\/\/batallitas.es\/benito-perez-galdos\/wp-json\/wp\/v2\/media?parent=8113"}],"wp:term":[{"taxonomy":"category","embeddable":true,"href":"https:\/\/batallitas.es\/benito-perez-galdos\/wp-json\/wp\/v2\/categories?post=8113"},{"taxonomy":"post_tag","embeddable":true,"href":"https:\/\/batallitas.es\/benito-perez-galdos\/wp-json\/wp\/v2\/tags?post=8113"}],"curies":[{"name":"wp","href":"https:\/\/api.w.org\/{rel}","templated":true}]}}