{"id":8131,"date":"2017-04-07T13:16:00","date_gmt":"2017-04-07T11:16:00","guid":{"rendered":"http:\/\/ferna.eu\/?p=8131"},"modified":"2017-04-07T13:16:00","modified_gmt":"2017-04-07T11:16:00","slug":"articulo-un-viaje-de-impresiones-de-benito-perez-galdos","status":"publish","type":"post","link":"https:\/\/batallitas.es\/benito-perez-galdos\/articulo-un-viaje-de-impresiones-de-benito-perez-galdos\/","title":{"rendered":"[Art\u00edculo] Un viaje de impresiones, de Benito P\u00e9rez Gald\u00f3s"},"content":{"rendered":"\n<p>NUEVE HORAS EN SANTA CRUZ DE TENERIFE<br><\/p>\n\n\n\n<p>Yo no s\u00e9 si necesito describir a mis lectores lo que es el puerto de Santa Cruz y su muelle para que puedan formar una justa idea de lo que es la capital de las Canarias por fuera y lo que podr\u00e1 ser vista de dentro, pero de todos modos all\u00e1 va.<\/p>\n\n\n\n<p>El puerto de Santa Cruz no es otra cosa que una rada abierta a todos los vientos menos al norte y oeste, de los cuales aquel es el reinante en semejantes latitudes. La Punta de Anaga, elevada sierra de rocas volc\u00e1nicas,<br>se extiende naciendo de la isla en direcci\u00f3n nordeste, deteniendo las nubes en su encrespada cima, siendo esta la causa que hace que el cielo est\u00e9 casi constantemente despejado, di\u00e1fana la atm\u00f3sfera y radiante el sol en los calmosos meses del est\u00edo.<\/p>\n\n\n\n<p>Aquellas rocas salvajes, donde apenas crece alguna planta silvestre de raqu\u00edtica vegetaci\u00f3n, descienden precipitadamente en el mar hasta producir un fondeadero bastante respetable por su profundidad, y donde<br>los buques necesitan no pocas brazas para llegar a asegurar sus anclas sin peligro. Esto, y al mismo tiempo la oblicuidad de las capas de lava que en muchas partes visiblemente muestran las rocas de Anaga, han hecho<br>concebir la idea de que el puerto de Santa Cruz no es otra cosa que el cr\u00e1ter de un volc\u00e1n cuya antig\u00fcedad se pierde en la noche de los siglos. Opini\u00f3n que tiene en su abono la multitud de cr\u00e1teres que a cada paso se encuentran en las Islas Canarias y el destrozo causado por el fuego y cuyos vestigios aparecen en las superficies y en las profundidades de todos los terrenos, con m\u00e1s o menos visos de antig\u00fcedad<\/p>\n\n\n\n<p><br>Al sur de esta cordillera y a la misma lengua del agua se levanta la poblaci\u00f3n rodeada de algunas huertas donde crecen como por un lujoso artificio, en un terreno de naturaleza calc\u00e1rea, algunos pobres \u00e1rboles que quieren esforzarse in\u00fatilmente por dar las gracias a su cuidadoso due\u00f1o, prest\u00e1ndole la escasa sombra de sus mustias hojas.<\/p>\n\n\n\n<p><br>Un muelle que se prolonga a pesar de la profundidad del fondo convida al cansado viajero a echar pie a tierra e introducirse en la poblaci\u00f3n que est\u00e1 pronta a recibirle con aquella franqueza que caracteriza a los hijos de las Canarias.<\/p>\n\n\n\n<p>En medio de los abrazos de nuestros amigos saltamos nosotros, m\u00e1s deseosos de descanso que de simp\u00e1ticas demostraciones. As\u00ed que nuestro primer cuidado fue atravesar el muelle y la espaciosa Plaza de la Constituci\u00f3n sin parar mientes en el triunfo que se levanta al naciente, trofeo de blanco m\u00e1rmol que recuerda la rendici\u00f3n de la isla de Tenerife y sus cuatro menceyes al valor de las armas espa\u00f1olas. Nos dirigimos a una fonda y, mientras nos preparaban el almuerzo, charl\u00e1bamos amistosamente recordando los \u00faltimos instantes de nuestra partida de la Gran Canaria y proyectando motivos de distracci\u00f3n para alejar la monoton\u00eda que siempre lleva consigo un viaje por mar, a\u00fan cuando sea breve.<\/p>\n\n\n\n<p>Con nosotros viajaba un ingl\u00e9s, el tipo del brit\u00e1nico m\u00e1s aut\u00f3grafo que yo pudiera figurarme. El ingl\u00e9s era el tema de nuestra conversaci\u00f3n. \u00c9l estaba llamado a serlo tambi\u00e9n durante el viaje. Nos propon\u00edamos estudiarle como un animal raro, y nos parec\u00eda que la suerte nos hab\u00eda deparado el entretenimiento m\u00e1s placentero que ni buscado pudiera hallarse mejor y m\u00e1s a prop\u00f3sito.<\/p>\n\n\n\n<p>Regularmente se cree que un libro es el mejor amigo y que no hay nada tan propio para dejar el hast\u00edo<br>que produce un viaje como ir pasando sucesivamente las hojas de papel donde han vaciado sus pensamientos para esclavizar el nuestro y enredarle en el laberinto de sus ideas. Yo hago gracia al que quiera de semejante entretenimiento, y lo que \u00fanicamente podr\u00e9 decir es que todas las veces que he llevado conmigo un libro para seguir el consejo apenas he podido sujetar mi imaginaci\u00f3n a ideas extra\u00f1as, y cuando maquinalmente he vuelto media docena de hojas, me he encontrado tan lejos del libro como metido dentro de m\u00ed mismo. No obstante, un gran efecto ha solido causarme el dicho compa\u00f1ero de viajeros, y por ese efecto bien puede recomendarse a los que padecen de insomnio porque es un narc\u00f3tico, el m\u00e1s eficaz. Para m\u00ed el gran amigo del viajero, el m\u00e1s propio para distraer el \u00e1nimo y alegrarle hasta el exceso de preferir la vida dentro de un cascar\u00f3n que sobrenada en medio del oc\u00e9ano a la vida tranquila de tierra, es un ingl\u00e9s. Un ingl\u00e9s es un libro vivo y palpitante donde puede estudiarse toda la vida de un pueblo, donde pueden seguirse los m\u00e1s extra\u00f1os pensamientos que, agitando el cerebro carbonizado de un hijo de la nebulosa Albi\u00f3n, salen a posarse en las extra\u00f1as arrugas que un cincel maestro parece ir trazando progresivamente en una cara de hierro.<\/p>\n\n\n\n<p>Por \u00faltimo, nos llamaron a almorzar; ya lo dese\u00e1bamos, as\u00ed es que apenas el sirviente se acababa de retirar, nos dirigimos atropelladamente al comedor, en tal estado de escualidez hab\u00edan quedado nuestros pobres est\u00f3magos.<\/p>\n\n\n\n<p>Apenas concluimos, pregunt\u00e9 a mis compa\u00f1eros:<\/p>\n\n\n\n<p>\u2014\u00bfA d\u00f3nde vamos? Porque yo creo que ustedes no pensar\u00e1n en pasar estas cuantas horas mano sobre mano.<\/p>\n\n\n\n<p>\u2014No, no \u2014contestaron un\u00e1nimemente\u2014. A la calle.<\/p>\n\n\n\n<p>\u2014Yo voy a comprar unas baratijas.<\/p>\n\n\n\n<p>\u2014Yo a hacer dos visitas.<\/p>\n\n\n\n<p>\u2014Yo a ver a los amigos.<\/p>\n\n\n\n<p>\u2014Pues, se\u00f1ores, yo voy al Casino, y de all\u00ed a paseo, y luego a lancha. Conque hasta la vista.<\/p>\n\n\n\n<p>Y nos precipitamos por la escalera. El uno se fue a visitas, el otro a sus baratijas, aquel a sus amigos, y yo con dos o tres me dirig\u00ed al Casino.<\/p>\n\n\n\n<p>Atravesamos la plaza, doblamos una esquina y nos hallamos en la calle de La Marina. A los dos pasos tropec\u00e9 con un antiguo conocido, hombre de flema si los hay, amigo de sus amigos, gran corredor de bromas; que no hay trapisonda donde no est\u00e9, no hay ri\u00f1a que no deshaga, ni hay bautismo de barrios en que no sea padrino, ni baile de candil al que \u00e9l no asista, ni gira campestre en que no se halle. No tiene oficio ni obligaciones que le detengan, y sin ser capitalista, ni mucho menos le gustan los caballos, busca y compra los perros de las mejores castas; y para corona y complemento de sus extra\u00f1as inclinaciones, mima gatos ingleses y cr\u00eda p\u00e1jaros canarios.<\/p>\n\n\n\n<p>Con este amigo m\u00edo y otros me asoci\u00e9 en cierta ocasi\u00f3n nada menos que para privar a un vecino del dominio y posesi\u00f3n pac\u00edfica de un par de cochinchinas que pura y exclusivamente para su solaz hab\u00eda criado. No sin disgusto y temores se llev\u00f3 a cabo la usurpaci\u00f3n; pero al fin la v\u00edctima no tuvo otro remedio que lamentar la p\u00e9rdida de su querido casad, que del corral pas\u00f3 a nuestros est\u00f3magos en una noche de trueno bajo las verdes copas de unos pl\u00e1tanos. Mi amigo en esta ocasi\u00f3n se port\u00f3 con su acostumbrada originalidad, participando al due\u00f1o de las aves nuestro proyecto antes de su ejecuci\u00f3n, aconsej\u00e1ndole que nos sorprendiese, como en efecto lo hizo, y convid\u00e1ndole para fin de fiesta a nuestra cena.<\/p>\n\n\n\n<p>Este solo caso y otros m\u00e1s que pudiera referir aqu\u00ed pintan desde luego al individuo con que me encontr\u00e9 en la calle de La Marina.<\/p>\n\n\n\n<figure class=\"wp-block-image size-large is-style-default\"><img decoding=\"async\" src=\"http:\/\/ferna.eu\/venture\/wp-content\/uploads\/2020\/05\/firma_galdos.png\" alt=\"\" class=\"wp-image-7968\"\/><\/figure>\n","protected":false},"excerpt":{"rendered":"<p>Yo no s\u00e9 si necesito describir a mis lectores lo que es el puerto de Santa Cruz y su muelle para que puedan formar una justa idea de lo que es la capital de las Canarias por fuera y lo que podr\u00e1 ser vista de dentro, pero de todos modos all\u00e1 va.<\/p>\n","protected":false},"author":1,"featured_media":7225,"comment_status":"open","ping_status":"open","sticky":false,"template":"","format":"standard","meta":{"footnotes":""},"categories":[17,3,4],"tags":[],"class_list":["post-8131","post","type-post","status-publish","format-standard","has-post-thumbnail","hentry","category-articulo-periodistico","category-benito-perez-galdos","category-bibliografia"],"yoast_head":"<!-- This site is optimized with the Yoast SEO plugin v24.3 - https:\/\/yoast.com\/wordpress\/plugins\/seo\/ -->\n<title>[Art\u00edculo] Un viaje de impresiones, de Benito P\u00e9rez Gald\u00f3s - Cronolog\u00eda de la vida y la obra de Benito P\u00e9rez Gald\u00f3s<\/title>\n<meta name=\"robots\" content=\"index, follow, max-snippet:-1, max-image-preview:large, max-video-preview:-1\" \/>\n<link rel=\"canonical\" href=\"https:\/\/batallitas.es\/benito-perez-galdos\/articulo-un-viaje-de-impresiones-de-benito-perez-galdos\/\" \/>\n<meta property=\"og:locale\" content=\"es_ES\" \/>\n<meta property=\"og:type\" content=\"article\" \/>\n<meta property=\"og:title\" content=\"[Art\u00edculo] Un viaje de impresiones, de Benito P\u00e9rez Gald\u00f3s - Cronolog\u00eda de la vida y la obra de Benito P\u00e9rez Gald\u00f3s\" \/>\n<meta property=\"og:description\" content=\"Yo no s\u00e9 si necesito describir a mis lectores lo que es el puerto de Santa Cruz y su muelle para que puedan formar una justa idea de lo que es la capital de las Canarias por fuera y lo que podr\u00e1 ser vista de dentro, pero de todos modos all\u00e1 va.\" \/>\n<meta property=\"og:url\" content=\"https:\/\/batallitas.es\/benito-perez-galdos\/articulo-un-viaje-de-impresiones-de-benito-perez-galdos\/\" \/>\n<meta property=\"og:site_name\" content=\"Cronolog\u00eda de la vida y la obra de Benito P\u00e9rez Gald\u00f3s\" \/>\n<meta property=\"article:published_time\" content=\"2017-04-07T11:16:00+00:00\" \/>\n<meta property=\"og:image\" content=\"https:\/\/batallitas.es\/benito-perez-galdos\/wp-content\/uploads\/2025\/01\/facebook_thumbnail.jpg\" \/>\n\t<meta property=\"og:image:width\" content=\"1200\" \/>\n\t<meta property=\"og:image:height\" content=\"630\" \/>\n\t<meta property=\"og:image:type\" content=\"image\/jpeg\" \/>\n<meta name=\"author\" content=\"Benito\" \/>\n<meta name=\"twitter:card\" content=\"summary_large_image\" \/>\n<meta name=\"twitter:label1\" content=\"Escrito por\" \/>\n\t<meta name=\"twitter:data1\" content=\"Benito\" \/>\n\t<meta name=\"twitter:label2\" content=\"Tiempo de lectura\" \/>\n\t<meta name=\"twitter:data2\" content=\"6 minutos\" \/>\n<script type=\"application\/ld+json\" class=\"yoast-schema-graph\">{\"@context\":\"https:\/\/schema.org\",\"@graph\":[{\"@type\":\"WebPage\",\"@id\":\"https:\/\/batallitas.es\/benito-perez-galdos\/articulo-un-viaje-de-impresiones-de-benito-perez-galdos\/\",\"url\":\"https:\/\/batallitas.es\/benito-perez-galdos\/articulo-un-viaje-de-impresiones-de-benito-perez-galdos\/\",\"name\":\"[Art\u00edculo] Un viaje de impresiones, de Benito P\u00e9rez Gald\u00f3s - Cronolog\u00eda de la vida y la obra de Benito P\u00e9rez Gald\u00f3s\",\"isPartOf\":{\"@id\":\"https:\/\/batallitas.es\/benito-perez-galdos\/#website\"},\"primaryImageOfPage\":{\"@id\":\"https:\/\/batallitas.es\/benito-perez-galdos\/articulo-un-viaje-de-impresiones-de-benito-perez-galdos\/#primaryimage\"},\"image\":{\"@id\":\"https:\/\/batallitas.es\/benito-perez-galdos\/articulo-un-viaje-de-impresiones-de-benito-perez-galdos\/#primaryimage\"},\"thumbnailUrl\":\"\",\"datePublished\":\"2017-04-07T11:16:00+00:00\",\"dateModified\":\"2017-04-07T11:16:00+00:00\",\"author\":{\"@id\":\"https:\/\/batallitas.es\/benito-perez-galdos\/#\/schema\/person\/2dda07be9325676808524c55b6218a25\"},\"breadcrumb\":{\"@id\":\"https:\/\/batallitas.es\/benito-perez-galdos\/articulo-un-viaje-de-impresiones-de-benito-perez-galdos\/#breadcrumb\"},\"inLanguage\":\"es\",\"potentialAction\":[{\"@type\":\"ReadAction\",\"target\":[\"https:\/\/batallitas.es\/benito-perez-galdos\/articulo-un-viaje-de-impresiones-de-benito-perez-galdos\/\"]}]},{\"@type\":\"ImageObject\",\"inLanguage\":\"es\",\"@id\":\"https:\/\/batallitas.es\/benito-perez-galdos\/articulo-un-viaje-de-impresiones-de-benito-perez-galdos\/#primaryimage\",\"url\":\"\",\"contentUrl\":\"\"},{\"@type\":\"BreadcrumbList\",\"@id\":\"https:\/\/batallitas.es\/benito-perez-galdos\/articulo-un-viaje-de-impresiones-de-benito-perez-galdos\/#breadcrumb\",\"itemListElement\":[{\"@type\":\"ListItem\",\"position\":1,\"name\":\"Portada\",\"item\":\"https:\/\/batallitas.es\/benito-perez-galdos\/\"},{\"@type\":\"ListItem\",\"position\":2,\"name\":\"[Art\u00edculo] Un viaje de impresiones, de Benito P\u00e9rez Gald\u00f3s\"}]},{\"@type\":\"WebSite\",\"@id\":\"https:\/\/batallitas.es\/benito-perez-galdos\/#website\",\"url\":\"https:\/\/batallitas.es\/benito-perez-galdos\/\",\"name\":\"Cronolog\u00eda de la vida y la obra de Benito P\u00e9rez Gald\u00f3s\",\"description\":\"\",\"potentialAction\":[{\"@type\":\"SearchAction\",\"target\":{\"@type\":\"EntryPoint\",\"urlTemplate\":\"https:\/\/batallitas.es\/benito-perez-galdos\/?s={search_term_string}\"},\"query-input\":{\"@type\":\"PropertyValueSpecification\",\"valueRequired\":true,\"valueName\":\"search_term_string\"}}],\"inLanguage\":\"es\"},{\"@type\":\"Person\",\"@id\":\"https:\/\/batallitas.es\/benito-perez-galdos\/#\/schema\/person\/2dda07be9325676808524c55b6218a25\",\"name\":\"Benito\",\"image\":{\"@type\":\"ImageObject\",\"inLanguage\":\"es\",\"@id\":\"https:\/\/batallitas.es\/benito-perez-galdos\/#\/schema\/person\/image\/\",\"url\":\"https:\/\/secure.gravatar.com\/avatar\/8695d643bbae3009794e7fc5797055bb?s=96&d=mm&r=g\",\"contentUrl\":\"https:\/\/secure.gravatar.com\/avatar\/8695d643bbae3009794e7fc5797055bb?s=96&d=mm&r=g\",\"caption\":\"Benito\"},\"sameAs\":[\"https:\/\/batallitas.es\/galdos\"],\"url\":\"https:\/\/batallitas.es\/benito-perez-galdos\/author\/benito\/\"}]}<\/script>\n<!-- \/ Yoast SEO plugin. -->","yoast_head_json":{"title":"[Art\u00edculo] Un viaje de impresiones, de Benito P\u00e9rez Gald\u00f3s - Cronolog\u00eda de la vida y la obra de Benito P\u00e9rez Gald\u00f3s","robots":{"index":"index","follow":"follow","max-snippet":"max-snippet:-1","max-image-preview":"max-image-preview:large","max-video-preview":"max-video-preview:-1"},"canonical":"https:\/\/batallitas.es\/benito-perez-galdos\/articulo-un-viaje-de-impresiones-de-benito-perez-galdos\/","og_locale":"es_ES","og_type":"article","og_title":"[Art\u00edculo] Un viaje de impresiones, de Benito P\u00e9rez Gald\u00f3s - Cronolog\u00eda de la vida y la obra de Benito P\u00e9rez Gald\u00f3s","og_description":"Yo no s\u00e9 si necesito describir a mis lectores lo que es el puerto de Santa Cruz y su muelle para que puedan formar una justa idea de lo que es la capital de las Canarias por fuera y lo que podr\u00e1 ser vista de dentro, pero de todos modos all\u00e1 va.","og_url":"https:\/\/batallitas.es\/benito-perez-galdos\/articulo-un-viaje-de-impresiones-de-benito-perez-galdos\/","og_site_name":"Cronolog\u00eda de la vida y la obra de Benito P\u00e9rez Gald\u00f3s","article_published_time":"2017-04-07T11:16:00+00:00","og_image":[{"width":1200,"height":630,"url":"https:\/\/batallitas.es\/benito-perez-galdos\/wp-content\/uploads\/2025\/01\/facebook_thumbnail.jpg","type":"image\/jpeg"}],"author":"Benito","twitter_card":"summary_large_image","twitter_misc":{"Escrito por":"Benito","Tiempo de lectura":"6 minutos"},"schema":{"@context":"https:\/\/schema.org","@graph":[{"@type":"WebPage","@id":"https:\/\/batallitas.es\/benito-perez-galdos\/articulo-un-viaje-de-impresiones-de-benito-perez-galdos\/","url":"https:\/\/batallitas.es\/benito-perez-galdos\/articulo-un-viaje-de-impresiones-de-benito-perez-galdos\/","name":"[Art\u00edculo] Un viaje de impresiones, de Benito P\u00e9rez Gald\u00f3s - Cronolog\u00eda de la vida y la obra de Benito P\u00e9rez Gald\u00f3s","isPartOf":{"@id":"https:\/\/batallitas.es\/benito-perez-galdos\/#website"},"primaryImageOfPage":{"@id":"https:\/\/batallitas.es\/benito-perez-galdos\/articulo-un-viaje-de-impresiones-de-benito-perez-galdos\/#primaryimage"},"image":{"@id":"https:\/\/batallitas.es\/benito-perez-galdos\/articulo-un-viaje-de-impresiones-de-benito-perez-galdos\/#primaryimage"},"thumbnailUrl":"","datePublished":"2017-04-07T11:16:00+00:00","dateModified":"2017-04-07T11:16:00+00:00","author":{"@id":"https:\/\/batallitas.es\/benito-perez-galdos\/#\/schema\/person\/2dda07be9325676808524c55b6218a25"},"breadcrumb":{"@id":"https:\/\/batallitas.es\/benito-perez-galdos\/articulo-un-viaje-de-impresiones-de-benito-perez-galdos\/#breadcrumb"},"inLanguage":"es","potentialAction":[{"@type":"ReadAction","target":["https:\/\/batallitas.es\/benito-perez-galdos\/articulo-un-viaje-de-impresiones-de-benito-perez-galdos\/"]}]},{"@type":"ImageObject","inLanguage":"es","@id":"https:\/\/batallitas.es\/benito-perez-galdos\/articulo-un-viaje-de-impresiones-de-benito-perez-galdos\/#primaryimage","url":"","contentUrl":""},{"@type":"BreadcrumbList","@id":"https:\/\/batallitas.es\/benito-perez-galdos\/articulo-un-viaje-de-impresiones-de-benito-perez-galdos\/#breadcrumb","itemListElement":[{"@type":"ListItem","position":1,"name":"Portada","item":"https:\/\/batallitas.es\/benito-perez-galdos\/"},{"@type":"ListItem","position":2,"name":"[Art\u00edculo] Un viaje de impresiones, de Benito P\u00e9rez Gald\u00f3s"}]},{"@type":"WebSite","@id":"https:\/\/batallitas.es\/benito-perez-galdos\/#website","url":"https:\/\/batallitas.es\/benito-perez-galdos\/","name":"Cronolog\u00eda de la vida y la obra de Benito P\u00e9rez Gald\u00f3s","description":"","potentialAction":[{"@type":"SearchAction","target":{"@type":"EntryPoint","urlTemplate":"https:\/\/batallitas.es\/benito-perez-galdos\/?s={search_term_string}"},"query-input":{"@type":"PropertyValueSpecification","valueRequired":true,"valueName":"search_term_string"}}],"inLanguage":"es"},{"@type":"Person","@id":"https:\/\/batallitas.es\/benito-perez-galdos\/#\/schema\/person\/2dda07be9325676808524c55b6218a25","name":"Benito","image":{"@type":"ImageObject","inLanguage":"es","@id":"https:\/\/batallitas.es\/benito-perez-galdos\/#\/schema\/person\/image\/","url":"https:\/\/secure.gravatar.com\/avatar\/8695d643bbae3009794e7fc5797055bb?s=96&d=mm&r=g","contentUrl":"https:\/\/secure.gravatar.com\/avatar\/8695d643bbae3009794e7fc5797055bb?s=96&d=mm&r=g","caption":"Benito"},"sameAs":["https:\/\/batallitas.es\/galdos"],"url":"https:\/\/batallitas.es\/benito-perez-galdos\/author\/benito\/"}]}},"_links":{"self":[{"href":"https:\/\/batallitas.es\/benito-perez-galdos\/wp-json\/wp\/v2\/posts\/8131","targetHints":{"allow":["GET"]}}],"collection":[{"href":"https:\/\/batallitas.es\/benito-perez-galdos\/wp-json\/wp\/v2\/posts"}],"about":[{"href":"https:\/\/batallitas.es\/benito-perez-galdos\/wp-json\/wp\/v2\/types\/post"}],"author":[{"embeddable":true,"href":"https:\/\/batallitas.es\/benito-perez-galdos\/wp-json\/wp\/v2\/users\/1"}],"replies":[{"embeddable":true,"href":"https:\/\/batallitas.es\/benito-perez-galdos\/wp-json\/wp\/v2\/comments?post=8131"}],"version-history":[{"count":0,"href":"https:\/\/batallitas.es\/benito-perez-galdos\/wp-json\/wp\/v2\/posts\/8131\/revisions"}],"wp:featuredmedia":[{"embeddable":true,"href":"https:\/\/batallitas.es\/benito-perez-galdos\/wp-json\/"}],"wp:attachment":[{"href":"https:\/\/batallitas.es\/benito-perez-galdos\/wp-json\/wp\/v2\/media?parent=8131"}],"wp:term":[{"taxonomy":"category","embeddable":true,"href":"https:\/\/batallitas.es\/benito-perez-galdos\/wp-json\/wp\/v2\/categories?post=8131"},{"taxonomy":"post_tag","embeddable":true,"href":"https:\/\/batallitas.es\/benito-perez-galdos\/wp-json\/wp\/v2\/tags?post=8131"}],"curies":[{"name":"wp","href":"https:\/\/api.w.org\/{rel}","templated":true}]}}