{"id":8205,"date":"2018-01-16T07:43:00","date_gmt":"2018-01-16T06:43:00","guid":{"rendered":"http:\/\/ferna.eu\/?p=8205"},"modified":"2018-01-16T07:43:00","modified_gmt":"2018-01-16T06:43:00","slug":"cuento-tertulias-de-el-omnibus-de-benito-perez-galdos","status":"publish","type":"post","link":"https:\/\/batallitas.es\/benito-perez-galdos\/cuento-tertulias-de-el-omnibus-de-benito-perez-galdos\/","title":{"rendered":"[Cuento] Tertulias de \u00abEl Omnibus\u00bb, de Benito P\u00e9rez Gald\u00f3s"},"content":{"rendered":"\n<p><\/p>\n\n\n\n<p>Tertulia de El \u00d3mnibus. Interlocutores: Yo y mi criado Bartolo.<\/p>\n\n\n\n<p>La escena pasa en mi cuarto.\u2014Es de noche, y mi respetable persona dormita en una butaca a la luz de una l\u00e1mpara de belmontina.\u2014\u00d3yese tocar a la puerta.<\/p>\n\n\n\n<p>YO.\u2014 \u00a1Eh! \u00a1Bartolo!<\/p>\n\n\n\n<p>BARTOLO.\u2014 \u00a1Se\u00f1or!<\/p>\n\n\n\n<p>YO.\u2014 \u00bfNo oyes que llaman? Abre ese balc\u00f3n y mira.<\/p>\n\n\n\n<p>BARTOLO.\u2014 (Abriendo el balc\u00f3n) Se\u00f1or,\u2026 si est\u00e1 oscuro como el teatro<\/p>\n\n\n\n<p>en noche de funci\u00f3n.<\/p>\n\n\n\n<p>YO.\u2014 \u00bfY el alumbrado?<\/p>\n\n\n\n<p>BARTOLO.\u2014 Cuando la luna sale un poco tarde suprimen los faroles y nos dejan a la luna de Valencia.<\/p>\n\n\n\n<p>YO.\u2014 El resultado es que no ves.<\/p>\n\n\n\n<p>BARTOLO.\u2014 Ni pizca.<\/p>\n\n\n\n<p>YO.\u2014 Bien: baja y abre.<\/p>\n\n\n\n<p>BARTOLO.\u2014 \u00a1Es que\u2026!<\/p>\n\n\n\n<p>YO.\u2014 \u00bfTienes miedo? Vaya, ser\u00eda chistoso, un mocet\u00f3n como un castillo, gordo y rollizo.<\/p>\n\n\n\n<p>BARTOLO.\u2014 Pues cabalmente por eso es el miedo\u2026 por lo gordo y lo rollizo.<\/p>\n\n\n\n<p>YO.\u2014 Ahora s\u00ed que no lo entiendo.<\/p>\n\n\n\n<p>BARTOLO.\u2014 Es que, se dicen unas cosas\u2026 que\u2026 vamos\u2026 y luego como uno es as\u00ed\u2026 tan inocent\u00f3n.<\/p>\n\n\n\n<p>YO.\u2014 Vaya una doncella.<\/p>\n\n\n\n<p>BARTOLO.\u2014 No se\u00f1or, que soy doncello.<\/p>\n\n\n\n<p>YO.\u2014 Ea, anda con dos mil de a caballo, si no quieres que tome un palo y te mida las costillas.<\/p>\n\n\n\n<p>BARTOLO.\u2014 Si usted mide como ciertos tenderos no ser\u00e1 muy larga la medida.<\/p>\n\n\n\n<p>YO.\u2014 (Enarbolando un bast\u00f3n) \u00a1Tunante! (Momento de silencio).<\/p>\n\n\n\n<p>(Bartolo baja y sube con una carta que me entrega)<\/p>\n\n\n\n<p>BARTOLO.\u2014 (Abri\u00e9ndola) Es una carta del editor de El \u00d3mnibus \u00bfSabes t\u00fa lo que es El \u00d3mnibus?<\/p>\n\n\n\n<p>BARTOLO.\u2014 He o\u00eddo decir que son unos carretones que se usan en los caminos de Tenerife, pero como nosotros no tenemos caminos, no espero verlos en mi vida.<\/p>\n\n\n\n<p>YO.\u2014 Ya los habr\u00e1, ten paciencia.<\/p>\n\n\n\n<p>BARTOLO.\u2014 Jum\u2026<\/p>\n\n\n\n<p>YO.\u2014 Pero no se trata de eso: El \u00d3mnibus de que hablo es el peri\u00f3dico que traen a casa los mi\u00e9rcoles y los s\u00e1bados.<\/p>\n\n\n\n<p>BARTOLO.\u2014 Ya, ya\u2026 con el que caliento el caf\u00e9 cuando no tengo esp\u00edritu.<\/p>\n\n\n\n<p>YO.\u2014 \u00a1Bruto! Te lo proh\u00edbo, porque quiero conservar \u00edntegra la colecci\u00f3n: por lo visto te has propuesto no obedecerme.<\/p>\n\n\n\n<p>BARTOLO.\u2014 Dispense usted, se\u00f1or; pero como el vecino de enfrente, sin leerlo, envuelve en \u00e9l los cominos y el azafr\u00e1n, porque dice que es cosa de la tierra y no puede servir de nada, y como yo s\u00e9 de otros que no les agrada, porque no es incensario\u2026<\/p>\n\n\n\n<p>YO.\u2014 Ya principias a murmurar\u2026<\/p>\n\n\n\n<p>BARTOLO.\u2014 Y porque habla del pan\u2026<\/p>\n\n\n\n<p>YO.\u2014 \u00bfQuieres callar?<\/p>\n\n\n\n<p>BARTOLO.\u2014Y porque ha dicho que la carpeta de la Alameda\u2026<\/p>\n\n\n\n<p>YO.\u2014 \u00a1Bartolo\u2026 que me comprometes!<\/p>\n\n\n\n<p>BARTOLO.\u2014 \u00a1Se\u00f1or! \u00bfPues qui\u00e9n nos oye?<\/p>\n\n\n\n<p>YO.\u2014 \u00a1Desventurado! Las siete islas.<\/p>\n\n\n\n<p>BARTOLO.\u2014 \u00a1Jes\u00fas, Mar\u00eda y Jos\u00e9! Mi amo est\u00e1 loco.<\/p>\n\n\n\n<p>YO.\u2014 Oye y me comprender\u00e1s. El editor de El \u00d3mnibus, me recuerda en esta carta la promesa que le hice de escribir algo para amenizar su peri\u00f3dico, y yo, contando con tu cooperaci\u00f3n\u2026<\/p>\n\n\n\n<p>BARTOLO.\u2014 Se\u00f1or, se\u00f1or, usted no tiene buena la cabeza\u2026, \u00bfquiere usted que le compre un burro para que pasee?<\/p>\n\n\n\n<p>YO.\u2014 \u00bfY si quiero tomar luego el h\u00e1bito de caballero?<\/p>\n\n\n\n<p>BARTOLO.\u2014 D\u00e9jese usted de eso que el h\u00e1bito no hace al monje.<\/p>\n\n\n\n<p>YO.\u2014 Volviendo a nuestro asunto, dec\u00eda que le promet\u00ed escribirle lo que pasara de curioso en nuestra isla y llegara por tu conducto a mis o\u00eddos.<\/p>\n\n\n\n<p>BARTOLO.\u2014 Es decir, que mi nombre se ver\u00e1 en letras de molde.<\/p>\n\n\n\n<p>YO.\u2014 Exactamente.<\/p>\n\n\n\n<p>BARTOLO.\u2014 \u00a1Zape! Cu\u00e1ntos conozco yo que han impreso una cuenta por tener ese gusto.<\/p>\n\n\n\n<p>YO.\u2014 Conque, \u00bfhas comprendido?<\/p>\n\n\n\n<p>BARTOLO.\u2014 Perfectamente, pero me ocurre una dificultad, se\u00f1or; \u00bfy si por cuentero me sacuden el polvo? Ya sabe usted que en este pa\u00eds no se puede hablar sino en un tono.<\/p>\n\n\n\n<p>YO.\u2014 T\u00fa hablar\u00e1s en el m\u00e1s alto.<\/p>\n\n\n\n<p>BARTOLO.\u2014 Es que a m\u00ed no me acomoda ni alto ni bajo.<\/p>\n\n\n\n<p>YO.\u2014 Las opiniones son libres\u2026<\/p>\n\n\n\n<p>BARTOLO.\u2014 Cu\u00e9nteselo usted a su abuela: el que aqu\u00ed no sabe decir a todo am\u00e9n, no medra. \u00bfC\u00f3mo quiere usted que le viniera a decir que el pan sigue siempre malo; que van a hacer el teatro en San Bernardo para que nadie lo vea, o en la orilla del mar para que se lo lleve el barranco; que van a poner la casa que se trata de fabricar en la calle del Rel\u00f3 haciendo una mueca como la plaza de mercado, y otras lindezas por el estilo\u2026? Se\u00f1or, usted quiere mi perdici\u00f3n.<\/p>\n\n\n\n<p>YO.\u2014 Cuando la cr\u00edtica no desciende a las personas, es \u00fatil, conveniente y beneficiosa. Bartolo, t\u00fa vas a hablar a tus paisanos el lenguaje de la verdad: es preciso despertar la afici\u00f3n a las cosas p\u00fablicas.<\/p>\n\n\n\n<p>BARTOLO.\u2014 Y a las carreras de mulas.<\/p>\n\n\n\n<p>YO.\u2014 El nuevo teatro, por ejemplo, nos dar\u00e1 materia para algunos buenos di\u00e1logos en pro del bien com\u00fan.<\/p>\n\n\n\n<p>BARTOLO.\u2014 No entiendo eso del com\u00fan, \u00bfes cosa de privilegios?<\/p>\n\n\n\n<p>YO.\u2014 Bartolo, Bartolo, que te resbalas\u2026<\/p>\n\n\n\n<p>BARTOLO.\u2014 Se\u00f1or, \u00bfc\u00f3mo me he de resbalar si el suelo del cuarto est\u00e1 m\u00e1s sucio que algunas calles de la ciudad?<\/p>\n\n\n\n<p>YO.\u2014 Bartolo, vete a dormir.<\/p>\n\n\n\n<p>BARTOLO.\u2014 Buenas noches se\u00f1or, y no sue\u00f1e usted con el editor de<\/p>\n\n\n\n<p>El \u00d3mnibus, que es muy feo.<\/p>\n\n\n\n<p>Yo.<\/p>\n\n\n\n<p>(26 de enero de 1862)<\/p>\n\n\n\n<hr class=\"wp-block-separator has-text-color has-very-dark-gray-color has-css-opacity has-very-dark-gray-background-color has-background\"\/>\n\n\n\n<p>Tertulia de El \u00d3mnibus. Mi criado Bartolo y Yo.&nbsp;<\/p>\n\n\n\n<p>La escena no ha variado. Siempre mi mismo cuarto, mi siempre respetabil\u00edsima humanidad, el mismo criado charlat\u00e1n, la misma butaca, y la indispensable l\u00e1mpara de belmontina. Es de noche y me entretengo en leer un n\u00famero de El \u00d3mnibus, mientras Bartolo concluye de arreglar mi cama.<\/p>\n\n\n\n<p>YO.\u2014 (Arrojando el peri\u00f3dico) \u00a1Uf!\u2026, siempre lo mismo. \u00a1Estoy por creer que tienen raz\u00f3n todos esos amigos que con su sempiterna charla exageran lo in\u00fatil del periodismo!\u2026, por supuesto\u2026 porque ellos no son capaces de escribir\u2026, \u00a1zopencos!\u2026<\/p>\n\n\n\n<p>BARTOLO.\u2014 \u00bfSe\u00f1or, me llamaba usted?<\/p>\n\n\n\n<p>YO.\u2014 \u00bfQui\u00e9n te ha llamado, Bartolo?\u2026 Mira, ven ac\u00e1 y calma mi mal humor, porque hasta yo que he sido siempre defensor ac\u00e9rrimo de cuanto redunda en beneficio de nuestro pa\u00eds, y el primero que ha aplaudido la creaci\u00f3n de los peri\u00f3dicos en nuestras islas, hoy casi me arrepiento de que tales papeles salgan a luz, al verlos llenos, sin poderlo remediar, de antiguas novedades y repeticiones, existiendo como existen en nuestro suelo personas de erudici\u00f3n y talento que parece se averg\u00fcenzan de escribir para ilustraci\u00f3n de sus paisanos, y que son los primeros en criticar nuestros papeles p\u00fablicos.<\/p>\n\n\n\n<p>BARTOLO.\u2014 \u00bfPues, se\u00f1or, qu\u00e9 m\u00e1s tiene usted sino remitir al editor para que amenice su peri\u00f3dico, cuantas novedades pasan en esta isla, y las noticias que yo pesque por ah\u00ed, seg\u00fan le prometi\u00f3 desde el mes de febrero \u00faltimo?<\/p>\n\n\n\n<p>YO.\u2014 Tienes raz\u00f3n, y por mi pasada indolencia casi me averg\u00fcenzo hoy de enviarle cualquier art\u00edculo, achacando tal vez a indiferencia lo que ha sido involuntario olvido motivado por estas revolturas y trapisondas de festejos p\u00fablicos, exposici\u00f3n, conciertos, bailes, soir\u00e9es, y qu\u00e9 s\u00e9 yo cu\u00e1ntas cosas anunciadas y no cumplidas; y en tanto mi discreto editor ha tenido la delicadeza de no recordarme segunda vez mi promesa.<\/p>\n\n\n\n<p>BARTOLO.\u2014 Pues manos a la obra, que lo que no se principia jam\u00e1s se acaba, y rabio ya por ver mi nombre gastando las letras de molde, y a todo el mundo leyendo mis verdades.<\/p>\n\n\n\n<p>YO.\u2014 Bien, Bartolo, bien.<\/p>\n\n\n\n<p>BARTOLO.\u2014 \u00a1Y qu\u00e9 de cosas, se\u00f1or, han pasado durante este tiempo en que hemos andado de ceca en meca ocupados con hu\u00e9spedes, fiestas de S. Pedro m\u00e1rtir, repiques y carreras de burros! Me tengo reservada cada verdad as\u00ed\u2026 (Cerrando el pu\u00f1o), y solo me retrae aquel temorcillo\u2026 pues\u2026 de que me unte las costillas alg\u00fan pr\u00f3jimo que pueda creerse aludido.<\/p>\n\n\n\n<p>YO.\u2014 Con tal de que no te entrometas en personalidades.<\/p>\n\n\n\n<p>BARTOLO.\u2014 \u00bfY qu\u00e9 giro podr\u00e9 yo dar a mi lenguaje para referir los desmanes y el despotismo de alguno de esos guardias que veo yo por ah\u00ed m\u00e1s serios que ministros de hacienda, y que llevan unos sables con m\u00e1s orgullo y br\u00edos que si fueran los tizones del Cid o de Gonzalo?<\/p>\n\n\n\n<p>YO.\u2014 En primer lugar, yo creo que exageras al apellidar desmanes lo que ser\u00e1 solo el cumplimiento de su obligaci\u00f3n, y en segundo, no debes de abrigar tal temor, pues los tales encargados de la vigilancia p\u00fablica deben cuidar siempre de conservar el orden, y no permitir esc\u00e1ndalos, ni pleitos, ni ri\u00f1as, ni\u2026<\/p>\n\n\n\n<p>BARTOLO.\u2014 Una pregunta, se\u00f1or; \u00bfy a ellos qui\u00e9n los vigila, y les hace observar el orden, no permiti\u00e9ndoles esc\u00e1ndalos, ni pleitos, ni ri\u00f1as, ni\u2026<\/p>\n\n\n\n<p>YO.\u2014 Se bastan ellos mismos, y buen cuidado tendr\u00e1n de tomarse la menor libertad, pues ser\u00e1 doble su castigo.<\/p>\n\n\n\n<p>BARTOLO.\u2014 Jum, Jum\u2026; c\u00f3mo se conoce que no est\u00e1 usted al corriente de las cosas, pues yo s\u00e9 de uno de esos que llama usted encargados de la vigilancia p\u00fablica que hace ya tiempo quiso castigar o castig\u00f3 a una pobre mujer solo porque coloc\u00f3 una cesta en el pretil del puente en tanto tomaba en brazos a un ni\u00f1o que lloraba y que conduc\u00eda de la mano. Si yo contara estas cosas\u2026, \u00a1ay mis costillas!<\/p>\n\n\n\n<p>YO.\u2014 Bien, Bartolo, bien\u2026<\/p>\n\n\n\n<p>BARTOLO.\u2014 No, se\u00f1or, mal y muy mal.<\/p>\n\n\n\n<p>YO.\u2014 No me interrumpas, hombre. Pues, aunque reprocho el demasiado rigor del guardia, es seguro que la autoridad castigar\u00e1 su mal proceder.<\/p>\n\n\n\n<p>BARTOLO.\u2014 As\u00ed fue: pero ello no quita que tenga yo que sentir si refiero algunas cosas que no sean del agrado de los se\u00f1ores polizontes\u2026<\/p>\n\n\n\n<p>YO.\u2014 Reflexiona, y no seas tonto ni adelantes ideas. En lo que t\u00fa mismo cuentas debes conocer que siempre se castiga al que no cumple con su obligaci\u00f3n, y guard\u00e1ndote t\u00fa de no poner jam\u00e1s encima delpuente ning\u00fan objeto, pues est\u00e1 con sobrada raz\u00f3n prohibido, de seguro que nadie chocar\u00e1 contigo; y para evitarlo lo mejor ser\u00e1, y te lo aconsejo, que cuando vayas al mercado a la Vegueta a llevar al editor de El \u00d3mnibus nuestras tertulias, tomes siempre por el puente de madera.<\/p>\n\n\n\n<p>BARTOLO.\u2014 Eso s\u00ed que no har\u00e9 yo.<\/p>\n\n\n\n<p>YO.\u2014 \u00bfPor qu\u00e9?<\/p>\n\n\n\n<p>BARTOLO.\u2014 Porque el puente ese me marea, y al pasarlo me parece que voy embarcado, con su meneo y sus cadenas.<\/p>\n\n\n\n<p>YO.\u2014 Pues es preciso remediarnos as\u00ed, en tanto se construya el otro.<\/p>\n\n\n\n<p>BARTOLO.\u2014 \u00bfY cu\u00e1ndo har\u00e1n otro que no se remenee?<\/p>\n\n\n\n<p>YO.\u2014 M\u00e1s tarde, m\u00e1s tarde. Todo lo quieres deprisa y eso es mucho pretender.<\/p>\n\n\n\n<p>BARTOLO.\u2014 \u00bfC\u00f3mo deprisa? Si hace m\u00e1s de un siglo que est\u00e1n los peri\u00f3dicos con el puente nuevo, y h\u00e1gase el puente nuevo, y vu\u00e9lvase a hacer el puente nuevo; y despu\u00e9s de tanto recomendarlo y charlar sobre el proyecto, y pensar en uno de piedra, y despu\u00e9s en otro de hierro, se salieron al fin con uno de palo. D\u00edgame usted, mi amo, \u00bfy cu\u00e1ndo el barranco se lleve este, de qu\u00e9 proyectar\u00e1n el otro?<\/p>\n\n\n\n<p>YO.\u2014 De cuernos, zopenco, y no me canses.<\/p>\n\n\n\n<p>BARTOLO.\u2014 Pues no faltar\u00e1n canteras de donde extraer el material.<\/p>\n\n\n\n<p>Momento de silencio, durante el cual me llevo con precipitaci\u00f3n la mano a la frente\u2026 un instante despu\u00e9s recuerdo que no soy casado y me tranquilizo.<\/p>\n\n\n\n<p>YO.\u2014 (Con extra\u00f1eza mirando la cama) Y dime, hombre, \u00bfde cu\u00e1ndo ac\u00e1 te ha ocurrido colocarme el catre en esa posici\u00f3n atravesada, que me impide el paso hacia aquel \u00e1ngulo del cuarto?<\/p>\n\n\n\n<p>BARTOLO.\u2014 Es que lo he querido colocar en l\u00ednea recta.<\/p>\n\n\n\n<p>YO.\u2014 \u00bfY no sabes t\u00fa que la recta no se inclina a ning\u00fan lado?<\/p>\n\n\n\n<p>BARTOLO.\u2014 Ah\u00ed tiene usted lo mismo que dec\u00eda yo; pero como han tratado de convencerme que la casa que se est\u00e1 fabricando en la calle del Rel\u00f3 est\u00e1 en l\u00ednea recta con la calle Nueva, y aquella coge hacia un lado y esta hacia otro, de aqu\u00ed mi empe\u00f1o en poner la cama de usted imitando a la tal casa en construcci\u00f3n que parece le ha tocado aire de perles\u00eda.<\/p>\n\n\n\n<p>YO.\u2014 \u00bfY qu\u00e9 entiendes t\u00fa de trazados, ni direcciones para meterte a criticar lo que no puedes comprender?<\/p>\n\n\n\n<p>BARTOLO.\u2014 Bien, se\u00f1or, yo no entender\u00e9 nada de esos chismes; pero no se me esconde lo que est\u00e1 bien y lo que est\u00e1 mal, y usted ver\u00e1 c\u00f3mo la tal casa va a salir una copia exacta de la plaza de mercado.<\/p>\n\n\n\n<p>YO.\u2014 C\u00e1llate por Dios, Bartolo, no es tan exagerada como yo quiero tu cr\u00edtica, sino moderada y racional. Los inteligentes al clavar sus banderillas\u2026<\/p>\n\n\n\n<p>BARTOLO.\u2014 Ni que fueran toreros.<\/p>\n\n\n\n<p>YO.\u2014 No me interrumpas. Al clavar sus banderillas tienen la certeza de su perfecta alineaci\u00f3n, y ponen en pr\u00e1ctica sus proyectos.<\/p>\n\n\n\n<p>BARTOLO.\u2014 Todo eso est\u00e1 muy bien; pero al hacer lo que hacen, debieran reflexionar que cualquier pr\u00f3jimo al pasar por la memorada calle se rompe la crisma al tropezar con la pared de enfrente, y pudieran a lo menos, por compasi\u00f3n, darle ensanche derribando desde luego las casas necesarias para su formaci\u00f3n, al mismo tiempo que siguen levantando la susodicha obra.<\/p>\n\n\n\n<p>YO.\u2014 Ya, eso es otra cosa; y por castigo a tu supina ignorancia merec\u00edas que tu cr\u00edtica disparatada fuese remitida a cualquier peri\u00f3dico para que el mundo juzgase de tu terquedad y atrevimiento.<\/p>\n\n\n\n<p>BARTOLO.\u2014 Poco me importar\u00eda, si juntamente pudiese insertarse la casa en cuesti\u00f3n.<\/p>\n\n\n\n<p>YO.\u2014 Aqu\u00ed no hay otra casa en cuesti\u00f3n sino mi catre que lo quiero derecho como estaba antes. \u00bfEntiendes?<\/p>\n\n\n\n<p>BARTOLO.\u2014 (Rodando el catre y en voz baja). C\u00famplase su voluntad en\u2026<\/p>\n\n\n\n<p>YO.\u2014 \u00bfQu\u00e9 murmuras?<\/p>\n\n\n\n<p>BARTOLO.\u2014 Nada, se\u00f1or. A m\u00ed me gusta siempre tener las cosas a la orden del d\u00eda, y si usted contin\u00faa reprendi\u00e9ndome porque digo la verdad que tanto me recomienda, vamos a concluir con nuestras tertulias casi sin haber empezado.<\/p>\n\n\n\n<p>YO.\u2014 Bien, Bartolo, bien: dime lo que quieras, que, seg\u00fan salga de tu boca, as\u00ed lo remitir\u00e9 al \u00d3mnibus para su inserci\u00f3n; pero ten entendido que t\u00fa solo ser\u00e1s el responsable, y por lo que a m\u00ed toca, me lavo las manos como Pilatos.<\/p>\n\n\n\n<p>BARTOLO.\u2014 No tenga usted cuidado, que todo lo har\u00e9 a medida de sus deseos, pues ejerce usted sobre m\u00ed m\u00e1s influencia que un muchacho casadero y rico sobre las doncellas de este pueblo.<\/p>\n\n\n\n<p>YO.\u2014 Sumo placer tendr\u00e9 en tu comedimiento, porque, aunque tu inteligencia es lista y despejada en extremo, debe ser, seg\u00fan dice santa Teresa, como la tierra no labrada, que lleva siempre abrojos y espinas aunque sea f\u00e9rtil.<\/p>\n\n\n\n<p>BARTOLO.\u2014 Extra\u00f1o que Santa Teresa se ocupe de esas cosas y especialmente de m\u00ed.<\/p>\n\n\n\n<p>YO.\u2014 No disparates; y ya debieras haber comprendido que tengo<\/p>\n\n\n\n<p>sue\u00f1o y necesito descansar.<\/p>\n\n\n\n<p>BARTOLO.\u2014 Muy bien, se\u00f1or; pero no olvide usted nuestras tertulias que tanto agradan. Ver\u00e1 usted c\u00f3mo me voy a atraer de tal modo la atenci\u00f3n del p\u00fablico, que han de suscribirse al \u00d3mnibus hasta los criados de casa, y ya cuidar\u00e9 yo de no volver a calentar con \u00e9l el caf\u00e9 y ni el vecino de enfrente envolver\u00e1 m\u00e1s cominos ni azafr\u00e1n.<\/p>\n\n\n\n<p>YO.\u2014 Todo lo que t\u00fa quieras; pero vete en paz, que tu charla me incomoda.<\/p>\n\n\n\n<p>BARTOLO.\u2014 Buenas noches, se\u00f1or. (Se aleja cantando en voz baja).<\/p>\n\n\n\n<pre class=\"wp-block-code\"><code>  Ya que lleg\u00f3 mi vez,\n\n\n\n\n\n  aunque cante sin provecho,\n\n\n\n\n\n  no he de decir que al derecho est\u00e1,\n\n\n\n\n\n  lo que est\u00e1 al rev\u00e9s.<\/code><\/pre>\n\n\n\n<p>Yo.<\/p>\n\n\n\n<p>(12 de julio 1862)<\/p>\n\n\n\n<hr class=\"wp-block-separator has-css-opacity\"\/>\n\n\n\n<p>Tertulia de El \u00d3mnibus. Mi criado Bartolo y Yo.<\/p>\n\n\n\n<p>BARTOLO.\u2014 (Desde dentro) Se\u00f1or, se\u00f1or, aqu\u00ed est\u00e1 el cartero.<\/p>\n\n\n\n<p>YO.\u2014 S\u00fabeme los peri\u00f3dicos y correspondencia.<\/p>\n\n\n\n<p>BARTOLO.\u2014 Dice que no trae peri\u00f3dicos ni correspondencia, sino billetes de la rifa de un burro.<\/p>\n\n\n\n<p>YO.\u2014 Vete al diablo, Bartolo, con tus rifas. Pues no faltaba m\u00e1s sino que constantemente vengan a fastidiar a uno con rifas de objetos que no se sortean nunca, o que se han sorteado ya un mill\u00f3n de veces, saliendo premiado el n\u00famero cuyo billete no aparece.<\/p>\n\n\n\n<p>BARTOLO.\u2014 (Entrando). \u00bfY por qu\u00e9 no toma usted, mi amo, un n\u00famero, que tal vez pueda sernos propicia la fortuna y sacarnos el burro?<\/p>\n\n\n\n<p>YO.\u2014 Nadie mejor que t\u00fa sabe la pacotilla de billetes que en diferentes suertes he tomado, empleando en ellos un capital considerable.<\/p>\n\n\n\n<p>BARTOLO.\u2014 Es verdad; pero una vez se acierta, y al menos se protege esa industria.<\/p>\n\n\n\n<p>YO.\u2014 No abuses de las palabras, Bartolo. Jam\u00e1s apellides industria a lo que es en muchas ocasiones una estafa p\u00fablica. El Real Decreto de 20 de enero de 1854 proh\u00edbe terminantemente las rifas, a no precederla correspondiente Real licencia que debe expedirse por conducto del Ministerio de Hacienda, seg\u00fan es textual del mismo decreto; y el C\u00f3digo Penal, en el t\u00edtulo 7.\u00ba libro 2.\u00ba impone severas penas al contraventor.<\/p>\n\n\n\n<p>BARTOLO.\u2014 \u00a1C\u00e1spita!, y qu\u00e9 ocupado debe andar el ministerio con nosotros\u2026 pero, mir\u00e1ndolo bien, si usted por casualidad se sacara el burro (a\u00fan sin tomar billete, pues as\u00ed ha sucedido varias veces), podr\u00eda sin molestarse y sin romper calzado, pasear en \u00e9l y observar por esos mundos de Dios curiosidades que nos den material para nuestras tertulias.<\/p>\n\n\n\n<p>YO.\u2014 Y a prop\u00f3sito de las tertulias, \u00bfqu\u00e9 has o\u00eddo decir de ellas por ah\u00ed?<\/p>\n\n\n\n<p>BARTOLO.\u2014 Hay opiniones, se\u00f1or, y no sabe uno c\u00f3mo conducirse para contentar a todos. Muchos de los que leen nuestras conversaciones exclaman, abriendo tama\u00f1a boca: \u00ab\u00a1Magn\u00edfico! \u00a1Esto es sublime! As\u00ed es como se escribe, con claridad; al pan, pan, y al vino, vino, y nada m\u00e1s\u00bb. Otros al contrario dicen: \u00abS\u00ed se\u00f1or, estar\u00e1 buena y todo lo que usted quiera; pero yo que asist\u00ed al trazado que se hizo en la calle del Rel\u00f3, s\u00e9 muy bien y me consta de propia ciencia, que la casa que all\u00ed se construye se halla alineada perfectamente con la diagonal H y el v\u00e9rtice del \u00e1ngulo X, o lo que es lo mismo est\u00e1 en l\u00ednea recta con el Castillo del Rey y el Reducto de Santa Isabel\u00bb. \u00abNo se\u00f1or, interrumpen algunos, todo estar\u00e1 perfectamente; pero aquello de que el puente lo van a construir de\u2026\u00bb.<\/p>\n\n\n\n<p>YO.\u2014 Creo que llaman. Tal vez sea otro burro en rifa.<\/p>\n\n\n\n<p>BARTOLO.\u2014 (Asom\u00e1ndose a la puerta). No se\u00f1or, es un pobre que pide limosna.<\/p>\n\n\n\n<p>YO.\u2014 Dile que perdone. Quiz\u00e1 sea uno de tantos vagabundos que andan por nuestra poblaci\u00f3n sin oficio alguno, rebosando vida y salud, pretendiendo conmover el coraz\u00f3n de los transe\u00fantes con los harapos de su supuesta miseria.<\/p>\n\n\n\n<p>BARTOLO.\u2014 Bah, no piense usted tan mal, se\u00f1or. Tal vez como el a\u00f1o ha sido malo, y como no ha llovido y hay falta de agua por Lanzarote y Fuerteventura, seg\u00fan dice La Cr\u00f3nica\u2026<\/p>\n\n\n\n<p>YO.\u2014 Aunque as\u00ed sea. Yo no dudo que la falta de cereales y carencia de agua obliguen a algunos desgraciados a emigrar de sus islas, y venir a buscar el indispensable sustento a nuestra f\u00e9rtil tierra; pero, a fin de conseguirlo, es necesario que trabajen, principalmente en esta \u00e9poca en que tanta falta de brazos hay, y donde tantas obras se construyen; y no que con la ficci\u00f3n y el enga\u00f1o sorprenden la credulidad de las almas ben\u00e9ficas, atropellando los superiores mandatos, y revelando a los extranjeros que pisan nuestro suelo la idea m\u00e1s triste de nuestra cultura y civilizaci\u00f3n.<\/p>\n\n\n\n<p>BARTOLO.\u2014 Me parece que habla usted con demasiado rigor.<\/p>\n\n\n\n<p>YO.\u2014 No es rigor, Bartolo. Yo quisiera que te enterases de las leyes vigentes que proh\u00edben la mendicidad, lo mismo que las rifas, cuando no les precede la competente licencia. \u00a1Si t\u00fa supieras los males que acarrea una supuesta mendicidad! Baste decirte que el verdadero necesitado, el pobre vergonzante, no es ese que recorre las plazas p\u00fablicas y anda de puerta en puerta demandando conmiseraci\u00f3n. Nuestros antepasados fueron m\u00e1s previsores que nosotros, y el legislador romano consign\u00f3 en sus c\u00f3digos el principio social de que vale m\u00e1s dejar morir de hambre a los vagabundos, que mantenerlos en la holganza.<\/p>\n\n\n\n<p>BARTOLO.\u2014 Pero eso es a los vagabundos.<\/p>\n\n\n\n<p>YO.\u2014 Y esos son los verdaderos vagabundos. \u00bfIgnoras acaso que en nuestra tierra todo se tolera? \u00bfHay vagabundos en nuestra poblaci\u00f3n? \u00bfS\u00ed o no?<\/p>\n\n\n\n<p>BARTOLO.\u2014 \u00a1Jes\u00fas, Jes\u00fas, Jes\u00fas!<\/p>\n\n\n\n<p>YO.\u2014 \u00bfY a qui\u00e9n has visto castigar por tal concepto?<\/p>\n\n\n\n<p>BARTOLO.\u2014 A nadie, se\u00f1or, a nadie; pues ser\u00eda necesario principiar por\u2026 YO.\u2014 Pues ah\u00ed tienes t\u00fa, para no ser sorprendido y enga\u00f1ado, las leyes previenen, seg\u00fan te insinu\u00e9 ya, que el mendigo que demande la p\u00fablica limosna, vaya prevenido de una licencia, debidamente autorizada, que remarque el motivo por qu\u00e9 la obtuvo, y si despu\u00e9s de haber cesado la causa, continuase mendigando, ser\u00e1 castigado conforme a lo prescriptivo de nuestro C\u00f3digo Penal (arts. 263, 264, 265 y 266), que considera un delito el pedir limosna sin este requisito. Si t\u00fa vieras los art\u00edculos 88, 89 y 90 de las ordenanzas municipales de Madrid, no dir\u00edas que pienso con exagerado rigor, cuando leyeses que se previene \u00aba todos los dependientes de la Municipalidad como inspectores, celadores, serenos y guardas de arbolado, y aun a los se\u00f1ores curas p\u00e1rrocos y encargados de las Iglesias, due\u00f1os de caf\u00e9s, botiller\u00edas, tiendas y tabernas, y dem\u00e1s establecimientos p\u00fablicos y privados, que impidan bajo su m\u00e1s estrecha responsabilidad el que p\u00fablicamente se pida limosna\u00bb. Yo no s\u00e9 por qu\u00e9 no ha de hacerse aqu\u00ed lo mismo.<\/p>\n\n\n\n<p>BARTOLO.\u2014 Eso no puede ser, porque aqu\u00ed vivimos en familia.<\/p>\n\n\n\n<p>YO.\u2014 Tienes raz\u00f3n. Aqu\u00ed todo se tolera y de todo se abusa, y no tiene m\u00e1s remedio que callar el que no quiera ser tenido por revoltoso y d\u00edscolo, y atraerse la enemistad de todo el mundo.<\/p>\n\n\n\n<p>BARTOLO.\u2014 Pues usted bien querido est\u00e1 de todos; y nadie dejar\u00e1 de conocer que solo el amor a su pa\u00eds, y la observancia y acatamiento a las leyes y superiores determinaciones, le hacen a usted hablar con alguna franqueza.<\/p>\n\n\n\n<p>YO.\u2014 Por desgracia jam\u00e1s se atiende a eso, y si t\u00fa supieras cu\u00e1nto han de criticar nuestras verdades.<\/p>\n\n\n\n<p>BARTOLO.\u2014 Pues ese temor no me arredra, y creo no callar\u00e9 mientras el hijo de mi madre viva y mire ridiculeces, porque gracias a Dios, de nadie dependo sino de mi trabajo, y como dice el adagio,<\/p>\n\n\n\n<pre class=\"wp-block-code\"><code>  Que toques bien,\n\n\n\n\n\n  que toques mal,\n\n\n\n\n\n  los tres panecillos\n\n\n\n\n\n  no te han de faltar.<\/code><\/pre>\n\n\n\n<p>Y gracias a usted que hoy me ha abierto los ojos respecto a rifas y mendigos con tantas leyes y reales decretos como me ha ensartado de seguida. Yo quisiera que encontrase usted alguno que proh\u00edba las discusiones y la inserci\u00f3n de tanto remitido en los peri\u00f3dicos, con que nos molestan sobre que si uno es caballero particular, si el otro hizo o no hizo la fantas\u00eda; lo mismo que aquellos versos del de la levita y el fraque por all\u00e1, y la de lazo azul por ac\u00e1, y qu\u00e9 s\u00e9 yo cu\u00e1ntas cosas que en su principio agradan, pero que luego cansan.<\/p>\n\n\n\n<p>YO.\u2014 Vete despacio, Bartolo, no critiques lo que no entiendes, y s\u00e1bete que la discusi\u00f3n trae la luz; pues no me disgusta el que los j\u00f3venes agucen su ingenio y demuestren su talento en esa especie de contiendas, medio po\u00e9ticas, que aplaudo, y revelan cierto amor a la literatura; y as\u00ed, guardando el inc\u00f3gnito, se despierta la curiosidad y el chiste, y se descubren ingeniosas aventuras que entretienen. Por lo que toca a los remitidos que mencionas, no est\u00e1 el mal en que se prolongue la pol\u00e9mica, sino en admitir el primero, pues publicado este, no tiene el pobre editor la culpa de que se eternicen las r\u00e9plicas y contra r\u00e9plicas de las personas que se juzgan ofendidas, porque no puede eludir la inserci\u00f3n de las contestaciones que se le remitan, negando, rectificando o explicando los hechos, pues es expreso de la ley de imprenta en su art\u00edculo 22, \u00abque ning\u00fan director de peri\u00f3dico podr\u00e1 rechazar las contestaciones que se le remitan, debi\u00e9ndoles dar inserci\u00f3n en los tres primeros n\u00fameros que se publiquen despu\u00e9s de la entrega\u00bb.<\/p>\n\n\n\n<p>BARTOLO.\u2014 Pues yo, se\u00f1or, quisiera que las columnas de un peri\u00f3dico sostuviesen grandes y sublimes pensamientos, y que no imitaran a las columnas de la portada de la Alameda, que tienen dos figuras de esquinero por remate, las cuales me recuerdan los t\u00edteres del retablo de maese Pedro.<\/p>\n\n\n\n<p>YO.\u2014 Pues, \u00bfqu\u00e9 se hicieron los jarrones que antes adornaban su entrada?<\/p>\n\n\n\n<p>BARTOLO.\u2014 Uno se derrib\u00f3, y el otro permaneci\u00f3 largo tiempo haciendo de centinela avanzada, o como preg\u00f3n de nuestra desidia, hasta que \u00faltimamente fueron sustituidos ambos por las dos figuritas mencionadas que indudablemente comprar\u00edan a un italiano de esos que venden sus santi boni barati.<\/p>\n\n\n\n<p>YO.\u2014 Ignoraba tales innovaciones.<\/p>\n\n\n\n<p>BARTOLO.\u2014 Pues, ya se ve. Usted entender\u00e1 de leyes y reales decretos; pero para esto de novedades me pinto solo. Si usted tuviera conocimiento de unos peri\u00f3dicos literarios manuscritos que andan por ah\u00ed titulados El Guanarteme y La Antorcha, ya ver\u00eda usted qu\u00e9 bonitos versos tienen.<\/p>\n\n\n\n<p>YO.\u2014 Y, \u00bfqui\u00e9n se entretiene en redactar esos papeles, y d\u00f3nde los has visto?<\/p>\n\n\n\n<p>BARTOLO.\u2014 Sus redactores no los conozco; pero leerlos, los lee quien quiera, pues corren por ah\u00ed de mano en mano, y a\u00fan tienen entrada en ciertas tertulias.<\/p>\n\n\n\n<p>YO.\u2014 Deseara verlos.<\/p>\n\n\n\n<p>BARTOLO.\u2014 Eso ser\u00e1 f\u00e1cil; y le aseguro a usted que es l\u00e1stima no se den a la prensa sus art\u00edculos y composiciones po\u00e9ticas.<\/p>\n\n\n\n<p>YO.\u2014 Qu\u00e9 quieres, Bartolo; por desgracia en nuestro suelo donde no se da protecci\u00f3n a la literatura, el genio muere, y el gusto, el verdadero gusto se pierde por temor a la cr\u00edtica severa de los que se complacen en destruir lo que no son capaces de hacer.<\/p>\n\n\n\n<p>BARTOLO.\u2014 Verdad y mucha verdad.<\/p>\n\n\n\n<p>YO.\u2014 Pues basta de verdades por hoy, y no descuides recolectar por ah\u00ed un repertorio bueno de noticias para distraer mi constante spleen y pertinaz malhumor.<\/p>\n\n\n\n<p>BARTOLO.\u2014 Pierda usted cuidado, se\u00f1or, que novedades no faltar\u00e1n.<\/p>\n\n\n\n<p>Yo.<\/p>\n\n\n\n<p>(6 de agosto)<\/p>\n\n\n\n<hr class=\"wp-block-separator has-text-color has-very-dark-gray-color has-css-opacity has-very-dark-gray-background-color has-background\"\/>\n\n\n\n<p>Tertulia de El \u00d3mnibus. Remitido. Carta de PASCUAL a su primo BARTOLO.<\/p>\n\n\n\n<p>Mi querido primo Bartolo: hastiado de buscarte en esta ciudad despu\u00e9s que supe hab\u00edas regresado a ella, casi casi hab\u00eda renunciado a mis pesquisas cuando en vez de encontrarte en una buhardilla, o cosa semejante, te hallo nada menos que en una accesor\u00eda decente, si las hay, o sea en el piso bajo de El \u00d3mnibus. Apres\u00farome, pues, a darme las enhorabuena a m\u00ed, que soy primero que t\u00fa, y a ti que eres dos veces despu\u00e9s que yo; y esta alegr\u00eda es tanto m\u00e1s natural cuanto que mi principal deseo de encontrarte era precisamente para poner en ejercicio nuestra rec\u00edproca mordacidad que as\u00ed llaman algunos a nuestra franqueza, franca y leal como son siempre las franquezas, si exceptuamos a las de los Puertos, que tienen el nombre de franquicias.<\/p>\n\n\n\n<p>Pero francamente, aquel deseo que, entre nosotros dos, y a la calladita, pod\u00eda proporcionarnos ratos buenos de distracci\u00f3n, veo que t\u00fa lo has entendido de diverso modo, puesto que sin m\u00e1s ni m\u00e1s te has metido a murmurador, oficio bien ingrato por cierto, si bien lo has hecho a la sombra de tu amo que desde luego aprecio por serio, y por su inteligencia y despreocupaci\u00f3n, por m\u00e1s que me repugne su nombre. Ya t\u00fa sabes mi genio: no me gustan, sin poderlo remediar, los nombres aristocr\u00e1ticos y sea esto dicho con perd\u00f3n de tu amo.<\/p>\n\n\n\n<p>Buenos y muy rebuenos han estado los dos, \u00e9l y t\u00fa, en hacer lo que han hecho; pero malos y muy remalos en sacar a cuento eso de las rifas, pues me vas a causar un perjuicio de much\u00edsima gravedad: fig\u00farate que esa es mi industria y que con ella me sostengo, y ver\u00e1s si hay motivos por que me haya afectado tu indiscreci\u00f3n. Ya estoy mirando venir la orden prohibiendo las rifas, y no s\u00e9 qu\u00e9 va a ser, entonces, de m\u00ed; pues aunque no rifo burros, lo que siento por la semejanza, rifo pa\u00f1uelitos de seda y botitas de charol y abanicos y otras menudencias que me proporcionan descansadamente la subsistencia. El \u00fanico medio que yo encuentro de que repares el da\u00f1o que impensadamente, a lo que creo, me has hecho, es el de que te empe\u00f1es con tu amo para que esto de las rifas no llegue a noticia de las autoridades, pues, como los que yo rifo no son objetos presentados a la Exposici\u00f3n, es muy probable que yo me quede sin mis rifas de mi alma, y pierda el capitalito que en este negocio ten\u00eda empleado, y ya comprender\u00e1s t\u00fa que no es f\u00e1cil encontrar negocios y mucho menos, uno, que proporcione tanto descanso y tan positiva utilidad.<\/p>\n\n\n\n<p>Basta por hoy, primo Bartolo, que no todo se ha de hacer en un d\u00eda: b\u00e1stame a m\u00ed el haberte encontrado mal o bien enfolletinado; b\u00e1stete a ti el saber que ando por estos mundos de Dios escudri\u00f1ando y atisbando cuanto puedo cuando quiero, y cuanto quiero cuando puedo; y b\u00e1stenos a nosotros que, tu amo inclusive y el p\u00fablico tambi\u00e9n, somos cuatro, saber, como tu primo les anuncia, que estamos en la m\u00e1s completa plenitud de nuestro derecho para murmurar, o como quieran llamarlo, siempre que no faltemos a la ley. Adi\u00f3s hasta que vuelva a escribirte tu primo.<\/p>\n\n\n\n<p>Pascual.<\/p>\n\n\n\n<p>Se me qued\u00f3 por decirte que ahora se expende al p\u00fablico una cosa que llaman helados, aunque creo que t\u00fa lo sabr\u00e1s por haberse anunciado varias veces, y porque en la puerta de una casa se ve un letrero, alumbrado, sin duda, con una raja de tea, seg\u00fan lo tiznado y sucio que luce, que as\u00ed lo indica: los tales helados se venden a media peseta el vaso. Pero lo que t\u00fa no sabr\u00e1s es que el de leche est\u00e1 preparado, seg\u00fan dicen, con leche de burra, la cual es una ventaja para los t\u00edsicos: por lo mismo te lo digo para tu gobierno.<\/p>\n\n\n\n<p>(13 de agosto)<\/p>\n\n\n\n<hr class=\"wp-block-separator has-text-color has-very-dark-gray-color has-css-opacity has-very-dark-gray-background-color has-background\"\/>\n\n\n\n<p>Tertulia de El \u00d3mnibus. Mi criado Bartolo y Yo.<\/p>\n\n\n\n<p>BARTOLO.\u2014 \u00a1Apun\u2026!, \u00a1fuego\u2026!, \u00a1pum\u2026!<\/p>\n\n\n\n<p>YO.\u2014 \u00a1Bartolo! \u00a1Bartolo!<\/p>\n\n\n\n<p>BARTOLO.\u2014 (Entrando con una escopeta de caza en la mano). Se\u00f1or, se\u00f1or.<\/p>\n\n\n\n<p>YO.\u2014 \u00bfQu\u00e9 haces, hombre, que parece intentas echar la casa al suelo?<\/p>\n\n\n\n<p>BARTOLO.\u2014 Me estoy ensayando para ir un d\u00eda de estos a cazar con varios amigos a La Isleta, y a los cercados de las afueras de Triana.<\/p>\n\n\n\n<p>YO.\u2014 \u00bfY qu\u00e9 intentas cazar cuando aqu\u00ed afortunadamente no se encuentra esa clase de animales da\u00f1inos cuyo exterminio autoriza el Real Decreto de 3 de mayo de 1834?<\/p>\n\n\n\n<p>BARTOLO.\u2014 \u00bfC\u00f3mo que no se encuentran, se\u00f1or? \u00bfY los conejos, y las palomas, perdices y alcaravanes que pueblan los campos y asolan los sembrados?; \u00bfy esa plaga de p\u00e1jaros de mal ag\u00fcero que pulula por nuestras sociedades e infestan la poblaci\u00f3n ocasionando m\u00e1s da\u00f1o que la langosta y la cigarra berberisca?<\/p>\n\n\n\n<p>YO.\u2014 C\u00e1llate, Bartolo, c\u00e1llate, que vas haci\u00e9ndote incorregible, y no puedes sostener la m\u00e1s formal conversaci\u00f3n sin entrometer en todo tu mordaz e inoportuna s\u00e1tira.<\/p>\n\n\n\n<p>BARTOLO.\u2014 Pero usted no me ha dicho\u2026<\/p>\n\n\n\n<p>YO.\u2014 Lo que te he dicho y repito es que te dejes de bober\u00edas, y si pretendes ir a cazar, deber\u00e1s, tanto t\u00fa como los que te acompa\u00f1an, proveerse antes de la competente licencia de los due\u00f1os de las propiedades donde deseen entrar, conforme se redacta en el t\u00edtulo1\u00ba del Real Decreto mencionado, a fin de que nadie pueda ven\u00edrseme ma\u00f1ana con quejas de ti.<\/p>\n\n\n\n<p>BARTOLO.\u2014 Pero si yo no pienso ir ma\u00f1ana.<\/p>\n\n\n\n<p>YO.\u2014 Cuando quiera que vayas. Callos tengo en los o\u00eddos de escuchar constantemente a los due\u00f1os y arrendatarios de los predios donde cultivan el nopal, los perjuicios y da\u00f1os que les irrogan los cazadores desprendiendo la grana de la pala con el roce de sus vestidos, y destrozando la planta con la mala direcci\u00f3n de las municiones, y los saltos y carreras de los perros.<\/p>\n\n\n\n<p>BARTOLO.\u2014 \u00bfY de cu\u00e1ndo ac\u00e1 dice usted que es la tal ley?<\/p>\n\n\n\n<p>YO.\u2014 Desde el a\u00f1o de 34.<\/p>\n\n\n\n<p>BARTOLO.\u2014 Pues hasta ahora me figuraba yo que hubiese salido hoy, porque hasta ayer mismo fueron a cazar Domingo, Antonio, Pedro, Carlitos y el hermano, y no necesitaron licencia ni permiso de nadie, no impidiendo ello que vinieran cargados de perdices y conejos.<\/p>\n\n\n\n<p>YO.\u2014 Eso es un abuso por parte de ellos, y excesiva tolerancia por la de los due\u00f1os.<\/p>\n\n\n\n<p>BARTOLO.\u2014 \u00bfY qui\u00e9n no abusa hoy sin responsabilidad de ning\u00fan g\u00e9nero? En estos tiempos, se\u00f1or, el abuso es un uso.<\/p>\n\n\n\n<p>YO.\u2014 Irracional te has hecho a fe m\u00eda.<\/p>\n\n\n\n<p>BARTOLO.\u2014 Me habr\u00e9 hecho todo lo que usted quiera pero que lo que digo es verdad no admite duda alguna.<\/p>\n\n\n\n<p>YO.\u2014 \u00bfEntonces te atrever\u00e1s a sostener que es l\u00f3gico el que cualquiera por satisfacer su capricho, se halla autorizado para perjudicar al colono que mira en su labranza el porvenir y sostenimiento de su familia?<\/p>\n\n\n\n<p>BARTOLO.\u2014 Usted podr\u00e1 decirme lo que se le antoje, y aun llegar\u00e1 a convencerme; pero es seguro, que si mi primo Pascual, que es antiguo cazador, llega a husmear ese f\u00e1rrago de leyes que usted cita, de positivo se va a amoscar como sucedi\u00f3 con lo de las rifas.<\/p>\n\n\n\n<p>YO.\u2014 Y har\u00e1 mal y muy mal, porque por tan poca cosa como fue lo que con sobrada raz\u00f3n de las rifas dije, debiera tener entendido tu primo, que la prohibici\u00f3n que teme no llegar\u00e1 jam\u00e1s; y tendr\u00e1 tiempo sobrado, no digo para rifar los objetos en que declara haber invertido su capitalito, sino m\u00e1s que fuera.<\/p>\n\n\n\n<p>BARTOLO.\u2014 Ya; pero como \u00e9l no conoce tanto como usted todos estos\u2026<\/p>\n\n\n\n<p>YO.\u2014 Pues deb\u00eda conocerlos antes de impugnarnos y tacharte de murmurador, ya que se precia m\u00e1s de cazador de noticias que cazador de liebres.<\/p>\n\n\n\n<p>BARTOLO.\u2014 \u00a1Caramba, se\u00f1or! Dice usted unas cosas de mi primo y le trata con tanto rigor\u2026<\/p>\n\n\n\n<p>YO.\u2014 No es rigor; pero aseg\u00farate que tengo deseos de conocer a ese Pascual, a ese improvisado primo tuyo de quien nunca me has hablado, y cuyo estilo epistolar me agrada, pues parece ser menos bruto que t\u00fa.<\/p>\n\n\n\n<p>BARTOLO.\u2014 Muchas gracias, mi amo. Pues se\u00f1or, mi primo Pascual, aunque es mi primo, no es primo m\u00edo.<\/p>\n\n\n\n<p>YO.\u2014 No te comprendo.<\/p>\n\n\n\n<p>BARTOLO.\u2014 Quiero decir, que as\u00ed como hay t\u00edos con sobrinas que no son ni sobrinas ni t\u00edos, sino que ellas y ellos\u2026, y luego ellos y ellas\u2026, pues\u2026, \u00bfeh?\u2026 \u00bfme entiende usted?<\/p>\n\n\n\n<p>YO.\u2014 Cada vez te comprendo menos.<\/p>\n\n\n\n<p>BARTOLO.\u2014 Mi primo Pascual y yo nos conocimos desde chiquillos en la escuela, \u00a1y desde luego nos quisimos tanto!<\/p>\n\n\n\n<p>YO.\u2014 Como buenos parientes.<\/p>\n\n\n\n<p>BARTOLO.\u2014 No se\u00f1or; hasta entonces no \u00e9ramos primos; \u00a1pero nos quisimos tanto!, simpatizamos de tal modo, que siempre and\u00e1bamos juntos, siempre nos busc\u00e1bamos, y ni \u00e9l ten\u00eda secretos para m\u00ed ni yo los ten\u00eda para \u00e9l.<\/p>\n\n\n\n<p>YO.\u2014 \u00bfY qu\u00e9 tiene que ver eso con vuestro parentesco?<\/p>\n\n\n\n<p>BARTOLO.\u2014 Tenga usted paciencia. Tal intimidad y tanto cari\u00f1o dio lugar a que los muchachos nos llamaran los dos hermanos; pero nosotros, conociendo que semejante dictado podr\u00eda herir la susceptibilidad de nuestras madres, adoptamos el de primos, y desde entonces no hab\u00eda otra cosa sino mi primo Pascual esto, mi primo Pascual lo otro.<\/p>\n\n\n\n<p>YO.\u2014 Ya comprendo. Pero, \u00bfa qu\u00e9 ven\u00eda aquello de los t\u00edos y las sobrinas?<\/p>\n\n\n\n<p>BARTOLO.\u2014 Eso no era m\u00e1s que para la similitud.<\/p>\n\n\n\n<p>YO.\u2014 Pues mira, Bartolo; no debes despreciar las relaciones que te unen con tu postizo primo, pues hoy m\u00e1s que nunca pueden sernos \u00fatiles para deleitar y corregir.<\/p>\n\n\n\n<p>BARTOLO.\u2014 Demasiado, se\u00f1or.<\/p>\n\n\n\n<p>YO.\u2014 Al intento debieras contestarle anunci\u00e1ndole, que as\u00ed como&nbsp;t\u00fa eres un primo que no eres, tambi\u00e9n yo soy un yo que no soy; un yo que&nbsp;nada tiene de aristocr\u00e1tico, y prueba demasiado ostensible de ello son&nbsp;los di\u00e1logos familiares que contigo sostengo.<\/p>\n\n\n\n<p>BARTOLO.\u2014 Estoy en todo lo que usted dice; pero, sin ser necesario escribirle particularmente, \u00e9l se enterar\u00e1 de todo por nuestras tertulias, pues es muchacho corriente y no lo extra\u00f1ar\u00e1.<\/p>\n\n\n\n<p>YO.\u2014 Bien; pero quisiera que le hicieses algunas insinuaciones respecto a proyectos y reformas.<\/p>\n\n\n\n<p>BARTOLO.\u2014 Me guardar\u00e9 de ello; porque usted, se\u00f1or, no sabe, que a usted por m\u00ed, y a m\u00ed por mi primo Pascual, y a mi primo Pascual por aquello de las rajas de tea y la leche de burras, nos traen entre ojos.<\/p>\n\n\n\n<p>YO.\u2014 Haz lo que quieras.<\/p>\n\n\n\n<p>BARTOLO.\u2014 Lo que har\u00e9 yo, para que vayan saliendo oportunamente, es acumular las noticias m\u00e1s gordas y formar con ellas un majano enteramente igual al de piedras que existe en los recovecos de San Antonio Abad enfrente del lugar donde desemboca la calle de la Audiencia en la de la Gloria.<\/p>\n\n\n\n<p>YO.\u2014 \u00bfY c\u00f3mo se permiten esas barricadas en el centro de la poblaci\u00f3n?<\/p>\n\n\n\n<p>BARTOLO.\u2014 Bien hace usted en llamarlas borri\u2026<\/p>\n\n\n\n<p>YO.\u2014 \u00a1Silencio!<\/p>\n\n\n\n<p>BARTOLO.\u2014 \u00bfPues qu\u00e9 he dicho yo, se\u00f1or?<\/p>\n\n\n\n<p>YO.\u2014 Te he preguntado por qu\u00e9 se hallan las tales piedras en aquel sitio, y quiero me contestes directamente.<\/p>\n\n\n\n<p>BARTOLO.\u2014 Aquellas piedras est\u00e1n all\u00ed desde ab antiquitate (\u00bfest\u00e1 bien dicho, mi amo?), y en d\u00edas pasados ocasionaron un gran disgusto a los pobres padres de un ni\u00f1o que por ir con otros de su edad a jugar a aquel sitio cay\u00f3 rodando y qued\u00f3 gravemente herido.<\/p>\n\n\n\n<p>YO.\u2014 Si los padres no descuidaran a sus hijos, no lamentar\u00edan semejantes desgracias. Mas, con todo persisto, \u00bfcon qu\u00e9 objeto permanecen las tales piedras en dicho lugar?<\/p>\n\n\n\n<p>BARTOLO.\u2014 Se me figura si querr\u00e1n construir all\u00ed alguna fuente o pilar como el de la plaza del Esp\u00edritu Santo.<\/p>\n\n\n\n<p>YO.\u2014 A prop\u00f3sito. Esa obra estar\u00e1 ya casi concluida.<\/p>\n\n\n\n<p>BARTOLO.\u2014 Quia, se\u00f1or; hasta ahora no se ha dado a luz m\u00e1s que la primera entrega y corre por ah\u00ed el runr\u00fan de que la tal fuente no correr\u00e1.<\/p>\n\n\n\n<p>YO.\u2014 Est\u00e1s hoy enigm\u00e1tico, Bartolo.<\/p>\n\n\n\n<p>BARTOLO.\u2014 Es necesario estarlo, porque cuando uno ve ciertas cosas se le rayan las tripas y se le altera la bilis.<\/p>\n\n\n\n<p>YO.\u2014 Paciencia, hombre, paciencia; que si no piensan concluir la tal obra ya tendr\u00e1n cuidado de herrar o quitar el banco.<\/p>\n\n\n\n<p>BARTOLO.\u2014 Pero de todo esto lo que m\u00e1s me incomoda es que hay muchos que pretenden que tengamos tan anchas las agallas que todo lo traguemos.<\/p>\n\n\n\n<p>YO.\u2014 Y qu\u00e9 fuerte que est\u00e1s hoy.<\/p>\n\n\n\n<p>BARTOLO.\u2014 Sup\u00f3ngase usted que si fueran a escribirse los errores que se han cometido se cometen y se cometer\u00e1n, todo el papel del mundo se volver\u00eda negro.<\/p>\n\n\n\n<p>YO.\u2014 Andaluzadas tenemos. \u00bfY si el objeto es bueno?<\/p>\n\n\n\n<p>BARTOLO.\u2014 Qu\u00e9 s\u00e9 yo; ni siquiera me atrevo a creerlo, porque bastar\u00eda que lo fuera, para que no se hiciese. Y si no, \u00bfcon qu\u00e9 fin han dejado el mont\u00f3n de piedras en cuesti\u00f3n, en semejante sitio? Acaso lo hayan conservado para madrigueras de ratones, lagartijas y lagartos, y puedan cazar en aquel sitio los que carezcan de licencia, y la fuente del Esp\u00edritu Santo la dedicar\u00e1n a alg\u00fan objeto beneficioso como para criar sanguijuelas, aunque El \u00d3mnibus a\u00fan no las haya anunciado.<\/p>\n\n\n\n<p>YO.\u2014 No te entiendo.<\/p>\n\n\n\n<p>BARTOLO.\u2014 Estas son cosas que no se entienden.<\/p>\n\n\n\n<p>YO.\u2014 Ya, ya,<\/p>\n\n\n\n<p>BARTOLO.\u2014 Mi primo Pascual que es m\u00e1s atrevido que yo y a nadie teme, podr\u00e1 decirlo todo con m\u00e1s claridad, puesto que cree hallarse en la m\u00e1s completa plenitud de su derecho, murmurando de todo siempre que no falte a la ley.<\/p>\n\n\n\n<p>YO.\u2014 Pero falta que \u00e9l quiera hacerlo.<\/p>\n\n\n\n<p>BARTOLO.\u2014 Si \u00e9l no lo hace, lo har\u00e9 yo, a pesar de todo.<\/p>\n\n\n\n<p>YO.\u2014 Vete con cuidado; que si no carecieras de discreci\u00f3n y prudencia ya pudieran por ti solo manejarte; pero las verdades amargan, y por lo mismo no ceso de repetir siempre con mi amigo don Maximino Carrillo de Albornoz:<\/p>\n\n\n\n<pre class=\"wp-block-code\"><code>  Las verdades se ve que cuestan caras,\n\n\n\n\n\n  y pues nada en callarlas sacrifico,\n\n\n\n\n\n  dejo, entornando cauteloso el pico,\n\n\n\n\n\n  de meterme en camisa de once varas.<\/code><\/pre>\n\n\n\n<p>BARTOLO.\u2014 Lo que yo estoy viendo es que usted es como el capit\u00e1n Ara\u00f1a que a todos embarca y luego se queda en tierra. Yo no se\u00f1or, una vez en el burro, arre burro; que no quepo por la boca de nadie, y salga el sol por donde salgare.<\/p>\n\n\n\n<p>YO.\u2014 Aplaudo el que seas consecuente con tus ideas; pero la gente anda amoscada, y cuida no te sacudan el polvo.<\/p>\n\n\n\n<p>BARTOLO.\u2014 No faltar\u00e1 polvo que sacudir, porque los barrenderos cumplen tan al pie de la letra el bando de buen gobierno, que todos est\u00e1n esperando por el agua de la fuente de que antes hablamos, para regar las calles cuando barren, import\u00e1ndoseles un bledo el levantar densas nubes de polvo que producen en los pobres transe\u00fantes v\u00e9rtigos, n\u00e1useas y convulsiones. \u00a1Ni que estuvi\u00e9ramos en Lanzarote!<\/p>\n\n\n\n<p>YO.\u2014 Ja, ja, ja. Si eso no puede ser, cuando tantos vigilantes hay para hacer cumplir lo acordado por la autoridad.<\/p>\n\n\n\n<p>BARTOLO.\u2014 Los municipales se cuidan tan poco de eso, y luego se hallan tan fatigados con el excesivo trabajo\u2026<\/p>\n\n\n\n<p>YO.\u2014 Lo creo, lo creo.<\/p>\n\n\n\n<p>BARTOLO.\u2014 Deje usted que yo adquiera para comprar un caballo, he de andar por esas calles a escape como un condenado, atropellando a todo el mundo, y ver\u00e1 c\u00f3mo no tropiezo con siquiera un municipal para un remedio.<\/p>\n\n\n\n<p>YO.\u2014 No exageres.<\/p>\n\n\n\n<p>BARTOLO.\u2014 No exagero, sino que es verdad y mucha verdad, porque con estos ojos que ha de comer la tierra, he visto tantos y tantos que andan a caballo por esas calles como alma que lleva el diablo, que no solo se exponen a romperse la crisma sino a romper la del pr\u00f3jimo.<\/p>\n\n\n\n<p>YO.\u2014 No ser\u00e9 yo el que te aconseje imites semejantes tropel\u00edas; pero si lo haces con el laudable fin de despertar a la dormida vigilancia, basta para realizarlo el que alquiles un caballo.<\/p>\n\n\n\n<p>BARTOLO.\u2014 \u00bfQu\u00e9? \u00bfQu\u00e9 ha dicho usted se\u00f1or?<\/p>\n\n\n\n<p>YO.\u2014 Que alquiles un caballo.<\/p>\n\n\n\n<p>BARTOLO.\u2014 Disp\u00e9nseme, se\u00f1or, pero de seguro que usted no sabe lo que dice.<\/p>\n\n\n\n<p>YO.\u2014 \u00bfC\u00f3mo que no s\u00e9 lo que digo?<\/p>\n\n\n\n<p>BARTOLO.\u2014 No se\u00f1or, porque hoy que lo m\u00e1s que abunda son bestias en nuestra poblaci\u00f3n, es necesario ser uno todo un potentado para atreverse a alquilar una.<\/p>\n\n\n\n<p>YO.\u2014 \u00bfPor qu\u00e9 tanto?<\/p>\n\n\n\n<p>BARTOLO.\u2014 Porque por el alquiler de una bestia piden un ojo de la cara; porque los arrieros estafan impunemente que es un contento; porque hoy que tantos carruajes hay y por consiguiente es mayor el n\u00famero de cabalgaduras, mayor es el alza de sus alquileres; porque si usted toma una bestia para ir de aqu\u00ed al Puerto de La Luz, o al Monte Lentiscal o a dar un paseo de una hora o menos, le cuesta a usted cada paseo 20 rvn, y a m\u00e1s de esta atroz exorbitancia le pide el arriero la indispensable propina para echar un brindis en la pr\u00f3xima taberna. Y, ay de usted si se la niega, porque ser\u00e1 usted deshonrado y maldecido. Resultado de todo: una bestia mala, resabiosa que le muele a usted las asaduras, una hora de tormento que le cuesta 20 rvn. y por \u00faltimo el requerimiento de la propina, que con la molestia de viaje y el mal humor se lo diera usted de guantazos.<\/p>\n\n\n\n<p>YO.\u2014 Ah\u00ed tienes t\u00fa un abuso que debiera enmendarse.<\/p>\n\n\n\n<p>BARTOLO.\u2014 \u00bfY qui\u00e9n enmienda eso?<\/p>\n\n\n\n<p>YO.\u2014 No lo s\u00e9; pero aunque lo supiera y lo dijese, todo ser\u00eda predicar en desierto, y sacar\u00edamos como siempre lo que el negro del serm\u00f3n.<\/p>\n\n\n\n<p>BARTOLO.\u2014 Es la pura verdad, mi amo.<\/p>\n\n\n\n<p>Yo.<\/p>\n\n\n\n<p>(6 de septiembre)<\/p>\n\n\n\n<hr class=\"wp-block-separator has-text-color has-very-dark-gray-color has-css-opacity has-very-dark-gray-background-color has-background\"\/>\n\n\n\n<p>Tertulia de El \u00d3mnibus. Remitido. Segunda carta de PASCUAL a su primo BARTOLO.<\/p>\n\n\n\n<p>Mi querido primo Bartolo. Era una noche de nieve y granizo, all\u00e1 por el a\u00f1o mil ochocientos y tantos, cuando nuestra buena t\u00eda Marcela se sinti\u00f3 acometida de dolores de parto. P\u00e1rteme el coraz\u00f3n el considerar que a\u00fan la estoy oyendo: era primeriza, y me acuerdo de aquella naturalidad con que el t\u00edo Blas se regocijaba creyendo que iba a tener (su mujer por supuesto) un hijo macho, que era su ensue\u00f1o, su anhelo, su deseo, su halag\u00fce\u00f1a esperanza: \u00a1ten\u00eda sesenta y cinco a\u00f1os el pobre!\u2026 Pero, amigo: t\u00eda Marcela, ladina como ella sola, se sali\u00f3, al amanecer de Dios con una hija jembra. Si hubieras visto y o\u00eddo al t\u00edo Blas: pateaba, ternaba; estaba hecho una furia y por \u00faltimo se echaba boca abajo, como negro dispuesto a sufrir el latigazo, exclamando con voz estent\u00f3rea: \u00abMala noche y parir hija\u2026\u00bb.<\/p>\n\n\n\n<p>Esto mismo digo yo, Bartolo: \u00bfAl cabo de tanto tiempo que has estado aguantando el resuello, vienes a resollar por boca, no de ganso, sino de amo, que entre nosotros, es buen resollar; y lo haces poniendo escr\u00fapulos y dificultades, sobre nuestro parentesco? En qu\u00e9 quedamos, Bartolo, \u00bfsomos o no somos primos? A m\u00ed me ha hecho gracia eso de los t\u00edos que se nos encajan aqu\u00ed (por aquello del puerto franco sin duda), con sus sobrinitas y con sus amas de llave. \u00a1V\u00e1lgate Dios todopoderoso, Bartolo!, tu poca experiencia te hace ser m\u00e1s murmurador de lo que realmente sos. Deja t\u00fa vivir a todo el mundo y en particular a los que vienen a establecerse entre nosotros en la creencia, no muy distante por ciertas cosas, de que estas Islas son las Sanvichas.<\/p>\n\n\n\n<p>Mira, no seas majadero: ni vinculistas; ni capellanes congruentes, ni sanguinarios, ni patronos legos ni laicales, por m\u00e1s legos que seamos; lo mejor es no disputar sobre parentesco y mucho menos echarnos a rebuscar cosas viejas que, cr\u00e9emelo Bartolo, casi siempre salen sucias como si fueran trapo de faroleros, o m\u00e1s puercas e indecentes que el p\u00f3rtico del Teatro: hu\u00e9lelo, olfat\u00e9alo, pero, a veinte pasos de distancia porque m\u00e1s cerca te asfixias, y veremos si tengo raz\u00f3n.<\/p>\n\n\n\n<p>Tambi\u00e9n, t\u00fa, con el dichoso parentesco, has tocado un punto m\u00e1s comprometido y de mayores dimensiones que el que tienen algunas medias que yo he visto en la plaza de mercado: en este pa\u00eds en donde la nobleza rebosa m\u00e1s que el ca\u00f1o del matadero; en donde, con ponerse un de antes del apellido, se consideran algunos elevados a nobles; en donde se ponen, atrevidos, una t o un court para variarlo y estimarse, necios, descendientes del conquistador de Lanzarote; en donde nadie est\u00e1 conforme con ocupar la clase a que pertenece; en un pa\u00eds en donde\u2026 \u00a1Bartolo!, tengamos la fiesta en paz: es asunto delicado, y terreno resbaladizo. Abandon\u00e9mosle para siempre; y supuesto que, acertando, nos habemos (sic) encontrado sin que tu amo, cuya galanter\u00eda agradezco, repugne ni rechace nuestro parentesco, vamos a ser primos en paz y en gracia de Dios. \u00a1Bartolillo!, a aventar, bieldo en mano, que el mont\u00f3n, seg\u00fan luce en la era promete: polvo al aire; aparte el tamo. No recogeremos gran cosecha de grano lo que siento por los panaderos; pero cosecharemos maldiciones, y al fin todo es recoger.<\/p>\n\n\n\n<p>Y a prop\u00f3sito: el otro d\u00eda recoj\u00ed la visita de un joven que ven\u00eda buscando<\/p>\n\n\n\n<p>el n\u00famero premiado con el caballo que \u00faltimamente se rif\u00f3 en el partido del norte: \u00a1y despu\u00e9s quieres t\u00fa que no suban los alquileres!, mentecato; pues si un caballo te vale 50 pesos y su alquiler es, por ejemplo, 10 reales de vell\u00f3n; si rif\u00e1ndolo te vale 100, y adem\u00e1s se pierde el n\u00famero, \u00bfno has de pedir 20 reales por ese mismo alquiler? \u00a1V\u00e1lgate Dios, Bartolo!\u2026 Pero el joven, \u00a1qu\u00e9 guapo!, bigote retorcido hacia arriba, cigarro puro (Kentuki leg\u00edtimo) y f\u00f3sforo fulminante, o petardista: franco, como que se entr\u00f3 por la puerta sin tocar por no lastimarse las coyunturas; listo y casi atrevido, como que se meti\u00f3 en mi cuarto y comenz\u00f3 a ojear, a escupir, a fumar, a leer, a hojear, a retorcerse el bigote, a hojear los papeles y a quemarlos tambi\u00e9n, con su maldito Kentuki: en una palabra, Bartolo, era uno de esos j\u00f3venes que, pobrecillos, tambi\u00e9n la echan de nobles.<\/p>\n\n\n\n<p>Pero no te apures, primo m\u00edo: nada ley\u00f3, ni pudo leer, de los apuntillos que tengo hechos para nuestras murmuraciones, reservados por supuesto con el capitalito de las rifas. Si acaso ley\u00f3 algo fue el ep\u00edgrafe de todos los proyectos que han salido, porque lo dem\u00e1s estaba en blanco como huevo de gallina. El bando de buen gobierno y otra cosa que se public\u00f3 sobre los panaderos, no pod\u00eda leerlo, porque todo estaba en negro: no me gustan cosas escritas, y no cumplidas. Cog\u00ed una pluma inglesa, que yo no s\u00e9 por qu\u00e9 diablos nos las traen ac\u00e1, como las sobrinas, y, sin intenciones de morirme, test\u00e9\u2026 todo lo escrito; y mira que no son malas las plumas aquellas para testar, en manos de un escribano sobre todo.<\/p>\n\n\n\n<p>Hoy no quiere decir m\u00e1s tu primo<\/p>\n\n\n\n<p>Pascual.<\/p>\n\n\n\n<p>(17 de septiembre de 1862)<\/p>\n\n\n\n<hr class=\"wp-block-separator has-text-color has-very-dark-gray-color has-css-opacity has-very-dark-gray-background-color has-background\"\/>\n\n\n\n<p>Tercera carta de carta de Pascual a su primo Bartolo.<\/p>\n\n\n\n<p>Mi querido y estimado Bartolo: Despu\u00e9s de mi segunda y \u00faltima carta, h\u00edceme, de la noche a la ma\u00f1ana y sin saber c\u00f3mo ni cu\u00e1ndo, comerciante, \u00bflo creer\u00e1s?: y en su consecuencia me embarqu\u00e9; pues el que no se moja en agua salada no es comerciante. Me embarqu\u00e9, pues, con destino a Lanzarote, y escala en Puerto de Cabras; y no me fue mal. A bordo, como yo soy chico y grueso de cuerpo, me echaron, es decir, me lanzaron en la cubierta del barquito, cuyo aseo era muy regular, por fuera: en Puerto Cabras hay sus m\u00e1s y sus menos, porque es una poblaci\u00f3n peque\u00f1a en donde lo hombres y sus ideas o sea sus intereses, se hacen m\u00e1s peque\u00f1os que la misma poblaci\u00f3n, lo cual quiere decir que al rev\u00e9s me las calc\u00e9; y en cuanto al punto de destino, preciso es guardar silencio, porque los lanzarote\u00f1os son muy susceptibles, y prefieren su amabilidad, honradez y naturalidad, a verse aludidos en la menor cosa por m\u00e1s sencilla que fuese. Ellos lo conocen seg\u00fan me dijeron; pero siguen nuestra moda y nuestras costumbres: nada de publicarse nuestros defectos, porque entonces, \u00bfqu\u00e9 dir\u00e1n de nosotros en La Habana y en Montevideo y en M\u00e9jico y en Caracas, que son los puntos en donde m\u00e1s nos conocen? El caso es que los saben; mas aqu\u00ed es una diablura publicarlos. Por eso no te digo nada m\u00e1s, primo, respecto a este asunto.<\/p>\n\n\n\n<p>Por lo que hace al de nuestro parentesco, anduve buscando all\u00ed el \u00e1rbol de los Bethencoures a ver si pod\u00eda alcanzar un churrasco; y con tal motivo hube de relacionarme con los curiales. \u00a1Buena gente, primo Bartolo, buena gente! \u00a1Curiales! Uno de los procuradores, tuvo la amabilidad de recomendarme a un su compa\u00f1ero del juzgado de Gu\u00eda, en la que hab\u00eda de conseguirme una partida de qu\u00e9 s\u00e9 yo qu\u00e9 vivo ya difunto: como ambos procuradores, dio la rara casualidad de ser compa\u00f1eros dos veces, se entendieron al momento; m\u00e1s al de Gu\u00eda se le ofreci\u00f3 no s\u00e9 qu\u00e9 dificultad sobre si el difunto hab\u00eda fallecido, y me recomend\u00f3 tambi\u00e9n a un compa\u00f1ero de esta ciudad, pero como no tengo noticia de que aqu\u00ed haya procurador alguno que sea alcalde ni procurador, me valgo de tu amistad para que lo averig\u00fces y me digas d\u00f3nde lo encontrar\u00e9.<\/p>\n\n\n\n<p>Ya se me alcanza que para estos negocios de partidas, era mejor acudir a los abogados: pero como yo tengo mucha fe en mi procurador, y este me recomend\u00f3 a su compa\u00f1ero, creo a pu\u00f1o cerrado que debo buscar a este, y por eso insisto en que me lo entregues muerto o vivo. Ahora les dej\u00e9 por all\u00e1 enredados con los dep\u00f3sitos, o con lo p\u00f3sitos, pues no entiendo estos nombres: como el de se han apropio los nobles, que por all\u00e1 lo mismo que por ac\u00e1 lo son todo el que se le antoja y le da la gana, regularmente los ap\u00f3sitos vendr\u00e1n a recaer sobre los pobres que nunca han podido ni podr\u00e1n ser depositarios ni positarios. Dile a tu amo que se empe\u00f1e con el visitador para que descubra todo bien y no se deje poner ap\u00f3sitos porque entonces, as\u00ed como los pobres, \u00fanicos ciegos que hay en el mundo, suelen ver alguna vez, as\u00ed tambi\u00e9n los visitadores podr\u00e1n cegar o entuertar, si caen por desgracia en manos de embaucadores.<\/p>\n\n\n\n<p>Se me va a escapar la sin hueso\u2026 Adi\u00f3s de tu primo<\/p>\n\n\n\n<p>Pascual.<\/p>\n\n\n\n<p>(18 de octubre de 1862)<\/p>\n\n\n\n<hr class=\"wp-block-separator has-text-color has-very-dark-gray-color has-css-opacity has-very-dark-gray-background-color has-background\"\/>\n\n\n\n<p>Tertulia de El \u00d3mnibus. Variedades. Mi criado Bartolo y yo.<\/p>\n\n\n\n<p>BARTOLO.\u2014 Pues yo le aseguro a usted que es verdad y mucha verdad.<\/p>\n\n\n\n<p>YO.\u2014 Te repito que no puedo creer eso, Bartolo.<\/p>\n\n\n\n<p>BARTOLO.\u2014 \u00bfY piensa usted que si no hubiera sido as\u00ed, se viera hoy la mayor parte de nuestras calles tan bien alumbradas?<\/p>\n\n\n\n<p>Yo.\u2014 \u00bfY por qu\u00e9 no?<\/p>\n\n\n\n<p>BARTOLO.\u2014 Porque mi primo Pascual me ha asegurado que gran n\u00famero de los tales faroles de belmontina, vinieron de Francia para uno de los pueblos de la parte norte de la isla; pero don Fulano, don Sutano y don Mengano (que siempre los dones la han de encharcar) negaron las ofertas hechas para su adquisici\u00f3n, pretextando que no necesitaban de luces por haberlas all\u00ed de sobra.<\/p>\n\n\n\n<p>YO.\u2014 \u00bfY aseguras t\u00fa que eso es verdad?<\/p>\n\n\n\n<p>BARTOLO.\u2014 Tanta verdad como lo de aquel guardia civil que el otro d\u00eda cont\u00e9 a usted hab\u00eda visto en la ribera del mar pescando viejas, despu\u00e9s de haber colgado del muro cercano su uniforme, que qued\u00f3 custodiando otro compa\u00f1ero.<\/p>\n\n\n\n<p>YO.\u2014 Esa gente anda siempre tan ocupada\u2026<\/p>\n\n\n\n<p>BARTOLO.\u2014 Vaya si anda, ni que los tales guardas fueran de escape de \u00e1ncora. Luego, tienen tantos oficios, y tantos amos a quienes servir, que no s\u00e9 c\u00f3mo les sobra tiempo para pescar viejas.<\/p>\n\n\n\n<p>YO.\u2014 No extra\u00f1es eso, hombre: que muchos hay que sin tener en cuenta aquello de \u00abdeclaro bajo mi responsabilidad no percibir de fondos generales, provinciales ni municipales otras cantidades que la acreditada en esta n\u00f3mina\u00bb, son una especie de empleados \u00f3mnibus o comodines, que a todas las corporaciones pertenecen y de todas perciben sueldos, siendo de ellas, no el algo \u00fatil, sino el algo de las utilidades.<\/p>\n\n\n\n<p>BARTOLO.\u2014 M\u00e1s valiera llamarles galgos.<\/p>\n\n\n\n<p>YO.\u2014 Es lo mismo, pues no bast\u00e1ndoles reunir en s\u00ed cuatro o cinco empleos lucrativos, siempre se crea para ellos, exclusivamente para ellos, alg\u00fan nuevo destinito, en tanto que hombres de m\u00e1s ciencia y honrados padres de familia tienen que mendigar el pan; ese pan negro y malo que aqu\u00ed se nos da, y que no merece siquiera ser mendigado.<\/p>\n\n\n\n<p>BARTOLO.\u2014 \u00a1Y c\u00f3mo se entusiasma usted mi amo!<\/p>\n\n\n\n<p>YO.\u2014 \u00bfY todo por qu\u00e9? Porque no temen sufrir humillaciones y desaires; porque saben manejar con acierto el incensario de la adulaci\u00f3n, y porque, como dijo el otro:<\/p>\n\n\n\n<pre class=\"wp-block-code\"><code>  Uva, si quieres subir\n\n\n\n\n\n  a la cabeza despu\u00e9s,\n\n\n\n\n\n  hante de pisar los pies:\n\n\n\n\n\n  que no hay medrar sin sufrir.<\/code><\/pre>\n\n\n\n<p>BARTOLO.\u2014 Usted se va resbalando, mi amo, cuidado no caiga en el hoyo del desagrado de sus compa\u00f1eros, porque las calles est\u00e1n llenas de simas, excavaciones y trampas, y aqu\u00ed abundan mucho los agujeros, se\u00f1or. No se deje usted atropellar por el carro de la enemistad, pues quedar\u00e1 hecho a\u00f1icos como si fuera enlosado. Tema usted no oculten esp\u00edas tantas monta\u00f1as de piedras como obstruyen nuestras calles. Desv\u00edese usted siempre, no caiga sobre su cabeza alguna canal de s\u00e1tiras que lo despachurre, a semejanza de esas canales de piedra que amenazan a los transe\u00fantes convertirles en tortillas. \u00a1Ah!, no pase usted nunca por el callej\u00f3n de la verdad, no caiga y lo aplaste un d\u00eda alg\u00fan lienzo de sus murallas como las ruinosas del convento descalzo. Antes que suceder esto, valiera m\u00e1s consumir el tiempo como los empleados cogiendo moscas al vuelo con mucha gravedad y ponerles rabo como chicos de escuela para asustar al maestro.<\/p>\n\n\n\n<p>YO.\u2014 Pero, si al ver esto es necesario morirse. BARTOLO.\u2014 No se muera usted, se\u00f1or. Mire usted que el cementerio es lo m\u00e1s feo que aqu\u00ed tenemos. \u00bfY el camino?\u2026 Dios nos libre\u2026 Si usted lo viera se le quitar\u00edan las ganas de hacer lo que tantos han hecho. Y ahora que vamos a tener \u00f3peras y zarzaleras, y con el nuevo teatro que tendremos dentro de poco; ya ver\u00e1 usted.<\/p>\n\n\n\n<p>YO.\u2014 \u00a1Pues qu\u00e9!, \u00bfest\u00e1n fabric\u00e1ndolo ya?<\/p>\n\n\n\n<p>BARTOLO.\u2014 \u00a1Quia!, no se\u00f1or; \u00bfpero el proyecto?; \u00bfle parece a usted poco el proyecto? Un proyecto bueno, siempre es un buen proyecto.<\/p>\n\n\n\n<p>YO.\u2014 \u00bfY nada m\u00e1s?<\/p>\n\n\n\n<p>BARTOLO.\u2014 Pues ahora empiezan. Proyectos de caminos; proyectos de levantar calles, proyectos de alinear unas y torcer otras; proyectos de combar lo derecho y enderezar lo torcido; en fin proyectos y m\u00e1s proyectos.<\/p>\n\n\n\n<p>YO.\u2014 Si a enderezar empez\u00e1ramos, a cu\u00e1ntos habr\u00eda que enderezar, Bartolo.<\/p>\n\n\n\n<p>BARTOLO.\u2014 Proy\u00e9ctelo usted se\u00f1or, que aunque no se lleve a cabo, bien se puede proyectar.<\/p>\n\n\n\n<p>YO.\u2014 Antes me casen, Bartolo, que proyectar lo que no he de realizar.<\/p>\n\n\n\n<p>BARTOLO.\u2014 \u00bfTanta aversi\u00f3n tiene usted al matrimonio?<\/p>\n\n\n\n<p>YO.\u2014 Hoy m\u00e1s que nunca. Las mujeres me horrorizan, y temo cometer un torpe pecado al mirarlas con intenci\u00f3n, pues me parecen hombres desde que llevan calzones, botas de tac\u00f3n, garibaldinas a lo barquero y corbatas. Ellas se tienen la culpa del horror que me causan. Bastantes calzones hay en mi casa con los m\u00edos.<\/p>\n\n\n\n<p>BARTOLO.\u2014 Ya; pero llevan con tanta gracia los madri\u00f1aques, que imitan campanas con los pies por badajitos; y como las campanas son para tocarse, ya usted ve\u2026<\/p>\n\n\n\n<p>YO.\u2014 \u00bfY no te parecen gallos al ver las crestas que hoy se ponen?<\/p>\n\n\n\n<p>BARTOLO.\u2014 \u00a1C\u00f3mo a m\u00ed me gustan tanto las palomas de toca de hueso!<\/p>\n\n\n\n<p>YO.\u2014 Pues c\u00e1sate t\u00fa, Bartolo.<\/p>\n\n\n\n<p>BARTOLO.\u2014 Muy mal me quiere usted, se\u00f1or. \u00bfDe d\u00f3nde sacar\u00eda yo pa comprarles sus aderezos, coloretes y ridiculeces? Tal vez pondr\u00edanme ellas a m\u00ed la toca de hueso, pues cuando uno no puede satisfacer sus caprichos, ya buscan qui\u00e9n las regale, que para esto de tomar todas se llaman Tomasa.<\/p>\n\n\n\n<p>YO.\u2014 Yo creo que ellas no; pero el diablo, que es lo mismo, las tienta a todo lo malo. El enga\u00f1o y la ficci\u00f3n es el distintivo principal de la mujer, y hasta para ocultar sus menores defectos inventan diabluras. Esos vestidos que ves de cola y que van barriendo el suelo despu\u00e9s de haber barrido los bolsillos del pobre y manso marido, son invenci\u00f3n de la reina Berta, la de los pies grandes.<\/p>\n\n\n\n<p>BARTOLO.\u2014 \u00bfY ser\u00e1 verdad todo eso, se\u00f1or?<\/p>\n\n\n\n<p>YO.\u2014 Yo no lo s\u00e9; pero dir\u00e9 lo mismo que cierto famoso libro de las Revelaciones de Ultratumba, al hablar de la evocaci\u00f3n de los esp\u00edritus y el sonambulismo magn\u00e9tico:<\/p>\n\n\n\n<pre class=\"wp-block-code\"><code>  Yo no pongo nada m\u00edo;\n\n\n\n\n\n  Quien lo dice es Satan\u00e1s:\n\n\n\n\n\n  Si en ello hubiere mentira,\n\n\n\n\n\n  M\u00eda no, suya ser\u00e1.<\/code><\/pre>\n\n\n\n<p>No es esto tampoco decir que ellas no tengan algo bueno; pero ese algo a tal precio\u2026<\/p>\n\n\n\n<p>BARTOLO.\u2014 Paso, que le vi las patas al caballo. Desde que mi primo Pascual se cas\u00f3, anda como alma que lleva el diablo; hasta la cabeza se le ha trastornado, y escribe cosas tan confusas que \u00e9l mismo no las comprende. All\u00e1 en sus cartas enjerga a Lanzarote con Gu\u00eda, a los alcaldes con los procuradores, a los secretarios que han de ser casados y no solteros, y qu\u00e9 s\u00e9 yo qu\u00e9 mezcolanzas. Cuanto antes, estoy seguro, me ha de citar en sus ep\u00edstolas, la guerra de las pelucas y casacas, y me hablar\u00e1 de Monfies; y saldr\u00e1n vencidos los casacones y las pelucas, porque ya ni usamos coletos ni casacas. Y al fin sacar\u00e1 por conclusi\u00f3n las elecciones municipales, alg\u00fan mojic\u00f3n y muchos dientes menos, de lo que solo sacar\u00e1n provecho los dentistas que los vender\u00e1n postizos. Y las tales consecuencias se llamar\u00e1n siempre \u00abconsecuencias de mi primo Pascual\u00bb.<\/p>\n\n\n\n<p>YO.\u2014 \u00bfY qu\u00e9 quiere decir todo eso?<\/p>\n\n\n\n<p>BARTOLO.\u2014 Preg\u00fantelo usted a mi primo, que \u00e9l s\u00ed que lo comprender\u00e1.<\/p>\n\n\n\n<p>YO.\u2014 Pues lo que yo no entiendo me sobra.<\/p>\n\n\n\n<p>BARTOLO.\u2014 A otros les faltar\u00e1; que muchos conozco yo que escasos de entendimiento les sobra petulancia. Y aqu\u00ed de aquel cuento de cierto empleado que crey\u00e9ndose el tunante del pueblo donde resid\u00eda\u2026<\/p>\n\n\n\n<p>YO.\u2014 El tu autem querr\u00e1s decir.<\/p>\n\n\n\n<p>BARTOLO.\u2014 Es lo mismo, se\u00f1or; que el que est\u00e1 en gracia de Dios no se para en menudencias.<\/p>\n\n\n\n<p>YO.\u2014 Contin\u00faa.<\/p>\n\n\n\n<p>BARTOLO.\u2014 Rebos\u00e1bale el orgullo y ech\u00e1basela de liberal; y solo porque un dependiente no se levant\u00f3 de su asiento cierto d\u00eda que junto a \u00e9l pas\u00f3, plant\u00f3sele delante (pues era de raza y bien plantado), y con voz estent\u00f3rea le dijo: \u00abYo soy el se\u00f1or del cielo y tierra que te ha sacado de la nada; debes rendirme vasallaje y sumisi\u00f3n\u00bb. Y con fiero adem\u00e1n y r\u00fastico orgullo volviole la espalda.<\/p>\n\n\n\n<p>YO.\u2014 \u00bfY cu\u00e1ndo sucedi\u00f3 eso?<\/p>\n\n\n\n<p>BARTOLO.\u2014 En tiempo del rey que rabi\u00f3.<\/p>\n\n\n\n<p>YO.\u2014 Enterado y prosigue.<\/p>\n\n\n\n<p>BARTOLO.\u2014 Vale m\u00e1s dejarlo aqu\u00ed, no sea que lo echemos a perder.<\/p>\n\n\n\n<p>Yo.<\/p>\n\n\n\n<p>(1 de noviembre de 1862)<\/p>\n\n\n\n<hr class=\"wp-block-separator has-text-color has-very-dark-gray-color has-css-opacity has-very-dark-gray-background-color has-background\"\/>\n\n\n\n<p>Variedades. El amo y el criado.<\/p>\n\n\n\n<p>CRIADO.\u2014 Pues se\u00f1or, casi no me atrevo\u2026 tengo miedo.<\/p>\n\n\n\n<p>AMO.\u2014 Pero hombre, \u00bfpor qu\u00e9?<\/p>\n\n\n\n<p>CRIADO.\u2014 \u00a1Ya se ve! \u00a1Est\u00e1 uno viendo cosas extraordinarias!<\/p>\n\n\n\n<p>AMO.\u2014 Mal empiezas, Canalejas: no son las cosas ordinarias, sino las extraordinarias las que nos llaman la atenci\u00f3n.<\/p>\n\n\n\n<p>CRIADO.\u2014 Bueno, se\u00f1or, eso quer\u00eda yo decir; y nada tiene de extra\u00f1o que un pobre criado no se explique bien, cuando no falta alg\u00fan rico se\u00f1or que, dicen, es un comedia o\u00edrle.<\/p>\n\n\n\n<p>AMO.\u2014 Vaya, no te amostaces por eso y prosigue, o m\u00e1s bien, empieza tu cuento.<\/p>\n\n\n\n<p>CRIADO.\u2014 Se\u00f1or, aunque yo s\u00e9 que desde que se acabaron las brujas y los duendes concluy\u00f3 tambi\u00e9n la sant\u00edsima inquisici\u00f3n, parece que anda ahora otra cosita que es mucho peor, por lo que se le persigue con much\u00edsimo tes\u00f3n, y de aqu\u00ed el miedo que tengo.<\/p>\n\n\n\n<p>AMO.\u2014 \u00bfY c\u00f3mo se llama esa cosita?<\/p>\n\n\n\n<p>CRIADO.\u2014 Lo dir\u00e9 a V. si me acuerdo. El\u2026 el\u2026 el maniatismo, se\u00f1or.<\/p>\n\n\n\n<p>AMO.\u2014 \u00a1V\u00e1lgate Dios Canalejas! El magnetismo, hombre, el magnetismo.<\/p>\n\n\n\n<p>CRIADO.\u2014 Es, se\u00f1or, eso: y como es tan malo y dicen que puede causar tanto da\u00f1o, parece que se ha situado una Compa\u00f1\u00eda en esta ciudad para combatir esa y otras cosas que no convienen en manera alguna el que vayan tomando pescuezo.<\/p>\n\n\n\n<p>AMO.\u2014 Mira, Silvestre, d\u00e9jate de paparruchas y tonteras, porque me vas ya cansando; conque al cuento o negocio concluido.<\/p>\n\n\n\n<p>CRIADO.\u2014 Pues se\u00f1or; mi t\u00edo Trapisonda que est\u00e1 acomodado con el se\u00f1or don Remigio, me acaba de contar que habr\u00e1 cosa de dos meses, que su amo que es muy aficionado a ri\u00f1as, concibi\u00f3 el proyecto de reunir unos cuantos huevos para una echadura de gallos ingleses. Consultolo con algunos amigos suyos que en su casa se reun\u00edan, y parece que la mayor\u00eda intent\u00f3 disuadirle, teniendo en consideraci\u00f3n los disgustos y molestias que esto podr\u00eda ocasionarle, y muy particularmente por la circunstancia de que siendo ingleses finos, estos animalitos son muy propensos a escarbar, y tanto podr\u00edan hacerlo en la casa gallera, que removiendo mucho la tierra en diversos puntos, se pusiese en un conflicto la poblaci\u00f3n, por causa del mal olor que de all\u00ed deber\u00e1 desprenderse. El tal don Remigio que aunque tiene un piquito de escoplo, es algo asustadizo, cedi\u00f3 al principio, aunque rega\u00f1ando, a las reflexiones de sus amigos, y posteriormente a la imposibilidad en que tropez\u00f3: porque, seg\u00fan a\u00f1ade mi t\u00edo, parece que otras personas que se impusieron del proyecto, intentaron y consiguieron neutralizarlo, apoder\u00e1ndose de algunos de los huevos de mejor casta que aquel apetec\u00eda. Para todo esto, y para reunir los diez o doce huevos de que se hab\u00eda de componer la echadura, hubo de transcurrir el tiempo hasta el fin del mes pasado. Y bien se\u00f1or, \u00bfqu\u00e9 creer\u00e1 V. que ha sucedido despu\u00e9s? Aqu\u00ed se\u00f1or, de mi miedo, y aqu\u00ed de ese condenado maniatismo. La echadura que deb\u00eda tardar veinti\u00fan d\u00edas en salir, ha sido picada al principiar el cuarto d\u00eda; y de los huevos ingleses finos no han salido sino pollos mestizones. Prescindiendo aun de otras cosas que dice mi t\u00edo de estos reci\u00e9n nacidos, como el que alguno es conchinchino, otro canabuey, aquel acobradito y este giro tornasolado, \u00bfqu\u00e9 deberemos pensar de la manera con que han venido al mundo? Yo, por mucho que desee verlos y verlos reunidos para graduar sus diferencias, le aseguro a V. que si no consigo que esto sea desde muy lejos, prefiero quedarme con las ganas, pues temo que no esperen a ser gallos para meter las espuelas de firme, y como alg\u00fan d\u00eda no se destrocen todos unos contra otros, si el gallero no tiene con ellos mucho cuidado.<\/p>\n\n\n\n<p>AMO.\u2014 Vamos, Silvestre; ya veo que se han querido divertir contigo.&nbsp;<\/p>\n\n\n\n<p>CRIADO.\u2014 Se\u00f1or, si me lo hubiera dicho otro que no fuese mi t\u00edo, yo lo habr\u00eda dudado; pero es hombre muy formal y adem\u00e1s est\u00e1 muy bien impuesto por la casa en que sirve. Y aunque pasemos a otra cosa muy distinta: tampoco creer\u00e1 V. lo que le ha sucedido a nuestro vecino de m\u00e1s arriba don Salvino Mand\u00edbula.<\/p>\n\n\n\n<p>AMO.\u2014 \u00bfPero qu\u00e9 es lo que le ha sucedido?<\/p>\n\n\n\n<p>CRIADO.\u2014 Que el pobre se\u00f1or que no ha perdonado medio alguno para salir victorioso de una cuestioncilla que ten\u00eda con algunos de sus paisanos, despu\u00e9s que se cre\u00eda vencedor, ya por su dinero y el que de algunos otros hab\u00eda tomado, ya por estar ayudado de la autoridad que le daban sus a\u00f1os, ha perdido miserablemente el tal negocito, y se encuentra con su dinero gastado, y el poco prestigio que le quedaba enteramente concluido. As\u00ed, dicen que se halla inconsolable, y que da l\u00e1stima o\u00edrle exclamar \u00abCon qu\u00e9 cara me presentar\u00e9 yo ahora a las personas que no conoci\u00e9ndome, ni mucho menos habi\u00e9ndome tratado, me crean no ya un hombre profundo e importante por muchos conceptos, sino hasta el Goloso de algunos pueblos como en la antig\u00fcedad lo hubo en Rodas. \u00a1Adi\u00f3s, glorias m\u00edas conquistadas, y qu\u00e9 poco me hab\u00e9is durado! \u00a1Ah! \u00a1Yo estoy muy malo, muy malo! \u00a1Nada tendr\u00e1 de particular que me vuelva a salir otra f\u00edstula entre las dos viandas!\u00bb.<\/p>\n\n\n\n<p>AMO.\u2014 Mira, Silvestre; esto es m\u00e1s cre\u00edble; y por lo mismo me da compasi\u00f3n de ese pobrecito.<\/p>\n\n\n\n<p>CRIADO.\u2014 Se\u00f1or, mire V. que cuentan algunas cositas de ese caballero que ya, ya\u2026<\/p>\n\n\n\n<p>AMO.\u2014 Vamos, Canalejas, no desates la lengua, y d\u00e9jame que tengo<\/p>\n\n\n\n<p>que hacer.<\/p>\n\n\n\n<p>S\/f.<\/p>\n\n\n\n<p>(8 de noviembre de 1862)<\/p>\n\n\n\n<hr class=\"wp-block-separator has-text-color has-very-dark-gray-color has-css-opacity has-very-dark-gray-background-color has-background\"\/>\n\n\n\n<p>[Sin t\u00edtulo. Parece continuaci\u00f3n del anterior aunque no se indica]*.<\/p>\n\n\n\n<p>CRIADO.\u2014 Esto es insufrible; no se puede ya vivir en esta poblaci\u00f3n: \u00a1apenas se va saliendo de un susto, cuando est\u00e1 uno metido en otro\u2026! Y bien sabe V. se\u00f1or, que yo no disfruto sueldo o soy de esas personas que desempe\u00f1an empleos o cargos convenientes, que, dice, est\u00e1n siempre con miedo de quedar cesantes o de que termine el periodo de sus nombramientos.<\/p>\n\n\n\n<p>AMO.\u2014 \u00a1Cu\u00e1nto disparatas, Canalejas! Es preciso que entiendas que lo mismo los empleados que disfrutan sueldos como las personas que ejercen cargos puramente gratuitos y honor\u00edficos, prestan en ello a la sociedad un servicio importante: los primeros porque dedican los conocimientos que han adquirido en muchos a\u00f1os de estudio, se privan de seguir otras carreras o profesiones m\u00e1s lucrativas, que pudieran conducirles a mejor porvenir, y los segundos, porque con perjuicio de sus intereses que a cada paso tienen que abandonar, sufren las molestias que son consiguientes al desempe\u00f1o de dichos cargos, adem\u00e1s de la responsabilidad en que incurren algunas veces por causas inevitables. As\u00ed es que tanto unos como otros son dignos de la mayor consideraci\u00f3n, y est\u00e1n reputados como buenos patricios.<\/p>\n\n\n\n<p>CRIADO.\u2014 Se\u00f1or, \u00bfy hay aqu\u00ed muchos patricios?<\/p>\n\n\n\n<p>AMO.\u2014 S\u00ed, hombre, s\u00ed.<\/p>\n\n\n\n<p>CRIADO.\u2014 \u00a1Ay se\u00f1or! Tenga usted cuidado no sean de los que escuecen.<\/p>\n\n\n\n<p>AMO.\u2014 \u00a1Hola, hola!, \u00bfconque tal alto picas? \u00a1Miren Vds. el ni\u00f1o asustadizo\u2026! C\u00e1llese V. la boca: \u00bfno sabe V. que le est\u00e1 prohibido meterse en camisa de once varas?<\/p>\n\n\n\n<p>CRIADO.\u2014 Por Dios Se\u00f1or, no se enfade V. tanto. \u00a1Jes\u00fas!, \u00a1ni que fuera V. suplente de alg\u00fan juez\u2026! Mire V. que si asoma la parcialidad esconde la inteligencia.<\/p>\n\n\n\n<p>AMO.\u2014 Vaya; por lo visto mi criado se va a convertir en un perla.<\/p>\n\n\n\n<p>CRIADO.\u2014 Y no lo eche V. a burla, se\u00f1or; que si bien me llamo Silvestre, ya sabe V. el apellido que llevo, y v\u00e1yase lo uno por lo otro: a buen seguro que a ninguno de los de esa familia le mete uno el dedo en la boca. Siempre sentir\u00e9 no haber nacido para uno de los hombres de coraz\u00f3n de mi pa\u00eds<\/p>\n\n\n\n<p>AMO.\u2014 \u00bfC\u00f3mo es eso?<\/p>\n\n\n\n<p>CRIADO.\u2014 \u00bfQue, no sabe V. que lo mismo que en otras partes, tambi\u00e9n hay aqu\u00ed hombres de coraz\u00f3n? Pues es muy cierto: solo se diferencian en que aquellos llevan espadas y estos andan a palo seco.<\/p>\n\n\n\n<p>AMO.\u2014 Descubro en ti, Silvestre, ciertas tendencias que me desagradan mucho: me pareces inclinado al desconcierto, y te aconsejo que andes a pies de plomo por lo que te pueda suceder. Sobre todo, es preciso que te acostumbres a respetar a las personas, por su saber, por su posici\u00f3n y por su origen.<\/p>\n\n\n\n<p>CRIADO.\u2014 Se\u00f1or, yo no ofendo a nadie; tan solo digo lo que oigo y lo que me dicen que pasa. En cuanto al respeto debido a las personas por las circunstancias que V. me manifiesta dir\u00e9 a V. cu\u00e1l es mi opini\u00f3n. Estoy muy de acuerdo con la primera; porque a la verdad, se\u00f1or, cuando yo he o\u00eddo hablar a algunas personas en p\u00fablico y que una porci\u00f3n de miles de almas las aplaud\u00edan dando palmadas y vivas con el mayor entusiasmo, dec\u00eda yo para m\u00ed lleno de admiraci\u00f3n y alegr\u00eda, \u00abpor saber tanto dar\u00eda hasta las orejas\u00bb\u2026 aunque despu\u00e9s, parece que han hecho todo lo contrario de lo que han dicho. Con la segunda, es decir por respetarlas por suposici\u00f3n (sic), me perdonar\u00e1 V., se\u00f1or, pero no estoy conforme. Varias veces he pasado yo por el lado de algunos caballeros vestidos con tanto lujo, llenos de prendas, con un modo de andar tan elegante y un aire de tanta importancia, que me he dicho, \u00abno hay dudas, este es un caballero de primera calidad, de aquellos que les cuelgan muchas campanillas\u00bb; y al pasar me he desviado lo bastante para que conociera el respeto con que le miraba, adem\u00e1s de tener yo el sombrero en la mano desde antes de llegar y hasta despu\u00e9s de haber pasado: \u00bfy qu\u00e9 ha hecho el respetable caballero?, nada; como si no me hubiese visto, o como si me confundiera con un animal, pasar con cuerpo erguido y vista al frente. Extra\u00f1ando yo esto se lo he contado a algunos amigos a quienes he dado las se\u00f1as, y resulta, que no hay peor amo que el que fue criado. Y por lo que hace a la tercera, tenga V. la bondad de o\u00edr lo siguiente.<\/p>\n\n\n\n<p>\u00bbMe cont\u00f3 mi t\u00edo que hace algunos a\u00f1os se disputaban el mando en el pueblo de su naturaleza dos de los principales se\u00f1ores entre quienes tambi\u00e9n se hallaban divididas las simpat\u00edas de sus convecinos, desde la m\u00e1s alta alcurnia hasta su clase m\u00e1s humilde; y que tanto uno como otro de dichos dos se\u00f1ores hab\u00edan tenido sus \u00e9pocas de dirigirlo todo, rodeados de ese prestigio que nunca falta en las poblaciones peque\u00f1as a los que se hallan colocados en primer t\u00e9rmino; pero que no obstante la emulaci\u00f3n que entre ellos reinaba cualquiera que se atuviese a las apariencias les creer\u00eda unidos de buena fe dirigi\u00e9ndose a un mismo fin. Que por \u00faltimo, el diablo que siempre la ha de hacer, tir\u00f3 de la manta y ya se fue haciendo p\u00fablico el antagonismo que los divid\u00eda; y que en una reyerta que tuvieron sobre cu\u00e1l de los dos hab\u00eda hecho m\u00e1s beneficios o males al pueblo, llegaron las cosas al punto de echar mano de sus esclarecidos linajes, que parece era una de sus primeras man\u00edas. Que con tal motivo fue cada uno en busca de sus papeles, y de vuelta prepararon dos hermosas fuentes de plata donde vertieron agua de la m\u00e1s pura y cristalina para depositar en ellas aquellos venerandos documentos de tantos siglos. A poco rato de sus respectivas observaciones, fueron cerrando los ojos por grados hasta exclamar un\u00e1nimemente: \u00abPreferimos quedarnos ciegos a presenciar lo que delante de nosotros est\u00e1 pasando \u00bb. Y con mano tr\u00e9mula se dieron prisa a sacar los pergaminos de las fuentes que borbotaban tinta, pero que, con admiraci\u00f3n suya, en nada los hab\u00eda alterado ni menos descompuesto. La tinta y los papeles eran homog\u00e9neos\u2026 aquella derivada de estos.<\/p>\n\n\n\n<p>AMO.\u2014 No m\u00e1s, Canalejas. No siento tanto el que te hayas vuelto loco, que como con tus dislates me vas trastornado tambi\u00e9n la cabeza. Conque ret\u00edrate y d\u00e9jame en paz.<\/p>\n\n\n\n<p>CRIADO.\u2014 \u00a1Se\u00f1or!\u2026 \u00bfEntonces no me deja V. que le diga el chasco que me sucedi\u00f3 el otro d\u00eda y que a\u00fan no se ha podido borrar de mi imaginaci\u00f3n?<\/p>\n\n\n\n<p>AMO.\u2014 No, Silvestre, no: por hoy ni una palabra m\u00e1s; si de aqu\u00ed a algunos d\u00edas estuvieres m\u00e1s cuerdo, entonces ser\u00e1 otra cosa. Vete.<\/p>\n\n\n\n<p>S\/f.<\/p>\n\n\n\n<p>(15 de noviembre de 1862)<\/p>\n\n\n\n<figure class=\"wp-block-image size-large is-style-default\"><img decoding=\"async\" src=\"http:\/\/ferna.eu\/venture\/wp-content\/uploads\/2020\/05\/firma_galdos.png\" alt=\"\" class=\"wp-image-7968\"\/><\/figure>\n","protected":false},"excerpt":{"rendered":"<p>Benito P\u00e9rez Gald\u00f3s hizo sus primeras colaboraciones period\u00edsticas en el diario El Omnibus. Aqu\u00ed se reproducen varias secuencias dialogadas entre  el narrador y su criado.<\/p>\n","protected":false},"author":1,"featured_media":11209,"comment_status":"open","ping_status":"open","sticky":false,"template":"","format":"standard","meta":{"footnotes":""},"categories":[3,4,32],"tags":[],"class_list":["post-8205","post","type-post","status-publish","format-standard","has-post-thumbnail","hentry","category-benito-perez-galdos","category-bibliografia","category-cuento"],"yoast_head":"<!-- This site is optimized with the Yoast SEO plugin v24.3 - https:\/\/yoast.com\/wordpress\/plugins\/seo\/ -->\n<title>[Cuento] Tertulias de &quot;El Omnibus&quot;, de Benito P\u00e9rez Gald\u00f3s - Cronolog\u00eda de la vida y la obra de Benito P\u00e9rez Gald\u00f3s<\/title>\n<meta name=\"robots\" content=\"index, follow, max-snippet:-1, max-image-preview:large, max-video-preview:-1\" \/>\n<link rel=\"canonical\" href=\"https:\/\/batallitas.es\/benito-perez-galdos\/cuento-tertulias-de-el-omnibus-de-benito-perez-galdos\/\" \/>\n<meta property=\"og:locale\" content=\"es_ES\" \/>\n<meta property=\"og:type\" content=\"article\" \/>\n<meta property=\"og:title\" content=\"[Cuento] Tertulias de &quot;El Omnibus&quot;, de Benito P\u00e9rez Gald\u00f3s - Cronolog\u00eda de la vida y la obra de Benito P\u00e9rez Gald\u00f3s\" \/>\n<meta property=\"og:description\" content=\"Benito P\u00e9rez Gald\u00f3s hizo sus primeras colaboraciones period\u00edsticas en el diario El Omnibus. Aqu\u00ed se reproducen varias secuencias dialogadas entre el narrador y su criado.\" \/>\n<meta property=\"og:url\" content=\"https:\/\/batallitas.es\/benito-perez-galdos\/cuento-tertulias-de-el-omnibus-de-benito-perez-galdos\/\" \/>\n<meta property=\"og:site_name\" content=\"Cronolog\u00eda de la vida y la obra de Benito P\u00e9rez Gald\u00f3s\" \/>\n<meta property=\"article:published_time\" content=\"2018-01-16T06:43:00+00:00\" \/>\n<meta property=\"og:image\" content=\"https:\/\/batallitas.es\/benito-perez-galdos\/wp-content\/uploads\/2025\/01\/facebook_thumbnail.jpg\" \/>\n\t<meta property=\"og:image:width\" content=\"1200\" \/>\n\t<meta property=\"og:image:height\" content=\"630\" \/>\n\t<meta property=\"og:image:type\" content=\"image\/jpeg\" \/>\n<meta name=\"author\" content=\"Benito\" \/>\n<meta name=\"twitter:card\" content=\"summary_large_image\" \/>\n<meta name=\"twitter:label1\" content=\"Escrito por\" \/>\n\t<meta name=\"twitter:data1\" content=\"Benito\" \/>\n\t<meta name=\"twitter:label2\" content=\"Tiempo de lectura\" \/>\n\t<meta name=\"twitter:data2\" content=\"63 minutos\" \/>\n<script type=\"application\/ld+json\" class=\"yoast-schema-graph\">{\"@context\":\"https:\/\/schema.org\",\"@graph\":[{\"@type\":\"WebPage\",\"@id\":\"https:\/\/batallitas.es\/benito-perez-galdos\/cuento-tertulias-de-el-omnibus-de-benito-perez-galdos\/\",\"url\":\"https:\/\/batallitas.es\/benito-perez-galdos\/cuento-tertulias-de-el-omnibus-de-benito-perez-galdos\/\",\"name\":\"[Cuento] Tertulias de \\\"El Omnibus\\\", de Benito P\u00e9rez Gald\u00f3s - Cronolog\u00eda de la vida y la obra de Benito P\u00e9rez Gald\u00f3s\",\"isPartOf\":{\"@id\":\"https:\/\/batallitas.es\/benito-perez-galdos\/#website\"},\"primaryImageOfPage\":{\"@id\":\"https:\/\/batallitas.es\/benito-perez-galdos\/cuento-tertulias-de-el-omnibus-de-benito-perez-galdos\/#primaryimage\"},\"image\":{\"@id\":\"https:\/\/batallitas.es\/benito-perez-galdos\/cuento-tertulias-de-el-omnibus-de-benito-perez-galdos\/#primaryimage\"},\"thumbnailUrl\":\"\",\"datePublished\":\"2018-01-16T06:43:00+00:00\",\"dateModified\":\"2018-01-16T06:43:00+00:00\",\"author\":{\"@id\":\"https:\/\/batallitas.es\/benito-perez-galdos\/#\/schema\/person\/2dda07be9325676808524c55b6218a25\"},\"breadcrumb\":{\"@id\":\"https:\/\/batallitas.es\/benito-perez-galdos\/cuento-tertulias-de-el-omnibus-de-benito-perez-galdos\/#breadcrumb\"},\"inLanguage\":\"es\",\"potentialAction\":[{\"@type\":\"ReadAction\",\"target\":[\"https:\/\/batallitas.es\/benito-perez-galdos\/cuento-tertulias-de-el-omnibus-de-benito-perez-galdos\/\"]}]},{\"@type\":\"ImageObject\",\"inLanguage\":\"es\",\"@id\":\"https:\/\/batallitas.es\/benito-perez-galdos\/cuento-tertulias-de-el-omnibus-de-benito-perez-galdos\/#primaryimage\",\"url\":\"\",\"contentUrl\":\"\"},{\"@type\":\"BreadcrumbList\",\"@id\":\"https:\/\/batallitas.es\/benito-perez-galdos\/cuento-tertulias-de-el-omnibus-de-benito-perez-galdos\/#breadcrumb\",\"itemListElement\":[{\"@type\":\"ListItem\",\"position\":1,\"name\":\"Portada\",\"item\":\"https:\/\/batallitas.es\/benito-perez-galdos\/\"},{\"@type\":\"ListItem\",\"position\":2,\"name\":\"[Cuento] Tertulias de \u00abEl Omnibus\u00bb, de Benito P\u00e9rez Gald\u00f3s\"}]},{\"@type\":\"WebSite\",\"@id\":\"https:\/\/batallitas.es\/benito-perez-galdos\/#website\",\"url\":\"https:\/\/batallitas.es\/benito-perez-galdos\/\",\"name\":\"Cronolog\u00eda de la vida y la obra de Benito P\u00e9rez Gald\u00f3s\",\"description\":\"\",\"potentialAction\":[{\"@type\":\"SearchAction\",\"target\":{\"@type\":\"EntryPoint\",\"urlTemplate\":\"https:\/\/batallitas.es\/benito-perez-galdos\/?s={search_term_string}\"},\"query-input\":{\"@type\":\"PropertyValueSpecification\",\"valueRequired\":true,\"valueName\":\"search_term_string\"}}],\"inLanguage\":\"es\"},{\"@type\":\"Person\",\"@id\":\"https:\/\/batallitas.es\/benito-perez-galdos\/#\/schema\/person\/2dda07be9325676808524c55b6218a25\",\"name\":\"Benito\",\"image\":{\"@type\":\"ImageObject\",\"inLanguage\":\"es\",\"@id\":\"https:\/\/batallitas.es\/benito-perez-galdos\/#\/schema\/person\/image\/\",\"url\":\"https:\/\/secure.gravatar.com\/avatar\/8695d643bbae3009794e7fc5797055bb?s=96&d=mm&r=g\",\"contentUrl\":\"https:\/\/secure.gravatar.com\/avatar\/8695d643bbae3009794e7fc5797055bb?s=96&d=mm&r=g\",\"caption\":\"Benito\"},\"sameAs\":[\"https:\/\/batallitas.es\/galdos\"],\"url\":\"https:\/\/batallitas.es\/benito-perez-galdos\/author\/benito\/\"}]}<\/script>\n<!-- \/ Yoast SEO plugin. -->","yoast_head_json":{"title":"[Cuento] Tertulias de \"El Omnibus\", de Benito P\u00e9rez Gald\u00f3s - Cronolog\u00eda de la vida y la obra de Benito P\u00e9rez Gald\u00f3s","robots":{"index":"index","follow":"follow","max-snippet":"max-snippet:-1","max-image-preview":"max-image-preview:large","max-video-preview":"max-video-preview:-1"},"canonical":"https:\/\/batallitas.es\/benito-perez-galdos\/cuento-tertulias-de-el-omnibus-de-benito-perez-galdos\/","og_locale":"es_ES","og_type":"article","og_title":"[Cuento] Tertulias de \"El Omnibus\", de Benito P\u00e9rez Gald\u00f3s - Cronolog\u00eda de la vida y la obra de Benito P\u00e9rez Gald\u00f3s","og_description":"Benito P\u00e9rez Gald\u00f3s hizo sus primeras colaboraciones period\u00edsticas en el diario El Omnibus. Aqu\u00ed se reproducen varias secuencias dialogadas entre el narrador y su criado.","og_url":"https:\/\/batallitas.es\/benito-perez-galdos\/cuento-tertulias-de-el-omnibus-de-benito-perez-galdos\/","og_site_name":"Cronolog\u00eda de la vida y la obra de Benito P\u00e9rez Gald\u00f3s","article_published_time":"2018-01-16T06:43:00+00:00","og_image":[{"width":1200,"height":630,"url":"https:\/\/batallitas.es\/benito-perez-galdos\/wp-content\/uploads\/2025\/01\/facebook_thumbnail.jpg","type":"image\/jpeg"}],"author":"Benito","twitter_card":"summary_large_image","twitter_misc":{"Escrito por":"Benito","Tiempo de lectura":"63 minutos"},"schema":{"@context":"https:\/\/schema.org","@graph":[{"@type":"WebPage","@id":"https:\/\/batallitas.es\/benito-perez-galdos\/cuento-tertulias-de-el-omnibus-de-benito-perez-galdos\/","url":"https:\/\/batallitas.es\/benito-perez-galdos\/cuento-tertulias-de-el-omnibus-de-benito-perez-galdos\/","name":"[Cuento] Tertulias de \"El Omnibus\", de Benito P\u00e9rez Gald\u00f3s - Cronolog\u00eda de la vida y la obra de Benito P\u00e9rez Gald\u00f3s","isPartOf":{"@id":"https:\/\/batallitas.es\/benito-perez-galdos\/#website"},"primaryImageOfPage":{"@id":"https:\/\/batallitas.es\/benito-perez-galdos\/cuento-tertulias-de-el-omnibus-de-benito-perez-galdos\/#primaryimage"},"image":{"@id":"https:\/\/batallitas.es\/benito-perez-galdos\/cuento-tertulias-de-el-omnibus-de-benito-perez-galdos\/#primaryimage"},"thumbnailUrl":"","datePublished":"2018-01-16T06:43:00+00:00","dateModified":"2018-01-16T06:43:00+00:00","author":{"@id":"https:\/\/batallitas.es\/benito-perez-galdos\/#\/schema\/person\/2dda07be9325676808524c55b6218a25"},"breadcrumb":{"@id":"https:\/\/batallitas.es\/benito-perez-galdos\/cuento-tertulias-de-el-omnibus-de-benito-perez-galdos\/#breadcrumb"},"inLanguage":"es","potentialAction":[{"@type":"ReadAction","target":["https:\/\/batallitas.es\/benito-perez-galdos\/cuento-tertulias-de-el-omnibus-de-benito-perez-galdos\/"]}]},{"@type":"ImageObject","inLanguage":"es","@id":"https:\/\/batallitas.es\/benito-perez-galdos\/cuento-tertulias-de-el-omnibus-de-benito-perez-galdos\/#primaryimage","url":"","contentUrl":""},{"@type":"BreadcrumbList","@id":"https:\/\/batallitas.es\/benito-perez-galdos\/cuento-tertulias-de-el-omnibus-de-benito-perez-galdos\/#breadcrumb","itemListElement":[{"@type":"ListItem","position":1,"name":"Portada","item":"https:\/\/batallitas.es\/benito-perez-galdos\/"},{"@type":"ListItem","position":2,"name":"[Cuento] Tertulias de \u00abEl Omnibus\u00bb, de Benito P\u00e9rez Gald\u00f3s"}]},{"@type":"WebSite","@id":"https:\/\/batallitas.es\/benito-perez-galdos\/#website","url":"https:\/\/batallitas.es\/benito-perez-galdos\/","name":"Cronolog\u00eda de la vida y la obra de Benito P\u00e9rez Gald\u00f3s","description":"","potentialAction":[{"@type":"SearchAction","target":{"@type":"EntryPoint","urlTemplate":"https:\/\/batallitas.es\/benito-perez-galdos\/?s={search_term_string}"},"query-input":{"@type":"PropertyValueSpecification","valueRequired":true,"valueName":"search_term_string"}}],"inLanguage":"es"},{"@type":"Person","@id":"https:\/\/batallitas.es\/benito-perez-galdos\/#\/schema\/person\/2dda07be9325676808524c55b6218a25","name":"Benito","image":{"@type":"ImageObject","inLanguage":"es","@id":"https:\/\/batallitas.es\/benito-perez-galdos\/#\/schema\/person\/image\/","url":"https:\/\/secure.gravatar.com\/avatar\/8695d643bbae3009794e7fc5797055bb?s=96&d=mm&r=g","contentUrl":"https:\/\/secure.gravatar.com\/avatar\/8695d643bbae3009794e7fc5797055bb?s=96&d=mm&r=g","caption":"Benito"},"sameAs":["https:\/\/batallitas.es\/galdos"],"url":"https:\/\/batallitas.es\/benito-perez-galdos\/author\/benito\/"}]}},"_links":{"self":[{"href":"https:\/\/batallitas.es\/benito-perez-galdos\/wp-json\/wp\/v2\/posts\/8205","targetHints":{"allow":["GET"]}}],"collection":[{"href":"https:\/\/batallitas.es\/benito-perez-galdos\/wp-json\/wp\/v2\/posts"}],"about":[{"href":"https:\/\/batallitas.es\/benito-perez-galdos\/wp-json\/wp\/v2\/types\/post"}],"author":[{"embeddable":true,"href":"https:\/\/batallitas.es\/benito-perez-galdos\/wp-json\/wp\/v2\/users\/1"}],"replies":[{"embeddable":true,"href":"https:\/\/batallitas.es\/benito-perez-galdos\/wp-json\/wp\/v2\/comments?post=8205"}],"version-history":[{"count":0,"href":"https:\/\/batallitas.es\/benito-perez-galdos\/wp-json\/wp\/v2\/posts\/8205\/revisions"}],"wp:featuredmedia":[{"embeddable":true,"href":"https:\/\/batallitas.es\/benito-perez-galdos\/wp-json\/"}],"wp:attachment":[{"href":"https:\/\/batallitas.es\/benito-perez-galdos\/wp-json\/wp\/v2\/media?parent=8205"}],"wp:term":[{"taxonomy":"category","embeddable":true,"href":"https:\/\/batallitas.es\/benito-perez-galdos\/wp-json\/wp\/v2\/categories?post=8205"},{"taxonomy":"post_tag","embeddable":true,"href":"https:\/\/batallitas.es\/benito-perez-galdos\/wp-json\/wp\/v2\/tags?post=8205"}],"curies":[{"name":"wp","href":"https:\/\/api.w.org\/{rel}","templated":true}]}}