{"id":8207,"date":"2018-02-16T07:55:00","date_gmt":"2018-02-16T06:55:00","guid":{"rendered":"http:\/\/ferna.eu\/?p=8207"},"modified":"2018-02-16T07:55:00","modified_gmt":"2018-02-16T06:55:00","slug":"narracion-fumandose-las-colonias-de-benito-perez-galdos","status":"publish","type":"post","link":"https:\/\/batallitas.es\/benito-perez-galdos\/narracion-fumandose-las-colonias-de-benito-perez-galdos\/","title":{"rendered":"[Narraci\u00f3n] Fum\u00e1ndose las colonias, de Benito P\u00e9rez Gald\u00f3s"},"content":{"rendered":"\n<p>.. Pisaba yo la C\u00e1mara real, aquella deslumbradora cuadra, colgada y ornada de amarillo, en cuyas paredes los m\u00e1s hermosos productos del arte (todav\u00eda no se hab\u00eda formado el Museo del Prado), recib\u00edan, diariamente, como gentil holocausto, el humo de los mejores cigarros del mundo\u2026 Casi en el centro de los testeros, media docena de hombres desvergonzados, sucios, casi desnudos y haraposos, otros con semblante est\u00fapido y ademanes incultos, todos se re\u00edan de la tertulia constantemente embrutecidos por el vino. Eran los Borrachos de Vel\u00e1zquez\u2026 En un rinc\u00f3n junto al hueco de la ventana, refugiado en la sombra y casi invisible, estaba un hombre l\u00edvido, exang\u00fce, cuya mirada oblicua lo atacaba todo desde el \u00e1ngulo oscuro. Vest\u00eda de negro, en una de sus manos llevaba un rosario. Era Felipe II pintado por Pantoja.<\/p>\n\n\n\n<p>Su majestad don Fernando VII, estaba sentado en un sill\u00f3n a poca distancia de la chimenea encendida; ten\u00eda la cabeza echada hacia atr\u00e1s, de modo que miraba al techo, dirigiendo hab\u00eda \u00e9l el humo del cigarro.<\/p>\n\n\n\n<p>\u2014Artieda \u2014orden\u00f3 bruscamente Fernando\u2014, trae cigarros.<\/p>\n\n\n\n<p>El lacayo dio al rey lo que este ped\u00eda, y habi\u00e9ndonos ofrecido a todos los presentes, fumamos. El humo de los cortesanos junt\u00e1base con el del rey en los oscuros \u00e1mbitos del techo, donde hac\u00edan de cabriolas media docena de ninfas, pintada por Rayeu.<\/p>\n\n\n\n<p>Un lacayo anunci\u00f3 la visita de dos personajes, diciendo.<\/p>\n\n\n\n<p>\u2014D. Pedro Ceballos, don Juan P\u00e9rez Villamil.<\/p>\n\n\n\n<p>Pocos minutos despu\u00e9s, en la tertulia y placentero corrillo, junto a la chimenea, y alrededor de nuestro Rey, \u00e9ramos siete; ocho, contando con el astro hispano de que \u00e9ramos sat\u00e9lites. Villamil hablaba poco y era hombre muy serio. Ceballos, por el contrario, gustaba de recrearse con sus palabras y era festivo.<\/p>\n\n\n\n<p>\u2026\u2026\u2026\u2026.<\/p>\n\n\n\n<p>\u2014Espa\u00f1a es pobre, pobr\u00edsima \u2014dijo Villamil\u2014, necesita los caudales de Am\u00e9rica para vivir con decoro.<\/p>\n\n\n\n<p>\u2014Y esos caudales de Am\u00e9rica, \u00bfd\u00f3nde est\u00e1n? \u2014pregunt\u00f3 el Rey\u2014.<\/p>\n\n\n\n<p>\u2014\u00a1Ay, eso es lo que a todos nos contrista! F\u00e1cil ser\u00eda gobernar la hacienda si Am\u00e9rica nos enviase los tesoros que aqu\u00ed nos hacen falta. Esa gran canonj\u00eda de nuestra naci\u00f3n no ha durado todo lo que debiera. Reflexione Vuestra Majestad, como rey previsor, sobre la gravedad de esta situaci\u00f3n. La Am\u00e9rica est\u00e1 toda sublevada y las juntas rebeldes funcionan en Buenos Aires, Caracas, en Valpara\u00edso, en Bogot\u00e1, en Montevideo. Si M\u00e9jico est\u00e1 a\u00fan libre del contagio, los americanos [ilegible-media l\u00ednea de la columna] de trastornar tambi\u00e9n del mismo modo que el Brasil nos trastorna el Uruguay, e Inglaterra nos revuelve a Chile. La insurrecci\u00f3n americana exige un gran esfuerzo. Es preciso mandar all\u00ed un ej\u00e9rcito, pero para esto se necesitan tres cosas: hombres, dinero y barcos.<\/p>\n\n\n\n<p>\u2014\u00a1Hombres, dinero y barcos!<\/p>\n\n\n\n<p>\u2014Lo primero no falta: pero, \u00bfc\u00f3mo los equiparemos y, sobre todo, en qu\u00e9 buques los lanzaremos al mar? Vuestra Majestad no tiene en su marina un solo nav\u00edo que valga dos cuartos y los arsenales carecen de elementos para la construcci\u00f3n.<\/p>\n\n\n\n<p>\u2014\u00a1Risue\u00f1o cuadro acabas de trazar! \u2014dijo Fernando hundiendo la barba en el pecho.<\/p>\n\n\n\n<p>\u2014Risue\u00f1o no, pero s\u00ed verdadero \u2014afirm\u00f3 don Juan P\u00e9rez\u2014. Si ocultase a mi rey la verdad ser\u00eda indigno del afecto que Vuestra Majestad me profesa.<\/p>\n\n\n\n<p>\u2014Y que te profesar\u00e9 siempre. Has hablado como un buen ministro. Nada de fantas\u00edas ni de palabras bonitas As\u00ed me gusta a m\u00ed\u2026 Pues es preciso buscar dinero, y buscar hombres, y buscar barcos\u2026 Estudiad un plan \u2014a\u00f1adi\u00f3 Fernando con dulzura\u2014 que mejore la situaci\u00f3n. A uno y otro os sobra talento. Discurrid un plan basto, que nos proporcione recursos para sofocar la insurrecci\u00f3n americana, sea creando impuestos, bien pidiendo dinero a los holandeses o a los jud\u00edos de Francfort, bien logrando los buenos oficios de alguna naci\u00f3n poderosa\u2026 En fin, ya me entend\u00e9is.<\/p>\n\n\n\n<p>\u2014Ya manifestar\u00e9 m\u00e1s adelante a vuestra majestad algo de lo mucho que he meditado sobre el particular \u2014dijo Ceballos.<\/p>\n\n\n\n<p>\u2014 Y t\u00fa, Villamil, discurre, trabaja, proponme algo.<\/p>\n\n\n\n<p>\u2014 Se\u00f1or\u2026<\/p>\n\n\n\n<p>\u2014Hablaremos m\u00e1s despacio ma\u00f1ana\u2026 Puedes irte tranquilo y seguro de que s\u00e9 apreciar tu lealtad. \u00a1Oh, Villamil!\u2026 No abundan los hombres como t\u00fa\u2026 Vamos otro cigarrito.<\/p>\n\n\n\n<p>Diciendo esto, Su Majestad, con aquella bondad peculiar que indicaba tanta honradez y nobleza en su car\u00e1cter, ofreci\u00f3 un cigarro a don Juan P\u00e9rez Villamil<\/p>\n\n\n\n<p>\u2014Gracias, se\u00f1or, acabo de fumar \u2014respondi\u00f3 este.<\/p>\n\n\n\n<p>\u2014Enci\u00e9ndelo para salir. Como este habr\u00e1s fumado pocos\u2026 Mira, puedes llevarte todo el mazo a\u00f1adi\u00f3 ofreci\u00e9ndoselo galantemente.<\/p>\n\n\n\n<p>\u2014Se\u00f1or\u2026<\/p>\n\n\n\n<p>\u2014Que vengas ma\u00f1ana temprano \u2014repiti\u00f3 el rey\u2014. A ver si discurres algo. Y t\u00fa Ceballos, si ves a Pepita\u2026 en fin, ya sabes: una superintendencia de provincia o la bandolera vacante\u2026 lo que ella prefiera\u2026<\/p>\n\n\n\n<p>Los ministros salieron.<\/p>\n\n\n\n<p>Fernando se levant\u00f3 y con las manos en los bolsillos dio algunos pasos por la habitaci\u00f3n. Ugarte le miraba sonriente. El silencio se prolong\u00f3 hasta que el mismo soberano se dignara romperlo, preguntando:<\/p>\n\n\n\n<p>\u2014\u00bfQu\u00e9 dices a esto, Ugarte?<\/p>\n\n\n\n<p>\u2014Que admiro la paciencia de Vuestra Majestad. Seg\u00fan el se\u00f1or Juan P\u00e9rez ya no hay colonias, ya no hay soldados, ya no hay barcos, ya los espa\u00f1oles no tienen alma para vencer las dificultades.<\/p>\n\n\n\n<p>\u2014La verdad es \u2014dijo Fernando deteni\u00e9ndose meditabundo ante la chimenea\u2014 que no estamos en Jauja.<\/p>\n\n\n\n<p>Y luego, dando un suspiro, a\u00f1adi\u00f3:<\/p>\n\n\n\n<p>\u2014Hay que despedirse de las Am\u00e9ricas.<\/p>\n\n\n\n<p>\u2014\u00bfPor qu\u00e9, se\u00f1or? \u2014dijo bruscamente Ugarte\u2014. Se exagera mucho. Persona venida hace poco de all\u00e1 me ha dicho que toda la insurrecci\u00f3n americana se reduce a cuatro perdidos que gritan en las plazuelas.<\/p>\n\n\n\n<p>\u2014Lo mismo me ha escrito a m\u00ed un amigo \u2014a\u00f1ad\u00ed yo\u2014; unos cuantos presidiarios con algunos ingleses y norteamericanos echados por tramposos de sus respectivo pa\u00edses sostienen la alarma en aquellos lejanos reinos.<\/p>\n\n\n\n<p>\u2014Pues id vosotros a reducir a la obediencia a esas dos docenas de facciosos\u2026 Ahora dime si vas a enviar a Am\u00e9rica a esos soldados en c\u00e1scara de nuez.<\/p>\n\n\n\n<p>\u2014No, se\u00f1or, que los mandar\u00e9 en magn\u00edficos nav\u00edos y barcos de transporte \u2014repuso el arbitrista.<\/p>\n\n\n\n<p>\u2014Pero sabes que no los tenemos.<\/p>\n\n\n\n<p>\u2014Se compran.<\/p>\n\n\n\n<p>\u2014\u00a1Se compran!\u2026 Y dice \u00abse compran\u00bb como si costaran dos pesetas.<\/p>\n\n\n\n<figure class=\"wp-block-image size-large is-style-default\"><img decoding=\"async\" src=\"http:\/\/ferna.eu\/venture\/wp-content\/uploads\/2020\/05\/firma_galdos.png\" alt=\"\" class=\"wp-image-7968\"\/><\/figure>\n","protected":false},"excerpt":{"rendered":"<p>Pisaba yo la C\u00e1mara real, aquella deslumbradora cuadra, colgada y ornada de amarillo, en cuyas paredes los m\u00e1s hermosos productos del arte (todav\u00eda no se hab\u00eda formado el Museo del Prado), recib\u00edan, diariamente, como gentil holocausto, el humo de los mejores cigarros del mundo\u2026 Casi en el centro de los testeros, media docena de hombres desvergonzados, sucios, casi desnudos y haraposos, otros con semblante est\u00fapido y ademanes incultos, todos se re\u00edan de la tertulia constantemente embrutecidos por el vino.<\/p>\n","protected":false},"author":1,"featured_media":4337,"comment_status":"open","ping_status":"open","sticky":false,"template":"","format":"standard","meta":{"footnotes":""},"categories":[3,4,32],"tags":[],"class_list":["post-8207","post","type-post","status-publish","format-standard","has-post-thumbnail","hentry","category-benito-perez-galdos","category-bibliografia","category-cuento"],"yoast_head":"<!-- This site is optimized with the Yoast SEO plugin v24.3 - https:\/\/yoast.com\/wordpress\/plugins\/seo\/ -->\n<title>[Narraci\u00f3n] Fum\u00e1ndose las colonias, de Benito P\u00e9rez Gald\u00f3s - Cronolog\u00eda de la vida y la obra de Benito P\u00e9rez Gald\u00f3s<\/title>\n<meta name=\"robots\" content=\"index, follow, max-snippet:-1, max-image-preview:large, max-video-preview:-1\" \/>\n<link rel=\"canonical\" href=\"https:\/\/batallitas.es\/benito-perez-galdos\/narracion-fumandose-las-colonias-de-benito-perez-galdos\/\" \/>\n<meta property=\"og:locale\" content=\"es_ES\" \/>\n<meta property=\"og:type\" content=\"article\" \/>\n<meta property=\"og:title\" content=\"[Narraci\u00f3n] Fum\u00e1ndose las colonias, de Benito P\u00e9rez Gald\u00f3s - Cronolog\u00eda de la vida y la obra de Benito P\u00e9rez Gald\u00f3s\" \/>\n<meta property=\"og:description\" content=\"Pisaba yo la C\u00e1mara real, aquella deslumbradora cuadra, colgada y ornada de amarillo, en cuyas paredes los m\u00e1s hermosos productos del arte (todav\u00eda no se hab\u00eda formado el Museo del Prado), recib\u00edan, diariamente, como gentil holocausto, el humo de los mejores cigarros del mundo\u2026 Casi en el centro de los testeros, media docena de hombres desvergonzados, sucios, casi desnudos y haraposos, otros con semblante est\u00fapido y ademanes incultos, todos se re\u00edan de la tertulia constantemente embrutecidos por el vino.\" \/>\n<meta property=\"og:url\" content=\"https:\/\/batallitas.es\/benito-perez-galdos\/narracion-fumandose-las-colonias-de-benito-perez-galdos\/\" \/>\n<meta property=\"og:site_name\" content=\"Cronolog\u00eda de la vida y la obra de Benito P\u00e9rez Gald\u00f3s\" \/>\n<meta property=\"article:published_time\" content=\"2018-02-16T06:55:00+00:00\" \/>\n<meta property=\"og:image\" content=\"https:\/\/batallitas.es\/benito-perez-galdos\/wp-content\/uploads\/2025\/01\/facebook_thumbnail.jpg\" \/>\n\t<meta property=\"og:image:width\" content=\"1200\" \/>\n\t<meta property=\"og:image:height\" content=\"630\" \/>\n\t<meta property=\"og:image:type\" content=\"image\/jpeg\" \/>\n<meta name=\"author\" content=\"Benito\" \/>\n<meta name=\"twitter:card\" content=\"summary_large_image\" \/>\n<meta name=\"twitter:label1\" content=\"Escrito por\" \/>\n\t<meta name=\"twitter:data1\" content=\"Benito\" \/>\n\t<meta name=\"twitter:label2\" content=\"Tiempo de lectura\" \/>\n\t<meta name=\"twitter:data2\" content=\"5 minutos\" \/>\n<script type=\"application\/ld+json\" class=\"yoast-schema-graph\">{\"@context\":\"https:\/\/schema.org\",\"@graph\":[{\"@type\":\"WebPage\",\"@id\":\"https:\/\/batallitas.es\/benito-perez-galdos\/narracion-fumandose-las-colonias-de-benito-perez-galdos\/\",\"url\":\"https:\/\/batallitas.es\/benito-perez-galdos\/narracion-fumandose-las-colonias-de-benito-perez-galdos\/\",\"name\":\"[Narraci\u00f3n] Fum\u00e1ndose las colonias, de Benito P\u00e9rez Gald\u00f3s - Cronolog\u00eda de la vida y la obra de Benito P\u00e9rez Gald\u00f3s\",\"isPartOf\":{\"@id\":\"https:\/\/batallitas.es\/benito-perez-galdos\/#website\"},\"primaryImageOfPage\":{\"@id\":\"https:\/\/batallitas.es\/benito-perez-galdos\/narracion-fumandose-las-colonias-de-benito-perez-galdos\/#primaryimage\"},\"image\":{\"@id\":\"https:\/\/batallitas.es\/benito-perez-galdos\/narracion-fumandose-las-colonias-de-benito-perez-galdos\/#primaryimage\"},\"thumbnailUrl\":\"\",\"datePublished\":\"2018-02-16T06:55:00+00:00\",\"dateModified\":\"2018-02-16T06:55:00+00:00\",\"author\":{\"@id\":\"https:\/\/batallitas.es\/benito-perez-galdos\/#\/schema\/person\/2dda07be9325676808524c55b6218a25\"},\"breadcrumb\":{\"@id\":\"https:\/\/batallitas.es\/benito-perez-galdos\/narracion-fumandose-las-colonias-de-benito-perez-galdos\/#breadcrumb\"},\"inLanguage\":\"es\",\"potentialAction\":[{\"@type\":\"ReadAction\",\"target\":[\"https:\/\/batallitas.es\/benito-perez-galdos\/narracion-fumandose-las-colonias-de-benito-perez-galdos\/\"]}]},{\"@type\":\"ImageObject\",\"inLanguage\":\"es\",\"@id\":\"https:\/\/batallitas.es\/benito-perez-galdos\/narracion-fumandose-las-colonias-de-benito-perez-galdos\/#primaryimage\",\"url\":\"\",\"contentUrl\":\"\"},{\"@type\":\"BreadcrumbList\",\"@id\":\"https:\/\/batallitas.es\/benito-perez-galdos\/narracion-fumandose-las-colonias-de-benito-perez-galdos\/#breadcrumb\",\"itemListElement\":[{\"@type\":\"ListItem\",\"position\":1,\"name\":\"Portada\",\"item\":\"https:\/\/batallitas.es\/benito-perez-galdos\/\"},{\"@type\":\"ListItem\",\"position\":2,\"name\":\"[Narraci\u00f3n] Fum\u00e1ndose las colonias, de Benito P\u00e9rez Gald\u00f3s\"}]},{\"@type\":\"WebSite\",\"@id\":\"https:\/\/batallitas.es\/benito-perez-galdos\/#website\",\"url\":\"https:\/\/batallitas.es\/benito-perez-galdos\/\",\"name\":\"Cronolog\u00eda de la vida y la obra de Benito P\u00e9rez Gald\u00f3s\",\"description\":\"\",\"potentialAction\":[{\"@type\":\"SearchAction\",\"target\":{\"@type\":\"EntryPoint\",\"urlTemplate\":\"https:\/\/batallitas.es\/benito-perez-galdos\/?s={search_term_string}\"},\"query-input\":{\"@type\":\"PropertyValueSpecification\",\"valueRequired\":true,\"valueName\":\"search_term_string\"}}],\"inLanguage\":\"es\"},{\"@type\":\"Person\",\"@id\":\"https:\/\/batallitas.es\/benito-perez-galdos\/#\/schema\/person\/2dda07be9325676808524c55b6218a25\",\"name\":\"Benito\",\"image\":{\"@type\":\"ImageObject\",\"inLanguage\":\"es\",\"@id\":\"https:\/\/batallitas.es\/benito-perez-galdos\/#\/schema\/person\/image\/\",\"url\":\"https:\/\/secure.gravatar.com\/avatar\/8695d643bbae3009794e7fc5797055bb?s=96&d=mm&r=g\",\"contentUrl\":\"https:\/\/secure.gravatar.com\/avatar\/8695d643bbae3009794e7fc5797055bb?s=96&d=mm&r=g\",\"caption\":\"Benito\"},\"sameAs\":[\"https:\/\/batallitas.es\/galdos\"],\"url\":\"https:\/\/batallitas.es\/benito-perez-galdos\/author\/benito\/\"}]}<\/script>\n<!-- \/ Yoast SEO plugin. -->","yoast_head_json":{"title":"[Narraci\u00f3n] Fum\u00e1ndose las colonias, de Benito P\u00e9rez Gald\u00f3s - Cronolog\u00eda de la vida y la obra de Benito P\u00e9rez Gald\u00f3s","robots":{"index":"index","follow":"follow","max-snippet":"max-snippet:-1","max-image-preview":"max-image-preview:large","max-video-preview":"max-video-preview:-1"},"canonical":"https:\/\/batallitas.es\/benito-perez-galdos\/narracion-fumandose-las-colonias-de-benito-perez-galdos\/","og_locale":"es_ES","og_type":"article","og_title":"[Narraci\u00f3n] Fum\u00e1ndose las colonias, de Benito P\u00e9rez Gald\u00f3s - Cronolog\u00eda de la vida y la obra de Benito P\u00e9rez Gald\u00f3s","og_description":"Pisaba yo la C\u00e1mara real, aquella deslumbradora cuadra, colgada y ornada de amarillo, en cuyas paredes los m\u00e1s hermosos productos del arte (todav\u00eda no se hab\u00eda formado el Museo del Prado), recib\u00edan, diariamente, como gentil holocausto, el humo de los mejores cigarros del mundo\u2026 Casi en el centro de los testeros, media docena de hombres desvergonzados, sucios, casi desnudos y haraposos, otros con semblante est\u00fapido y ademanes incultos, todos se re\u00edan de la tertulia constantemente embrutecidos por el vino.","og_url":"https:\/\/batallitas.es\/benito-perez-galdos\/narracion-fumandose-las-colonias-de-benito-perez-galdos\/","og_site_name":"Cronolog\u00eda de la vida y la obra de Benito P\u00e9rez Gald\u00f3s","article_published_time":"2018-02-16T06:55:00+00:00","og_image":[{"width":1200,"height":630,"url":"https:\/\/batallitas.es\/benito-perez-galdos\/wp-content\/uploads\/2025\/01\/facebook_thumbnail.jpg","type":"image\/jpeg"}],"author":"Benito","twitter_card":"summary_large_image","twitter_misc":{"Escrito por":"Benito","Tiempo de lectura":"5 minutos"},"schema":{"@context":"https:\/\/schema.org","@graph":[{"@type":"WebPage","@id":"https:\/\/batallitas.es\/benito-perez-galdos\/narracion-fumandose-las-colonias-de-benito-perez-galdos\/","url":"https:\/\/batallitas.es\/benito-perez-galdos\/narracion-fumandose-las-colonias-de-benito-perez-galdos\/","name":"[Narraci\u00f3n] Fum\u00e1ndose las colonias, de Benito P\u00e9rez Gald\u00f3s - Cronolog\u00eda de la vida y la obra de Benito P\u00e9rez Gald\u00f3s","isPartOf":{"@id":"https:\/\/batallitas.es\/benito-perez-galdos\/#website"},"primaryImageOfPage":{"@id":"https:\/\/batallitas.es\/benito-perez-galdos\/narracion-fumandose-las-colonias-de-benito-perez-galdos\/#primaryimage"},"image":{"@id":"https:\/\/batallitas.es\/benito-perez-galdos\/narracion-fumandose-las-colonias-de-benito-perez-galdos\/#primaryimage"},"thumbnailUrl":"","datePublished":"2018-02-16T06:55:00+00:00","dateModified":"2018-02-16T06:55:00+00:00","author":{"@id":"https:\/\/batallitas.es\/benito-perez-galdos\/#\/schema\/person\/2dda07be9325676808524c55b6218a25"},"breadcrumb":{"@id":"https:\/\/batallitas.es\/benito-perez-galdos\/narracion-fumandose-las-colonias-de-benito-perez-galdos\/#breadcrumb"},"inLanguage":"es","potentialAction":[{"@type":"ReadAction","target":["https:\/\/batallitas.es\/benito-perez-galdos\/narracion-fumandose-las-colonias-de-benito-perez-galdos\/"]}]},{"@type":"ImageObject","inLanguage":"es","@id":"https:\/\/batallitas.es\/benito-perez-galdos\/narracion-fumandose-las-colonias-de-benito-perez-galdos\/#primaryimage","url":"","contentUrl":""},{"@type":"BreadcrumbList","@id":"https:\/\/batallitas.es\/benito-perez-galdos\/narracion-fumandose-las-colonias-de-benito-perez-galdos\/#breadcrumb","itemListElement":[{"@type":"ListItem","position":1,"name":"Portada","item":"https:\/\/batallitas.es\/benito-perez-galdos\/"},{"@type":"ListItem","position":2,"name":"[Narraci\u00f3n] Fum\u00e1ndose las colonias, de Benito P\u00e9rez Gald\u00f3s"}]},{"@type":"WebSite","@id":"https:\/\/batallitas.es\/benito-perez-galdos\/#website","url":"https:\/\/batallitas.es\/benito-perez-galdos\/","name":"Cronolog\u00eda de la vida y la obra de Benito P\u00e9rez Gald\u00f3s","description":"","potentialAction":[{"@type":"SearchAction","target":{"@type":"EntryPoint","urlTemplate":"https:\/\/batallitas.es\/benito-perez-galdos\/?s={search_term_string}"},"query-input":{"@type":"PropertyValueSpecification","valueRequired":true,"valueName":"search_term_string"}}],"inLanguage":"es"},{"@type":"Person","@id":"https:\/\/batallitas.es\/benito-perez-galdos\/#\/schema\/person\/2dda07be9325676808524c55b6218a25","name":"Benito","image":{"@type":"ImageObject","inLanguage":"es","@id":"https:\/\/batallitas.es\/benito-perez-galdos\/#\/schema\/person\/image\/","url":"https:\/\/secure.gravatar.com\/avatar\/8695d643bbae3009794e7fc5797055bb?s=96&d=mm&r=g","contentUrl":"https:\/\/secure.gravatar.com\/avatar\/8695d643bbae3009794e7fc5797055bb?s=96&d=mm&r=g","caption":"Benito"},"sameAs":["https:\/\/batallitas.es\/galdos"],"url":"https:\/\/batallitas.es\/benito-perez-galdos\/author\/benito\/"}]}},"_links":{"self":[{"href":"https:\/\/batallitas.es\/benito-perez-galdos\/wp-json\/wp\/v2\/posts\/8207","targetHints":{"allow":["GET"]}}],"collection":[{"href":"https:\/\/batallitas.es\/benito-perez-galdos\/wp-json\/wp\/v2\/posts"}],"about":[{"href":"https:\/\/batallitas.es\/benito-perez-galdos\/wp-json\/wp\/v2\/types\/post"}],"author":[{"embeddable":true,"href":"https:\/\/batallitas.es\/benito-perez-galdos\/wp-json\/wp\/v2\/users\/1"}],"replies":[{"embeddable":true,"href":"https:\/\/batallitas.es\/benito-perez-galdos\/wp-json\/wp\/v2\/comments?post=8207"}],"version-history":[{"count":0,"href":"https:\/\/batallitas.es\/benito-perez-galdos\/wp-json\/wp\/v2\/posts\/8207\/revisions"}],"wp:featuredmedia":[{"embeddable":true,"href":"https:\/\/batallitas.es\/benito-perez-galdos\/wp-json\/"}],"wp:attachment":[{"href":"https:\/\/batallitas.es\/benito-perez-galdos\/wp-json\/wp\/v2\/media?parent=8207"}],"wp:term":[{"taxonomy":"category","embeddable":true,"href":"https:\/\/batallitas.es\/benito-perez-galdos\/wp-json\/wp\/v2\/categories?post=8207"},{"taxonomy":"post_tag","embeddable":true,"href":"https:\/\/batallitas.es\/benito-perez-galdos\/wp-json\/wp\/v2\/tags?post=8207"}],"curies":[{"name":"wp","href":"https:\/\/api.w.org\/{rel}","templated":true}]}}