{"id":8211,"date":"2018-03-16T08:18:00","date_gmt":"2018-03-16T07:18:00","guid":{"rendered":"http:\/\/ferna.eu\/?p=8211"},"modified":"2018-03-16T08:18:00","modified_gmt":"2018-03-16T07:18:00","slug":"cuento-una-historia-que-parece-cuento-de-benito-perez-galdos","status":"publish","type":"post","link":"https:\/\/batallitas.es\/benito-perez-galdos\/cuento-una-historia-que-parece-cuento-de-benito-perez-galdos\/","title":{"rendered":"[Cuento] Una historia que parece cuento, de Benito P\u00e9rez Gald\u00f3s"},"content":{"rendered":"\n<p><em>o un cuento que parece historia<\/em><\/p>\n\n\n\n<p><\/p>\n\n\n\n<p><\/p>\n\n\n\n<p>LA ESCENA PASA EN EL CAF\u00c9 UNIVERSAL DE MADRID<\/p>\n\n\n\n<p>ESCENA I<\/p>\n\n\n\n<p>EL MOZO (Limpiando una de las mesas. Aparte).\u2014 Ya es hora de que lleguen los canarios. Voy a arreglarles la jaula.<\/p>\n\n\n\n<p>BENITO (Entrando y dirigi\u00e9ndose al mozo).\u2014 Buenas noches, Pepe.<\/p>\n\n\n\n<p>EL MOZO.\u2014 Buenas las tenga el se\u00f1orito.<\/p>\n\n\n\n<p>BENITO.\u2014 \u00bfNo han llegado los amigos?<\/p>\n\n\n\n<p>EL MOZO.\u2014 A\u00fan no se\u00f1orito, pero no tardar\u00e1n. El se\u00f1orito Ad\u00e1n pas\u00f3 por aqu\u00ed esta tarde en compa\u00f1\u00eda de aquel se\u00f1orito que no es de su tierra y que fue diputado a Cortes el a\u00f1o pasado en tiempo de los radicales, y me dijo que le aguardaran ustedes, porque ten\u00eda que leerles un papel que se publica en Canaria y dice cosas muy buenas.<\/p>\n\n\n\n<p>BENITO.\u2014 Pues bien, le esperar\u00e9 un poco.<\/p>\n\n\n\n<p>FERNANDO (Desde la puerta).\u2014 Buenas noches querido compa\u00f1ero.<\/p>\n\n\n\n<p>BENITO.\u2014 Adelante querido Fernando. Te esperaba, y a los dem\u00e1s compa\u00f1eros, porque seg\u00fan me ha dicho Pepe, esta noche pasaremos un buen rato leyendo cosas de nuestro pa\u00eds. \u00bfTienes t\u00fa noticias de que all\u00ed se publique un nuevo peri\u00f3dico?<\/p>\n\n\n\n<p>FERNANDO.\u2014 Extra\u00f1o que me preguntes eso, cuando debes saber tan bien como yo lo que pasa en Canaria; o no; no me extra\u00f1a porque est\u00e1s embebido en tus novelas, de nada m\u00e1s te ocupas. Pues qu\u00e9, \u00bfno sabes que hace meses se publica La Opini\u00f3n? Chico, \u00a1qu\u00e9 peri\u00f3dico!, \u00a1qu\u00e9 claridades y qu\u00e9 verdades dice! Yo creo que en Las Palmas no haya salido otro peri\u00f3dico hasta la fecha, que tan a fondo haya tratado los asuntos del pa\u00eds y que tantas verdades haya dicho.<\/p>\n\n\n\n<p>BENITO.\u2014 Pues hombre, no sab\u00eda semejante cosa, y extra\u00f1o que no me hayan enviado ese peri\u00f3dico, porque siempre lo han hecho con los que se publican all\u00ed. Has despertado mi curiosidad y no me he de marchar antes de que venga Ad\u00e1n.<\/p>\n\n\n\n<p>AD\u00c1N (Entrando con D. Emilio).\u2014 Salud se\u00f1ores, \u00bfno han llegado los dos Pepes, Tom\u00e1s, Eduardo y los otros paisanos?<\/p>\n\n\n\n<p>BENITO.\u2014 Ya vendr\u00e1n: lo que interesa es que nos ense\u00f1es el peri\u00f3dico que has recibido de Canaria.<\/p>\n\n\n\n<p>AD\u00c1N (Mostrando el peri\u00f3dico).\u2014 Aqu\u00ed est\u00e1, pero es necesario que esperemos a que lleguen los otros para leerlo juntos.<\/p>\n\n\n\n<p>FERNANDO.\u2014 Le\u00e1moslo ahora nosotros, que ellos lo har\u00e1n luego. (Entran los dos Pepes, Tom\u00e1s y Eduardo).<\/p>\n\n\n\n<p>EL MOZO (Aparte).\u2014 Ya est\u00e1n todos. Me da gusto de ver a estos canarios. Ellos ser\u00e1n unos republicanos y otros mon\u00e1rquicos, pero lo cierto es que nunca pelean y son buenos amigos.<\/p>\n\n\n\n<p>FERNANDO.\u2014 Tomad asiento, se\u00f1ores, que vamos a leer un peri\u00f3dico&nbsp;que tiene este (se\u00f1alando a Ad\u00e1n) que acaba de recibir de Canaria. Yo lo&nbsp;leer\u00e9, pero que nadie me interrumpa, y cuando haya concluido entonces&nbsp;har\u00e9is las observaciones que teng\u00e1is por conveniente. Entre tanto,&nbsp;escuchad.<\/p>\n\n\n\n<p>TODOS.\u2014 Eso es, Fernando que lea.<\/p>\n\n\n\n<p>FERNANDO (Toma el peri\u00f3dico, lo desdobla, le da una hojeada general y dice).\u2014 Se\u00f1ores, es fresquecito, del 10 de marzo, y empieza publicando los acontecimientos de esta Villa en el d\u00eda 23. Esto no lo leeremos, porque nosotros lo sabemos antes que \u00e9l. Viene ahora la Cr\u00f3nica municipal de la sesi\u00f3n del 5. \u00abPresidencia de don Jos\u00e9 H. H. de Mendoza\u00bb\u2026<\/p>\n\n\n\n<p>UNA VOZ.\u2014 \u00bfQui\u00e9n presid\u00eda?<\/p>\n\n\n\n<p>FERNANDO.\u2014 Silencio, se\u00f1ores, si se me interrumpe, guardo el peri\u00f3dico y concluye la funci\u00f3n.<\/p>\n\n\n\n<p>Lee\u2026\u2026\u2026\u2026\u2026\u2026\u2026..<\/p>\n\n\n\n<p>FERNANDO (Despu\u00e9s de haber terminado la lectura).\u2014 \u00bfQu\u00e9 os parece, compa\u00f1eros? O somos republicanos o no somos. \u00bfNo os divert\u00eds?<\/p>\n\n\n\n<p>EL MOZO.\u2014 \u00a1C\u00e1spita, se\u00f1orito, qu\u00e9 gente!<\/p>\n\n\n\n<p>UN PEPE.\u2014 Calla t\u00fa; yo no s\u00e9, se\u00f1ores, como puede haber canario que eche a la calle los desprop\u00f3sitos y barbaridades de sus conciudadanos. Conozco que obran mal, pero por amor a su pa\u00eds debieran ocultar estos defectos para que con ello no gocen los adversarios.<\/p>\n\n\n\n<p>TOM\u00c1S.\u2014 No chico, esos no son defectos, no son desprop\u00f3sitos ni barbaridades. Si es cierto lo que dice el peri\u00f3dico, en mi concepto son delitos.<\/p>\n\n\n\n<p>FERNANDO.\u2014 Te respondo que este peri\u00f3dico no dice una cosa por otra, porque yo, dudando como t\u00fa, he preguntado a mis amigos de Canaria y me dicen que todo es la verdad, y que en realidad pasa m\u00e1s de lo que se publica; y no por voluntad suya, sino porque muchas de las cosas se olvidan como es natural.<\/p>\n\n\n\n<p>D. EMILIO.\u2014 \u00bfPero ser\u00e1 posible que eso suceda seg\u00fan se halla escrito?<\/p>\n\n\n\n<p>FERNANDO.\u2014 Ya he dicho que seg\u00fan cartas autorizadas, La Opini\u00f3n, en la redacci\u00f3n de las cr\u00f3nicas, se queda muy atr\u00e1s de lo que pasa en las sesiones.<\/p>\n\n\n\n<p>OTRO PEPE.\u2014 Pero yo pregunto, \u00bfhay taqu\u00edgrafos en Canaria?<\/p>\n\n\n\n<p>EDUARDO.\u2014 Hombre, lo que es taqu\u00edgrafos no tengo entendido que haya ninguno, pero los que tales sesiones redactan, parece que lo son realmente.<\/p>\n\n\n\n<p>DON EMILIO.\u2014 \u00bfPero qui\u00e9n es ese concejal que tira tan a fondo esas estocadas mortales?<\/p>\n\n\n\n<p>TOM\u00c1S.\u2014 Es un mon\u00e1rquico\u2026<\/p>\n\n\n\n<p>UN PEPE.\u2014 Sin monarca, se dice.<\/p>\n\n\n\n<p>TOM\u00c1S.\u2014 Bueno\u2026, el caso es que cumple con su deber.<\/p>\n\n\n\n<p>D. EMILIO.\u2014 \u00a1Ya lo creo!; bien se desprende por las banderillas que le pone al alcalde y a ese otro que llaman Calder\u00edn. \u00bfHan visto ustedes qu\u00e9 castellano habla?<\/p>\n\n\n\n<p>OTRO PEPE.\u2014 S\u00ed, pero tambi\u00e9n deben ustedes convenir conmigo en que eso no est\u00e1 bien hecho.<\/p>\n\n\n\n<p>FERNANDO.\u2014 \u00bfQu\u00e9 llama usted eso?<\/p>\n\n\n\n<p>PEPE.\u2014 Lo que hace La Opini\u00f3n, es decir, publicar esas cosas. Yo conozco al alcalde, es un pobre hombre que se deja llevar por los consejos de lo que le dicen sus amigos y que por lo visto, no han hecho m\u00e1s que comprometerle. Conozco a D. Donato, es algo bilioso y testarudo como un aragon\u00e9s, que tiene la man\u00eda de querer que la isla vuelva a los tiempos de los corregidores, y cuidado que es republicano neto; pero de todos modos, como se\u00f1or anciano y por lo mismo respetable, no debiera sacarle a relucir esos defectos. Yo no estoy conforme con que se obre as\u00ed, porque adem\u00e1s redunda en desdoro de nuestra querida ciudad de Las Palmas. Si conociera a los redactores de La Opini\u00f3n les escribir\u00eda por este correo para que abandonasen un asunto que, mirado cuando menos bajo el punto de vista nuestro, no nos pone en muy buen lugar, ni en nada nos favorece, por el contrario perjudica nuestro buen nombre como hijos de aquel pa\u00eds.<\/p>\n\n\n\n<p>AD\u00c1N.\u2014 Te ha faltado el \u00abhe dicho\u00bb. \u00bfSabes que no har\u00edas mal Diputado a Cortes?<\/p>\n\n\n\n<p>EL MOZO.\u2014 Se\u00f1oritos, yo soy gallego de nacimiento pero canario de coraz\u00f3n, porque he simpatizado con todos los se\u00f1oritos canarios; y si no ya veis si tengo confianza con Vds. que me atrevo a hablar como uno de tantos; pero no puedo menos de decir mi opini\u00f3n. Si esos se\u00f1ores del Ayuntamiento de su tierra no sab\u00edan para eso, que hubieran soltado las riendas; pero si por figurar est\u00e1n all\u00ed, el peri\u00f3dico hace bien en decir todo y clarito, as\u00ed me gusta. Ya saben los se\u00f1oritos el refr\u00e1n de mi tierra: \u00abEn Jalicia, el que la jace la paja\u2026\u00bb. He dicho.<\/p>\n\n\n\n<p>FERNANDO.\u2014 Vamos Pepe, te has hecho todo un orador. A fe que merec\u00edas te hicieran diputado por\u2026<\/p>\n\n\n\n<p>UNA VOZ (Al fondo del caf\u00e9).\u2014 \u00a1\u00a1Mozo!!<\/p>\n\n\n\n<p>EL MOZO.\u2014 Voy se\u00f1orito. Gracias se\u00f1or don Fernando. (Aparte, mientras iba a servir a otra mesa). Estos canarios valen mucho.<\/p>\n\n\n\n<p>FERNANDO.\u2014 Este Pepe es una perla. Pero volviendo a nuestro Ayuntamiento, y lo llamo nuestro por ser de nuestra ciudad, \u00bfqu\u00e9 te parece Benito?\u2026 \u00bfQu\u00e9 haces, hombre?<\/p>\n\n\n\n<p>BENITO (Que est\u00e1 entretenido pintando una caricatura sobre el m\u00e1rmol de la mesa).\u2014 Hombre, por Dios, no me hables de eso; cuidado que es atroz lo que pasa en Las Palmas. La Opini\u00f3n hace mal en publicar esas barbaridades.<\/p>\n\n\n\n<p>FERNANDO.\u2014 Pero chico, si La Opini\u00f3n no dice nada, habla, como suele decirse, \u00abpor boca de ganso\u00bb: todo eso lo dicen los individuos del municipio. En mi concepto, este peri\u00f3dico cumple con la misi\u00f3n que le impone la prensa; es hasta si se quiere, humanitario, pues se trata de que aquellos ciudadanos sepan qui\u00e9nes les representan popularmente, y procuren para lo sucesivo evitarse los perjuicios que ahora pesan sobre ellos. Adem\u00e1s, \u00bfqu\u00e9 hombre p\u00fablico se escapa de las garras de la prensa peri\u00f3dica? Me extra\u00f1a que habl\u00e9is as\u00ed vosotros cuando ten\u00e9is aqu\u00ed todos los d\u00edas y a todas horas id\u00e9nticas escenas; y aqu\u00ed s\u00ed que es peor porque se censura con espada en mano. \u00bfQu\u00e9 les hacen a los ministros los peri\u00f3dicos de la oposici\u00f3n?, \u00bfy a todos los dem\u00e1s hombres p\u00fablicos? \u00bfPuede compararse a los hombres p\u00fablicos de Madrid con los concejales de Las Palmas? Y sin embargo, ya veis. \u00bfSe rebajar\u00e1n por eso los madrile\u00f1os a los ojos de las dem\u00e1s provincias?, ja, ja, ja. Vaya, si el problema est\u00e1 resuelto; \u00bfqui\u00e9nes han tomado la palabra en contra?, los dos Pepes que son republicanos y Benito que es\u2026 Se\u00f1ores. He dicho.<\/p>\n\n\n\n<p>EL MOZO.\u2014 He estado oyendo todo, se\u00f1orito; ahora s\u00ed que digo yo que deb\u00edan nombrarle a usted diputado por esta coronada villa\u2026<\/p>\n\n\n\n<p>UN PEPE.\u2014 Calla, bruto.<\/p>\n\n\n\n<p>EL MOZO.\u2014 Me equivoqu\u00e9, se\u00f1orito; quer\u00eda decir por esta villa sin corona; lo mismo da para lo que yo quiero decir al se\u00f1or don Fernando.<\/p>\n\n\n\n<p>EDUARDO.\u2014 A pesar de todo no deb\u00eda publicarse semejante cosa.<\/p>\n\n\n\n<p>TOM\u00c1S.\u2014 Yo soy del parecer de Fernando. Esos se\u00f1ores antes de ocupar las poltronas municipales debieron aprender los deberes que les impone el puesto que se les ha confiado; deben discutir con mesura y con dignidad. De este modo aun cuando La Opini\u00f3n copiase las sesiones, de seguro no nos avergonzar\u00edamos de lo que all\u00ed sucede. Miren Vds. que los insultos de D. Donato a Santana, aquello de los trancazos, las palabras dirigidas al pobre secretario, la acci\u00f3n de no dejarle escribir, y qu\u00e9 s\u00e9 yo cu\u00e1ntas cosas m\u00e1s, tiene tres bemoles, es un esc\u00e1ndalo.<\/p>\n\n\n\n<p>EDUARDO.\u2014 Si al frente de la municipalidad hubiera una persona de car\u00e1cter y energ\u00eda todo se hubiera evitado, pero\u2026<\/p>\n\n\n\n<p>D. EMILIO.\u2014 Pero se\u00f1ores, Vds. como los conocen pueden hacer apreciaciones, pero yo me fijo en la poblaci\u00f3n de cuya importancia o\u00ed hablar varias veces.<\/p>\n\n\n\n<p>BENITO.\u2014 Veremos si eso tiene remedio; voy a escribir a mi pariente para ver de arreglar el cotarro.<\/p>\n\n\n\n<p>EDUARDO.\u2014 S\u00ed, hombre, s\u00ed, escr\u00edbale usted a fin de que no se ponga tan en evidencia, que lo mejor en mi concepto ser\u00eda que mandase la poltrona y las borlas a paseo.<\/p>\n\n\n\n<p>ESCENA II<\/p>\n\n\n\n<pre class=\"wp-block-code\"><code>\u00a9 Cabildo de Gran Canaria, 2013. ISBN: 978-84-8193-663-3<\/code><\/pre>\n\n\n\n<p>(Entran D. Manuel y Ram\u00f3n).<\/p>\n\n\n\n<p>D. MANUEL (Sonriendo).\u2014 Buenas noches, se\u00f1ores. \u00a1Hola Fernando! \u00bfQu\u00e9 tal D. Benito? \u00bfY t\u00fa Pepillo? Abur, D. Emilio.<\/p>\n\n\n\n<p>FERNANDO.\u2014 \u00bfQu\u00e9 es esto por aqu\u00ed? \u00bfHa venido usted con licencia? \u00bfC\u00f3mo anda ese Valladolid?<\/p>\n\n\n\n<p>RAM\u00d3N.\u2014 S\u00ed, con licencia absoluta.<\/p>\n\n\n\n<p>TODOS.\u2014 \u00bfLe han dejado a usted cesante?<\/p>\n\n\n\n<p>D. MANUEL.\u2014 Hombre, s\u00ed; me hab\u00eda la oposici\u00f3n el gremio de obra prima, y me tienen Vds. en Madrid dispuesto a acompa\u00f1arles a cenar unas perdices escabechadas. (Viendo \u00abLa Opini\u00f3n\u00bb). \u00a1Hombre, qu\u00e9 coincidencia! Hoy he andado buscando este peri\u00f3dico y cuando menos lo pensaba tropiezo con \u00e9l. (Lee).<\/p>\n\n\n\n<p>BENITO.\u2014 Pero a D. Manuel no le afectan las cesant\u00edas; siempre tan robusto y tan\u2026<\/p>\n\n\n\n<p>RAM\u00d3N (Leyendo).\u2014 Todo es la costumbre.<\/p>\n\n\n\n<p>D. MANUEL (Leyendo).\u2014 \u00abQue de los fondos de las carnes se ha extra\u00eddo cantidades por m\u00e1s de ochenta pesos, sin embargo de que yo no lo creo ni remotamente\u00bb. (Aparte) Este hombre es el demonio. (Continua leyendo), \u00abque se han hecho varias compras con ese dinero y que lo dem\u00e1s se ha perdido en la Gallera\u00bb \u00a1\u00a1Canastos!!, esto es grave, se\u00f1ores, \u00bfpero qu\u00e9 pasa por all\u00ed?<\/p>\n\n\n\n<p>FERNANDO y AD\u00c1N (A la vez).\u2014 Siga usted leyendo.<\/p>\n\n\n\n<p>D. MANUEL (Lee).\u2014 \u00abQue se han pagado mil reales por un informe\u2026; otros mil reales por otro informe\u2026.; y quinientos reales que se han pagado o se pagar\u00e1n por la redacci\u00f3n de unos oficios\u2026\u00bb. Pero se\u00f1ores, si yo no puedo creerlo, esto es malversar los fondos p\u00fablicos\u2026<\/p>\n\n\n\n<p>EL MOZO.\u2014 Siga leyendo el se\u00f1orito, que todav\u00eda hay m\u00e1s.<\/p>\n\n\n\n<p>D. MANUEL.\u2014 \u00a1Hola!\u2026\u2026 (Lee): \u00abHaberse gastado catorce o diecis\u00e9is mil reales en las cloacas tambi\u00e9n por administraci\u00f3n\u2026\u00bb. \u00a1\u00a1Zape!!\u2026 \u00bfC\u00f3mo se hubieran gastado dos mil reales en coger una cu\u00e1ntas gotas en los techos de este edificio?\u2026<\/p>\n\n\n\n<p>EL MOZO.\u2014 \u00a1\u00a1Canario, se\u00f1orito!!, \u00a1\u00a1qu\u00e9 gotas ser\u00edan esas!!<\/p>\n\n\n\n<p>DON MANUEL (Aparte).\u2014 Vaya con este mozo, qu\u00e9 civilizado lo tienen los canarios. (Dirigi\u00e9ndose a Fernando). Pero chico, \u00bfser\u00e1 todo esto cierto?<\/p>\n\n\n\n<p>TOM\u00c1S.\u2014 Lea, hombre, lea, que a\u00fan le queda lo mejor.<\/p>\n\n\n\n<p>DON MANUEL (Contin\u00faa leyendo).\u2014 \u00ab\u2026a no consentir que se hagan barbaridades\u00bb\u2026 Bien dicho\u2026 \u00abson m\u00e1s que fielateros\u2026\u00bb. Oiga usted Eduardo, \u00bfqu\u00e9 significa esto de fielatero?<\/p>\n\n\n\n<p>EDUARDO.\u2014 Pues es muy claro; fielatero de fielato. Mire usted D. Manuel, all\u00ed hay unos cuantos que son partidarios de esa contribuci\u00f3n onerosa que grava a los pueblos, especialmente al nuestro de Las Palmas, que tan vejado y esquilmado ha sido por administraciones anteriores; y esos cuantos son los que se han propuesto poner en evidencia a ese pobre Ayuntamiento porque no ha sabido manejarse con esto de las contribuciones.<\/p>\n\n\n\n<p>FERNANDO.\u2014 Y diga usted D. Eduardo, \u00bfno pretende el Ayuntamiento de Canaria imponer nuevamente esa contribuci\u00f3n administr\u00e1ndola \u00e9l mismo, seg\u00fan hemos le\u00eddo en otros n\u00fameros de La Opini\u00f3n? \u00bfQu\u00e9 significa esto, amigo m\u00edo? \u00bfEstar\u00e1 mejor administrada de este modo?<\/p>\n\n\n\n<p>EDUARDO.\u2014 Se pretende hacerlo as\u00ed, pero eso no es posible dada la situaci\u00f3n en que se ha colocado el Ayuntamiento con el rematador\u2026 Y adem\u00e1s, el pueblo canario, que tan vejado y esquilmado ha sido, no permitir\u00e1 que se le siga vejando y esquilmando con contratos leoninos y oneros\u00edsimos como el celebrado por un ayuntamiento de all\u00ed (calamar).<\/p>\n\n\n\n<p>EL MOZO.\u2014 El se\u00f1orito Eduardo quiere mucho a su pueblo.<\/p>\n\n\n\n<p>RAM\u00d3N.\u2014 Calla, Pepe; eso no es m\u00e1s que pol\u00edtica pura, es decir, pasioncillas de la pol\u00edtica. Si t\u00fa estuvieras un par de meses en Canaria, te convencer\u00edas de lo que son las cosas.<\/p>\n\n\n\n<p>FERNANDO.\u2014 A\u00fan le queda a usted lo mejor, D. Manuel.<\/p>\n\n\n\n<p>D. MANUEL (Leyendo).\u2014 \u00abSon todos unos farsantes\u2026, unos enredadores\u2026; yo no soy achacoso, yo no soy viejo\u2026\u00bb. Ja, ja, ja. Esto es una comedia\u2026 \u00abVd. es un p\u00e9rfido\u2026\u00bb. Oigan Vds., \u00bfqu\u00e9 ser\u00edan las palabras omitidas? Debieron haberlas publicado porque habr\u00edan de ser magn\u00edficas\u2026<\/p>\n\n\n\n<p>TOM\u00c1S.\u2014 Hay ciertas cosas que la pluma se resiste a escribir y esas palabras habr\u00edan sido una de tantas.<\/p>\n\n\n\n<p>D. MANUEL.\u2014 Sea lo que fuere el cronista debe ser exacto, y escribir cuanto pasa; sea bueno o malo\u2026<\/p>\n\n\n\n<p>FERNANDO.\u2014 A\u00fan le queda a usted el final.<\/p>\n\n\n\n<p>D. MANUEL (Contin\u00faa leyendo).\u2014 \u00ab\u00a1Ojal\u00e1 me hubiera muerto antes de venir aqu\u00ed!\u2026 \u00a1Qu\u00e9 verg\u00fcenza, se\u00f1ores, qu\u00e9 verg\u00fcenza!\u2026\u00bb. (R\u00ede a mand\u00edbula batiente y exclama:) \u00a1Sublime, arrebatador; qu\u00e9 final! Se\u00f1ores, \u00bfqu\u00e9 pasa por Canaria?<\/p>\n\n\n\n<p>FERNANDO.\u2014 Nada, hombre, nada; lo que usted ve; y si usted leyera las sesiones de la asamblea municipal provocadas por ese mismo Ayuntamiento queriendo obligarla a que todos los d\u00edas est\u00e9 arbitrando recursos, acabar\u00e1 de conocer el estado de nuestro pobre pa\u00eds. Con decirle a usted que hasta hubo un individuo que sin tocar pito ni flauta se ha mezclado en las decisiones de la Junta, solo por ciertas influencias en aquella masa\u2026<\/p>\n\n\n\n<p>D. MANUEL.\u2014 Pero diga usted, \u00bfno rigen all\u00ed las leyes nuestras?<\/p>\n\n\n\n<p>FERNANDO.\u2014 Es claro; anomal\u00edas de la situaci\u00f3n y nada m\u00e1s.<\/p>\n\n\n\n<p>UN EMBOZADO (Aparte).\u2014 Tengo que escribir a mi t\u00edo sobre todo esto; y ya que a \u00e9l le atribuyen el cotarro, debe de salir de all\u00ed lo m\u00e1s pronto posible, porque de lo contrario tiene en ese peri\u00f3dico un mal precursor. FERNANDO.\u2014 Se\u00f1ores, \u00bfqu\u00e9? \u00bfNo vais a la \u00f3pera?<\/p>\n\n\n\n<p>AD\u00c1N.\u2014 S\u00ed, vamos al momento.<\/p>\n\n\n\n<p>TOM\u00c1S.\u2014 Iremos juntos.<\/p>\n\n\n\n<p>UN PEPE.\u2014 Yo tengo que estudiar.<\/p>\n\n\n\n<p>OTRO PEPE.\u2014 Pues yo voy esta noche a Variedades.<\/p>\n\n\n\n<p>EDUARDO.\u2014 Te acompa\u00f1ar\u00e9.<\/p>\n\n\n\n<p>FERNANDO.\u2014 \u00bfViene usted D. Manuel?<\/p>\n\n\n\n<p>D. MANUEL.\u2014 No, gracias; necesito descansar.<\/p>\n\n\n\n<p>BENITO.\u2014 Yo voy a concluir unas cosillas que estoy escribiendo y me marcho a casa.<\/p>\n\n\n\n<p>RAM\u00d3N.\u2014 Yo tambi\u00e9n me despido.<\/p>\n\n\n\n<p>Buenas noches (exclaman entre s\u00ed).<\/p>\n\n\n\n<p>EL MOZO.\u2014 Hasta otra vista, se\u00f1oritos.<\/p>\n\n\n\n<figure class=\"wp-block-image size-large is-style-default\"><img decoding=\"async\" src=\"http:\/\/ferna.eu\/venture\/wp-content\/uploads\/2020\/05\/firma_galdos.png\" alt=\"\" class=\"wp-image-7968\"\/><\/figure>\n\n\n\n<p><\/p>\n","protected":false},"excerpt":{"rendered":"<p>Narraci\u00f3n publicada por el per\u00edodo de Las Palmas La Opini\u00f3n   en los n\u00fameros 62 y 64 (17 y 21 de mayo de 1873).<\/p>\n","protected":false},"author":1,"featured_media":10755,"comment_status":"open","ping_status":"open","sticky":false,"template":"","format":"standard","meta":{"footnotes":""},"categories":[3,4,32],"tags":[],"class_list":["post-8211","post","type-post","status-publish","format-standard","has-post-thumbnail","hentry","category-benito-perez-galdos","category-bibliografia","category-cuento"],"yoast_head":"<!-- This site is optimized with the Yoast SEO plugin v24.3 - https:\/\/yoast.com\/wordpress\/plugins\/seo\/ -->\n<title>[Cuento] Una historia que parece cuento, de Benito P\u00e9rez Gald\u00f3s - Cronolog\u00eda de la vida y la obra de Benito P\u00e9rez Gald\u00f3s<\/title>\n<meta name=\"robots\" content=\"index, follow, max-snippet:-1, max-image-preview:large, max-video-preview:-1\" \/>\n<link rel=\"canonical\" href=\"https:\/\/batallitas.es\/benito-perez-galdos\/cuento-una-historia-que-parece-cuento-de-benito-perez-galdos\/\" \/>\n<meta property=\"og:locale\" content=\"es_ES\" \/>\n<meta property=\"og:type\" content=\"article\" \/>\n<meta property=\"og:title\" content=\"[Cuento] Una historia que parece cuento, de Benito P\u00e9rez Gald\u00f3s - Cronolog\u00eda de la vida y la obra de Benito P\u00e9rez Gald\u00f3s\" \/>\n<meta property=\"og:description\" content=\"Narraci\u00f3n publicada por el per\u00edodo de Las Palmas La Opini\u00f3n  en los n\u00fameros 62 y 64 (17 y 21 de mayo de 1873).\" \/>\n<meta property=\"og:url\" content=\"https:\/\/batallitas.es\/benito-perez-galdos\/cuento-una-historia-que-parece-cuento-de-benito-perez-galdos\/\" \/>\n<meta property=\"og:site_name\" content=\"Cronolog\u00eda de la vida y la obra de Benito P\u00e9rez Gald\u00f3s\" \/>\n<meta property=\"article:published_time\" content=\"2018-03-16T07:18:00+00:00\" \/>\n<meta property=\"og:image\" content=\"https:\/\/batallitas.es\/benito-perez-galdos\/wp-content\/uploads\/2025\/01\/facebook_thumbnail.jpg\" \/>\n\t<meta property=\"og:image:width\" content=\"1200\" \/>\n\t<meta property=\"og:image:height\" content=\"630\" \/>\n\t<meta property=\"og:image:type\" content=\"image\/jpeg\" \/>\n<meta name=\"author\" content=\"Benito\" \/>\n<meta name=\"twitter:card\" content=\"summary_large_image\" \/>\n<meta name=\"twitter:label1\" content=\"Escrito por\" \/>\n\t<meta name=\"twitter:data1\" content=\"Benito\" \/>\n\t<meta name=\"twitter:label2\" content=\"Tiempo de lectura\" \/>\n\t<meta name=\"twitter:data2\" content=\"14 minutos\" \/>\n<script type=\"application\/ld+json\" class=\"yoast-schema-graph\">{\"@context\":\"https:\/\/schema.org\",\"@graph\":[{\"@type\":\"WebPage\",\"@id\":\"https:\/\/batallitas.es\/benito-perez-galdos\/cuento-una-historia-que-parece-cuento-de-benito-perez-galdos\/\",\"url\":\"https:\/\/batallitas.es\/benito-perez-galdos\/cuento-una-historia-que-parece-cuento-de-benito-perez-galdos\/\",\"name\":\"[Cuento] Una historia que parece cuento, de Benito P\u00e9rez Gald\u00f3s - Cronolog\u00eda de la vida y la obra de Benito P\u00e9rez Gald\u00f3s\",\"isPartOf\":{\"@id\":\"https:\/\/batallitas.es\/benito-perez-galdos\/#website\"},\"primaryImageOfPage\":{\"@id\":\"https:\/\/batallitas.es\/benito-perez-galdos\/cuento-una-historia-que-parece-cuento-de-benito-perez-galdos\/#primaryimage\"},\"image\":{\"@id\":\"https:\/\/batallitas.es\/benito-perez-galdos\/cuento-una-historia-que-parece-cuento-de-benito-perez-galdos\/#primaryimage\"},\"thumbnailUrl\":\"\",\"datePublished\":\"2018-03-16T07:18:00+00:00\",\"dateModified\":\"2018-03-16T07:18:00+00:00\",\"author\":{\"@id\":\"https:\/\/batallitas.es\/benito-perez-galdos\/#\/schema\/person\/2dda07be9325676808524c55b6218a25\"},\"breadcrumb\":{\"@id\":\"https:\/\/batallitas.es\/benito-perez-galdos\/cuento-una-historia-que-parece-cuento-de-benito-perez-galdos\/#breadcrumb\"},\"inLanguage\":\"es\",\"potentialAction\":[{\"@type\":\"ReadAction\",\"target\":[\"https:\/\/batallitas.es\/benito-perez-galdos\/cuento-una-historia-que-parece-cuento-de-benito-perez-galdos\/\"]}]},{\"@type\":\"ImageObject\",\"inLanguage\":\"es\",\"@id\":\"https:\/\/batallitas.es\/benito-perez-galdos\/cuento-una-historia-que-parece-cuento-de-benito-perez-galdos\/#primaryimage\",\"url\":\"\",\"contentUrl\":\"\"},{\"@type\":\"BreadcrumbList\",\"@id\":\"https:\/\/batallitas.es\/benito-perez-galdos\/cuento-una-historia-que-parece-cuento-de-benito-perez-galdos\/#breadcrumb\",\"itemListElement\":[{\"@type\":\"ListItem\",\"position\":1,\"name\":\"Portada\",\"item\":\"https:\/\/batallitas.es\/benito-perez-galdos\/\"},{\"@type\":\"ListItem\",\"position\":2,\"name\":\"[Cuento] Una historia que parece cuento, de Benito P\u00e9rez Gald\u00f3s\"}]},{\"@type\":\"WebSite\",\"@id\":\"https:\/\/batallitas.es\/benito-perez-galdos\/#website\",\"url\":\"https:\/\/batallitas.es\/benito-perez-galdos\/\",\"name\":\"Cronolog\u00eda de la vida y la obra de Benito P\u00e9rez Gald\u00f3s\",\"description\":\"\",\"potentialAction\":[{\"@type\":\"SearchAction\",\"target\":{\"@type\":\"EntryPoint\",\"urlTemplate\":\"https:\/\/batallitas.es\/benito-perez-galdos\/?s={search_term_string}\"},\"query-input\":{\"@type\":\"PropertyValueSpecification\",\"valueRequired\":true,\"valueName\":\"search_term_string\"}}],\"inLanguage\":\"es\"},{\"@type\":\"Person\",\"@id\":\"https:\/\/batallitas.es\/benito-perez-galdos\/#\/schema\/person\/2dda07be9325676808524c55b6218a25\",\"name\":\"Benito\",\"image\":{\"@type\":\"ImageObject\",\"inLanguage\":\"es\",\"@id\":\"https:\/\/batallitas.es\/benito-perez-galdos\/#\/schema\/person\/image\/\",\"url\":\"https:\/\/secure.gravatar.com\/avatar\/8695d643bbae3009794e7fc5797055bb?s=96&d=mm&r=g\",\"contentUrl\":\"https:\/\/secure.gravatar.com\/avatar\/8695d643bbae3009794e7fc5797055bb?s=96&d=mm&r=g\",\"caption\":\"Benito\"},\"sameAs\":[\"https:\/\/batallitas.es\/galdos\"],\"url\":\"https:\/\/batallitas.es\/benito-perez-galdos\/author\/benito\/\"}]}<\/script>\n<!-- \/ Yoast SEO plugin. -->","yoast_head_json":{"title":"[Cuento] Una historia que parece cuento, de Benito P\u00e9rez Gald\u00f3s - Cronolog\u00eda de la vida y la obra de Benito P\u00e9rez Gald\u00f3s","robots":{"index":"index","follow":"follow","max-snippet":"max-snippet:-1","max-image-preview":"max-image-preview:large","max-video-preview":"max-video-preview:-1"},"canonical":"https:\/\/batallitas.es\/benito-perez-galdos\/cuento-una-historia-que-parece-cuento-de-benito-perez-galdos\/","og_locale":"es_ES","og_type":"article","og_title":"[Cuento] Una historia que parece cuento, de Benito P\u00e9rez Gald\u00f3s - Cronolog\u00eda de la vida y la obra de Benito P\u00e9rez Gald\u00f3s","og_description":"Narraci\u00f3n publicada por el per\u00edodo de Las Palmas La Opini\u00f3n  en los n\u00fameros 62 y 64 (17 y 21 de mayo de 1873).","og_url":"https:\/\/batallitas.es\/benito-perez-galdos\/cuento-una-historia-que-parece-cuento-de-benito-perez-galdos\/","og_site_name":"Cronolog\u00eda de la vida y la obra de Benito P\u00e9rez Gald\u00f3s","article_published_time":"2018-03-16T07:18:00+00:00","og_image":[{"width":1200,"height":630,"url":"https:\/\/batallitas.es\/benito-perez-galdos\/wp-content\/uploads\/2025\/01\/facebook_thumbnail.jpg","type":"image\/jpeg"}],"author":"Benito","twitter_card":"summary_large_image","twitter_misc":{"Escrito por":"Benito","Tiempo de lectura":"14 minutos"},"schema":{"@context":"https:\/\/schema.org","@graph":[{"@type":"WebPage","@id":"https:\/\/batallitas.es\/benito-perez-galdos\/cuento-una-historia-que-parece-cuento-de-benito-perez-galdos\/","url":"https:\/\/batallitas.es\/benito-perez-galdos\/cuento-una-historia-que-parece-cuento-de-benito-perez-galdos\/","name":"[Cuento] Una historia que parece cuento, de Benito P\u00e9rez Gald\u00f3s - Cronolog\u00eda de la vida y la obra de Benito P\u00e9rez Gald\u00f3s","isPartOf":{"@id":"https:\/\/batallitas.es\/benito-perez-galdos\/#website"},"primaryImageOfPage":{"@id":"https:\/\/batallitas.es\/benito-perez-galdos\/cuento-una-historia-que-parece-cuento-de-benito-perez-galdos\/#primaryimage"},"image":{"@id":"https:\/\/batallitas.es\/benito-perez-galdos\/cuento-una-historia-que-parece-cuento-de-benito-perez-galdos\/#primaryimage"},"thumbnailUrl":"","datePublished":"2018-03-16T07:18:00+00:00","dateModified":"2018-03-16T07:18:00+00:00","author":{"@id":"https:\/\/batallitas.es\/benito-perez-galdos\/#\/schema\/person\/2dda07be9325676808524c55b6218a25"},"breadcrumb":{"@id":"https:\/\/batallitas.es\/benito-perez-galdos\/cuento-una-historia-que-parece-cuento-de-benito-perez-galdos\/#breadcrumb"},"inLanguage":"es","potentialAction":[{"@type":"ReadAction","target":["https:\/\/batallitas.es\/benito-perez-galdos\/cuento-una-historia-que-parece-cuento-de-benito-perez-galdos\/"]}]},{"@type":"ImageObject","inLanguage":"es","@id":"https:\/\/batallitas.es\/benito-perez-galdos\/cuento-una-historia-que-parece-cuento-de-benito-perez-galdos\/#primaryimage","url":"","contentUrl":""},{"@type":"BreadcrumbList","@id":"https:\/\/batallitas.es\/benito-perez-galdos\/cuento-una-historia-que-parece-cuento-de-benito-perez-galdos\/#breadcrumb","itemListElement":[{"@type":"ListItem","position":1,"name":"Portada","item":"https:\/\/batallitas.es\/benito-perez-galdos\/"},{"@type":"ListItem","position":2,"name":"[Cuento] Una historia que parece cuento, de Benito P\u00e9rez Gald\u00f3s"}]},{"@type":"WebSite","@id":"https:\/\/batallitas.es\/benito-perez-galdos\/#website","url":"https:\/\/batallitas.es\/benito-perez-galdos\/","name":"Cronolog\u00eda de la vida y la obra de Benito P\u00e9rez Gald\u00f3s","description":"","potentialAction":[{"@type":"SearchAction","target":{"@type":"EntryPoint","urlTemplate":"https:\/\/batallitas.es\/benito-perez-galdos\/?s={search_term_string}"},"query-input":{"@type":"PropertyValueSpecification","valueRequired":true,"valueName":"search_term_string"}}],"inLanguage":"es"},{"@type":"Person","@id":"https:\/\/batallitas.es\/benito-perez-galdos\/#\/schema\/person\/2dda07be9325676808524c55b6218a25","name":"Benito","image":{"@type":"ImageObject","inLanguage":"es","@id":"https:\/\/batallitas.es\/benito-perez-galdos\/#\/schema\/person\/image\/","url":"https:\/\/secure.gravatar.com\/avatar\/8695d643bbae3009794e7fc5797055bb?s=96&d=mm&r=g","contentUrl":"https:\/\/secure.gravatar.com\/avatar\/8695d643bbae3009794e7fc5797055bb?s=96&d=mm&r=g","caption":"Benito"},"sameAs":["https:\/\/batallitas.es\/galdos"],"url":"https:\/\/batallitas.es\/benito-perez-galdos\/author\/benito\/"}]}},"_links":{"self":[{"href":"https:\/\/batallitas.es\/benito-perez-galdos\/wp-json\/wp\/v2\/posts\/8211","targetHints":{"allow":["GET"]}}],"collection":[{"href":"https:\/\/batallitas.es\/benito-perez-galdos\/wp-json\/wp\/v2\/posts"}],"about":[{"href":"https:\/\/batallitas.es\/benito-perez-galdos\/wp-json\/wp\/v2\/types\/post"}],"author":[{"embeddable":true,"href":"https:\/\/batallitas.es\/benito-perez-galdos\/wp-json\/wp\/v2\/users\/1"}],"replies":[{"embeddable":true,"href":"https:\/\/batallitas.es\/benito-perez-galdos\/wp-json\/wp\/v2\/comments?post=8211"}],"version-history":[{"count":0,"href":"https:\/\/batallitas.es\/benito-perez-galdos\/wp-json\/wp\/v2\/posts\/8211\/revisions"}],"wp:featuredmedia":[{"embeddable":true,"href":"https:\/\/batallitas.es\/benito-perez-galdos\/wp-json\/"}],"wp:attachment":[{"href":"https:\/\/batallitas.es\/benito-perez-galdos\/wp-json\/wp\/v2\/media?parent=8211"}],"wp:term":[{"taxonomy":"category","embeddable":true,"href":"https:\/\/batallitas.es\/benito-perez-galdos\/wp-json\/wp\/v2\/categories?post=8211"},{"taxonomy":"post_tag","embeddable":true,"href":"https:\/\/batallitas.es\/benito-perez-galdos\/wp-json\/wp\/v2\/tags?post=8211"}],"curies":[{"name":"wp","href":"https:\/\/api.w.org\/{rel}","templated":true}]}}