{"id":8224,"date":"2018-07-18T06:33:00","date_gmt":"2018-07-18T04:33:00","guid":{"rendered":"http:\/\/ferna.eu\/?p=8224"},"modified":"2018-07-18T06:33:00","modified_gmt":"2018-07-18T04:33:00","slug":"cuento-en-un-jardin-de-benito-perez-galdos","status":"publish","type":"post","link":"https:\/\/batallitas.es\/benito-perez-galdos\/cuento-en-un-jardin-de-benito-perez-galdos\/","title":{"rendered":"[Cuento] En un jard\u00edn, de Benito P\u00e9rez Gald\u00f3s"},"content":{"rendered":"\n<p class=\"has-text-align-center\">I<\/p>\n\n\n\n<p class=\"has-text-align-center\">EN UN JARD\u00cdN<\/p>\n\n\n\n<p>Mayo se enojar\u00e1, lo s\u00e9; pero rindiendo culto a la verdad, es preciso dec\u00edrselo en sus barbas. S\u00ed, el imperio de las flores en nuestro clima, no le corresponde.<\/p>\n\n\n\n<p>\u00a1Tunante! \u00bfQu\u00e9 dir\u00e1n de \u00e9l en la otra vida las almas de aquellas pobrecitas a quienes dej\u00f3 morir de fr\u00edo despu\u00e9s de abrasarlas con importunos calores? En cambio, junio, si alguna vez las calienta con demasiado celo (porque es algo brusco, llanote y toma muy a pechos sus obligaciones), tambi\u00e9n las orea delicadamente con abanico, no con el atronador fuelle de los vientos septentrionales; se desvive por tenerlas en templada atm\u00f3sfera, las abriga y las refresca, todo con esmerado pulso y medida; dales savia fecunda, primorosa luz, sustento ben\u00e9fico, frescas y transparentes aguas. Hay que ver c\u00f3mo derrocha este capitalista sus tesoros, calor, luz, frescura y aire, humedad y lumbre. Se parecer\u00eda a muchos ricos de la tierra si no empleara toda su fortuna en hacer bien.<\/p>\n\n\n\n<p>Aqu\u00ed est\u00e1n sus obras.<\/p>\n\n\n\n<p>Ved los pensamientos, con sus caritas amarillas y sus caperuzas de terciopelo. Miran a un lado y a otro, mecidos por el delicado aliento de la ma\u00f1ana, y tiemblan de gozo contempl\u00e1ndose tan guapos, tan saludables, tan vividores. Los ojuelos negros de estos enanos, que a semejanza de los \u00e1ngeles menores, no tienen sino cabeza y alas, nos miran con picaresca malicia, y hasta parece que se r\u00eden, los muy pillos, cuando el viento les hace dar cabezadas unos contra otros, agit\u00e1ndolos en toda la extensi\u00f3n de su inmensa falange. Los hay p\u00e1lidos y linf\u00e1ticos, los hay sangu\u00edneos y mofletudos; unos se calan el gorrito hasta las cejas; otros lo echan hacia atr\u00e1s; estos parecen calvos, de aquellos se dir\u00eda que gastan barbas, y todos est\u00e1n m\u00e1s alegres que unas pascuas, y en su charlar ignoto exclaman sin duda:<\/p>\n\n\n\n<p>\u2014Compa\u00f1eros, a vivir se ha dicho. \u00a1Buena panzada de aire, de luz y de agua nos estamos dando!<\/p>\n\n\n\n<p>M\u00e1s juiciosas son esas chiquillas que llaman minutisas, pues si las han puesto en compa\u00f1\u00eda de tales granujas, saben ellas formar grupos encantadores, ramilletes que parecen corrillos, y jugando a la rueda sin admitir a ning\u00fan intruso, se entienden solas. Estas lindas estrellas de la tierra, que esmaltan los jardines con su p\u00farpura risue\u00f1a, son parientas lejanas del orgulloso clavel. Nadie lo dir\u00eda, porque \u00a1son tan modestas\u2026!<\/p>\n\n\n\n<p>All\u00ed est\u00e1. \u00a1Qu\u00e9 noblemente pliega el arom\u00e1tico turbante blanco y rojo de mil rizos! Salud al califa espl\u00e9ndido, magn\u00edfico, soberano. La embriagadora poes\u00eda que de \u00e9l brota incita al sibaritismo, a las ardientes pasiones. \u00a1Ah calaver\u00f3n!\u2026 Este vicioso es tan popular, que hasta los pobres m\u00e1s pobres lo cr\u00edan, aunque sea en una olla rota. Parece que hace so\u00f1ar, como el opio, felicidades imposibles. Su fuerte aroma sensual es como una visi\u00f3n.<\/p>\n\n\n\n<p>No son as\u00ed las rosas, que aparecen en este mes en primoroso estado de madurez. Las de mayo eran ni\u00f1as, estas son damas, y en sus abiertas hojas ahuecadas, blandas, puras, tenues, hay no s\u00e9 qu\u00e9 magistral arte del mundo. Si Dios les concediera un soplo m\u00e1s de vida, uno no m\u00e1s, hablar\u00edan seguramente; pero m\u00e1s vale que est\u00e9n mudas. Una gracia infinita, una delicadeza incomparable, una hermosura ideal hacen de esta flor la sonrisa de la naturaleza. Cuando las rosas mueren, el mundo se pone serio.<\/p>\n\n\n\n<p>All\u00e1 lejos, encaramado sobre la tapia o al arrimo de la antigua pared, buscando la soledad, buscando la altura, esperando con ansia la sosegada noche, est\u00e1 el gal\u00e1n, el poeta sentimental, el rom\u00e1ntico jazm\u00edn, en una palabra. P\u00e1lido y peque\u00f1o, toda su vida es alma. Le tocan, y cae del tallo. Vive del sentimiento, ama la noche, y si los aromas fueran m\u00fasica, el jazm\u00edn ser\u00eda el ruise\u00f1or.<\/p>\n\n\n\n<p>Fijemos la vista en las gallardas peon\u00edas. No se necesitan ciertamente anteojos para verlas, seg\u00fan son de abultadas y presumidas. No merecen mis simpat\u00edas estas enf\u00e1ticas se\u00f1oras que todo lo gastan en trapos; y si est\u00e1 fuera de duda que son bellas, ello es que antes admiran que enamoran, y su hermosura m\u00e1s tiene de aparente que de real. Nada, nada; aqu\u00ed hay algo postizo: estas se\u00f1oras se pintan.<\/p>\n\n\n\n<p>Grande y vistosa es tambi\u00e9n aquella. Saludemos a la magnolia, princesa india que ha venido de viaje y se ha quedado en nuestro clima. No est\u00e1 bien de salud la se\u00f1ora; pero, \u00a1qu\u00e9 aristocr\u00e1tica, qu\u00e9 regia es esta amazona! No se contenta con ser fragante y deliciosa flor, sino que quiere ser \u00e1rbol, es decir, hombre. Ved c\u00f3mo cabalga en la alta rama, y atrevida mira cara a cara al olmo corpulento, al casta\u00f1o de mil flores y al quijotesco eucaliptus.<\/p>\n\n\n\n<p>Por el suelo rastrea muchedumbre de pajes y espoliques, alel\u00edes, espuelas de caballero, gentezuela menuda que vive de la adulaci\u00f3n, a la sombra de los grandes se\u00f1ores, y el b\u00edblico lirio, vestido siempre de nazareno. La madreselva, arisca y melanc\u00f3lica por la nostalgia que la perturba, busca el campo de donde contra su voluntad la han tra\u00eddo; mira ansiosa a todos lados para orientarse, se va arrastrando por los troncos, por las barandillas, por las escalinatas, hasta que logra tocar con su crispada mano la cerca; sube, va trepando, trepando, y se asoma para ver horizontes y el libre espacio, y hacerse la ilusi\u00f3n de que es libre. Esta flor, como muchas personas, no tiene m\u00e1s que manos, y son blancas, finas, arom\u00e1ticas; pero aunque contrae sus finos dedos, cual si fuera a coger alguna cosa, jam\u00e1s coge nada.<\/p>\n\n\n\n<p>\u00a1Paso al pueblo! La inmensa rep\u00fablica de geranios todo lo llena. Parece que no hay tierra bastante para estos gorros colorados que se reproducen con facilidad maravillosa, y crecen como la plebe, duran como la ignorancia, y resisten fr\u00edos y soles como la pobreza. Para que nada falte, hasta los cactus, caterva de repugnantes bufones, se engalanan con gorritos de vistosas plumas; otros se ponen greg\u00fcescos amarillos, y algunos se encargan vestidos completos de Mefist\u00f3feles, como estudiantes en Carnaval, y tienen el descaro de vestir con ellos sus ventrudos cuerpos. Otros, flacos y verrugosos, siguen con las manos en los bolsillos, ri\u00e9ndose de todo y agitando el bast\u00f3n con borlas de escarlata. Pero a nadie hacen gracia estas caricaturas vegetales, flores que parecen lagartos, sapos que parecen plantas; y viven aislados, sin sociedad, visitados tan s\u00f3lo de las abejas, que a menudo vienen a decirles mi secreto al o\u00eddo.<\/p>\n\n\n\n<p>Si las violetas no hubiesen exhalado su \u00faltimo aroma en mayo; si los jacintos no estuvieran ya en el limbo de sus j\u00f3venes cebolletas; si las dalias, por el contrario, no durmiesen a\u00fan en el vientre de sus batatas; si las petunias no se hallaran en estado de lactancia, y las campanillas dando los primeros pasos; si las francesillas no hubiesen bajado tambi\u00e9n al fr\u00edo sepulcro de sus ara\u00f1uelas, y las extra\u00f1as no estuvieran a\u00fan cortando sus m\u00faltiples gasas de bailarina para presentarse en el Oto\u00f1o, el panorama floreal de junio ser\u00eda completo.<\/p>\n\n\n\n<figure class=\"wp-block-image size-large is-style-default\"><img decoding=\"async\" src=\"http:\/\/ferna.eu\/venture\/wp-content\/uploads\/2020\/05\/firma_galdos.png\" alt=\"\" class=\"wp-image-7968\"\/><\/figure>\n","protected":false},"excerpt":{"rendered":"<p>Mayo se enojar\u00e1, lo s\u00e9; pero rindiendo culto a la verdad, es preciso dec\u00edrselo en sus barbas. S\u00ed, el imperio de las flores en nuestro clima, no le corresponde.<\/p>\n","protected":false},"author":1,"featured_media":10755,"comment_status":"open","ping_status":"open","sticky":false,"template":"","format":"standard","meta":{"footnotes":""},"categories":[3,4,32],"tags":[],"class_list":["post-8224","post","type-post","status-publish","format-standard","has-post-thumbnail","hentry","category-benito-perez-galdos","category-bibliografia","category-cuento"],"yoast_head":"<!-- This site is optimized with the Yoast SEO plugin v24.3 - https:\/\/yoast.com\/wordpress\/plugins\/seo\/ -->\n<title>[Cuento] En un jard\u00edn, de Benito P\u00e9rez Gald\u00f3s - Cronolog\u00eda de la vida y la obra de Benito P\u00e9rez Gald\u00f3s<\/title>\n<meta name=\"robots\" content=\"index, follow, max-snippet:-1, max-image-preview:large, max-video-preview:-1\" \/>\n<link rel=\"canonical\" href=\"https:\/\/batallitas.es\/benito-perez-galdos\/cuento-en-un-jardin-de-benito-perez-galdos\/\" \/>\n<meta property=\"og:locale\" content=\"es_ES\" \/>\n<meta property=\"og:type\" content=\"article\" \/>\n<meta property=\"og:title\" content=\"[Cuento] En un jard\u00edn, de Benito P\u00e9rez Gald\u00f3s - Cronolog\u00eda de la vida y la obra de Benito P\u00e9rez Gald\u00f3s\" \/>\n<meta property=\"og:description\" content=\"Mayo se enojar\u00e1, lo s\u00e9; pero rindiendo culto a la verdad, es preciso dec\u00edrselo en sus barbas. S\u00ed, el imperio de las flores en nuestro clima, no le corresponde.\" \/>\n<meta property=\"og:url\" content=\"https:\/\/batallitas.es\/benito-perez-galdos\/cuento-en-un-jardin-de-benito-perez-galdos\/\" \/>\n<meta property=\"og:site_name\" content=\"Cronolog\u00eda de la vida y la obra de Benito P\u00e9rez Gald\u00f3s\" \/>\n<meta property=\"article:published_time\" content=\"2018-07-18T04:33:00+00:00\" \/>\n<meta property=\"og:image\" content=\"https:\/\/batallitas.es\/benito-perez-galdos\/wp-content\/uploads\/2025\/01\/facebook_thumbnail.jpg\" \/>\n\t<meta property=\"og:image:width\" content=\"1200\" \/>\n\t<meta property=\"og:image:height\" content=\"630\" \/>\n\t<meta property=\"og:image:type\" content=\"image\/jpeg\" \/>\n<meta name=\"author\" content=\"Benito\" \/>\n<meta name=\"twitter:card\" content=\"summary_large_image\" \/>\n<meta name=\"twitter:label1\" content=\"Escrito por\" \/>\n\t<meta name=\"twitter:data1\" content=\"Benito\" \/>\n\t<meta name=\"twitter:label2\" content=\"Tiempo de lectura\" \/>\n\t<meta name=\"twitter:data2\" content=\"6 minutos\" \/>\n<script type=\"application\/ld+json\" class=\"yoast-schema-graph\">{\"@context\":\"https:\/\/schema.org\",\"@graph\":[{\"@type\":\"WebPage\",\"@id\":\"https:\/\/batallitas.es\/benito-perez-galdos\/cuento-en-un-jardin-de-benito-perez-galdos\/\",\"url\":\"https:\/\/batallitas.es\/benito-perez-galdos\/cuento-en-un-jardin-de-benito-perez-galdos\/\",\"name\":\"[Cuento] En un jard\u00edn, de Benito P\u00e9rez Gald\u00f3s - Cronolog\u00eda de la vida y la obra de Benito P\u00e9rez Gald\u00f3s\",\"isPartOf\":{\"@id\":\"https:\/\/batallitas.es\/benito-perez-galdos\/#website\"},\"primaryImageOfPage\":{\"@id\":\"https:\/\/batallitas.es\/benito-perez-galdos\/cuento-en-un-jardin-de-benito-perez-galdos\/#primaryimage\"},\"image\":{\"@id\":\"https:\/\/batallitas.es\/benito-perez-galdos\/cuento-en-un-jardin-de-benito-perez-galdos\/#primaryimage\"},\"thumbnailUrl\":\"\",\"datePublished\":\"2018-07-18T04:33:00+00:00\",\"dateModified\":\"2018-07-18T04:33:00+00:00\",\"author\":{\"@id\":\"https:\/\/batallitas.es\/benito-perez-galdos\/#\/schema\/person\/2dda07be9325676808524c55b6218a25\"},\"breadcrumb\":{\"@id\":\"https:\/\/batallitas.es\/benito-perez-galdos\/cuento-en-un-jardin-de-benito-perez-galdos\/#breadcrumb\"},\"inLanguage\":\"es\",\"potentialAction\":[{\"@type\":\"ReadAction\",\"target\":[\"https:\/\/batallitas.es\/benito-perez-galdos\/cuento-en-un-jardin-de-benito-perez-galdos\/\"]}]},{\"@type\":\"ImageObject\",\"inLanguage\":\"es\",\"@id\":\"https:\/\/batallitas.es\/benito-perez-galdos\/cuento-en-un-jardin-de-benito-perez-galdos\/#primaryimage\",\"url\":\"\",\"contentUrl\":\"\"},{\"@type\":\"BreadcrumbList\",\"@id\":\"https:\/\/batallitas.es\/benito-perez-galdos\/cuento-en-un-jardin-de-benito-perez-galdos\/#breadcrumb\",\"itemListElement\":[{\"@type\":\"ListItem\",\"position\":1,\"name\":\"Portada\",\"item\":\"https:\/\/batallitas.es\/benito-perez-galdos\/\"},{\"@type\":\"ListItem\",\"position\":2,\"name\":\"[Cuento] En un jard\u00edn, de Benito P\u00e9rez Gald\u00f3s\"}]},{\"@type\":\"WebSite\",\"@id\":\"https:\/\/batallitas.es\/benito-perez-galdos\/#website\",\"url\":\"https:\/\/batallitas.es\/benito-perez-galdos\/\",\"name\":\"Cronolog\u00eda de la vida y la obra de Benito P\u00e9rez Gald\u00f3s\",\"description\":\"\",\"potentialAction\":[{\"@type\":\"SearchAction\",\"target\":{\"@type\":\"EntryPoint\",\"urlTemplate\":\"https:\/\/batallitas.es\/benito-perez-galdos\/?s={search_term_string}\"},\"query-input\":{\"@type\":\"PropertyValueSpecification\",\"valueRequired\":true,\"valueName\":\"search_term_string\"}}],\"inLanguage\":\"es\"},{\"@type\":\"Person\",\"@id\":\"https:\/\/batallitas.es\/benito-perez-galdos\/#\/schema\/person\/2dda07be9325676808524c55b6218a25\",\"name\":\"Benito\",\"image\":{\"@type\":\"ImageObject\",\"inLanguage\":\"es\",\"@id\":\"https:\/\/batallitas.es\/benito-perez-galdos\/#\/schema\/person\/image\/\",\"url\":\"https:\/\/secure.gravatar.com\/avatar\/8695d643bbae3009794e7fc5797055bb?s=96&d=mm&r=g\",\"contentUrl\":\"https:\/\/secure.gravatar.com\/avatar\/8695d643bbae3009794e7fc5797055bb?s=96&d=mm&r=g\",\"caption\":\"Benito\"},\"sameAs\":[\"https:\/\/batallitas.es\/galdos\"],\"url\":\"https:\/\/batallitas.es\/benito-perez-galdos\/author\/benito\/\"}]}<\/script>\n<!-- \/ Yoast SEO plugin. -->","yoast_head_json":{"title":"[Cuento] En un jard\u00edn, de Benito P\u00e9rez Gald\u00f3s - Cronolog\u00eda de la vida y la obra de Benito P\u00e9rez Gald\u00f3s","robots":{"index":"index","follow":"follow","max-snippet":"max-snippet:-1","max-image-preview":"max-image-preview:large","max-video-preview":"max-video-preview:-1"},"canonical":"https:\/\/batallitas.es\/benito-perez-galdos\/cuento-en-un-jardin-de-benito-perez-galdos\/","og_locale":"es_ES","og_type":"article","og_title":"[Cuento] En un jard\u00edn, de Benito P\u00e9rez Gald\u00f3s - Cronolog\u00eda de la vida y la obra de Benito P\u00e9rez Gald\u00f3s","og_description":"Mayo se enojar\u00e1, lo s\u00e9; pero rindiendo culto a la verdad, es preciso dec\u00edrselo en sus barbas. S\u00ed, el imperio de las flores en nuestro clima, no le corresponde.","og_url":"https:\/\/batallitas.es\/benito-perez-galdos\/cuento-en-un-jardin-de-benito-perez-galdos\/","og_site_name":"Cronolog\u00eda de la vida y la obra de Benito P\u00e9rez Gald\u00f3s","article_published_time":"2018-07-18T04:33:00+00:00","og_image":[{"width":1200,"height":630,"url":"https:\/\/batallitas.es\/benito-perez-galdos\/wp-content\/uploads\/2025\/01\/facebook_thumbnail.jpg","type":"image\/jpeg"}],"author":"Benito","twitter_card":"summary_large_image","twitter_misc":{"Escrito por":"Benito","Tiempo de lectura":"6 minutos"},"schema":{"@context":"https:\/\/schema.org","@graph":[{"@type":"WebPage","@id":"https:\/\/batallitas.es\/benito-perez-galdos\/cuento-en-un-jardin-de-benito-perez-galdos\/","url":"https:\/\/batallitas.es\/benito-perez-galdos\/cuento-en-un-jardin-de-benito-perez-galdos\/","name":"[Cuento] En un jard\u00edn, de Benito P\u00e9rez Gald\u00f3s - Cronolog\u00eda de la vida y la obra de Benito P\u00e9rez Gald\u00f3s","isPartOf":{"@id":"https:\/\/batallitas.es\/benito-perez-galdos\/#website"},"primaryImageOfPage":{"@id":"https:\/\/batallitas.es\/benito-perez-galdos\/cuento-en-un-jardin-de-benito-perez-galdos\/#primaryimage"},"image":{"@id":"https:\/\/batallitas.es\/benito-perez-galdos\/cuento-en-un-jardin-de-benito-perez-galdos\/#primaryimage"},"thumbnailUrl":"","datePublished":"2018-07-18T04:33:00+00:00","dateModified":"2018-07-18T04:33:00+00:00","author":{"@id":"https:\/\/batallitas.es\/benito-perez-galdos\/#\/schema\/person\/2dda07be9325676808524c55b6218a25"},"breadcrumb":{"@id":"https:\/\/batallitas.es\/benito-perez-galdos\/cuento-en-un-jardin-de-benito-perez-galdos\/#breadcrumb"},"inLanguage":"es","potentialAction":[{"@type":"ReadAction","target":["https:\/\/batallitas.es\/benito-perez-galdos\/cuento-en-un-jardin-de-benito-perez-galdos\/"]}]},{"@type":"ImageObject","inLanguage":"es","@id":"https:\/\/batallitas.es\/benito-perez-galdos\/cuento-en-un-jardin-de-benito-perez-galdos\/#primaryimage","url":"","contentUrl":""},{"@type":"BreadcrumbList","@id":"https:\/\/batallitas.es\/benito-perez-galdos\/cuento-en-un-jardin-de-benito-perez-galdos\/#breadcrumb","itemListElement":[{"@type":"ListItem","position":1,"name":"Portada","item":"https:\/\/batallitas.es\/benito-perez-galdos\/"},{"@type":"ListItem","position":2,"name":"[Cuento] En un jard\u00edn, de Benito P\u00e9rez Gald\u00f3s"}]},{"@type":"WebSite","@id":"https:\/\/batallitas.es\/benito-perez-galdos\/#website","url":"https:\/\/batallitas.es\/benito-perez-galdos\/","name":"Cronolog\u00eda de la vida y la obra de Benito P\u00e9rez Gald\u00f3s","description":"","potentialAction":[{"@type":"SearchAction","target":{"@type":"EntryPoint","urlTemplate":"https:\/\/batallitas.es\/benito-perez-galdos\/?s={search_term_string}"},"query-input":{"@type":"PropertyValueSpecification","valueRequired":true,"valueName":"search_term_string"}}],"inLanguage":"es"},{"@type":"Person","@id":"https:\/\/batallitas.es\/benito-perez-galdos\/#\/schema\/person\/2dda07be9325676808524c55b6218a25","name":"Benito","image":{"@type":"ImageObject","inLanguage":"es","@id":"https:\/\/batallitas.es\/benito-perez-galdos\/#\/schema\/person\/image\/","url":"https:\/\/secure.gravatar.com\/avatar\/8695d643bbae3009794e7fc5797055bb?s=96&d=mm&r=g","contentUrl":"https:\/\/secure.gravatar.com\/avatar\/8695d643bbae3009794e7fc5797055bb?s=96&d=mm&r=g","caption":"Benito"},"sameAs":["https:\/\/batallitas.es\/galdos"],"url":"https:\/\/batallitas.es\/benito-perez-galdos\/author\/benito\/"}]}},"_links":{"self":[{"href":"https:\/\/batallitas.es\/benito-perez-galdos\/wp-json\/wp\/v2\/posts\/8224","targetHints":{"allow":["GET"]}}],"collection":[{"href":"https:\/\/batallitas.es\/benito-perez-galdos\/wp-json\/wp\/v2\/posts"}],"about":[{"href":"https:\/\/batallitas.es\/benito-perez-galdos\/wp-json\/wp\/v2\/types\/post"}],"author":[{"embeddable":true,"href":"https:\/\/batallitas.es\/benito-perez-galdos\/wp-json\/wp\/v2\/users\/1"}],"replies":[{"embeddable":true,"href":"https:\/\/batallitas.es\/benito-perez-galdos\/wp-json\/wp\/v2\/comments?post=8224"}],"version-history":[{"count":0,"href":"https:\/\/batallitas.es\/benito-perez-galdos\/wp-json\/wp\/v2\/posts\/8224\/revisions"}],"wp:featuredmedia":[{"embeddable":true,"href":"https:\/\/batallitas.es\/benito-perez-galdos\/wp-json\/"}],"wp:attachment":[{"href":"https:\/\/batallitas.es\/benito-perez-galdos\/wp-json\/wp\/v2\/media?parent=8224"}],"wp:term":[{"taxonomy":"category","embeddable":true,"href":"https:\/\/batallitas.es\/benito-perez-galdos\/wp-json\/wp\/v2\/categories?post=8224"},{"taxonomy":"post_tag","embeddable":true,"href":"https:\/\/batallitas.es\/benito-perez-galdos\/wp-json\/wp\/v2\/tags?post=8224"}],"curies":[{"name":"wp","href":"https:\/\/api.w.org\/{rel}","templated":true}]}}