{"id":8745,"date":"2009-03-07T02:54:13","date_gmt":"2009-03-07T01:54:13","guid":{"rendered":"http:\/\/ferna.eu\/?p=8745"},"modified":"2009-03-07T02:54:13","modified_gmt":"2009-03-07T01:54:13","slug":"prologo-prologo-a-ninerias-del-doctor-tolosa-latour-por-benito-perez-galdos","status":"publish","type":"post","link":"https:\/\/batallitas.es\/benito-perez-galdos\/prologo-prologo-a-ninerias-del-doctor-tolosa-latour-por-benito-perez-galdos\/","title":{"rendered":"[Pr\u00f3logo] Pr\u00f3logo a \u00abNi\u00f1er\u00edas\u00bb del doctor Tolosa-Latour, por Benito P\u00e9rez Gald\u00f3s"},"content":{"rendered":"\n<p>[Nota: la ortograf\u00eda no est\u00e1 actualizada]<\/p>\n\n\n\n<p>Querido doctorcillo: No creas que voy \u00e1 empezar \u00e9sta con la gazmo\u00f1er\u00eda de suponerme indigno de poner un pr\u00f3logo \u00e1 tu libro; no creas que voy \u00e1 quejarme de tu elecci\u00f3n, ni \u00e1 decirte, con afectado mal humor, que debiste esco\u00adger \u00e1 otra persona para presentar tus <em>Ni\u00ad\u00f1er\u00edas<\/em> al p\u00fablico. Lejos de pensar as\u00ed, me tiene muy satisfecho la honra de sacar de pila \u00e1 estas criaturas; me habr\u00eda molestado que el padrino de ellas fuese otro, porque, dicho sea con sinceridad, algunas cosillas hay en mi pensamiento pertinentes al asun\u00adto m\u00e9dico-infantil, las cuales no podr\u00eda ex\u00adponer si dejara pasar esta coyuntura del padrinazgo de tu libro. Conste, pues, que no me has buscado t\u00fa, sino que yo he querido meterme donde no me llamaban, y que no soy prologuista solicitado, sino m\u00e1s bien intruso, con lo cual dicho se est\u00e1 que ser\u00e9 quiz\u00e1s algo impertinente.<\/p>\n\n\n\n<p>El primer fundamento de mi simpat\u00eda hacia las narraciones que componen esta obra consiste en que son como un terreno neutral en que se juntan nuestros gustos y aficiones. Ciertamente, tienes t\u00fa m\u00e1s de li\u00adterato que yo de m\u00e9dico; pero tu amor \u00e1 las letras no excede \u00e1 la pasi\u00f3n que \u00e1 m\u00ed me inspira la noble ciencia que ejerces, pasi\u00f3n silenciosa, resignada, como esos noviazgos plat\u00f3nicos y desiguales en que el gal\u00e1n se pasa la vida mirando de lejos \u00e1 la que cree novia, haci\u00e9ndole alguna t\u00edmida se\u00f1a, mas sin atreverse \u00e1 pretenderla en matrimonio, y ech\u00e1ndose \u00e1 temblar si por acaso tiene que dirigirle la palabra.<\/p>\n\n\n\n<p>Pues en la ocasi\u00f3n presente, perdida toda esperanza de conquistar con se\u00f1as, garatu\u00adsas y suspiros \u00e1 la hermosa doncella, se me antoja romper la cortedad y echarle cuatro flores cara \u00e1 cara, cosa para la cual siem\u00adpre me hab\u00eda faltado valor. A tus <em>Ni\u00f1er\u00edas<\/em> debo estos \u00e1nimos. Considera si no hay su\u00adficiente motivo para que yo las quiera, avi\u00advando el afecto que mi padrinazgo me im\u00adpone.<\/p>\n\n\n\n<p>Y debo a\u00f1adir que si las estimo por su parentesco con la hermosa hija de Escula\u00adpio, no me entusiasman menos por la aten\u00adci\u00f3n preferente que en ellas dedicas \u00e1 la parte m\u00e1s interesante de la humanidad, los chiquillos, que \u00e1 m\u00ed me gustan tanto, como sabes, y con los cuales hago muy buenas mi\u00adgas, dej\u00e1ndome tratar por ellos de igual \u00e1 igual, con una especie de santa nivelaci\u00f3n ante la inocencia. Aqu\u00ed tienes un motivo m\u00e1s para ofrecerme \u00e1 ti como prologuista oficioso, copando tu voluntad y apoder\u00e1n\u00addome de la plaza antes que otros se presen\u00adtaran, con sus manos lavadas, \u00e1 posesio\u00adnarse de ella.<\/p>\n\n\n\n<p>Ahora tengo que cohonestar mi oficiosi\u00addad con unas cuantas lisonjas que voy \u00e1 dirigirte.<\/p>\n\n\n\n<p>Es mi obligaci\u00f3n darte bombo; pero te prometo hacerlo con templanza, para que no crean que te adulo por conveniencia propia. Me concreto \u00e1 decirte que admir\u00e9 siempre la especialidad profesional que has escogido, porque cuidar \u00e1 los peque\u00f1uelos enfermos me parece la mayor gloria y la dificultad m\u00e1s grande de esa ciencia expe\u00adrimental y caritativa, que al erigirse en profesi\u00f3n, por la paciencia y valor que exige, por la rudeza del trabajo, y su con\u00adtacto trist\u00edsimo con la miseria humana, viene \u00e1 convertirse en una especie de ca\u00adballer\u00eda entre cient\u00edfica y religiosa. Como tal la tengo, y los que militan en ella par\u00e9cenme tanto m\u00e1s dignos de encomio cuanto m\u00e1s desvalido, m\u00e1s ind\u00f3cil y m\u00e1s rebelde \u00e1 los medios terap\u00e9uticos se manifiesta el ser \u00e1 cuyo cuidado se consagran. Para atender al ni\u00f1o enfermo y defenderle de la muer\u00adte, que le acecha en la cuna, en los jue\u00adgos infantiles, en la escuela misma, se necesitan mayor abnegaci\u00f3n y solicitud que para cuidarnos \u00e1 nosotros, los adultos, que ayudamos la acci\u00f3n m\u00e9dica con nuestro propio discernimiento. El m\u00e9dico de ni\u00f1os no cumplir\u00e1 bien su objeto si \u00e1 la ciencia no re\u00fane la ternura, y eso que llaman \u00e1n\u00adgel, \u00f3 don misterioso de ganar confianzas; si no maneja el arte exquisito de endulzar los bordes del vaso para hacer tragar sin resistencia los amargores que contiene. Que t\u00fa posees estas cualidades, bien \u00e1 la vista est\u00e1, y ni aun me tomar\u00eda yo el trabajo de decirlo si no me sirviera de punto de partida para decir algo de tus aficiones li\u00adterarias, considerando \u00e9stas como el mejor adorno de tu especialidad facultativa \u00f3, si se quiere, como una consecuencia de las delicadezas de esp\u00edritu que aquella especia\u00adlidad lleva consigo.<\/p>\n\n\n\n<p>No puedo considerar como casual el he\u00adcho de que muchos afamados m\u00e9dicos ha\u00adyan sido artistas notables, cultivando con \u00e9xito las letras \u00f3 la oratoria, la poes\u00eda \u00f3 la m\u00fasica. Existe indudable concordancia en\u00adtre aptitudes que, ante la mirada vulgar, parece que rabian de verse juntas. El sen\u00adtimiento de la naturaleza, la observaci\u00f3n y el amor \u00e1 la humanidad, germinan en el alma del m\u00e9dico que ejerce con elevadas miras su profesi\u00f3n, y no pueden menos de producir una florescencia art\u00edstica, que se manifiesta con caracteres diversos. Si el arduo trabajo profesional no permite \u00e1 muchos ofrecer al mundo estas flores del esp\u00edritu en forma determinadamente litera\u00adria, es, en cambio, muy com\u00fan que maes\u00adtros eminentes de la ciencia m\u00e9dica expresen sus ideas en la c\u00e1tedra \u00f3 en la conversa\u00adci\u00f3n con elegancia y galanura. Los que tra\u00adtamos al Dr. Asuero no olvidaremos nunca la gracia seductora con que hablaba, su dominio de la frase imaginativa y el donai\u00adre con que revest\u00eda el conocimiento cient\u00ed\u00adfico de elegant\u00edsimas galas ret\u00f3ricas. Era verdadero poeta, sin dejar de ser profesor de los m\u00e1s esclarecidos. Los enfermos recib\u00edan de su trato un consuelo efectivo; y ai quererle con filial ternura, facilitaban la acci\u00f3n m\u00e9dica de un modo pasmoso. Ejer\u00adc\u00eda como una fascinaci\u00f3n sobre el paciente, gan\u00e1ndose su afecto \u00f3 infundi\u00e9ndole alegr\u00eda y confianza. Otros ejemplos de esta clase podr\u00eda citar. En cuanto \u00e1 los m\u00e9dicos, que han manifestado su aptitud art\u00edstica pro\u00adduciendo hermosas obras literarias, podr\u00eda citar muchos, espa\u00f1oles y extranjeros.<\/p>\n\n\n\n<p>De una manera \u00f3 de otra, dicha aptitud existe y existir\u00e1 siempre en los cultivadores fervientes de la Medicina, y se avalora con la observaci\u00f3n, con la piadosa tristeza que Ies infunde el continuo estudio del dolor f\u00ed\u00adsico, y de las miserias y debilidades de nues\u00adtra especie. Lo que com\u00fanmente se llama <em>ojo m\u00e9dico<\/em> no es m\u00e1s que intuici\u00f3n, que obra en el terreno f\u00edsico, por ejercitarse en \u00e9l con preferencia; misteriosa facultad de un esp\u00edritu zahor\u00ed, que sabe sorprender en la exterioridad de nuestros semejantes el reflejo de sus des\u00f3rdenes fisiol\u00f3gicos.<\/p>\n\n\n\n<p>Comprendo sin esfuerzo que los hombres consagrados al examen del mal f\u00edsico sien\u00adtan verdadera avidez por expresar en forma art\u00edstica lo que ven y oyen en su continuo comercio con la humanidad doliente, que es la humanidad m\u00e1s espiritual. La mayor parte no tienen tiempo ni ocasi\u00f3n de satis\u00adfacer su anhelo, \u00f3 retroceden ante las difi\u00adcultades t\u00e9cnicas; otros procuran vencerlas, y producen obras estimables. Los m\u00e1s vi\u00adven siempre apartados de toda tentativa de este g\u00e9nero, call\u00e1ndose muy buenas cosas, archivando experiencias y casos que nos ser\u00edan muy \u00fatiles \u00e1 los que tenemos por oficio el pintar la vida y el dolor, y estu\u00addiamos nuestro asunto menos directamente que el m\u00e9dico, \u00e1 mayor distancia de las verdaderas causas, y fij\u00e1ndonos en la na\u00adturaleza moral antes que en la f\u00edsica. Creo que es m\u00e1s f\u00e1cil llegar al conocimiento to\u00adtal de aqu\u00e9lla por el de \u00e9sta, que dominar la moral sola y sin tener en cuenta para<\/p>\n\n\n\n<p>nada \u00f3 para muy poco el proceso fisiol\u00f3gi\u00adco. Por eso envidio tanto \u00e1 los que poseen la ciencia hipocr\u00e1tica, que considero llave del mundo moral; por eso vivo en continua <em>flirtation<\/em> con la Medicina, incapaz de ser verdadero novio suyo, pues para esto se ne\u00adcesitan muchos perendengues; pero mir\u00e1n\u00addola de continuo con ojos muy tiernos, por\u00adque tengo la certidumbre de que si logr\u00e1\u00adramos conquistarla y nos revelara el secreto de los temperamentos y de los des\u00f3rdenes funcionales, no ser\u00eda tan misterioso y enre\u00advesado para nosotros el diagn\u00f3stico de las pasiones.<\/p>\n\n\n\n<p>Las escapatorias de los m\u00e9dicos al cam\u00adpo de las letras revelan elevaci\u00f3n de esp\u00edri\u00adtu, y el que consagra sus horas de descanso \u00e1 referirnos en narraciones amenas lo que siente y observa, al lado de los enfermos, me parece que perfecciona sus servicios \u00e1 la humanidad, y que merece doble estima\u00adci\u00f3n. Si t\u00fa no curaras, podr\u00edamos cerce\u00adnarte el aplauso, concret\u00e1ndolo s\u00f3lo al m\u00e9\u00adrito literario; pero como curas y trabajas con af\u00e1n y caridad, visitando diariamente \u00e1 multitud de desgraciados, hemos de tri\u00adbutar \u00e1 tus pasatiempos un aplauso entu\u00adsiasta, proclamando muy alto que tus <em>Ni\u00ad\u00f1er\u00edas<\/em> son narraciones de la vida real, in\u00adteresantes y sinceras, en las cuales el sabor art\u00edstico no perjudica \u00e1 la intenci\u00f3n docen\u00adte, y que en ellas adivinamos, aunque pa\u00adrezca extra\u00f1o y parad\u00f3jico, las bellezas de la Terap\u00e9utica, los hechizos de la Neuro\u00adpat\u00eda, de la Higiene y de otra porci\u00f3n de se\u00f1oras \u00e1 quienes muchos creen absoluta\u00admente privadas de gracias personales.<\/p>\n\n\n\n<p>Lo que agradar\u00e1 sin duda en estas p\u00e1\u00adginas es que en ellas se ve siempre al m\u00e9\u00addico tras el escritor, que las escenas, cua\u00addros y figuras que en ellas se pintan son hechura de la experiencia y se han elabora\u00addo en las entra\u00f1as fecundas de la realidad. La ficci\u00f3n imaginativa no disimula, ni hab\u00eda para qu\u00e9, el origen profesional de estas historietas, concebidas ante los espect\u00e1cu\u00adlos trist\u00edsimos que ofrece la p\u00e9rdida de la salud, y en el fragor de las luchas que la Ciencia entabla con la Muerte. Todas re\u00advelan profundo amor \u00e1 la humanidad, y particularmente \u00e1 la infancia desvalida, y el vivo deseo de defender \u00e1 \u00e9sta contra las mil celadas que en el terreno moral y en el f\u00edsico les tiende el mal; tarea generosa y altamente caritativa, que ha de hallar sim\u00adpat\u00eda en todos los corazones. Al\u00e9grate mu\u00adcho de haberlas escrito, y m\u00e1s de reunir\u00ad\u00edas, como ahora lo haces, en volumen, para que tomen puesto en la bibliograf\u00eda litera\u00adria de nuestros tiempos. En ellas se ve que, siendo tu ocupaci\u00f3n normal la pr\u00e1ctica de la ciencia, posees los g\u00e9rmenes de la flor del arte, que tan f\u00e1cilmente arraiga en los h\u00e1bitos intelectuales del m\u00e9dico, y en vez de dejarlos perder en conversaciones ociosas, los cultivas en tus ratos de descan\u00adso. Es sensible que, por causa del trabajo creciente, aqu\u00e9llos hayan de ser cada vez m\u00e1s breves, y no puedas en lo sucesivo va\u00adciar en p\u00e1ginas amenas y graciosas lo mucho que has de observar y sentir todav\u00eda posando tus manos, cada d\u00eda m\u00e1s expertas, sobre tantas l\u00e1stimas y dolores.<\/p>\n\n\n\n<p>La ciencia no perder\u00eda nada con que es\u00adtos escarceos de la fantas\u00eda se repitieran, y los profanos \u00e1 la Medicina, los que la co\u00adnocemos de lejos y la amamos sin atrever\u00adnos \u00e1 dec\u00edrselo, nos alegrar\u00edamos de poder tratarla en esta forma. Si de algo vale mi consejo, te incito \u00e1 no abandonar las letras, que, adem\u00e1s del bien que puedan reportar, revistiendo de galas imaginativas los asun\u00adtos \u00e1ridos, tienen, para un trabajador co\u00admo t\u00fa, la ventaja de proporcionarte el des\u00adcanso m\u00e1s agradable y m\u00e1s higi\u00e9nico, pues bien sabes que no es el mejor remedio de la fatiga la ociosidad, sino el dar de mano \u00e1 la f\u00e9rrea obligaci\u00f3n de nuestros quehaceres habituales, ocupando el esp\u00edritu en cosa muy distinta, y que lo recree sin oprimirlo.<\/p>\n\n\n\n<p>Las letras permiten elasticidad casi sin l\u00edmites en la manera de cultivarlas, por no ofrecer su t\u00e9cnica las asperezas de otras ar\u00adtes. Las han cultivado con gran acierto hombres que s\u00f3lo pod\u00edan poner en ellas una atenci\u00f3n secundaria. An\u00edmate con este re\u00adcuerdo, y no cedas \u00e1 la rutina de creer que es impropio de la formalidad de un <em>fil\u00f3sofo<\/em> de salud el dar \u00e1 sus escritos amenidad, emoci\u00f3n y esa ligereza de concepto que tan bien suele encarnar \u00e1 veces la solidez de los principios. \u00c1 las personas ordenadas no les faltan medios de arrancar al tiempo al\u00adg\u00fan jir\u00f3n para dedicarlo \u00e1 desahogar el al\u00adma de penitas que \u00e1 veces la agobian y que s\u00f3lo se aplacan vaci\u00e1ndolas en el \u00e1nfora del arte. La idea que se nos atasca, como em\u00adbolia de nuestra mente, deja de ser un suplicio desde que la expulsamos, convirti\u00e9n\u00addola en historia so\u00f1ada \u00f3 fingida, semejan\u00adte \u00e1 la realidad, y es gran satisfacci\u00f3n verla prender de cabeza en cabeza por el infinito reguero de lectores, posesion\u00e1ndose lentamente del reino de la opini\u00f3n. Haz, pues, m\u00e1s <em>Ni\u00f1er\u00edas<\/em>, que han de parecemos <em>hombradas<\/em> por su valor literario y por el sentimiento cristiano que las inspira. Sa\u00adnos, nos deleitaremos con ellas; enfermos, tendremos que agradecerte algunos ratos de solaz, y si, sobre recrearnos, nos curas, te bendeciremos dos veces, como doctorcillo inteligente y como escritor de buena sombra.<\/p>\n\n\n\n<p>B. P\u00e9rez Gald\u00f3s. Madrid, Junio de 1889.<\/p>\n\n\n\n<p><\/p>\n","protected":false},"excerpt":{"rendered":"<p>Querido doctorcillo: No creas que voy \u00e1 empezar \u00e9sta con la gazmo\u00f1er\u00eda de suponerme indigno de poner un pr\u00f3logo \u00e1 tu libro; no creas que voy \u00e1 quejarme de tu elecci\u00f3n, ni \u00e1 decirte, con afectado mal humor, que debiste esco\u00adger \u00e1 otra persona para presentar tus Ni\u00f1er\u00edas al p\u00fablico.<\/p>\n","protected":false},"author":1,"featured_media":5367,"comment_status":"open","ping_status":"open","sticky":false,"template":"","format":"standard","meta":{"footnotes":""},"categories":[3,4,34],"tags":[],"class_list":["post-8745","post","type-post","status-publish","format-standard","has-post-thumbnail","hentry","category-benito-perez-galdos","category-bibliografia","category-prologo"],"yoast_head":"<!-- This site is optimized with the Yoast SEO plugin v24.3 - https:\/\/yoast.com\/wordpress\/plugins\/seo\/ -->\n<title>[Pr\u00f3logo] Pr\u00f3logo a &quot;Ni\u00f1er\u00edas&quot; del doctor Tolosa-Latour, por Benito P\u00e9rez Gald\u00f3s - Cronolog\u00eda de la vida y la obra de Benito P\u00e9rez Gald\u00f3s<\/title>\n<meta name=\"robots\" content=\"index, follow, max-snippet:-1, max-image-preview:large, max-video-preview:-1\" \/>\n<link rel=\"canonical\" href=\"https:\/\/batallitas.es\/benito-perez-galdos\/prologo-prologo-a-ninerias-del-doctor-tolosa-latour-por-benito-perez-galdos\/\" \/>\n<meta property=\"og:locale\" content=\"es_ES\" \/>\n<meta property=\"og:type\" content=\"article\" \/>\n<meta property=\"og:title\" content=\"[Pr\u00f3logo] Pr\u00f3logo a &quot;Ni\u00f1er\u00edas&quot; del doctor Tolosa-Latour, por Benito P\u00e9rez Gald\u00f3s - Cronolog\u00eda de la vida y la obra de Benito P\u00e9rez Gald\u00f3s\" \/>\n<meta property=\"og:description\" content=\"Querido doctorcillo: No creas que voy \u00e1 empezar \u00e9sta con la gazmo\u00f1er\u00eda de suponerme indigno de poner un pr\u00f3logo \u00e1 tu libro; no creas que voy \u00e1 quejarme de tu elecci\u00f3n, ni \u00e1 decirte, con afectado mal humor, que debiste esco\u00adger \u00e1 otra persona para presentar tus Ni\u00f1er\u00edas al p\u00fablico.\" \/>\n<meta property=\"og:url\" content=\"https:\/\/batallitas.es\/benito-perez-galdos\/prologo-prologo-a-ninerias-del-doctor-tolosa-latour-por-benito-perez-galdos\/\" \/>\n<meta property=\"og:site_name\" content=\"Cronolog\u00eda de la vida y la obra de Benito P\u00e9rez Gald\u00f3s\" \/>\n<meta property=\"article:published_time\" content=\"2009-03-07T01:54:13+00:00\" \/>\n<meta property=\"og:image\" content=\"https:\/\/batallitas.es\/benito-perez-galdos\/wp-content\/uploads\/2025\/01\/facebook_thumbnail.jpg\" \/>\n\t<meta property=\"og:image:width\" content=\"1200\" \/>\n\t<meta property=\"og:image:height\" content=\"630\" \/>\n\t<meta property=\"og:image:type\" content=\"image\/jpeg\" \/>\n<meta name=\"author\" content=\"Benito\" \/>\n<meta name=\"twitter:card\" content=\"summary_large_image\" \/>\n<meta name=\"twitter:label1\" content=\"Escrito por\" \/>\n\t<meta name=\"twitter:data1\" content=\"Benito\" \/>\n\t<meta name=\"twitter:label2\" content=\"Tiempo de lectura\" \/>\n\t<meta name=\"twitter:data2\" content=\"12 minutos\" \/>\n<script type=\"application\/ld+json\" class=\"yoast-schema-graph\">{\"@context\":\"https:\/\/schema.org\",\"@graph\":[{\"@type\":\"WebPage\",\"@id\":\"https:\/\/batallitas.es\/benito-perez-galdos\/prologo-prologo-a-ninerias-del-doctor-tolosa-latour-por-benito-perez-galdos\/\",\"url\":\"https:\/\/batallitas.es\/benito-perez-galdos\/prologo-prologo-a-ninerias-del-doctor-tolosa-latour-por-benito-perez-galdos\/\",\"name\":\"[Pr\u00f3logo] Pr\u00f3logo a \\\"Ni\u00f1er\u00edas\\\" del doctor Tolosa-Latour, por Benito P\u00e9rez Gald\u00f3s - Cronolog\u00eda de la vida y la obra de Benito P\u00e9rez Gald\u00f3s\",\"isPartOf\":{\"@id\":\"https:\/\/batallitas.es\/benito-perez-galdos\/#website\"},\"primaryImageOfPage\":{\"@id\":\"https:\/\/batallitas.es\/benito-perez-galdos\/prologo-prologo-a-ninerias-del-doctor-tolosa-latour-por-benito-perez-galdos\/#primaryimage\"},\"image\":{\"@id\":\"https:\/\/batallitas.es\/benito-perez-galdos\/prologo-prologo-a-ninerias-del-doctor-tolosa-latour-por-benito-perez-galdos\/#primaryimage\"},\"thumbnailUrl\":\"\",\"datePublished\":\"2009-03-07T01:54:13+00:00\",\"dateModified\":\"2009-03-07T01:54:13+00:00\",\"author\":{\"@id\":\"https:\/\/batallitas.es\/benito-perez-galdos\/#\/schema\/person\/2dda07be9325676808524c55b6218a25\"},\"breadcrumb\":{\"@id\":\"https:\/\/batallitas.es\/benito-perez-galdos\/prologo-prologo-a-ninerias-del-doctor-tolosa-latour-por-benito-perez-galdos\/#breadcrumb\"},\"inLanguage\":\"es\",\"potentialAction\":[{\"@type\":\"ReadAction\",\"target\":[\"https:\/\/batallitas.es\/benito-perez-galdos\/prologo-prologo-a-ninerias-del-doctor-tolosa-latour-por-benito-perez-galdos\/\"]}]},{\"@type\":\"ImageObject\",\"inLanguage\":\"es\",\"@id\":\"https:\/\/batallitas.es\/benito-perez-galdos\/prologo-prologo-a-ninerias-del-doctor-tolosa-latour-por-benito-perez-galdos\/#primaryimage\",\"url\":\"\",\"contentUrl\":\"\"},{\"@type\":\"BreadcrumbList\",\"@id\":\"https:\/\/batallitas.es\/benito-perez-galdos\/prologo-prologo-a-ninerias-del-doctor-tolosa-latour-por-benito-perez-galdos\/#breadcrumb\",\"itemListElement\":[{\"@type\":\"ListItem\",\"position\":1,\"name\":\"Portada\",\"item\":\"https:\/\/batallitas.es\/benito-perez-galdos\/\"},{\"@type\":\"ListItem\",\"position\":2,\"name\":\"[Pr\u00f3logo] Pr\u00f3logo a \u00abNi\u00f1er\u00edas\u00bb del doctor Tolosa-Latour, por Benito P\u00e9rez Gald\u00f3s\"}]},{\"@type\":\"WebSite\",\"@id\":\"https:\/\/batallitas.es\/benito-perez-galdos\/#website\",\"url\":\"https:\/\/batallitas.es\/benito-perez-galdos\/\",\"name\":\"Cronolog\u00eda de la vida y la obra de Benito P\u00e9rez Gald\u00f3s\",\"description\":\"\",\"potentialAction\":[{\"@type\":\"SearchAction\",\"target\":{\"@type\":\"EntryPoint\",\"urlTemplate\":\"https:\/\/batallitas.es\/benito-perez-galdos\/?s={search_term_string}\"},\"query-input\":{\"@type\":\"PropertyValueSpecification\",\"valueRequired\":true,\"valueName\":\"search_term_string\"}}],\"inLanguage\":\"es\"},{\"@type\":\"Person\",\"@id\":\"https:\/\/batallitas.es\/benito-perez-galdos\/#\/schema\/person\/2dda07be9325676808524c55b6218a25\",\"name\":\"Benito\",\"image\":{\"@type\":\"ImageObject\",\"inLanguage\":\"es\",\"@id\":\"https:\/\/batallitas.es\/benito-perez-galdos\/#\/schema\/person\/image\/\",\"url\":\"https:\/\/secure.gravatar.com\/avatar\/8695d643bbae3009794e7fc5797055bb?s=96&d=mm&r=g\",\"contentUrl\":\"https:\/\/secure.gravatar.com\/avatar\/8695d643bbae3009794e7fc5797055bb?s=96&d=mm&r=g\",\"caption\":\"Benito\"},\"sameAs\":[\"https:\/\/batallitas.es\/galdos\"],\"url\":\"https:\/\/batallitas.es\/benito-perez-galdos\/author\/benito\/\"}]}<\/script>\n<!-- \/ Yoast SEO plugin. -->","yoast_head_json":{"title":"[Pr\u00f3logo] Pr\u00f3logo a \"Ni\u00f1er\u00edas\" del doctor Tolosa-Latour, por Benito P\u00e9rez Gald\u00f3s - Cronolog\u00eda de la vida y la obra de Benito P\u00e9rez Gald\u00f3s","robots":{"index":"index","follow":"follow","max-snippet":"max-snippet:-1","max-image-preview":"max-image-preview:large","max-video-preview":"max-video-preview:-1"},"canonical":"https:\/\/batallitas.es\/benito-perez-galdos\/prologo-prologo-a-ninerias-del-doctor-tolosa-latour-por-benito-perez-galdos\/","og_locale":"es_ES","og_type":"article","og_title":"[Pr\u00f3logo] Pr\u00f3logo a \"Ni\u00f1er\u00edas\" del doctor Tolosa-Latour, por Benito P\u00e9rez Gald\u00f3s - Cronolog\u00eda de la vida y la obra de Benito P\u00e9rez Gald\u00f3s","og_description":"Querido doctorcillo: No creas que voy \u00e1 empezar \u00e9sta con la gazmo\u00f1er\u00eda de suponerme indigno de poner un pr\u00f3logo \u00e1 tu libro; no creas que voy \u00e1 quejarme de tu elecci\u00f3n, ni \u00e1 decirte, con afectado mal humor, que debiste esco\u00adger \u00e1 otra persona para presentar tus Ni\u00f1er\u00edas al p\u00fablico.","og_url":"https:\/\/batallitas.es\/benito-perez-galdos\/prologo-prologo-a-ninerias-del-doctor-tolosa-latour-por-benito-perez-galdos\/","og_site_name":"Cronolog\u00eda de la vida y la obra de Benito P\u00e9rez Gald\u00f3s","article_published_time":"2009-03-07T01:54:13+00:00","og_image":[{"width":1200,"height":630,"url":"https:\/\/batallitas.es\/benito-perez-galdos\/wp-content\/uploads\/2025\/01\/facebook_thumbnail.jpg","type":"image\/jpeg"}],"author":"Benito","twitter_card":"summary_large_image","twitter_misc":{"Escrito por":"Benito","Tiempo de lectura":"12 minutos"},"schema":{"@context":"https:\/\/schema.org","@graph":[{"@type":"WebPage","@id":"https:\/\/batallitas.es\/benito-perez-galdos\/prologo-prologo-a-ninerias-del-doctor-tolosa-latour-por-benito-perez-galdos\/","url":"https:\/\/batallitas.es\/benito-perez-galdos\/prologo-prologo-a-ninerias-del-doctor-tolosa-latour-por-benito-perez-galdos\/","name":"[Pr\u00f3logo] Pr\u00f3logo a \"Ni\u00f1er\u00edas\" del doctor Tolosa-Latour, por Benito P\u00e9rez Gald\u00f3s - Cronolog\u00eda de la vida y la obra de Benito P\u00e9rez Gald\u00f3s","isPartOf":{"@id":"https:\/\/batallitas.es\/benito-perez-galdos\/#website"},"primaryImageOfPage":{"@id":"https:\/\/batallitas.es\/benito-perez-galdos\/prologo-prologo-a-ninerias-del-doctor-tolosa-latour-por-benito-perez-galdos\/#primaryimage"},"image":{"@id":"https:\/\/batallitas.es\/benito-perez-galdos\/prologo-prologo-a-ninerias-del-doctor-tolosa-latour-por-benito-perez-galdos\/#primaryimage"},"thumbnailUrl":"","datePublished":"2009-03-07T01:54:13+00:00","dateModified":"2009-03-07T01:54:13+00:00","author":{"@id":"https:\/\/batallitas.es\/benito-perez-galdos\/#\/schema\/person\/2dda07be9325676808524c55b6218a25"},"breadcrumb":{"@id":"https:\/\/batallitas.es\/benito-perez-galdos\/prologo-prologo-a-ninerias-del-doctor-tolosa-latour-por-benito-perez-galdos\/#breadcrumb"},"inLanguage":"es","potentialAction":[{"@type":"ReadAction","target":["https:\/\/batallitas.es\/benito-perez-galdos\/prologo-prologo-a-ninerias-del-doctor-tolosa-latour-por-benito-perez-galdos\/"]}]},{"@type":"ImageObject","inLanguage":"es","@id":"https:\/\/batallitas.es\/benito-perez-galdos\/prologo-prologo-a-ninerias-del-doctor-tolosa-latour-por-benito-perez-galdos\/#primaryimage","url":"","contentUrl":""},{"@type":"BreadcrumbList","@id":"https:\/\/batallitas.es\/benito-perez-galdos\/prologo-prologo-a-ninerias-del-doctor-tolosa-latour-por-benito-perez-galdos\/#breadcrumb","itemListElement":[{"@type":"ListItem","position":1,"name":"Portada","item":"https:\/\/batallitas.es\/benito-perez-galdos\/"},{"@type":"ListItem","position":2,"name":"[Pr\u00f3logo] Pr\u00f3logo a \u00abNi\u00f1er\u00edas\u00bb del doctor Tolosa-Latour, por Benito P\u00e9rez Gald\u00f3s"}]},{"@type":"WebSite","@id":"https:\/\/batallitas.es\/benito-perez-galdos\/#website","url":"https:\/\/batallitas.es\/benito-perez-galdos\/","name":"Cronolog\u00eda de la vida y la obra de Benito P\u00e9rez Gald\u00f3s","description":"","potentialAction":[{"@type":"SearchAction","target":{"@type":"EntryPoint","urlTemplate":"https:\/\/batallitas.es\/benito-perez-galdos\/?s={search_term_string}"},"query-input":{"@type":"PropertyValueSpecification","valueRequired":true,"valueName":"search_term_string"}}],"inLanguage":"es"},{"@type":"Person","@id":"https:\/\/batallitas.es\/benito-perez-galdos\/#\/schema\/person\/2dda07be9325676808524c55b6218a25","name":"Benito","image":{"@type":"ImageObject","inLanguage":"es","@id":"https:\/\/batallitas.es\/benito-perez-galdos\/#\/schema\/person\/image\/","url":"https:\/\/secure.gravatar.com\/avatar\/8695d643bbae3009794e7fc5797055bb?s=96&d=mm&r=g","contentUrl":"https:\/\/secure.gravatar.com\/avatar\/8695d643bbae3009794e7fc5797055bb?s=96&d=mm&r=g","caption":"Benito"},"sameAs":["https:\/\/batallitas.es\/galdos"],"url":"https:\/\/batallitas.es\/benito-perez-galdos\/author\/benito\/"}]}},"_links":{"self":[{"href":"https:\/\/batallitas.es\/benito-perez-galdos\/wp-json\/wp\/v2\/posts\/8745","targetHints":{"allow":["GET"]}}],"collection":[{"href":"https:\/\/batallitas.es\/benito-perez-galdos\/wp-json\/wp\/v2\/posts"}],"about":[{"href":"https:\/\/batallitas.es\/benito-perez-galdos\/wp-json\/wp\/v2\/types\/post"}],"author":[{"embeddable":true,"href":"https:\/\/batallitas.es\/benito-perez-galdos\/wp-json\/wp\/v2\/users\/1"}],"replies":[{"embeddable":true,"href":"https:\/\/batallitas.es\/benito-perez-galdos\/wp-json\/wp\/v2\/comments?post=8745"}],"version-history":[{"count":0,"href":"https:\/\/batallitas.es\/benito-perez-galdos\/wp-json\/wp\/v2\/posts\/8745\/revisions"}],"wp:featuredmedia":[{"embeddable":true,"href":"https:\/\/batallitas.es\/benito-perez-galdos\/wp-json\/"}],"wp:attachment":[{"href":"https:\/\/batallitas.es\/benito-perez-galdos\/wp-json\/wp\/v2\/media?parent=8745"}],"wp:term":[{"taxonomy":"category","embeddable":true,"href":"https:\/\/batallitas.es\/benito-perez-galdos\/wp-json\/wp\/v2\/categories?post=8745"},{"taxonomy":"post_tag","embeddable":true,"href":"https:\/\/batallitas.es\/benito-perez-galdos\/wp-json\/wp\/v2\/tags?post=8745"}],"curies":[{"name":"wp","href":"https:\/\/api.w.org\/{rel}","templated":true}]}}