{"id":881,"date":"2012-10-01T08:54:28","date_gmt":"2012-10-01T08:54:28","guid":{"rendered":"http:\/\/www.benitoperezgaldos.es\/?p=881"},"modified":"2012-10-01T08:54:28","modified_gmt":"2012-10-01T08:54:28","slug":"documento-la-fe-nacional-discurso-de-benito-perez-galdos","status":"publish","type":"post","link":"https:\/\/batallitas.es\/benito-perez-galdos\/documento-la-fe-nacional-discurso-de-benito-perez-galdos\/","title":{"rendered":"[Documento] La fe nacional: discurso, de Benito P\u00e9rez Gald\u00f3s"},"content":{"rendered":"\n<p>En la fiesta con que me honr\u00e1is, quiero y debo ver, m\u00e1s que el aplauso de mis lectores, el cari\u00f1o de mis paisanos, y as\u00ed lo declaro sin pararme a indagar el motivo de tan grandes honores, ni a discernir si me los tribut\u00e1is con justicia o sin ella. Me basta ver y sentir este cari\u00f1o; a \u00e9l correspondo con mi gratitud, y quisiera que vuestros sentimientos y los m\u00edos, unidos en un solo haz, recayesen sobre nuestra tierra, para que a ella vuelva todo lo que de ella ha salido, y sea suyo todo lo que de derecho le pertenece.<\/p>\n\n\n\n<p>Al propio tiempo, no puedo menos de creer que vuestras miradas pasan por encima del compatriota a qui\u00e9n tribut\u00e1is homenaje tan desmedido, y se dirigen en busca de m\u00e1s altos ideales, abarcando extensiones m\u00e1s amplias que las de nuestro querido Archipi\u00e9lago. Hab\u00e9is visto que ha llegado la hora de avivar en nuestras almas el amor a la patria chica para encender con \u00e9l, en llamarada inextinguible, el amor de la grande; hab\u00e9is advertido que la preferencia del terru\u00f1o natal debe ahora ensanchar sus horizontes, llev\u00e1ndonos a querer y venerar con mayor entusiasmo el conjunto de tradiciones, hechos y caracteres, de glorias y desventuras, de alegr\u00edas y tristezas que constituyen el hogar nacional, tan grande que sus muros ahumados no caben en la Historia.<\/p>\n\n\n\n<p>Pues bien: aqu\u00ed, en la intimidad del patriotismo regional, familiar, casi dom\u00e9stico, me permito asegurar, en nombre de todos los que me escuchan, que en nosotros vive y vivir\u00e1 siempre el alma espa\u00f1ola, y hoy m\u00e1s que nunca es necesario que as\u00ed se diga, como remedio reconfortante del pesimismo y las tristezas enfermizas de la Espa\u00f1a de hoy.<\/p>\n\n\n\n<p>Ensanchemos ac\u00e1 y all\u00e1 nuestros corazones, tengamos fe en nuestros destinos, y digamos y declaremos que no se nos arrancar\u00e1 por la fuerza, como rama fr\u00e1gil y quebradiza, del tronco robusto a que pertenecemos. No creamos en la posibilidad de que pueda haber una mano extranjera con poder bastante para cortarnos o desgajarnos, y hal\u00f3cer de nuestro Archipi\u00e9lago una lanza que no sea espa\u00f1ola.<\/p>\n\n\n\n<p>Imprudente y peligroso es hablar tanto de embestidas de extranjeros codiciosos. Espa\u00f1a sufre pesadillas, en las cuales sue\u00f1a que la despojan, que la mutilan y amputan horrorosamente. Esto es absurdo, es pueril, y revela un decaimiento de \u00e1nimo y una pobreza de vitalidad que, sin correctivo en\u00e9rgico, nos llevar\u00edan a la muerte.<\/p>\n\n\n\n<p>Contra este pesimismo, que viene a ser, si en ello nos fijamos, una forma de la pereza, debemos protestar confirmando nuestra fe en el derecho y en la justicia, negando que sea la violencia la \u00fanica ley de los tiempos presentes y pr\u00f3ximos, y declarando accidentales y pasajeros los ejemplos que el mundo nos ofrece del imperio de la fuerza bruta.<\/p>\n\n\n\n<p>Ahora que la fe nacional parece enfriada y obscurecida, ahora que en nosotros ven algunos la rama del \u00e1rbol patrio m\u00e1s expuesta a ser arrancada, demos el ejemplo de confianza en el porvenir. No seamos jactanciosos, pero tampoco agoreros, siniestros y fat\u00eddicos.<\/p>\n\n\n\n<p>Nosotros los m\u00e1s chicos, seamos los m\u00e1s grandes en la firmeza y vigor de las resoluciones; nosotros, los \u00faltimos en fuerza y abolengo hist\u00f3rico, seamos los primeros en la confianza, como somos los primeros en el peligro; nosotros, los m\u00e1s distantes, seamos los m\u00e1s pr\u00f3ximos en el coraz\u00f3n de la patria.<\/p>\n\n\n\n<p>De este modo contribuiremos a formar lo que hace tanta falta: la fe nacional. Cada cual en su esfera, grande o chica, debe ayudar a formarla y robustecerla, pues sin esa gran virtud, no hay salvaci\u00f3n posible para las naciones. Seamos, pues, los primeros y m\u00e1s fervorosos creyentes, y declaremos que el Archipi\u00e9lago canario, centinela avanzado de Espa\u00f1a en medio del Oc\u00e9ano, conoce bien las responsabilidades de su puesto, y en \u00e9l permanece y permanecer\u00e1 siempre firme, vigilante, sin jactancia ni miedo, confiado en s\u00ed mismo y en su derecho, sintiendo en su alma todo el fuego del alma espa\u00f1ola, que siempre fue el alma de las grandes virtudes, de aquellas que superan al hero\u00edsmo o en su forma m\u00e1s espiritual: la paciencia y el cumplimiento del deber\u2014digo-y el cumplimiento m\u00e1s estricto del deber.<\/p>\n\n\n\n<p>Fuente:<\/p>\n\n\n\n<div class=\"wp-block-pdf-viewer-block-standard\" style=\"text-align:left\"><div class=\"uploaded-pdf\"><a href=\"http:\/\/ferna.eu\/venture\/wp-content\/uploads\/2012\/10\/la_fe_nacional.pdf\" data-width=\"\" data-height=\"\"><\/a><\/div><\/div>\n\n\n\n<p>Fuente original del archivo: https:\/\/mdc.ulpgc.es\/utils\/getfile\/collection\/MDC\/id\/1336\/filename\/1342.pdf<\/p>\n","protected":false},"excerpt":{"rendered":"<p>En la fiesta con que me honr\u00e1is, quiero y debo ver, m\u00e1s que el aplauso de mis lectores, el cari\u00f1o&#46;&#46;&#46;<\/p>\n","protected":false},"author":1,"featured_media":5367,"comment_status":"open","ping_status":"open","sticky":false,"template":"","format":"standard","meta":{"footnotes":""},"categories":[3,113],"tags":[],"class_list":["post-881","post","type-post","status-publish","format-standard","has-post-thumbnail","hentry","category-benito-perez-galdos","category-discurso"],"yoast_head":"<!-- This site is optimized with the Yoast SEO plugin v24.3 - https:\/\/yoast.com\/wordpress\/plugins\/seo\/ -->\n<title>[Documento] La fe nacional: discurso, de Benito P\u00e9rez Gald\u00f3s - Cronolog\u00eda de la vida y la obra de Benito P\u00e9rez Gald\u00f3s<\/title>\n<meta name=\"robots\" content=\"index, follow, max-snippet:-1, max-image-preview:large, max-video-preview:-1\" \/>\n<link rel=\"canonical\" href=\"https:\/\/batallitas.es\/benito-perez-galdos\/documento-la-fe-nacional-discurso-de-benito-perez-galdos\/\" \/>\n<meta property=\"og:locale\" content=\"es_ES\" \/>\n<meta property=\"og:type\" content=\"article\" \/>\n<meta property=\"og:title\" content=\"[Documento] La fe nacional: discurso, de Benito P\u00e9rez Gald\u00f3s - Cronolog\u00eda de la vida y la obra de Benito P\u00e9rez Gald\u00f3s\" \/>\n<meta property=\"og:description\" content=\"En la fiesta con que me honr\u00e1is, quiero y debo ver, m\u00e1s que el aplauso de mis lectores, el cari\u00f1o&#046;&#046;&#046;\" \/>\n<meta property=\"og:url\" content=\"https:\/\/batallitas.es\/benito-perez-galdos\/documento-la-fe-nacional-discurso-de-benito-perez-galdos\/\" \/>\n<meta property=\"og:site_name\" content=\"Cronolog\u00eda de la vida y la obra de Benito P\u00e9rez Gald\u00f3s\" \/>\n<meta property=\"article:published_time\" content=\"2012-10-01T08:54:28+00:00\" \/>\n<meta property=\"og:image\" content=\"https:\/\/batallitas.es\/benito-perez-galdos\/wp-content\/uploads\/2025\/01\/facebook_thumbnail.jpg\" \/>\n\t<meta property=\"og:image:width\" content=\"1200\" \/>\n\t<meta property=\"og:image:height\" content=\"630\" \/>\n\t<meta property=\"og:image:type\" content=\"image\/jpeg\" \/>\n<meta name=\"author\" content=\"Benito\" \/>\n<meta name=\"twitter:card\" content=\"summary_large_image\" \/>\n<meta name=\"twitter:label1\" content=\"Escrito por\" \/>\n\t<meta name=\"twitter:data1\" content=\"Benito\" \/>\n\t<meta name=\"twitter:label2\" content=\"Tiempo de lectura\" \/>\n\t<meta name=\"twitter:data2\" content=\"4 minutos\" \/>\n<script type=\"application\/ld+json\" class=\"yoast-schema-graph\">{\"@context\":\"https:\/\/schema.org\",\"@graph\":[{\"@type\":\"WebPage\",\"@id\":\"https:\/\/batallitas.es\/benito-perez-galdos\/documento-la-fe-nacional-discurso-de-benito-perez-galdos\/\",\"url\":\"https:\/\/batallitas.es\/benito-perez-galdos\/documento-la-fe-nacional-discurso-de-benito-perez-galdos\/\",\"name\":\"[Documento] La fe nacional: discurso, de Benito P\u00e9rez Gald\u00f3s - Cronolog\u00eda de la vida y la obra de Benito P\u00e9rez Gald\u00f3s\",\"isPartOf\":{\"@id\":\"https:\/\/batallitas.es\/benito-perez-galdos\/#website\"},\"primaryImageOfPage\":{\"@id\":\"https:\/\/batallitas.es\/benito-perez-galdos\/documento-la-fe-nacional-discurso-de-benito-perez-galdos\/#primaryimage\"},\"image\":{\"@id\":\"https:\/\/batallitas.es\/benito-perez-galdos\/documento-la-fe-nacional-discurso-de-benito-perez-galdos\/#primaryimage\"},\"thumbnailUrl\":\"\",\"datePublished\":\"2012-10-01T08:54:28+00:00\",\"dateModified\":\"2012-10-01T08:54:28+00:00\",\"author\":{\"@id\":\"https:\/\/batallitas.es\/benito-perez-galdos\/#\/schema\/person\/2dda07be9325676808524c55b6218a25\"},\"breadcrumb\":{\"@id\":\"https:\/\/batallitas.es\/benito-perez-galdos\/documento-la-fe-nacional-discurso-de-benito-perez-galdos\/#breadcrumb\"},\"inLanguage\":\"es\",\"potentialAction\":[{\"@type\":\"ReadAction\",\"target\":[\"https:\/\/batallitas.es\/benito-perez-galdos\/documento-la-fe-nacional-discurso-de-benito-perez-galdos\/\"]}]},{\"@type\":\"ImageObject\",\"inLanguage\":\"es\",\"@id\":\"https:\/\/batallitas.es\/benito-perez-galdos\/documento-la-fe-nacional-discurso-de-benito-perez-galdos\/#primaryimage\",\"url\":\"\",\"contentUrl\":\"\"},{\"@type\":\"BreadcrumbList\",\"@id\":\"https:\/\/batallitas.es\/benito-perez-galdos\/documento-la-fe-nacional-discurso-de-benito-perez-galdos\/#breadcrumb\",\"itemListElement\":[{\"@type\":\"ListItem\",\"position\":1,\"name\":\"Portada\",\"item\":\"https:\/\/batallitas.es\/benito-perez-galdos\/\"},{\"@type\":\"ListItem\",\"position\":2,\"name\":\"[Documento] La fe nacional: discurso, de Benito P\u00e9rez Gald\u00f3s\"}]},{\"@type\":\"WebSite\",\"@id\":\"https:\/\/batallitas.es\/benito-perez-galdos\/#website\",\"url\":\"https:\/\/batallitas.es\/benito-perez-galdos\/\",\"name\":\"Cronolog\u00eda de la vida y la obra de Benito P\u00e9rez Gald\u00f3s\",\"description\":\"\",\"potentialAction\":[{\"@type\":\"SearchAction\",\"target\":{\"@type\":\"EntryPoint\",\"urlTemplate\":\"https:\/\/batallitas.es\/benito-perez-galdos\/?s={search_term_string}\"},\"query-input\":{\"@type\":\"PropertyValueSpecification\",\"valueRequired\":true,\"valueName\":\"search_term_string\"}}],\"inLanguage\":\"es\"},{\"@type\":\"Person\",\"@id\":\"https:\/\/batallitas.es\/benito-perez-galdos\/#\/schema\/person\/2dda07be9325676808524c55b6218a25\",\"name\":\"Benito\",\"image\":{\"@type\":\"ImageObject\",\"inLanguage\":\"es\",\"@id\":\"https:\/\/batallitas.es\/benito-perez-galdos\/#\/schema\/person\/image\/\",\"url\":\"https:\/\/secure.gravatar.com\/avatar\/8695d643bbae3009794e7fc5797055bb?s=96&d=mm&r=g\",\"contentUrl\":\"https:\/\/secure.gravatar.com\/avatar\/8695d643bbae3009794e7fc5797055bb?s=96&d=mm&r=g\",\"caption\":\"Benito\"},\"sameAs\":[\"https:\/\/batallitas.es\/galdos\"],\"url\":\"https:\/\/batallitas.es\/benito-perez-galdos\/author\/benito\/\"}]}<\/script>\n<!-- \/ Yoast SEO plugin. -->","yoast_head_json":{"title":"[Documento] La fe nacional: discurso, de Benito P\u00e9rez Gald\u00f3s - Cronolog\u00eda de la vida y la obra de Benito P\u00e9rez Gald\u00f3s","robots":{"index":"index","follow":"follow","max-snippet":"max-snippet:-1","max-image-preview":"max-image-preview:large","max-video-preview":"max-video-preview:-1"},"canonical":"https:\/\/batallitas.es\/benito-perez-galdos\/documento-la-fe-nacional-discurso-de-benito-perez-galdos\/","og_locale":"es_ES","og_type":"article","og_title":"[Documento] La fe nacional: discurso, de Benito P\u00e9rez Gald\u00f3s - Cronolog\u00eda de la vida y la obra de Benito P\u00e9rez Gald\u00f3s","og_description":"En la fiesta con que me honr\u00e1is, quiero y debo ver, m\u00e1s que el aplauso de mis lectores, el cari\u00f1o&#46;&#46;&#46;","og_url":"https:\/\/batallitas.es\/benito-perez-galdos\/documento-la-fe-nacional-discurso-de-benito-perez-galdos\/","og_site_name":"Cronolog\u00eda de la vida y la obra de Benito P\u00e9rez Gald\u00f3s","article_published_time":"2012-10-01T08:54:28+00:00","og_image":[{"width":1200,"height":630,"url":"https:\/\/batallitas.es\/benito-perez-galdos\/wp-content\/uploads\/2025\/01\/facebook_thumbnail.jpg","type":"image\/jpeg"}],"author":"Benito","twitter_card":"summary_large_image","twitter_misc":{"Escrito por":"Benito","Tiempo de lectura":"4 minutos"},"schema":{"@context":"https:\/\/schema.org","@graph":[{"@type":"WebPage","@id":"https:\/\/batallitas.es\/benito-perez-galdos\/documento-la-fe-nacional-discurso-de-benito-perez-galdos\/","url":"https:\/\/batallitas.es\/benito-perez-galdos\/documento-la-fe-nacional-discurso-de-benito-perez-galdos\/","name":"[Documento] La fe nacional: discurso, de Benito P\u00e9rez Gald\u00f3s - Cronolog\u00eda de la vida y la obra de Benito P\u00e9rez Gald\u00f3s","isPartOf":{"@id":"https:\/\/batallitas.es\/benito-perez-galdos\/#website"},"primaryImageOfPage":{"@id":"https:\/\/batallitas.es\/benito-perez-galdos\/documento-la-fe-nacional-discurso-de-benito-perez-galdos\/#primaryimage"},"image":{"@id":"https:\/\/batallitas.es\/benito-perez-galdos\/documento-la-fe-nacional-discurso-de-benito-perez-galdos\/#primaryimage"},"thumbnailUrl":"","datePublished":"2012-10-01T08:54:28+00:00","dateModified":"2012-10-01T08:54:28+00:00","author":{"@id":"https:\/\/batallitas.es\/benito-perez-galdos\/#\/schema\/person\/2dda07be9325676808524c55b6218a25"},"breadcrumb":{"@id":"https:\/\/batallitas.es\/benito-perez-galdos\/documento-la-fe-nacional-discurso-de-benito-perez-galdos\/#breadcrumb"},"inLanguage":"es","potentialAction":[{"@type":"ReadAction","target":["https:\/\/batallitas.es\/benito-perez-galdos\/documento-la-fe-nacional-discurso-de-benito-perez-galdos\/"]}]},{"@type":"ImageObject","inLanguage":"es","@id":"https:\/\/batallitas.es\/benito-perez-galdos\/documento-la-fe-nacional-discurso-de-benito-perez-galdos\/#primaryimage","url":"","contentUrl":""},{"@type":"BreadcrumbList","@id":"https:\/\/batallitas.es\/benito-perez-galdos\/documento-la-fe-nacional-discurso-de-benito-perez-galdos\/#breadcrumb","itemListElement":[{"@type":"ListItem","position":1,"name":"Portada","item":"https:\/\/batallitas.es\/benito-perez-galdos\/"},{"@type":"ListItem","position":2,"name":"[Documento] La fe nacional: discurso, de Benito P\u00e9rez Gald\u00f3s"}]},{"@type":"WebSite","@id":"https:\/\/batallitas.es\/benito-perez-galdos\/#website","url":"https:\/\/batallitas.es\/benito-perez-galdos\/","name":"Cronolog\u00eda de la vida y la obra de Benito P\u00e9rez Gald\u00f3s","description":"","potentialAction":[{"@type":"SearchAction","target":{"@type":"EntryPoint","urlTemplate":"https:\/\/batallitas.es\/benito-perez-galdos\/?s={search_term_string}"},"query-input":{"@type":"PropertyValueSpecification","valueRequired":true,"valueName":"search_term_string"}}],"inLanguage":"es"},{"@type":"Person","@id":"https:\/\/batallitas.es\/benito-perez-galdos\/#\/schema\/person\/2dda07be9325676808524c55b6218a25","name":"Benito","image":{"@type":"ImageObject","inLanguage":"es","@id":"https:\/\/batallitas.es\/benito-perez-galdos\/#\/schema\/person\/image\/","url":"https:\/\/secure.gravatar.com\/avatar\/8695d643bbae3009794e7fc5797055bb?s=96&d=mm&r=g","contentUrl":"https:\/\/secure.gravatar.com\/avatar\/8695d643bbae3009794e7fc5797055bb?s=96&d=mm&r=g","caption":"Benito"},"sameAs":["https:\/\/batallitas.es\/galdos"],"url":"https:\/\/batallitas.es\/benito-perez-galdos\/author\/benito\/"}]}},"_links":{"self":[{"href":"https:\/\/batallitas.es\/benito-perez-galdos\/wp-json\/wp\/v2\/posts\/881","targetHints":{"allow":["GET"]}}],"collection":[{"href":"https:\/\/batallitas.es\/benito-perez-galdos\/wp-json\/wp\/v2\/posts"}],"about":[{"href":"https:\/\/batallitas.es\/benito-perez-galdos\/wp-json\/wp\/v2\/types\/post"}],"author":[{"embeddable":true,"href":"https:\/\/batallitas.es\/benito-perez-galdos\/wp-json\/wp\/v2\/users\/1"}],"replies":[{"embeddable":true,"href":"https:\/\/batallitas.es\/benito-perez-galdos\/wp-json\/wp\/v2\/comments?post=881"}],"version-history":[{"count":0,"href":"https:\/\/batallitas.es\/benito-perez-galdos\/wp-json\/wp\/v2\/posts\/881\/revisions"}],"wp:featuredmedia":[{"embeddable":true,"href":"https:\/\/batallitas.es\/benito-perez-galdos\/wp-json\/"}],"wp:attachment":[{"href":"https:\/\/batallitas.es\/benito-perez-galdos\/wp-json\/wp\/v2\/media?parent=881"}],"wp:term":[{"taxonomy":"category","embeddable":true,"href":"https:\/\/batallitas.es\/benito-perez-galdos\/wp-json\/wp\/v2\/categories?post=881"},{"taxonomy":"post_tag","embeddable":true,"href":"https:\/\/batallitas.es\/benito-perez-galdos\/wp-json\/wp\/v2\/tags?post=881"}],"curies":[{"name":"wp","href":"https:\/\/api.w.org\/{rel}","templated":true}]}}