{"id":889,"date":"2012-10-06T08:08:11","date_gmt":"2012-10-06T08:08:11","guid":{"rendered":"http:\/\/www.benitoperezgaldos.es\/?p=889"},"modified":"2025-01-13T07:03:17","modified_gmt":"2025-01-13T07:03:17","slug":"libro-episodios-nacionales-para-ninos-trafalgar-de-benito-perez-galdos","status":"publish","type":"post","link":"https:\/\/batallitas.es\/benito-perez-galdos\/libro-episodios-nacionales-para-ninos-trafalgar-de-benito-perez-galdos\/","title":{"rendered":"[Libro] Episodios nacionales para ni\u00f1os: Trafalgar, de Benito P\u00e9rez Gald\u00f3s"},"content":{"rendered":"<table>\n<tbody>\n<tr>\n<td id=\"metadata_object_nickname_title\">T\u00edtulo y subt\u00edtulo<\/td>\n<td id=\"metadata_object_title\"><a href=\"http:\/\/bibcontentdm.ulpgc.es\/cdm\/search\/searchterm\/Episodios\">Episodios<\/a> <a href=\"http:\/\/bibcontentdm.ulpgc.es\/cdm\/search\/searchterm\/nacionales\">nacionales<\/a> para&nbsp;<a href=\"http:\/\/bibcontentdm.ulpgc.es\/cdm\/search\/searchterm\/ni%C3%B1os\">ni\u00f1os<\/a><\/td>\n<\/tr>\n<tr>\n<td id=\"metadata_object_nickname_creato\">Autor principal<\/td>\n<td id=\"metadata_object_creato\"><a href=\"http:\/\/bibcontentdm.ulpgc.es\/cdm\/search\/searchterm\/P%C3%A9rez\">P\u00e9rez<\/a> <a href=\"http:\/\/bibcontentdm.ulpgc.es\/cdm\/search\/searchterm\/Gald%C3%B3s\">Gald\u00f3s<\/a>,&nbsp;<a href=\"http:\/\/bibcontentdm.ulpgc.es\/cdm\/search\/searchterm\/Benito\">Benito<\/a><\/td>\n<\/tr>\n<tr>\n<td id=\"metadata_object_nickname_identi\">Tipo de documento<\/td>\n<td id=\"metadata_object_identi\"><a href=\"http:\/\/bibcontentdm.ulpgc.es\/cdm\/search\/searchterm\/Monograf%C3%ADa\/mode\/exact\">Monograf\u00eda<\/a><\/td>\n<\/tr>\n<tr>\n<td id=\"metadata_object_nickname_relati\">Edici\u00f3n<\/td>\n<td id=\"metadata_object_relati\">2\u00aa edici\u00f3n<\/td>\n<\/tr>\n<tr>\n<td id=\"metadata_object_nickname_lugar\">Lugar de publicaci\u00f3n<\/td>\n<td id=\"metadata_object_lugar\">Las&nbsp;<a href=\"http:\/\/bibcontentdm.ulpgc.es\/cdm\/search\/searchterm\/Palmas\">Palmas<\/a> de Gran&nbsp;<a href=\"http:\/\/bibcontentdm.ulpgc.es\/cdm\/search\/searchterm\/Canaria\">Canaria<\/a> ;&nbsp;<a href=\"http:\/\/bibcontentdm.ulpgc.es\/cdm\/search\/searchterm\/Santa\">Santa<\/a> <a href=\"http:\/\/bibcontentdm.ulpgc.es\/cdm\/search\/searchterm\/Cruz\">Cruz<\/a> de&nbsp;<a href=\"http:\/\/bibcontentdm.ulpgc.es\/cdm\/search\/searchterm\/Tenerife\">Tenerife<\/a><\/td>\n<\/tr>\n<tr>\n<td id=\"metadata_object_nickname_editor\">Editorial<\/td>\n<td id=\"metadata_object_editor\"><a href=\"http:\/\/bibcontentdm.ulpgc.es\/cdm\/search\/searchterm\/Mancomunidad\">Mancomunidad<\/a> de&nbsp;<a href=\"http:\/\/bibcontentdm.ulpgc.es\/cdm\/search\/searchterm\/Cabildos\">Cabildos<\/a><\/td>\n<\/tr>\n<tr>\n<td id=\"metadata_object_nickname_covera\">Fecha<\/td>\n<td id=\"metadata_object_covera\"><a href=\"http:\/\/bibcontentdm.ulpgc.es\/cdm\/search\/searchterm\/1975\">1975<\/a><\/td>\n<\/tr>\n<tr>\n<td id=\"metadata_object_nickname_format\">P\u00e1ginas<\/td>\n<td id=\"metadata_object_format\">4 vol.<\/td>\n<\/tr>\n<tr>\n<td id=\"metadata_object_nickname_digitc\">Formato Digital<\/td>\n<td id=\"metadata_object_digitc\">CompoundObject<\/td>\n<\/tr>\n<tr>\n<td id=\"metadata_object_nickname_extens\">Tama\u00f1o de archivo<\/td>\n<td id=\"metadata_object_extens\">708 Bytes<\/td>\n<\/tr>\n<tr>\n<td id=\"metadata_object_nickname_copyri\">Copyright<\/td>\n<td id=\"metadata_object_copyri\"><a href=\"http:\/\/biblioteca.ulpgc.es\/avisomdc\" target=\"_blank\" rel=\"noopener noreferrer\">ULPGC<\/a><\/td>\n<\/tr>\n<\/tbody>\n<\/table>\n<p><a title=\"descarga\" href=\"https:\/\/dl.dropbox.com\/u\/12766692\/libros\/episodios_nacionales_para_ninos_trafalgar.pdf\" target=\"_blank\" rel=\"noopener noreferrer\">Descarga<\/a><\/p>\n<p>Fuente de la informaci\u00f3n:&nbsp;<a href=\"http:\/\/bibcontentdm.ulpgc.es\/cdm\/compoundobject\/collection\/MDC\/id\/136887\/rec\/42\">http:\/\/bibcontentdm.ulpgc.es\/cdm\/compoundobject\/collection\/MDC\/id\/136887\/rec\/42<\/a><\/p>\n","protected":false},"excerpt":{"rendered":"<p>T\u00edtulo y subt\u00edtulo Episodios nacionales para&nbsp;ni\u00f1os Autor principal P\u00e9rez Gald\u00f3s,&nbsp;Benito Tipo de documento Monograf\u00eda Edici\u00f3n 2\u00aa edici\u00f3n Lugar de publicaci\u00f3n&#46;&#46;&#46;<\/p>\n","protected":false},"author":1,"featured_media":5367,"comment_status":"open","ping_status":"open","sticky":false,"template":"","format":"standard","meta":{"footnotes":""},"categories":[3,37,115],"tags":[],"class_list":["post-889","post","type-post","status-publish","format-standard","has-post-thumbnail","hentry","category-benito-perez-galdos","category-episodios-nacionales","category-trafalgar"],"yoast_head":"<!-- This site is optimized with the Yoast SEO plugin v24.3 - https:\/\/yoast.com\/wordpress\/plugins\/seo\/ -->\n<title>[Libro] Episodios nacionales para ni\u00f1os: Trafalgar, de Benito P\u00e9rez Gald\u00f3s - Cronolog\u00eda de la vida y la obra de Benito P\u00e9rez Gald\u00f3s<\/title>\n<meta name=\"robots\" content=\"index, follow, max-snippet:-1, max-image-preview:large, max-video-preview:-1\" \/>\n<link rel=\"canonical\" href=\"https:\/\/batallitas.es\/benito-perez-galdos\/libro-episodios-nacionales-para-ninos-trafalgar-de-benito-perez-galdos\/\" \/>\n<meta property=\"og:locale\" content=\"es_ES\" \/>\n<meta property=\"og:type\" content=\"article\" \/>\n<meta property=\"og:title\" content=\"[Libro] Episodios nacionales para ni\u00f1os: Trafalgar, de Benito P\u00e9rez Gald\u00f3s - Cronolog\u00eda de la vida y la obra de Benito P\u00e9rez Gald\u00f3s\" \/>\n<meta property=\"og:description\" content=\"T\u00edtulo y subt\u00edtulo Episodios nacionales para&nbsp;ni\u00f1os Autor principal P\u00e9rez Gald\u00f3s,&nbsp;Benito Tipo de documento Monograf\u00eda Edici\u00f3n 2\u00aa edici\u00f3n Lugar de publicaci\u00f3n&#046;&#046;&#046;\" \/>\n<meta property=\"og:url\" content=\"https:\/\/batallitas.es\/benito-perez-galdos\/libro-episodios-nacionales-para-ninos-trafalgar-de-benito-perez-galdos\/\" \/>\n<meta property=\"og:site_name\" content=\"Cronolog\u00eda de la vida y la obra de Benito P\u00e9rez Gald\u00f3s\" \/>\n<meta property=\"article:published_time\" content=\"2012-10-06T08:08:11+00:00\" \/>\n<meta property=\"article:modified_time\" content=\"2025-01-13T07:03:17+00:00\" \/>\n<meta property=\"og:image\" content=\"https:\/\/batallitas.es\/benito-perez-galdos\/wp-content\/uploads\/2025\/01\/facebook_thumbnail.jpg\" \/>\n\t<meta property=\"og:image:width\" content=\"1200\" \/>\n\t<meta property=\"og:image:height\" content=\"630\" \/>\n\t<meta property=\"og:image:type\" content=\"image\/jpeg\" \/>\n<meta name=\"author\" content=\"Benito\" \/>\n<meta name=\"twitter:card\" content=\"summary_large_image\" \/>\n<meta name=\"twitter:label1\" content=\"Escrito por\" \/>\n\t<meta name=\"twitter:data1\" content=\"Benito\" \/>\n\t<meta name=\"twitter:label2\" content=\"Tiempo de lectura\" \/>\n\t<meta name=\"twitter:data2\" content=\"1 minuto\" \/>\n<script type=\"application\/ld+json\" class=\"yoast-schema-graph\">{\"@context\":\"https:\/\/schema.org\",\"@graph\":[{\"@type\":\"WebPage\",\"@id\":\"https:\/\/batallitas.es\/benito-perez-galdos\/libro-episodios-nacionales-para-ninos-trafalgar-de-benito-perez-galdos\/\",\"url\":\"https:\/\/batallitas.es\/benito-perez-galdos\/libro-episodios-nacionales-para-ninos-trafalgar-de-benito-perez-galdos\/\",\"name\":\"[Libro] Episodios nacionales para ni\u00f1os: Trafalgar, de Benito P\u00e9rez Gald\u00f3s - Cronolog\u00eda de la vida y la obra de Benito P\u00e9rez Gald\u00f3s\",\"isPartOf\":{\"@id\":\"https:\/\/batallitas.es\/benito-perez-galdos\/#website\"},\"primaryImageOfPage\":{\"@id\":\"https:\/\/batallitas.es\/benito-perez-galdos\/libro-episodios-nacionales-para-ninos-trafalgar-de-benito-perez-galdos\/#primaryimage\"},\"image\":{\"@id\":\"https:\/\/batallitas.es\/benito-perez-galdos\/libro-episodios-nacionales-para-ninos-trafalgar-de-benito-perez-galdos\/#primaryimage\"},\"thumbnailUrl\":\"\",\"datePublished\":\"2012-10-06T08:08:11+00:00\",\"dateModified\":\"2025-01-13T07:03:17+00:00\",\"author\":{\"@id\":\"https:\/\/batallitas.es\/benito-perez-galdos\/#\/schema\/person\/2dda07be9325676808524c55b6218a25\"},\"breadcrumb\":{\"@id\":\"https:\/\/batallitas.es\/benito-perez-galdos\/libro-episodios-nacionales-para-ninos-trafalgar-de-benito-perez-galdos\/#breadcrumb\"},\"inLanguage\":\"es\",\"potentialAction\":[{\"@type\":\"ReadAction\",\"target\":[\"https:\/\/batallitas.es\/benito-perez-galdos\/libro-episodios-nacionales-para-ninos-trafalgar-de-benito-perez-galdos\/\"]}]},{\"@type\":\"ImageObject\",\"inLanguage\":\"es\",\"@id\":\"https:\/\/batallitas.es\/benito-perez-galdos\/libro-episodios-nacionales-para-ninos-trafalgar-de-benito-perez-galdos\/#primaryimage\",\"url\":\"\",\"contentUrl\":\"\"},{\"@type\":\"BreadcrumbList\",\"@id\":\"https:\/\/batallitas.es\/benito-perez-galdos\/libro-episodios-nacionales-para-ninos-trafalgar-de-benito-perez-galdos\/#breadcrumb\",\"itemListElement\":[{\"@type\":\"ListItem\",\"position\":1,\"name\":\"Portada\",\"item\":\"https:\/\/batallitas.es\/benito-perez-galdos\/\"},{\"@type\":\"ListItem\",\"position\":2,\"name\":\"[Libro] Episodios nacionales para ni\u00f1os: Trafalgar, de Benito P\u00e9rez Gald\u00f3s\"}]},{\"@type\":\"WebSite\",\"@id\":\"https:\/\/batallitas.es\/benito-perez-galdos\/#website\",\"url\":\"https:\/\/batallitas.es\/benito-perez-galdos\/\",\"name\":\"Cronolog\u00eda de la vida y la obra de Benito P\u00e9rez Gald\u00f3s\",\"description\":\"\",\"potentialAction\":[{\"@type\":\"SearchAction\",\"target\":{\"@type\":\"EntryPoint\",\"urlTemplate\":\"https:\/\/batallitas.es\/benito-perez-galdos\/?s={search_term_string}\"},\"query-input\":{\"@type\":\"PropertyValueSpecification\",\"valueRequired\":true,\"valueName\":\"search_term_string\"}}],\"inLanguage\":\"es\"},{\"@type\":\"Person\",\"@id\":\"https:\/\/batallitas.es\/benito-perez-galdos\/#\/schema\/person\/2dda07be9325676808524c55b6218a25\",\"name\":\"Benito\",\"image\":{\"@type\":\"ImageObject\",\"inLanguage\":\"es\",\"@id\":\"https:\/\/batallitas.es\/benito-perez-galdos\/#\/schema\/person\/image\/\",\"url\":\"https:\/\/secure.gravatar.com\/avatar\/8695d643bbae3009794e7fc5797055bb?s=96&d=mm&r=g\",\"contentUrl\":\"https:\/\/secure.gravatar.com\/avatar\/8695d643bbae3009794e7fc5797055bb?s=96&d=mm&r=g\",\"caption\":\"Benito\"},\"sameAs\":[\"https:\/\/batallitas.es\/galdos\"],\"url\":\"https:\/\/batallitas.es\/benito-perez-galdos\/author\/benito\/\"}]}<\/script>\n<!-- \/ Yoast SEO plugin. -->","yoast_head_json":{"title":"[Libro] Episodios nacionales para ni\u00f1os: Trafalgar, de Benito P\u00e9rez Gald\u00f3s - Cronolog\u00eda de la vida y la obra de Benito P\u00e9rez Gald\u00f3s","robots":{"index":"index","follow":"follow","max-snippet":"max-snippet:-1","max-image-preview":"max-image-preview:large","max-video-preview":"max-video-preview:-1"},"canonical":"https:\/\/batallitas.es\/benito-perez-galdos\/libro-episodios-nacionales-para-ninos-trafalgar-de-benito-perez-galdos\/","og_locale":"es_ES","og_type":"article","og_title":"[Libro] Episodios nacionales para ni\u00f1os: Trafalgar, de Benito P\u00e9rez Gald\u00f3s - Cronolog\u00eda de la vida y la obra de Benito P\u00e9rez Gald\u00f3s","og_description":"T\u00edtulo y subt\u00edtulo Episodios nacionales para&nbsp;ni\u00f1os Autor principal P\u00e9rez Gald\u00f3s,&nbsp;Benito Tipo de documento Monograf\u00eda Edici\u00f3n 2\u00aa edici\u00f3n Lugar de publicaci\u00f3n&#46;&#46;&#46;","og_url":"https:\/\/batallitas.es\/benito-perez-galdos\/libro-episodios-nacionales-para-ninos-trafalgar-de-benito-perez-galdos\/","og_site_name":"Cronolog\u00eda de la vida y la obra de Benito P\u00e9rez Gald\u00f3s","article_published_time":"2012-10-06T08:08:11+00:00","article_modified_time":"2025-01-13T07:03:17+00:00","og_image":[{"width":1200,"height":630,"url":"https:\/\/batallitas.es\/benito-perez-galdos\/wp-content\/uploads\/2025\/01\/facebook_thumbnail.jpg","type":"image\/jpeg"}],"author":"Benito","twitter_card":"summary_large_image","twitter_misc":{"Escrito por":"Benito","Tiempo de lectura":"1 minuto"},"schema":{"@context":"https:\/\/schema.org","@graph":[{"@type":"WebPage","@id":"https:\/\/batallitas.es\/benito-perez-galdos\/libro-episodios-nacionales-para-ninos-trafalgar-de-benito-perez-galdos\/","url":"https:\/\/batallitas.es\/benito-perez-galdos\/libro-episodios-nacionales-para-ninos-trafalgar-de-benito-perez-galdos\/","name":"[Libro] Episodios nacionales para ni\u00f1os: Trafalgar, de Benito P\u00e9rez Gald\u00f3s - Cronolog\u00eda de la vida y la obra de Benito P\u00e9rez Gald\u00f3s","isPartOf":{"@id":"https:\/\/batallitas.es\/benito-perez-galdos\/#website"},"primaryImageOfPage":{"@id":"https:\/\/batallitas.es\/benito-perez-galdos\/libro-episodios-nacionales-para-ninos-trafalgar-de-benito-perez-galdos\/#primaryimage"},"image":{"@id":"https:\/\/batallitas.es\/benito-perez-galdos\/libro-episodios-nacionales-para-ninos-trafalgar-de-benito-perez-galdos\/#primaryimage"},"thumbnailUrl":"","datePublished":"2012-10-06T08:08:11+00:00","dateModified":"2025-01-13T07:03:17+00:00","author":{"@id":"https:\/\/batallitas.es\/benito-perez-galdos\/#\/schema\/person\/2dda07be9325676808524c55b6218a25"},"breadcrumb":{"@id":"https:\/\/batallitas.es\/benito-perez-galdos\/libro-episodios-nacionales-para-ninos-trafalgar-de-benito-perez-galdos\/#breadcrumb"},"inLanguage":"es","potentialAction":[{"@type":"ReadAction","target":["https:\/\/batallitas.es\/benito-perez-galdos\/libro-episodios-nacionales-para-ninos-trafalgar-de-benito-perez-galdos\/"]}]},{"@type":"ImageObject","inLanguage":"es","@id":"https:\/\/batallitas.es\/benito-perez-galdos\/libro-episodios-nacionales-para-ninos-trafalgar-de-benito-perez-galdos\/#primaryimage","url":"","contentUrl":""},{"@type":"BreadcrumbList","@id":"https:\/\/batallitas.es\/benito-perez-galdos\/libro-episodios-nacionales-para-ninos-trafalgar-de-benito-perez-galdos\/#breadcrumb","itemListElement":[{"@type":"ListItem","position":1,"name":"Portada","item":"https:\/\/batallitas.es\/benito-perez-galdos\/"},{"@type":"ListItem","position":2,"name":"[Libro] Episodios nacionales para ni\u00f1os: Trafalgar, de Benito P\u00e9rez Gald\u00f3s"}]},{"@type":"WebSite","@id":"https:\/\/batallitas.es\/benito-perez-galdos\/#website","url":"https:\/\/batallitas.es\/benito-perez-galdos\/","name":"Cronolog\u00eda de la vida y la obra de Benito P\u00e9rez Gald\u00f3s","description":"","potentialAction":[{"@type":"SearchAction","target":{"@type":"EntryPoint","urlTemplate":"https:\/\/batallitas.es\/benito-perez-galdos\/?s={search_term_string}"},"query-input":{"@type":"PropertyValueSpecification","valueRequired":true,"valueName":"search_term_string"}}],"inLanguage":"es"},{"@type":"Person","@id":"https:\/\/batallitas.es\/benito-perez-galdos\/#\/schema\/person\/2dda07be9325676808524c55b6218a25","name":"Benito","image":{"@type":"ImageObject","inLanguage":"es","@id":"https:\/\/batallitas.es\/benito-perez-galdos\/#\/schema\/person\/image\/","url":"https:\/\/secure.gravatar.com\/avatar\/8695d643bbae3009794e7fc5797055bb?s=96&d=mm&r=g","contentUrl":"https:\/\/secure.gravatar.com\/avatar\/8695d643bbae3009794e7fc5797055bb?s=96&d=mm&r=g","caption":"Benito"},"sameAs":["https:\/\/batallitas.es\/galdos"],"url":"https:\/\/batallitas.es\/benito-perez-galdos\/author\/benito\/"}]}},"_links":{"self":[{"href":"https:\/\/batallitas.es\/benito-perez-galdos\/wp-json\/wp\/v2\/posts\/889","targetHints":{"allow":["GET"]}}],"collection":[{"href":"https:\/\/batallitas.es\/benito-perez-galdos\/wp-json\/wp\/v2\/posts"}],"about":[{"href":"https:\/\/batallitas.es\/benito-perez-galdos\/wp-json\/wp\/v2\/types\/post"}],"author":[{"embeddable":true,"href":"https:\/\/batallitas.es\/benito-perez-galdos\/wp-json\/wp\/v2\/users\/1"}],"replies":[{"embeddable":true,"href":"https:\/\/batallitas.es\/benito-perez-galdos\/wp-json\/wp\/v2\/comments?post=889"}],"version-history":[{"count":1,"href":"https:\/\/batallitas.es\/benito-perez-galdos\/wp-json\/wp\/v2\/posts\/889\/revisions"}],"predecessor-version":[{"id":12535,"href":"https:\/\/batallitas.es\/benito-perez-galdos\/wp-json\/wp\/v2\/posts\/889\/revisions\/12535"}],"wp:featuredmedia":[{"embeddable":true,"href":"https:\/\/batallitas.es\/benito-perez-galdos\/wp-json\/"}],"wp:attachment":[{"href":"https:\/\/batallitas.es\/benito-perez-galdos\/wp-json\/wp\/v2\/media?parent=889"}],"wp:term":[{"taxonomy":"category","embeddable":true,"href":"https:\/\/batallitas.es\/benito-perez-galdos\/wp-json\/wp\/v2\/categories?post=889"},{"taxonomy":"post_tag","embeddable":true,"href":"https:\/\/batallitas.es\/benito-perez-galdos\/wp-json\/wp\/v2\/tags?post=889"}],"curies":[{"name":"wp","href":"https:\/\/api.w.org\/{rel}","templated":true}]}}